{"id":105258,"date":"2017-05-28T13:39:05","date_gmt":"2017-05-28T12:39:05","guid":{"rendered":"http:\/\/www.visit-ulcinj.com\/blog\/?p=105258"},"modified":"2017-05-28T13:39:05","modified_gmt":"2017-05-28T12:39:05","slug":"canka-pocetak-kraja-politicke-papazjanije-u-ulcinju","status":"publish","type":"post","link":"https:\/\/www.visit-ulcinj.com\/blog\/2017\/05\/28\/canka-pocetak-kraja-politicke-papazjanije-u-ulcinju\/","title":{"rendered":"Canka: Pocetak kraja politicke papazjanije u Ulcinju"},"content":{"rendered":"<p><a href=\"http:\/\/www.visit-ulcinj.com\/blog\/wp-content\/uploads\/2014\/01\/Mustafa-Canka-Gazetar.jpg\"><img loading=\"lazy\" class=\"alignleft wp-image-77868\" src=\"http:\/\/www.visit-ulcinj.com\/blog\/wp-content\/uploads\/2014\/01\/Mustafa-Canka-Gazetar.jpg\" alt=\"\" width=\"508\" height=\"293\" srcset=\"https:\/\/www.visit-ulcinj.com\/blog\/wp-content\/uploads\/2014\/01\/Mustafa-Canka-Gazetar.jpg 1024w, https:\/\/www.visit-ulcinj.com\/blog\/wp-content\/uploads\/2014\/01\/Mustafa-Canka-Gazetar-300x172.jpg 300w\" sizes=\"(max-width: 508px) 100vw, 508px\" \/><\/a>U sjedi\u0161tu Demokratske partije socijalista odluka je prakti\u010dno donijeta: lokalni izbori u Ulcinju bi\u0107e odr\u017eani 26. novembra. To je ta\u010dno tri godine i deset mjeseci nakon nego \u0161to su organizovani posljednji lokalni izbori u toj op\u0161tini (26. januara 2014. godine).<\/p>\n<p>Ono \u0161to je tako\u0111e gotovo izvjesno jeste da izbori u Ulcinju ne\u0107e biti odr\u017eani u paketu sa lokalnim izborima u Petnjici, Mojkovcu i Cetinju, koji \u0107e biti organizovani nekoliko sedmica ranije.<\/p>\n<p>To je pouzdan znak da \u0107e DPS nastojati da u Ulcinju dobije najvi\u0161e mandata i da ima predsjednika op\u0161tine. U stranci <strong>Mila \u0110ukanovi\u0107a<\/strong> procjenjuju da bi im dobri rezultati u ove \u010detiri op\u0161tine vratili samopouzdanje, te imali dobar odjek me\u0111u bira\u010dima pred izbore za predsjednika dr\u017eave i lokalne izbore u Podgorici koji \u0107e se odr\u017eati na prolje\u0107e naredne godine.<\/p>\n<p>Stoga, politi\u010dka temperatura u Ulcinju raste kako se pribli\u017eava ljeto, a vrelo \u0107e biti na jesen. Zato se neke stranke, tu se prije svega misli na Novu demokratsku snagu \u2013 Forca trenutnog gradona\u010delnika <strong>Nazifa Cungua<\/strong>, ve\u0107 krenule u predizbornu kampanju.<\/p>\n<p>Ali, veoma slabi rezultati koalicije koja je prije 15 mjeseci odnosno sklepana u Podgorici ne mogu osigurati uspjeh na izborima. Stoga Cungu, sve \u010de\u0161\u0107e i sa malo uspjeha, nastoji da igra na nacionalnu kartu. Izlet na Rumiju, upravo na Dan nezavisnosti, to je bjelodano pokazao.<\/p>\n<p>\u010cinjenica da aktuelni vladaju\u0107i savez u toj op\u0161tini ima \u010dak 27 od ukupno 33 odbornika u lokalnom parlamentu, a da veoma \u010desto kuburi sa kvorumom, dovoljno govori o njihovoj ozbiljnosti. O odnosu prema gra\u0111anima svjedo\u010de informacije da su nakon \u0161to su preuzeli vlast pove\u0107ali porez na nepokretnosti i boravi\u0161nu taksu, potom cijenu vode i komunalnog otpada, i to bez ikakve najave i zvani\u010dnog obja\u0161njenja. O nelegalnoj gradnji koja ve\u0107 devet mjeseci divlja na cijeloj teritoriji te op\u0161tine, ne treba tro\u0161iti rije\u010di.<\/p>\n<p>\u201cIn\u00adsta\u00adli\u00adra\u00adni pred\u00adstav\u00adni\u00adci vla\u00adsti, svje\u00adsni da nji\u00adhov op\u00adsta\u00adnak na funk\u00adci\u00adja\u00adma (kao \u0161to ni\u00adje ni iz\u00adbor) ne za\u00advi\u00adsi od gra\u00ad\u0111a\u00adna i od\u00adbo\u00adr\u00adni\u00adka, ne osje\u00ad\u0107a\u00adju ni\u00adka\u00adkvu oba\u00adve\u00adzu ni odgo\u00advor\u00adnost, ne sa\u00admo pre\u00adma ma\u00adlo\u00adbroj\u00adnim opo\u00adzi\u00adci\u00ado\u00adnim od\u00adbo\u00adr\u00adni\u00adci\u00adma, ve\u0107 se nadme\u00adno i ig\u00adno\u00adrant\u00adski od\u00adno\u00adse i pre\u00adma oni\u00adma, ko\u00adji su, ma\u00adkar to bi\u00adlo i for\u00admal\u00adno, gla\u00adsa\u00adli za nji\u00adhov iz\u00adbor\u201d, ka\u00ad\u017ee od\u00adbor\u00adnik i pred\u00adsjed\u00adnik Op\u0161tinskog odbora SDP-a <strong>Sken\u00adder Elezagi\u0107<\/strong>.<\/p>\n<p>I njegov kolega iz URE <strong>Omer Bajraktari<\/strong> tvrdi da je politika vr\u0161enja lokalne vlasti, instalirane iz Podgorice, dotakla samo dno. \u201cNijedan segment ne funkcioni\u0161e kako treba, nijedan problem nijesu u stanju da rije\u0161e. Nikad u istoriji Ulcinj nije imao goru vlast\u201d, ka\u017ee on i dodaje: \u201cIpak, ima ne\u0161to pozitivno i u toj velikoj koaliciji: oni su sami, svojom radom, ta\u010dnije neradom i neznanjem, potvrdili da sa njima napretka nema i da ga ne mo\u017ee biti\u201d.<\/p>\n<p>Najve\u0107a odgovornost za ovo tu\u017eno stanje je svakako na Cunguu, kojem je DPS u martu pro\u0161le godine, prilikom prekompozicije lokalne vlasti, \u201cvelikodu\u0161no\u201d prepustio funkciju gradona\u010delnika. Upravo ovih dana, iz te stranke su po\u010deli te\u0161ki napadi na gradona\u010delnika.<\/p>\n<p>Naime, odbornik DPS-a u Skup\u0161tini Op\u0161tine Ulcinj\u00a0i poslovni sekretar te stranke <strong>Borislav Ba\u0161ovi\u0107<\/strong> javno je, na sjednici lokalnog parlamenta,\u00a0kazao da sumnja u zakonito poslovanje pojedinih sektora izvr\u0161ne vlasti, finansijsko poslovanje i raspodjelu nov\u010danih sredstava, kao i zapo\u0161ljavanje, dovode\u0107i to u vezu sa mogu\u0107im zloupotrebama u predizborne svrhe.<\/p>\n<p>Ba\u0161ovi\u0107 je optu\u017eio kabinet predsjednika Op\u0161tine\u00a0da je postao upravni organ,\u00a0da donosi rje\u0161enja kome \u0107e da\u00a0da pare, a kome ne. Zatra\u017eio je i nije dobio uvid u Sanacioni program Op\u0161tine i odgovore na pitanja: \u0161to tamo pi\u0161e, koje su obaveze\u00a0i po kom osnovu je dobijeno\u00a04.5 miliona\u00a0eura za sanaciju finansijskog stanja Op\u0161tine.\u00a0Tra\u017eio je, a tako\u0111e od izvr\u0161ne vlasti nije dobio ni odgovore o zapo\u0161ljavanjima u organima lokalne uprave, o poslovanju Turisti\u010dke organizacije i izostajanju\u00a0saglasnosti\u00a0za\u00a0program rada javnih preduze\u0107a.<\/p>\n<p>Ako se zna da ve\u0107 dugi niz godina traju nesuglasice izme\u0111u Force i Demokratske partije <strong>Fatmira \u0110eke<\/strong>, da se ne pamti kada je odr\u017eana posljednja sjednica \u010delnika vladaju\u0107e koalicije, da nema dogovora o ta\u010dkama koje \u0107e se na\u0107i na sjednicama Skup\u0161tine op\u0161tine, da Op\u0161tina nema stav o Nacrtu Zakona o planiranju i izgradnji objekata koji lokalne samouprave ostavlja bez zakonskih ingerencija u toj oblasti, onda je ocjena o politi\u010dkoj ra\u0161omonijadi ili papazjaniji sasvim ta\u010dna.<\/p>\n<p>U tom kontekstu je razumljivo \u0161to se vi\u0161e ne pominje ni problem sa linijom morskog dobra, \u010dak ni imovina u uvali Valdanos koja bi, po koalicionom sporazumu koalicije \u201eAlbanci odlu\u010dno\u201c sa DPS-om, trebalo da se vrati do 1. juna ove godine. Sve su prakti\u010dno prekrili li\u010dni ili uskopartijski interesi.<\/p>\n<p>Mo\u017eda o gubljenju svih kriterijuma najbolje svjedo\u010di informacija iz Javnog preduze\u0107a \u201cZa uzgoj i za\u0161titu divlja\u010di\u201d. Naime, u toj ulcinjskoj firmi ima devet zapo\u0161ljenih radnika, te izvr\u0161ni direktor i dva pomo\u0107nika direktora, kao i sedam \u010dlanova Upravnog odbora, \u0161to zna\u010di da to preduze\u0107e ima vi\u0161e rukovode\u0107eg nego operativnog kadra!? I u njemu plate kasne punih 16 mjeseci!?<\/p>\n<p>Sve je ovo dovelo do ogromnog nepovjerenja izme\u0111u koalicionih partnera koje se produbljuje sa pribli\u017eavanjem izbora. A po\u010dela su i me\u0111usobna sumnji\u010denja da ima onih osoba unutar vlasti koja svoja saznanja o sumnjivim poslovima dijele sa organima gonjenja.<\/p>\n<p>O jednom takvom poslu je Uprava policije, po zahtjevu Specijalnog dr\u017eavnog tu\u017eila\u0161tva, sredinom aprila zatra\u017eila od Op\u0161tine Ulcinj svu dokumentaciju. Radi se o, kako su mediji pisali, izgradnji objekta jednog ulcinjskog kontroverznog biznismena, u koji je bilo uklju\u010deno vi\u0161e osoba. U zahtjevu se tra\u017ee odgovori na pitanja: da li je za taj objekat izdata gra\u0111evinska dozvola, da li su pla\u0107ene komunalije, i ako jesu u kom iznosu, a ukoliko nijesu zbog \u010dega.<\/p>\n<p>\u201eSve ovo nam pokazuje da Ulcinj mora \u0161to prije da se oslobodi ove garniture vje\u010ditih politi\u010dara koji su svojim radom postali dio problema, a nikako rje\u0161enja. Niko vi\u0161e ne treba da bude u zabludi da sa ovim politi\u010darima Ulcinj samo gubi. Da su htjeli da rade ne\u0161to dobro za ovaj grad, imali su i previ\u0161e vremena za to. Stoga, svaki njihov dan u foteljama i na tim funkcijama gra\u0111ane ko\u0161ta nekoliko puta vi\u0161e nego \u0161to iznose njihove plate koje su sami sebi izglasali\u201c, isti\u010de Bajraktari.<\/p>\n<p><strong>Mustafa CANKA<\/strong><\/p>\n<p><strong>Monitor<\/strong><\/p>\n","protected":false},"excerpt":{"rendered":"<p>U sjedi\u0161tu Demokratske partije socijalista odluka je prakti\u010dno donijeta: lokalni izbori u Ulcinju bi\u0107e odr\u017eani 26. novembra. To je ta\u010dno tri godine i deset mjeseci nakon nego \u0161to su organizovani posljednji lokalni izbori u toj op\u0161tini (26. januara 2014. godine). Ono \u0161to je tako\u0111e gotovo izvjesno jeste da izbori u Ulcinju ne\u0107e biti odr\u017eani u [&hellip;]<\/p>\n","protected":false},"author":1,"featured_media":0,"comment_status":"closed","ping_status":"closed","sticky":false,"template":"","format":"standard","meta":{"spay_email":"","jetpack_publicize_message":"","jetpack_is_tweetstorm":false,"jetpack_publicize_feature_enabled":true},"categories":[8337],"tags":[],"jetpack_publicize_connections":[],"yoast_head":"<!-- This site is optimized with the Yoast SEO plugin v19.1 - https:\/\/yoast.com\/wordpress\/plugins\/seo\/ -->\n<title>Canka: Pocetak kraja politicke papazjanije u Ulcinju - Lajme nga Ulqini<\/title>\n<meta name=\"description\" content=\"U sjedi\u0161tu Demokratske partije socijalista odluka je prakti\u010dno donijeta: lokalni izbori u Ulcinju bi\u0107e odr\u017eani 26. novembra. To je ta\u010dno tri godine i\" \/>\n<meta name=\"robots\" content=\"index, follow, max-snippet:-1, max-image-preview:large, max-video-preview:-1\" \/>\n<link rel=\"canonical\" href=\"https:\/\/www.visit-ulcinj.com\/blog\/2017\/05\/28\/canka-pocetak-kraja-politicke-papazjanije-u-ulcinju\/\" \/>\n<meta property=\"og:locale\" content=\"en_US\" \/>\n<meta property=\"og:type\" content=\"article\" \/>\n<meta property=\"og:title\" content=\"Canka: Pocetak kraja politicke papazjanije u Ulcinju - Lajme nga Ulqini\" \/>\n<meta property=\"og:description\" content=\"U sjedi\u0161tu Demokratske partije socijalista odluka je prakti\u010dno donijeta: lokalni izbori u Ulcinju bi\u0107e odr\u017eani 26. novembra. To je ta\u010dno tri godine i\" \/>\n<meta property=\"og:url\" content=\"https:\/\/www.visit-ulcinj.com\/blog\/2017\/05\/28\/canka-pocetak-kraja-politicke-papazjanije-u-ulcinju\/\" \/>\n<meta property=\"og:site_name\" content=\"Lajme nga Ulqini\" \/>\n<meta property=\"article:published_time\" content=\"2017-05-28T12:39:05+00:00\" \/>\n<meta property=\"og:image\" content=\"http:\/\/www.visit-ulcinj.com\/blog\/wp-content\/uploads\/2014\/01\/Mustafa-Canka-Gazetar.jpg\" \/>\n<meta name=\"twitter:label1\" content=\"Written by\" \/>\n\t<meta name=\"twitter:data1\" content=\"ulqini\" \/>\n\t<meta name=\"twitter:label2\" content=\"Est. reading time\" \/>\n\t<meta name=\"twitter:data2\" content=\"6 minutes\" \/>\n<script type=\"application\/ld+json\" class=\"yoast-schema-graph\">{\"@context\":\"https:\/\/schema.org\",\"@graph\":[{\"@type\":\"WebSite\",\"@id\":\"https:\/\/www.visit-ulcinj.com\/blog\/#website\",\"url\":\"https:\/\/www.visit-ulcinj.com\/blog\/\",\"name\":\"Lajme nga Ulqini\",\"description\":\"Lajme,Vijesti,Ulqini,Ulqin,Crna Gora,Mali i Zi\",\"potentialAction\":[{\"@type\":\"SearchAction\",\"target\":{\"@type\":\"EntryPoint\",\"urlTemplate\":\"https:\/\/www.visit-ulcinj.com\/blog\/?s={search_term_string}\"},\"query-input\":\"required name=search_term_string\"}],\"inLanguage\":\"en-US\"},{\"@type\":\"ImageObject\",\"inLanguage\":\"en-US\",\"@id\":\"https:\/\/www.visit-ulcinj.com\/blog\/2017\/05\/28\/canka-pocetak-kraja-politicke-papazjanije-u-ulcinju\/#primaryimage\",\"url\":\"https:\/\/www.visit-ulcinj.com\/blog\/wp-content\/uploads\/2014\/01\/Mustafa-Canka-Gazetar.jpg\",\"contentUrl\":\"https:\/\/www.visit-ulcinj.com\/blog\/wp-content\/uploads\/2014\/01\/Mustafa-Canka-Gazetar.jpg\",\"width\":1024,\"height\":590},{\"@type\":\"WebPage\",\"@id\":\"https:\/\/www.visit-ulcinj.com\/blog\/2017\/05\/28\/canka-pocetak-kraja-politicke-papazjanije-u-ulcinju\/#webpage\",\"url\":\"https:\/\/www.visit-ulcinj.com\/blog\/2017\/05\/28\/canka-pocetak-kraja-politicke-papazjanije-u-ulcinju\/\",\"name\":\"Canka: Pocetak kraja politicke papazjanije u Ulcinju - Lajme nga Ulqini\",\"isPartOf\":{\"@id\":\"https:\/\/www.visit-ulcinj.com\/blog\/#website\"},\"primaryImageOfPage\":{\"@id\":\"https:\/\/www.visit-ulcinj.com\/blog\/2017\/05\/28\/canka-pocetak-kraja-politicke-papazjanije-u-ulcinju\/#primaryimage\"},\"datePublished\":\"2017-05-28T12:39:05+00:00\",\"dateModified\":\"2017-05-28T12:39:05+00:00\",\"author\":{\"@id\":\"https:\/\/www.visit-ulcinj.com\/blog\/#\/schema\/person\/dcab619c614d3038751c63bc2aadc06d\"},\"description\":\"U sjedi\u0161tu Demokratske partije socijalista odluka je prakti\u010dno donijeta: lokalni izbori u Ulcinju bi\u0107e odr\u017eani 26. novembra. To je ta\u010dno tri godine i\",\"breadcrumb\":{\"@id\":\"https:\/\/www.visit-ulcinj.com\/blog\/2017\/05\/28\/canka-pocetak-kraja-politicke-papazjanije-u-ulcinju\/#breadcrumb\"},\"inLanguage\":\"en-US\",\"potentialAction\":[{\"@type\":\"ReadAction\",\"target\":[\"https:\/\/www.visit-ulcinj.com\/blog\/2017\/05\/28\/canka-pocetak-kraja-politicke-papazjanije-u-ulcinju\/\"]}]},{\"@type\":\"BreadcrumbList\",\"@id\":\"https:\/\/www.visit-ulcinj.com\/blog\/2017\/05\/28\/canka-pocetak-kraja-politicke-papazjanije-u-ulcinju\/#breadcrumb\",\"itemListElement\":[{\"@type\":\"ListItem\",\"position\":1,\"name\":\"Canka: Pocetak kraja politicke papazjanije u Ulcinju\"}]},{\"@type\":\"Person\",\"@id\":\"https:\/\/www.visit-ulcinj.com\/blog\/#\/schema\/person\/dcab619c614d3038751c63bc2aadc06d\",\"name\":\"ulqini\",\"sameAs\":[\"http:\/\/www.visit-ulcinj.com\"],\"url\":\"https:\/\/www.visit-ulcinj.com\/blog\/author\/admin\/\"}]}<\/script>\n<!-- \/ Yoast SEO plugin. -->","yoast_head_json":{"title":"Canka: Pocetak kraja politicke papazjanije u Ulcinju - Lajme nga Ulqini","description":"U sjedi\u0161tu Demokratske partije socijalista odluka je prakti\u010dno donijeta: lokalni izbori u Ulcinju bi\u0107e odr\u017eani 26. novembra. To je ta\u010dno tri godine i","robots":{"index":"index","follow":"follow","max-snippet":"max-snippet:-1","max-image-preview":"max-image-preview:large","max-video-preview":"max-video-preview:-1"},"canonical":"https:\/\/www.visit-ulcinj.com\/blog\/2017\/05\/28\/canka-pocetak-kraja-politicke-papazjanije-u-ulcinju\/","og_locale":"en_US","og_type":"article","og_title":"Canka: Pocetak kraja politicke papazjanije u Ulcinju - Lajme nga Ulqini","og_description":"U sjedi\u0161tu Demokratske partije socijalista odluka je prakti\u010dno donijeta: lokalni izbori u Ulcinju bi\u0107e odr\u017eani 26. novembra. To je ta\u010dno tri godine i","og_url":"https:\/\/www.visit-ulcinj.com\/blog\/2017\/05\/28\/canka-pocetak-kraja-politicke-papazjanije-u-ulcinju\/","og_site_name":"Lajme nga Ulqini","article_published_time":"2017-05-28T12:39:05+00:00","og_image":[{"url":"http:\/\/www.visit-ulcinj.com\/blog\/wp-content\/uploads\/2014\/01\/Mustafa-Canka-Gazetar.jpg"}],"twitter_misc":{"Written by":"ulqini","Est. reading time":"6 minutes"},"schema":{"@context":"https:\/\/schema.org","@graph":[{"@type":"WebSite","@id":"https:\/\/www.visit-ulcinj.com\/blog\/#website","url":"https:\/\/www.visit-ulcinj.com\/blog\/","name":"Lajme nga Ulqini","description":"Lajme,Vijesti,Ulqini,Ulqin,Crna Gora,Mali i Zi","potentialAction":[{"@type":"SearchAction","target":{"@type":"EntryPoint","urlTemplate":"https:\/\/www.visit-ulcinj.com\/blog\/?s={search_term_string}"},"query-input":"required name=search_term_string"}],"inLanguage":"en-US"},{"@type":"ImageObject","inLanguage":"en-US","@id":"https:\/\/www.visit-ulcinj.com\/blog\/2017\/05\/28\/canka-pocetak-kraja-politicke-papazjanije-u-ulcinju\/#primaryimage","url":"https:\/\/www.visit-ulcinj.com\/blog\/wp-content\/uploads\/2014\/01\/Mustafa-Canka-Gazetar.jpg","contentUrl":"https:\/\/www.visit-ulcinj.com\/blog\/wp-content\/uploads\/2014\/01\/Mustafa-Canka-Gazetar.jpg","width":1024,"height":590},{"@type":"WebPage","@id":"https:\/\/www.visit-ulcinj.com\/blog\/2017\/05\/28\/canka-pocetak-kraja-politicke-papazjanije-u-ulcinju\/#webpage","url":"https:\/\/www.visit-ulcinj.com\/blog\/2017\/05\/28\/canka-pocetak-kraja-politicke-papazjanije-u-ulcinju\/","name":"Canka: Pocetak kraja politicke papazjanije u Ulcinju - Lajme nga Ulqini","isPartOf":{"@id":"https:\/\/www.visit-ulcinj.com\/blog\/#website"},"primaryImageOfPage":{"@id":"https:\/\/www.visit-ulcinj.com\/blog\/2017\/05\/28\/canka-pocetak-kraja-politicke-papazjanije-u-ulcinju\/#primaryimage"},"datePublished":"2017-05-28T12:39:05+00:00","dateModified":"2017-05-28T12:39:05+00:00","author":{"@id":"https:\/\/www.visit-ulcinj.com\/blog\/#\/schema\/person\/dcab619c614d3038751c63bc2aadc06d"},"description":"U sjedi\u0161tu Demokratske partije socijalista odluka je prakti\u010dno donijeta: lokalni izbori u Ulcinju bi\u0107e odr\u017eani 26. novembra. To je ta\u010dno tri godine i","breadcrumb":{"@id":"https:\/\/www.visit-ulcinj.com\/blog\/2017\/05\/28\/canka-pocetak-kraja-politicke-papazjanije-u-ulcinju\/#breadcrumb"},"inLanguage":"en-US","potentialAction":[{"@type":"ReadAction","target":["https:\/\/www.visit-ulcinj.com\/blog\/2017\/05\/28\/canka-pocetak-kraja-politicke-papazjanije-u-ulcinju\/"]}]},{"@type":"BreadcrumbList","@id":"https:\/\/www.visit-ulcinj.com\/blog\/2017\/05\/28\/canka-pocetak-kraja-politicke-papazjanije-u-ulcinju\/#breadcrumb","itemListElement":[{"@type":"ListItem","position":1,"name":"Canka: Pocetak kraja politicke papazjanije u Ulcinju"}]},{"@type":"Person","@id":"https:\/\/www.visit-ulcinj.com\/blog\/#\/schema\/person\/dcab619c614d3038751c63bc2aadc06d","name":"ulqini","sameAs":["http:\/\/www.visit-ulcinj.com"],"url":"https:\/\/www.visit-ulcinj.com\/blog\/author\/admin\/"}]}},"jetpack_featured_media_url":"","jetpack_sharing_enabled":true,"jetpack_shortlink":"https:\/\/wp.me\/pe6lTn-rnI","_links":{"self":[{"href":"https:\/\/www.visit-ulcinj.com\/blog\/wp-json\/wp\/v2\/posts\/105258"}],"collection":[{"href":"https:\/\/www.visit-ulcinj.com\/blog\/wp-json\/wp\/v2\/posts"}],"about":[{"href":"https:\/\/www.visit-ulcinj.com\/blog\/wp-json\/wp\/v2\/types\/post"}],"author":[{"embeddable":true,"href":"https:\/\/www.visit-ulcinj.com\/blog\/wp-json\/wp\/v2\/users\/1"}],"replies":[{"embeddable":true,"href":"https:\/\/www.visit-ulcinj.com\/blog\/wp-json\/wp\/v2\/comments?post=105258"}],"version-history":[{"count":1,"href":"https:\/\/www.visit-ulcinj.com\/blog\/wp-json\/wp\/v2\/posts\/105258\/revisions"}],"predecessor-version":[{"id":105259,"href":"https:\/\/www.visit-ulcinj.com\/blog\/wp-json\/wp\/v2\/posts\/105258\/revisions\/105259"}],"wp:attachment":[{"href":"https:\/\/www.visit-ulcinj.com\/blog\/wp-json\/wp\/v2\/media?parent=105258"}],"wp:term":[{"taxonomy":"category","embeddable":true,"href":"https:\/\/www.visit-ulcinj.com\/blog\/wp-json\/wp\/v2\/categories?post=105258"},{"taxonomy":"post_tag","embeddable":true,"href":"https:\/\/www.visit-ulcinj.com\/blog\/wp-json\/wp\/v2\/tags?post=105258"}],"curies":[{"name":"wp","href":"https:\/\/api.w.org\/{rel}","templated":true}]}}