{"id":105262,"date":"2017-05-29T15:26:24","date_gmt":"2017-05-29T14:26:24","guid":{"rendered":"http:\/\/www.visit-ulcinj.com\/blog\/?p=105262"},"modified":"2017-05-29T15:32:28","modified_gmt":"2017-05-29T14:32:28","slug":"nika-ku-shkuan-tapite-e-turkut-mos-iu-dhane-edhe-keto-cetines","status":"publish","type":"post","link":"https:\/\/www.visit-ulcinj.com\/blog\/2017\/05\/29\/nika-ku-shkuan-tapite-e-turkut-mos-iu-dhane-edhe-keto-cetines\/","title":{"rendered":"Nika:  Ku shkuan tapit\u00eb e Turkut?!  A mos iu dhan\u00eb edhe k\u00ebto Cetin\u00ebs\u2026?!"},"content":{"rendered":"<p><strong><em><a href=\"http:\/\/www.visit-ulcinj.com\/blog\/wp-content\/uploads\/2017\/05\/TAPIA-TURKUT-PER-ULQIN.jpg\"><img loading=\"lazy\" class=\"alignleft wp-image-105263\" src=\"http:\/\/www.visit-ulcinj.com\/blog\/wp-content\/uploads\/2017\/05\/TAPIA-TURKUT-PER-ULQIN.jpg\" alt=\"\" width=\"508\" height=\"286\" srcset=\"https:\/\/www.visit-ulcinj.com\/blog\/wp-content\/uploads\/2017\/05\/TAPIA-TURKUT-PER-ULQIN.jpg 624w, https:\/\/www.visit-ulcinj.com\/blog\/wp-content\/uploads\/2017\/05\/TAPIA-TURKUT-PER-ULQIN-300x169.jpg 300w\" sizes=\"(max-width: 508px) 100vw, 508px\" \/><\/a>Shkruan Muhamet Nika<\/em><\/strong><\/p>\n<p><strong><em>Kjo q\u00eb shihni\u00a0 n\u00eb fotografi \u00a0ME TURQ\u00a0 E ME BAJRAK\u00cb, nuk \u00ebsht\u00eb\u00a0 ajo q\u00eb i thon\u00eb: \u201cshyqyr\u00a0 bante baba i vet \u00a0q\u00eb marton djalin e vet&#8230;\u201d- \u00a0fiton tapin\u00eb e vet&#8230;?!!\u00a0 E\u00a0 as \u201c vaktija e ramazanit- iftarit\u201d, por \u00a0vakia e insanit&#8230;?!!<\/em><\/strong><\/p>\n<p>M\u00ebsohet\u00a0 se para disa koh\u00ebve \u00a0nj\u00eb delegacion\u00a0 i\u00a0 Komun\u00ebs s\u00eb\u00a0\u00a0 Ulqinit , n\u00eb nivel t\u00eb\u00a0 ish- kryetarit t\u00eb komun\u00ebs \u2013 Fatmir\u00a0 Gjeka, \u00a0\u00a0parlamentit \u00a0dhe 2 ish n\u00ebnkryetar\u00ebve, pat\u00a0 shkuar\u00a0\u00a0 n\u00eb Turqi , p\u00ebr t\u00eb marr\u00eb edhe kadastrin\u00a0 turk\u00a0 t\u00eb para pushtimit\u00a0 malazez q\u00eb iu kishin premtuar t\u2019iu kthenin\u00a0 turqit.<\/p>\n<p>Kjo \u00a0si \u00e7\u00ebshtje nuk u\u00a0 fol \u00a0\u00a0m\u00eb nga mediat edhe pse rasti \u00a0i dor\u00ebzimit t\u00eb kadastrit nga pala turke dihet se \u00a0ndodhi. Dhe nuk besoj q\u00eb\u00a0 lajmin e\u00a0 sjelljeve t\u00eb tapive\u00a0 turke\u00a0 ta ken\u00eb l\u00ebn\u00eb si sihariq fushate\u00a0 q\u00eb na \u00a0pret.<\/p>\n<p>\u00c7\u00ebshtja si duket \u00a0\u00a0ka\u00a0 mbetur \u00a0e \u00a0hapur \u00a0dhe \u00a0me t\u00eb drejt\u00eb \u00a0pyesim:<\/p>\n<p>&#8211; \u00a0<strong><em>\u00c7far\u00eb\u00a0 u b\u00eb me tapit\u00eb e turkut ?! A mos\u00a0 &#8230;..?!<\/em><\/strong><\/p>\n<p>Jo nuk po mund\u00a0 ta them se nuk\u00a0 guxoj e goja\u00a0 nuk ma\u00a0 qet. ..!!!!<\/p>\n<p>Inshalla din\u00eb di\u00e7 m\u00eb tep\u00ebr\u00a0\u00a0 \u00a0Cungu me Loron \u00a0p\u00ebr fatin e tyre , \u00a0pas vizit\u00ebs q\u00eb b\u00ebn\u00eb \u00a0\u00a0atje. ..?! Mbase\u00a0 \u00a0k\u00ebta\u00a0 dy &#8211; nuhaten di\u00e7 nga turqit\u00a0 . Ose turqit \u00a0i pyet\u00ebn se , apo na hyjn\u00eb\u00a0 n\u00eb pun\u00eb&#8230;?!!<\/p>\n<p>Un\u00eb me gjith\u00eb k\u00ebt\u00eb, nuk dua t\u00eb besoj q\u00eb\u00a0 kadastri\u00a0 turk\u00a0 \u00a0i qytetit , t\u00eb ket\u00eb p\u00ebrfundu\u201d sipas zakonit ..\u201d edhe ky n\u00eb Cetin\u00eb , pa hy n\u00eb Ulqin&#8230;.?!!<\/p>\n","protected":false},"excerpt":{"rendered":"<p>Shkruan Muhamet Nika Kjo q\u00eb shihni\u00a0 n\u00eb fotografi \u00a0ME TURQ\u00a0 E ME BAJRAK\u00cb, nuk \u00ebsht\u00eb\u00a0 ajo q\u00eb i thon\u00eb: \u201cshyqyr\u00a0 bante baba i vet \u00a0q\u00eb marton djalin e vet&#8230;\u201d- \u00a0fiton tapin\u00eb e vet&#8230;?!!\u00a0 E\u00a0 as \u201c vaktija e ramazanit- iftarit\u201d, por \u00a0vakia e insanit&#8230;?!! M\u00ebsohet\u00a0 se para disa koh\u00ebve \u00a0nj\u00eb delegacion\u00a0 i\u00a0 Komun\u00ebs s\u00eb\u00a0\u00a0 Ulqinit [&hellip;]<\/p>\n","protected":false},"author":1,"featured_media":0,"comment_status":"closed","ping_status":"closed","sticky":false,"template":"","format":"standard","meta":{"spay_email":"","jetpack_publicize_message":"","jetpack_is_tweetstorm":false,"jetpack_publicize_feature_enabled":true},"categories":[14249],"tags":[],"jetpack_publicize_connections":[],"yoast_head":"<!-- This site is optimized with the Yoast SEO plugin v19.1 - https:\/\/yoast.com\/wordpress\/plugins\/seo\/ -->\n<title>Nika: Ku shkuan tapit\u00eb e Turkut?! A mos iu dhan\u00eb edhe k\u00ebto Cetin\u00ebs\u2026?! - Lajme nga Ulqini<\/title>\n<meta name=\"description\" content=\"Shkruan Muhamet Nika Kjo q\u00eb shihni\u00a0 n\u00eb fotografi \u00a0ME TURQ\u00a0 E ME BAJRAK\u00cb, nuk \u00ebsht\u00eb\u00a0 ajo q\u00eb i thon\u00eb: \u201cshyqyr\u00a0 bante baba i vet \u00a0q\u00eb marton djalin e vet...\u201d-\" \/>\n<meta name=\"robots\" content=\"index, follow, max-snippet:-1, max-image-preview:large, max-video-preview:-1\" \/>\n<link rel=\"canonical\" href=\"https:\/\/www.visit-ulcinj.com\/blog\/2017\/05\/29\/nika-ku-shkuan-tapite-e-turkut-mos-iu-dhane-edhe-keto-cetines\/\" \/>\n<meta property=\"og:locale\" content=\"en_US\" \/>\n<meta property=\"og:type\" content=\"article\" \/>\n<meta property=\"og:title\" content=\"Nika: Ku shkuan tapit\u00eb e Turkut?! A mos iu dhan\u00eb edhe k\u00ebto Cetin\u00ebs\u2026?! - Lajme nga Ulqini\" \/>\n<meta property=\"og:description\" content=\"Shkruan Muhamet Nika Kjo q\u00eb shihni\u00a0 n\u00eb fotografi \u00a0ME TURQ\u00a0 E ME BAJRAK\u00cb, nuk \u00ebsht\u00eb\u00a0 ajo q\u00eb i thon\u00eb: \u201cshyqyr\u00a0 bante baba i vet \u00a0q\u00eb marton djalin e vet...\u201d-\" \/>\n<meta property=\"og:url\" content=\"https:\/\/www.visit-ulcinj.com\/blog\/2017\/05\/29\/nika-ku-shkuan-tapite-e-turkut-mos-iu-dhane-edhe-keto-cetines\/\" \/>\n<meta property=\"og:site_name\" content=\"Lajme nga Ulqini\" \/>\n<meta property=\"article:published_time\" content=\"2017-05-29T14:26:24+00:00\" \/>\n<meta property=\"article:modified_time\" content=\"2017-05-29T14:32:28+00:00\" \/>\n<meta property=\"og:image\" content=\"http:\/\/www.visit-ulcinj.com\/blog\/wp-content\/uploads\/2017\/05\/TAPIA-TURKUT-PER-ULQIN.jpg\" \/>\n<meta name=\"twitter:label1\" content=\"Written by\" \/>\n\t<meta name=\"twitter:data1\" content=\"ulqini\" \/>\n\t<meta name=\"twitter:label2\" content=\"Est. reading time\" \/>\n\t<meta name=\"twitter:data2\" content=\"1 minute\" \/>\n<script type=\"application\/ld+json\" class=\"yoast-schema-graph\">{\"@context\":\"https:\/\/schema.org\",\"@graph\":[{\"@type\":\"WebSite\",\"@id\":\"https:\/\/www.visit-ulcinj.com\/blog\/#website\",\"url\":\"https:\/\/www.visit-ulcinj.com\/blog\/\",\"name\":\"Lajme nga Ulqini\",\"description\":\"Lajme,Vijesti,Ulqini,Ulqin,Crna Gora,Mali i Zi\",\"potentialAction\":[{\"@type\":\"SearchAction\",\"target\":{\"@type\":\"EntryPoint\",\"urlTemplate\":\"https:\/\/www.visit-ulcinj.com\/blog\/?s={search_term_string}\"},\"query-input\":\"required name=search_term_string\"}],\"inLanguage\":\"en-US\"},{\"@type\":\"ImageObject\",\"inLanguage\":\"en-US\",\"@id\":\"https:\/\/www.visit-ulcinj.com\/blog\/2017\/05\/29\/nika-ku-shkuan-tapite-e-turkut-mos-iu-dhane-edhe-keto-cetines\/#primaryimage\",\"url\":\"https:\/\/www.visit-ulcinj.com\/blog\/wp-content\/uploads\/2017\/05\/TAPIA-TURKUT-PER-ULQIN.jpg\",\"contentUrl\":\"https:\/\/www.visit-ulcinj.com\/blog\/wp-content\/uploads\/2017\/05\/TAPIA-TURKUT-PER-ULQIN.jpg\",\"width\":624,\"height\":351},{\"@type\":\"WebPage\",\"@id\":\"https:\/\/www.visit-ulcinj.com\/blog\/2017\/05\/29\/nika-ku-shkuan-tapite-e-turkut-mos-iu-dhane-edhe-keto-cetines\/#webpage\",\"url\":\"https:\/\/www.visit-ulcinj.com\/blog\/2017\/05\/29\/nika-ku-shkuan-tapite-e-turkut-mos-iu-dhane-edhe-keto-cetines\/\",\"name\":\"Nika: Ku shkuan tapit\u00eb e Turkut?! A mos iu dhan\u00eb edhe k\u00ebto Cetin\u00ebs\u2026?! - Lajme nga Ulqini\",\"isPartOf\":{\"@id\":\"https:\/\/www.visit-ulcinj.com\/blog\/#website\"},\"primaryImageOfPage\":{\"@id\":\"https:\/\/www.visit-ulcinj.com\/blog\/2017\/05\/29\/nika-ku-shkuan-tapite-e-turkut-mos-iu-dhane-edhe-keto-cetines\/#primaryimage\"},\"datePublished\":\"2017-05-29T14:26:24+00:00\",\"dateModified\":\"2017-05-29T14:32:28+00:00\",\"author\":{\"@id\":\"https:\/\/www.visit-ulcinj.com\/blog\/#\/schema\/person\/dcab619c614d3038751c63bc2aadc06d\"},\"description\":\"Shkruan Muhamet Nika Kjo q\u00eb shihni\u00a0 n\u00eb fotografi \u00a0ME TURQ\u00a0 E ME BAJRAK\u00cb, nuk \u00ebsht\u00eb\u00a0 ajo q\u00eb i thon\u00eb: \u201cshyqyr\u00a0 bante baba i vet \u00a0q\u00eb marton djalin e vet...\u201d-\",\"breadcrumb\":{\"@id\":\"https:\/\/www.visit-ulcinj.com\/blog\/2017\/05\/29\/nika-ku-shkuan-tapite-e-turkut-mos-iu-dhane-edhe-keto-cetines\/#breadcrumb\"},\"inLanguage\":\"en-US\",\"potentialAction\":[{\"@type\":\"ReadAction\",\"target\":[\"https:\/\/www.visit-ulcinj.com\/blog\/2017\/05\/29\/nika-ku-shkuan-tapite-e-turkut-mos-iu-dhane-edhe-keto-cetines\/\"]}]},{\"@type\":\"BreadcrumbList\",\"@id\":\"https:\/\/www.visit-ulcinj.com\/blog\/2017\/05\/29\/nika-ku-shkuan-tapite-e-turkut-mos-iu-dhane-edhe-keto-cetines\/#breadcrumb\",\"itemListElement\":[{\"@type\":\"ListItem\",\"position\":1,\"name\":\"Nika: Ku shkuan tapit\u00eb e Turkut?! A mos iu dhan\u00eb edhe k\u00ebto Cetin\u00ebs\u2026?!\"}]},{\"@type\":\"Person\",\"@id\":\"https:\/\/www.visit-ulcinj.com\/blog\/#\/schema\/person\/dcab619c614d3038751c63bc2aadc06d\",\"name\":\"ulqini\",\"sameAs\":[\"http:\/\/www.visit-ulcinj.com\"],\"url\":\"https:\/\/www.visit-ulcinj.com\/blog\/author\/admin\/\"}]}<\/script>\n<!-- \/ Yoast SEO plugin. -->","yoast_head_json":{"title":"Nika: Ku shkuan tapit\u00eb e Turkut?! A mos iu dhan\u00eb edhe k\u00ebto Cetin\u00ebs\u2026?! - Lajme nga Ulqini","description":"Shkruan Muhamet Nika Kjo q\u00eb shihni\u00a0 n\u00eb fotografi \u00a0ME TURQ\u00a0 E ME BAJRAK\u00cb, nuk \u00ebsht\u00eb\u00a0 ajo q\u00eb i thon\u00eb: \u201cshyqyr\u00a0 bante baba i vet \u00a0q\u00eb marton djalin e vet...\u201d-","robots":{"index":"index","follow":"follow","max-snippet":"max-snippet:-1","max-image-preview":"max-image-preview:large","max-video-preview":"max-video-preview:-1"},"canonical":"https:\/\/www.visit-ulcinj.com\/blog\/2017\/05\/29\/nika-ku-shkuan-tapite-e-turkut-mos-iu-dhane-edhe-keto-cetines\/","og_locale":"en_US","og_type":"article","og_title":"Nika: Ku shkuan tapit\u00eb e Turkut?! A mos iu dhan\u00eb edhe k\u00ebto Cetin\u00ebs\u2026?! - Lajme nga Ulqini","og_description":"Shkruan Muhamet Nika Kjo q\u00eb shihni\u00a0 n\u00eb fotografi \u00a0ME TURQ\u00a0 E ME BAJRAK\u00cb, nuk \u00ebsht\u00eb\u00a0 ajo q\u00eb i thon\u00eb: \u201cshyqyr\u00a0 bante baba i vet \u00a0q\u00eb marton djalin e vet...\u201d-","og_url":"https:\/\/www.visit-ulcinj.com\/blog\/2017\/05\/29\/nika-ku-shkuan-tapite-e-turkut-mos-iu-dhane-edhe-keto-cetines\/","og_site_name":"Lajme nga Ulqini","article_published_time":"2017-05-29T14:26:24+00:00","article_modified_time":"2017-05-29T14:32:28+00:00","og_image":[{"url":"http:\/\/www.visit-ulcinj.com\/blog\/wp-content\/uploads\/2017\/05\/TAPIA-TURKUT-PER-ULQIN.jpg"}],"twitter_misc":{"Written by":"ulqini","Est. reading time":"1 minute"},"schema":{"@context":"https:\/\/schema.org","@graph":[{"@type":"WebSite","@id":"https:\/\/www.visit-ulcinj.com\/blog\/#website","url":"https:\/\/www.visit-ulcinj.com\/blog\/","name":"Lajme nga Ulqini","description":"Lajme,Vijesti,Ulqini,Ulqin,Crna Gora,Mali i Zi","potentialAction":[{"@type":"SearchAction","target":{"@type":"EntryPoint","urlTemplate":"https:\/\/www.visit-ulcinj.com\/blog\/?s={search_term_string}"},"query-input":"required name=search_term_string"}],"inLanguage":"en-US"},{"@type":"ImageObject","inLanguage":"en-US","@id":"https:\/\/www.visit-ulcinj.com\/blog\/2017\/05\/29\/nika-ku-shkuan-tapite-e-turkut-mos-iu-dhane-edhe-keto-cetines\/#primaryimage","url":"https:\/\/www.visit-ulcinj.com\/blog\/wp-content\/uploads\/2017\/05\/TAPIA-TURKUT-PER-ULQIN.jpg","contentUrl":"https:\/\/www.visit-ulcinj.com\/blog\/wp-content\/uploads\/2017\/05\/TAPIA-TURKUT-PER-ULQIN.jpg","width":624,"height":351},{"@type":"WebPage","@id":"https:\/\/www.visit-ulcinj.com\/blog\/2017\/05\/29\/nika-ku-shkuan-tapite-e-turkut-mos-iu-dhane-edhe-keto-cetines\/#webpage","url":"https:\/\/www.visit-ulcinj.com\/blog\/2017\/05\/29\/nika-ku-shkuan-tapite-e-turkut-mos-iu-dhane-edhe-keto-cetines\/","name":"Nika: Ku shkuan tapit\u00eb e Turkut?! A mos iu dhan\u00eb edhe k\u00ebto Cetin\u00ebs\u2026?! - Lajme nga Ulqini","isPartOf":{"@id":"https:\/\/www.visit-ulcinj.com\/blog\/#website"},"primaryImageOfPage":{"@id":"https:\/\/www.visit-ulcinj.com\/blog\/2017\/05\/29\/nika-ku-shkuan-tapite-e-turkut-mos-iu-dhane-edhe-keto-cetines\/#primaryimage"},"datePublished":"2017-05-29T14:26:24+00:00","dateModified":"2017-05-29T14:32:28+00:00","author":{"@id":"https:\/\/www.visit-ulcinj.com\/blog\/#\/schema\/person\/dcab619c614d3038751c63bc2aadc06d"},"description":"Shkruan Muhamet Nika Kjo q\u00eb shihni\u00a0 n\u00eb fotografi \u00a0ME TURQ\u00a0 E ME BAJRAK\u00cb, nuk \u00ebsht\u00eb\u00a0 ajo q\u00eb i thon\u00eb: \u201cshyqyr\u00a0 bante baba i vet \u00a0q\u00eb marton djalin e vet...\u201d-","breadcrumb":{"@id":"https:\/\/www.visit-ulcinj.com\/blog\/2017\/05\/29\/nika-ku-shkuan-tapite-e-turkut-mos-iu-dhane-edhe-keto-cetines\/#breadcrumb"},"inLanguage":"en-US","potentialAction":[{"@type":"ReadAction","target":["https:\/\/www.visit-ulcinj.com\/blog\/2017\/05\/29\/nika-ku-shkuan-tapite-e-turkut-mos-iu-dhane-edhe-keto-cetines\/"]}]},{"@type":"BreadcrumbList","@id":"https:\/\/www.visit-ulcinj.com\/blog\/2017\/05\/29\/nika-ku-shkuan-tapite-e-turkut-mos-iu-dhane-edhe-keto-cetines\/#breadcrumb","itemListElement":[{"@type":"ListItem","position":1,"name":"Nika: Ku shkuan tapit\u00eb e Turkut?! A mos iu dhan\u00eb edhe k\u00ebto Cetin\u00ebs\u2026?!"}]},{"@type":"Person","@id":"https:\/\/www.visit-ulcinj.com\/blog\/#\/schema\/person\/dcab619c614d3038751c63bc2aadc06d","name":"ulqini","sameAs":["http:\/\/www.visit-ulcinj.com"],"url":"https:\/\/www.visit-ulcinj.com\/blog\/author\/admin\/"}]}},"jetpack_featured_media_url":"","jetpack_sharing_enabled":true,"jetpack_shortlink":"https:\/\/wp.me\/pe6lTn-rnM","_links":{"self":[{"href":"https:\/\/www.visit-ulcinj.com\/blog\/wp-json\/wp\/v2\/posts\/105262"}],"collection":[{"href":"https:\/\/www.visit-ulcinj.com\/blog\/wp-json\/wp\/v2\/posts"}],"about":[{"href":"https:\/\/www.visit-ulcinj.com\/blog\/wp-json\/wp\/v2\/types\/post"}],"author":[{"embeddable":true,"href":"https:\/\/www.visit-ulcinj.com\/blog\/wp-json\/wp\/v2\/users\/1"}],"replies":[{"embeddable":true,"href":"https:\/\/www.visit-ulcinj.com\/blog\/wp-json\/wp\/v2\/comments?post=105262"}],"version-history":[{"count":2,"href":"https:\/\/www.visit-ulcinj.com\/blog\/wp-json\/wp\/v2\/posts\/105262\/revisions"}],"predecessor-version":[{"id":105265,"href":"https:\/\/www.visit-ulcinj.com\/blog\/wp-json\/wp\/v2\/posts\/105262\/revisions\/105265"}],"wp:attachment":[{"href":"https:\/\/www.visit-ulcinj.com\/blog\/wp-json\/wp\/v2\/media?parent=105262"}],"wp:term":[{"taxonomy":"category","embeddable":true,"href":"https:\/\/www.visit-ulcinj.com\/blog\/wp-json\/wp\/v2\/categories?post=105262"},{"taxonomy":"post_tag","embeddable":true,"href":"https:\/\/www.visit-ulcinj.com\/blog\/wp-json\/wp\/v2\/tags?post=105262"}],"curies":[{"name":"wp","href":"https:\/\/api.w.org\/{rel}","templated":true}]}}