{"id":105266,"date":"2017-05-29T16:42:45","date_gmt":"2017-05-29T15:42:45","guid":{"rendered":"http:\/\/www.visit-ulcinj.com\/blog\/?p=105266"},"modified":"2017-05-30T17:39:16","modified_gmt":"2017-05-30T16:39:16","slug":"vdekje-e-papritur-gazmene-goranes-tronditi-diasporen-ulqinake-ne-zvicer","status":"publish","type":"post","link":"https:\/\/www.visit-ulcinj.com\/blog\/2017\/05\/29\/vdekje-e-papritur-gazmene-goranes-tronditi-diasporen-ulqinake-ne-zvicer\/","title":{"rendered":"Vdekje e papritur Gazmene Goran\u00ebs tronditi diaspor\u00ebn Ulqinake n\u00eb Zvic\u00ebr"},"content":{"rendered":"<p><a href=\"http:\/\/www.visit-ulcinj.com\/blog\/wp-content\/uploads\/2017\/05\/Vdekje-e-papritur-Gazmene-Goran\u00ebs-nga-Ulqini.jpg\"><img loading=\"lazy\" class=\"alignleft wp-image-105267\" src=\"http:\/\/www.visit-ulcinj.com\/blog\/wp-content\/uploads\/2017\/05\/Vdekje-e-papritur-Gazmene-Goran\u00ebs-nga-Ulqini.jpg\" alt=\"\" width=\"508\" height=\"508\" srcset=\"https:\/\/www.visit-ulcinj.com\/blog\/wp-content\/uploads\/2017\/05\/Vdekje-e-papritur-Gazmene-Goran\u00ebs-nga-Ulqini.jpg 516w, https:\/\/www.visit-ulcinj.com\/blog\/wp-content\/uploads\/2017\/05\/Vdekje-e-papritur-Gazmene-Goran\u00ebs-nga-Ulqini-150x150.jpg 150w, https:\/\/www.visit-ulcinj.com\/blog\/wp-content\/uploads\/2017\/05\/Vdekje-e-papritur-Gazmene-Goran\u00ebs-nga-Ulqini-300x300.jpg 300w\" sizes=\"(max-width: 508px) 100vw, 508px\" \/><\/a>Vdekja e papritur e Gazmene Goran\u00ebs (39) qe ka ndodhur t\u00eb marten e kaluar ka goditur jo vet\u00ebm familjen e saj, por edhe mbar\u00eb diaspor\u00ebn ulqinake n\u00eb qytetin e Bernit dhe Zhenev\u00ebs ku ajo jetoi, por dhe\u00a0 krejt Zvicr\u00ebn.<\/p>\n<p>Me dhimbje t\u00eb thell\u00eb kemi pranuar lajmin p\u00ebr vdekjen tragjike t\u00eb Gazmene Goran\u00ebs. Lajme nga Ulqini\u00a0 shpreh ngush\u00ebllime familjes dhe farefisit t\u00eb t\u00eb ndjer\u00ebs Gazmene. Qoft\u00eb e p\u00ebrjetsh\u00ebme kujtimi p\u00ebr t\u00eb!<\/p>\n<p>Shoq\u00ebria q\u00eb e njoh\u00ebn Gazmenen mbajn\u00eb mend si nj\u00eb vajz\u00eb t\u00eb thjesht\u00eb dhe pun\u00ebtore, e buz\u00ebqeshur dhe e respektuar.<\/p>\n<p>Dashuria, mir\u00ebsia, dhe urt\u00ebsia q\u00eb kishe ndaj nesh na b\u00ebjn\u00eb q\u00eb t\u00eb mos harrojm\u00eb kurr\u00eb.<br \/>\nT\u00eb jetosh n\u00eb zemrat e atyre q\u00eb le pas , do t\u00eb thot\u00eb t\u00eb mos vdes\u00ebsh kurr\u00eb.<\/p>\n<p><strong>T\u00eb kujtojn\u00eb me mall\u00eb: Babai, N\u00ebna, v\u00ebllez\u00ebrit, motrat, nipat, mbesat dhe familja e gjer\u00eb nga<\/strong> <strong>Ulqini\u00a0 Hoxha &#8211; Gorana dhe nga diaspora ulqinake nga Zvicra.<\/strong><\/p>\n<p>&nbsp;<\/p>\n<p style=\"text-align: center;\"><strong>Kush ishte Gazmene Gorana<\/strong><\/p>\n<div id=\"primary\" class=\"content-area single-team\">\n<article id=\"post-317\" class=\"post-317 dom_people type-dom_people status-publish hentry dom_teamcategory-corporate dom_teamcategory-pensions dom_teamcategory-private-wealth\">\n<header class=\"entry-header\">\n<p class=\"entry-title\"><strong><a href=\"http:\/\/www.visit-ulcinj.com\/blog\/wp-content\/uploads\/2017\/05\/Gazmene-Gorana-2016.jpg\"><img loading=\"lazy\" class=\"alignleft wp-image-105283\" src=\"http:\/\/www.visit-ulcinj.com\/blog\/wp-content\/uploads\/2017\/05\/Gazmene-Gorana-2016.jpg\" alt=\"\" width=\"508\" height=\"422\" srcset=\"https:\/\/www.visit-ulcinj.com\/blog\/wp-content\/uploads\/2017\/05\/Gazmene-Gorana-2016.jpg 636w, https:\/\/www.visit-ulcinj.com\/blog\/wp-content\/uploads\/2017\/05\/Gazmene-Gorana-2016-300x249.jpg 300w\" sizes=\"(max-width: 508px) 100vw, 508px\" \/><\/a>Gazmene Gorana<\/strong><\/p>\n<p><strong>Business Relationship Manager<\/strong><\/p>\n<p><strong>Gazmene joined Dominion in August 2014 and is responsible for managing key business relationships within our international pension and private wealth divisions.<\/strong><\/p>\n<p>As the primary contact for professional intermediaries based in Switzerland and Monaco her role involves identifying strategic partners and creating strong business relationships.<\/p>\n<p>Gazmene was involved in the establishment of the Swiss office and has been instrumental in the growth of this business including the acquisition of WPS SA (former Bank Mirabaud Trust Switzerland) and OAK Fiduciary (former Bank Syz Trust Switzerland). Gazmene\u00a0previously worked for Ecofin, an English hedge fund that specialises in the global utility infrastructure, alternative energy and environmental sectors in London, New York and Hong Kong.<\/p>\n<p>Gazmene has grown up in a multicultural environment and speaks fluent Swiss German, German, English, French and Albanian.<\/p>\n<p>In her spare time, besides frequent travelling Gazmene practices Tai Chi and enjoys\u00a0ancient cultures and philosophy.<\/p>\n<p><strong>Source: <a href=\"https:\/\/www.expertsinwealth.com\/people\/gazmene-gorana\/\">https:\/\/www.expertsinwealth.com\/people\/gazmene-gorana\/<\/a><\/strong><\/p>\n<\/header>\n<\/article>\n<\/div>\n<p>&nbsp;<\/p>\n","protected":false},"excerpt":{"rendered":"<p>Vdekja e papritur e Gazmene Goran\u00ebs (39) qe ka ndodhur t\u00eb marten e kaluar ka goditur jo vet\u00ebm familjen e saj, por edhe mbar\u00eb diaspor\u00ebn ulqinake n\u00eb qytetin e Bernit dhe Zhenev\u00ebs ku ajo jetoi, por dhe\u00a0 krejt Zvicr\u00ebn. Me dhimbje t\u00eb thell\u00eb kemi pranuar lajmin p\u00ebr vdekjen tragjike t\u00eb Gazmene Goran\u00ebs. Lajme nga Ulqini\u00a0 [&hellip;]<\/p>\n","protected":false},"author":1,"featured_media":0,"comment_status":"closed","ping_status":"closed","sticky":false,"template":"","format":"standard","meta":{"spay_email":"","jetpack_publicize_message":"","jetpack_is_tweetstorm":false,"jetpack_publicize_feature_enabled":true},"categories":[7,1],"tags":[],"jetpack_publicize_connections":[],"yoast_head":"<!-- This site is optimized with the Yoast SEO plugin v19.1 - https:\/\/yoast.com\/wordpress\/plugins\/seo\/ -->\n<title>Vdekje e papritur Gazmene Goran\u00ebs tronditi diaspor\u00ebn Ulqinake n\u00eb Zvic\u00ebr - Lajme nga Ulqini<\/title>\n<meta name=\"description\" content=\"Vdekja e papritur e Gazmene Goran\u00ebs (39) qe ka ndodhur t\u00eb marten e kaluar ka goditur jo vet\u00ebm familjen e saj, por edhe mbar\u00eb diaspor\u00ebn ulqinake n\u00eb qytetin\" \/>\n<meta name=\"robots\" content=\"index, follow, max-snippet:-1, max-image-preview:large, max-video-preview:-1\" \/>\n<link rel=\"canonical\" href=\"https:\/\/www.visit-ulcinj.com\/blog\/2017\/05\/29\/vdekje-e-papritur-gazmene-goranes-tronditi-diasporen-ulqinake-ne-zvicer\/\" \/>\n<meta property=\"og:locale\" content=\"en_US\" \/>\n<meta property=\"og:type\" content=\"article\" \/>\n<meta property=\"og:title\" content=\"Vdekje e papritur Gazmene Goran\u00ebs tronditi diaspor\u00ebn Ulqinake n\u00eb Zvic\u00ebr - Lajme nga Ulqini\" \/>\n<meta property=\"og:description\" content=\"Vdekja e papritur e Gazmene Goran\u00ebs (39) qe ka ndodhur t\u00eb marten e kaluar ka goditur jo vet\u00ebm familjen e saj, por edhe mbar\u00eb diaspor\u00ebn ulqinake n\u00eb qytetin\" \/>\n<meta property=\"og:url\" content=\"https:\/\/www.visit-ulcinj.com\/blog\/2017\/05\/29\/vdekje-e-papritur-gazmene-goranes-tronditi-diasporen-ulqinake-ne-zvicer\/\" \/>\n<meta property=\"og:site_name\" content=\"Lajme nga Ulqini\" \/>\n<meta property=\"article:published_time\" content=\"2017-05-29T15:42:45+00:00\" \/>\n<meta property=\"article:modified_time\" content=\"2017-05-30T16:39:16+00:00\" \/>\n<meta property=\"og:image\" content=\"http:\/\/www.visit-ulcinj.com\/blog\/wp-content\/uploads\/2017\/05\/Gazmene-Gorana-2016.jpg\" \/>\n<meta name=\"twitter:label1\" content=\"Written by\" \/>\n\t<meta name=\"twitter:data1\" content=\"ulqini\" \/>\n\t<meta name=\"twitter:label2\" content=\"Est. reading time\" \/>\n\t<meta name=\"twitter:data2\" content=\"2 minutes\" \/>\n<script type=\"application\/ld+json\" class=\"yoast-schema-graph\">{\"@context\":\"https:\/\/schema.org\",\"@graph\":[{\"@type\":\"WebSite\",\"@id\":\"https:\/\/www.visit-ulcinj.com\/blog\/#website\",\"url\":\"https:\/\/www.visit-ulcinj.com\/blog\/\",\"name\":\"Lajme nga Ulqini\",\"description\":\"Lajme,Vijesti,Ulqini,Ulqin,Crna Gora,Mali i Zi\",\"potentialAction\":[{\"@type\":\"SearchAction\",\"target\":{\"@type\":\"EntryPoint\",\"urlTemplate\":\"https:\/\/www.visit-ulcinj.com\/blog\/?s={search_term_string}\"},\"query-input\":\"required name=search_term_string\"}],\"inLanguage\":\"en-US\"},{\"@type\":\"ImageObject\",\"inLanguage\":\"en-US\",\"@id\":\"https:\/\/www.visit-ulcinj.com\/blog\/2017\/05\/29\/vdekje-e-papritur-gazmene-goranes-tronditi-diasporen-ulqinake-ne-zvicer\/#primaryimage\",\"url\":\"https:\/\/www.visit-ulcinj.com\/blog\/wp-content\/uploads\/2017\/05\/Gazmene-Gorana-2016.jpg\",\"contentUrl\":\"https:\/\/www.visit-ulcinj.com\/blog\/wp-content\/uploads\/2017\/05\/Gazmene-Gorana-2016.jpg\",\"width\":636,\"height\":528},{\"@type\":\"WebPage\",\"@id\":\"https:\/\/www.visit-ulcinj.com\/blog\/2017\/05\/29\/vdekje-e-papritur-gazmene-goranes-tronditi-diasporen-ulqinake-ne-zvicer\/#webpage\",\"url\":\"https:\/\/www.visit-ulcinj.com\/blog\/2017\/05\/29\/vdekje-e-papritur-gazmene-goranes-tronditi-diasporen-ulqinake-ne-zvicer\/\",\"name\":\"Vdekje e papritur Gazmene Goran\u00ebs tronditi diaspor\u00ebn Ulqinake n\u00eb Zvic\u00ebr - Lajme nga Ulqini\",\"isPartOf\":{\"@id\":\"https:\/\/www.visit-ulcinj.com\/blog\/#website\"},\"primaryImageOfPage\":{\"@id\":\"https:\/\/www.visit-ulcinj.com\/blog\/2017\/05\/29\/vdekje-e-papritur-gazmene-goranes-tronditi-diasporen-ulqinake-ne-zvicer\/#primaryimage\"},\"datePublished\":\"2017-05-29T15:42:45+00:00\",\"dateModified\":\"2017-05-30T16:39:16+00:00\",\"author\":{\"@id\":\"https:\/\/www.visit-ulcinj.com\/blog\/#\/schema\/person\/dcab619c614d3038751c63bc2aadc06d\"},\"description\":\"Vdekja e papritur e Gazmene Goran\u00ebs (39) qe ka ndodhur t\u00eb marten e kaluar ka goditur jo vet\u00ebm familjen e saj, por edhe mbar\u00eb diaspor\u00ebn ulqinake n\u00eb qytetin\",\"breadcrumb\":{\"@id\":\"https:\/\/www.visit-ulcinj.com\/blog\/2017\/05\/29\/vdekje-e-papritur-gazmene-goranes-tronditi-diasporen-ulqinake-ne-zvicer\/#breadcrumb\"},\"inLanguage\":\"en-US\",\"potentialAction\":[{\"@type\":\"ReadAction\",\"target\":[\"https:\/\/www.visit-ulcinj.com\/blog\/2017\/05\/29\/vdekje-e-papritur-gazmene-goranes-tronditi-diasporen-ulqinake-ne-zvicer\/\"]}]},{\"@type\":\"BreadcrumbList\",\"@id\":\"https:\/\/www.visit-ulcinj.com\/blog\/2017\/05\/29\/vdekje-e-papritur-gazmene-goranes-tronditi-diasporen-ulqinake-ne-zvicer\/#breadcrumb\",\"itemListElement\":[{\"@type\":\"ListItem\",\"position\":1,\"name\":\"Vdekje e papritur Gazmene Goran\u00ebs tronditi diaspor\u00ebn Ulqinake n\u00eb Zvic\u00ebr\"}]},{\"@type\":\"Person\",\"@id\":\"https:\/\/www.visit-ulcinj.com\/blog\/#\/schema\/person\/dcab619c614d3038751c63bc2aadc06d\",\"name\":\"ulqini\",\"sameAs\":[\"http:\/\/www.visit-ulcinj.com\"],\"url\":\"https:\/\/www.visit-ulcinj.com\/blog\/author\/admin\/\"}]}<\/script>\n<!-- \/ Yoast SEO plugin. -->","yoast_head_json":{"title":"Vdekje e papritur Gazmene Goran\u00ebs tronditi diaspor\u00ebn Ulqinake n\u00eb Zvic\u00ebr - Lajme nga Ulqini","description":"Vdekja e papritur e Gazmene Goran\u00ebs (39) qe ka ndodhur t\u00eb marten e kaluar ka goditur jo vet\u00ebm familjen e saj, por edhe mbar\u00eb diaspor\u00ebn ulqinake n\u00eb qytetin","robots":{"index":"index","follow":"follow","max-snippet":"max-snippet:-1","max-image-preview":"max-image-preview:large","max-video-preview":"max-video-preview:-1"},"canonical":"https:\/\/www.visit-ulcinj.com\/blog\/2017\/05\/29\/vdekje-e-papritur-gazmene-goranes-tronditi-diasporen-ulqinake-ne-zvicer\/","og_locale":"en_US","og_type":"article","og_title":"Vdekje e papritur Gazmene Goran\u00ebs tronditi diaspor\u00ebn Ulqinake n\u00eb Zvic\u00ebr - Lajme nga Ulqini","og_description":"Vdekja e papritur e Gazmene Goran\u00ebs (39) qe ka ndodhur t\u00eb marten e kaluar ka goditur jo vet\u00ebm familjen e saj, por edhe mbar\u00eb diaspor\u00ebn ulqinake n\u00eb qytetin","og_url":"https:\/\/www.visit-ulcinj.com\/blog\/2017\/05\/29\/vdekje-e-papritur-gazmene-goranes-tronditi-diasporen-ulqinake-ne-zvicer\/","og_site_name":"Lajme nga Ulqini","article_published_time":"2017-05-29T15:42:45+00:00","article_modified_time":"2017-05-30T16:39:16+00:00","og_image":[{"url":"http:\/\/www.visit-ulcinj.com\/blog\/wp-content\/uploads\/2017\/05\/Gazmene-Gorana-2016.jpg"}],"twitter_misc":{"Written by":"ulqini","Est. reading time":"2 minutes"},"schema":{"@context":"https:\/\/schema.org","@graph":[{"@type":"WebSite","@id":"https:\/\/www.visit-ulcinj.com\/blog\/#website","url":"https:\/\/www.visit-ulcinj.com\/blog\/","name":"Lajme nga Ulqini","description":"Lajme,Vijesti,Ulqini,Ulqin,Crna Gora,Mali i Zi","potentialAction":[{"@type":"SearchAction","target":{"@type":"EntryPoint","urlTemplate":"https:\/\/www.visit-ulcinj.com\/blog\/?s={search_term_string}"},"query-input":"required name=search_term_string"}],"inLanguage":"en-US"},{"@type":"ImageObject","inLanguage":"en-US","@id":"https:\/\/www.visit-ulcinj.com\/blog\/2017\/05\/29\/vdekje-e-papritur-gazmene-goranes-tronditi-diasporen-ulqinake-ne-zvicer\/#primaryimage","url":"https:\/\/www.visit-ulcinj.com\/blog\/wp-content\/uploads\/2017\/05\/Gazmene-Gorana-2016.jpg","contentUrl":"https:\/\/www.visit-ulcinj.com\/blog\/wp-content\/uploads\/2017\/05\/Gazmene-Gorana-2016.jpg","width":636,"height":528},{"@type":"WebPage","@id":"https:\/\/www.visit-ulcinj.com\/blog\/2017\/05\/29\/vdekje-e-papritur-gazmene-goranes-tronditi-diasporen-ulqinake-ne-zvicer\/#webpage","url":"https:\/\/www.visit-ulcinj.com\/blog\/2017\/05\/29\/vdekje-e-papritur-gazmene-goranes-tronditi-diasporen-ulqinake-ne-zvicer\/","name":"Vdekje e papritur Gazmene Goran\u00ebs tronditi diaspor\u00ebn Ulqinake n\u00eb Zvic\u00ebr - Lajme nga Ulqini","isPartOf":{"@id":"https:\/\/www.visit-ulcinj.com\/blog\/#website"},"primaryImageOfPage":{"@id":"https:\/\/www.visit-ulcinj.com\/blog\/2017\/05\/29\/vdekje-e-papritur-gazmene-goranes-tronditi-diasporen-ulqinake-ne-zvicer\/#primaryimage"},"datePublished":"2017-05-29T15:42:45+00:00","dateModified":"2017-05-30T16:39:16+00:00","author":{"@id":"https:\/\/www.visit-ulcinj.com\/blog\/#\/schema\/person\/dcab619c614d3038751c63bc2aadc06d"},"description":"Vdekja e papritur e Gazmene Goran\u00ebs (39) qe ka ndodhur t\u00eb marten e kaluar ka goditur jo vet\u00ebm familjen e saj, por edhe mbar\u00eb diaspor\u00ebn ulqinake n\u00eb qytetin","breadcrumb":{"@id":"https:\/\/www.visit-ulcinj.com\/blog\/2017\/05\/29\/vdekje-e-papritur-gazmene-goranes-tronditi-diasporen-ulqinake-ne-zvicer\/#breadcrumb"},"inLanguage":"en-US","potentialAction":[{"@type":"ReadAction","target":["https:\/\/www.visit-ulcinj.com\/blog\/2017\/05\/29\/vdekje-e-papritur-gazmene-goranes-tronditi-diasporen-ulqinake-ne-zvicer\/"]}]},{"@type":"BreadcrumbList","@id":"https:\/\/www.visit-ulcinj.com\/blog\/2017\/05\/29\/vdekje-e-papritur-gazmene-goranes-tronditi-diasporen-ulqinake-ne-zvicer\/#breadcrumb","itemListElement":[{"@type":"ListItem","position":1,"name":"Vdekje e papritur Gazmene Goran\u00ebs tronditi diaspor\u00ebn Ulqinake n\u00eb Zvic\u00ebr"}]},{"@type":"Person","@id":"https:\/\/www.visit-ulcinj.com\/blog\/#\/schema\/person\/dcab619c614d3038751c63bc2aadc06d","name":"ulqini","sameAs":["http:\/\/www.visit-ulcinj.com"],"url":"https:\/\/www.visit-ulcinj.com\/blog\/author\/admin\/"}]}},"jetpack_featured_media_url":"","jetpack_sharing_enabled":true,"jetpack_shortlink":"https:\/\/wp.me\/pe6lTn-rnQ","_links":{"self":[{"href":"https:\/\/www.visit-ulcinj.com\/blog\/wp-json\/wp\/v2\/posts\/105266"}],"collection":[{"href":"https:\/\/www.visit-ulcinj.com\/blog\/wp-json\/wp\/v2\/posts"}],"about":[{"href":"https:\/\/www.visit-ulcinj.com\/blog\/wp-json\/wp\/v2\/types\/post"}],"author":[{"embeddable":true,"href":"https:\/\/www.visit-ulcinj.com\/blog\/wp-json\/wp\/v2\/users\/1"}],"replies":[{"embeddable":true,"href":"https:\/\/www.visit-ulcinj.com\/blog\/wp-json\/wp\/v2\/comments?post=105266"}],"version-history":[{"count":11,"href":"https:\/\/www.visit-ulcinj.com\/blog\/wp-json\/wp\/v2\/posts\/105266\/revisions"}],"predecessor-version":[{"id":105284,"href":"https:\/\/www.visit-ulcinj.com\/blog\/wp-json\/wp\/v2\/posts\/105266\/revisions\/105284"}],"wp:attachment":[{"href":"https:\/\/www.visit-ulcinj.com\/blog\/wp-json\/wp\/v2\/media?parent=105266"}],"wp:term":[{"taxonomy":"category","embeddable":true,"href":"https:\/\/www.visit-ulcinj.com\/blog\/wp-json\/wp\/v2\/categories?post=105266"},{"taxonomy":"post_tag","embeddable":true,"href":"https:\/\/www.visit-ulcinj.com\/blog\/wp-json\/wp\/v2\/tags?post=105266"}],"curies":[{"name":"wp","href":"https:\/\/api.w.org\/{rel}","templated":true}]}}