{"id":105276,"date":"2017-05-29T17:32:36","date_gmt":"2017-05-29T16:32:36","guid":{"rendered":"http:\/\/www.visit-ulcinj.com\/blog\/?p=105276"},"modified":"2017-05-29T17:32:36","modified_gmt":"2017-05-29T16:32:36","slug":"qyteti-ulqinit-vizitohet-nga-vizitore-te-shumte-nga-e-tere-bota","status":"publish","type":"post","link":"https:\/\/www.visit-ulcinj.com\/blog\/2017\/05\/29\/qyteti-ulqinit-vizitohet-nga-vizitore-te-shumte-nga-e-tere-bota\/","title":{"rendered":"Qyteti i Ulqinit vizitohet nga vizitor\u00eb t\u00eb shumt\u00eb nga e t\u00ebr\u00eb bota"},"content":{"rendered":"<p><strong><a href=\"http:\/\/www.visit-ulcinj.com\/blog\/wp-content\/uploads\/2017\/04\/ulqini-1.jpg\"><img loading=\"lazy\" class=\"alignleft wp-image-104719\" src=\"http:\/\/www.visit-ulcinj.com\/blog\/wp-content\/uploads\/2017\/04\/ulqini-1.jpg\" alt=\"\" width=\"508\" height=\"327\" srcset=\"https:\/\/www.visit-ulcinj.com\/blog\/wp-content\/uploads\/2017\/04\/ulqini-1.jpg 575w, https:\/\/www.visit-ulcinj.com\/blog\/wp-content\/uploads\/2017\/04\/ulqini-1-300x193.jpg 300w\" sizes=\"(max-width: 508px) 100vw, 508px\" \/><\/a>N\u00eb Mal t\u00eb Zi p\u00ebr momentin po pushojn\u00eb rreth 24.000 turist\u00eb, \u00e7ka p\u00ebrb\u00ebn 13% m\u00eb shum\u00eb se vitin e kaluar n\u00eb t\u00eb nj\u00ebjt\u00ebn periudh\u00eb.<\/strong><\/p>\n<p>Sipas t\u00eb dh\u00ebnave t\u00eb organizatave turistike t\u00eb qyteteve, m\u00eb s\u00eb shumti vizitor\u00eb jan\u00eb regjistruar n\u00eb Budva me 8500\u00a0 dhe Herceg Novi me 4400, t\u00eb ndjekur nga Ulqini me 3000 dhe qytetet e tjera bregdetare me nj\u00eb num\u00ebr m\u00eb t\u00eb vog\u00ebl, raporton TV Teuta.<\/p>\n<p>Nga Organizata turistike nacionale thon\u00eb se k\u00ebt\u00eb vit presin rritje t\u00eb konsiderueshme t\u00eb turist\u00ebve nga Gjermania , Britania e Madhe dhe Franca, por edhe nga Kina , Izraeli apo Japonia.<\/p>\n","protected":false},"excerpt":{"rendered":"<p>N\u00eb Mal t\u00eb Zi p\u00ebr momentin po pushojn\u00eb rreth 24.000 turist\u00eb, \u00e7ka p\u00ebrb\u00ebn 13% m\u00eb shum\u00eb se vitin e kaluar n\u00eb t\u00eb nj\u00ebjt\u00ebn periudh\u00eb. Sipas t\u00eb dh\u00ebnave t\u00eb organizatave turistike t\u00eb qyteteve, m\u00eb s\u00eb shumti vizitor\u00eb jan\u00eb regjistruar n\u00eb Budva me 8500\u00a0 dhe Herceg Novi me 4400, t\u00eb ndjekur nga Ulqini me 3000 dhe qytetet [&hellip;]<\/p>\n","protected":false},"author":1,"featured_media":0,"comment_status":"closed","ping_status":"closed","sticky":false,"template":"","format":"standard","meta":{"spay_email":"","jetpack_publicize_message":"","jetpack_is_tweetstorm":false,"jetpack_publicize_feature_enabled":true},"categories":[15],"tags":[],"jetpack_publicize_connections":[],"yoast_head":"<!-- This site is optimized with the Yoast SEO plugin v19.1 - https:\/\/yoast.com\/wordpress\/plugins\/seo\/ -->\n<title>Qyteti i Ulqinit vizitohet nga vizitor\u00eb t\u00eb shumt\u00eb nga e t\u00ebr\u00eb bota - Lajme nga Ulqini<\/title>\n<meta name=\"description\" content=\"N\u00eb Mal t\u00eb Zi p\u00ebr momentin po pushojn\u00eb rreth 24.000 turist\u00eb, \u00e7ka p\u00ebrb\u00ebn 13% m\u00eb shum\u00eb se vitin e kaluar n\u00eb t\u00eb nj\u00ebjt\u00ebn periudh\u00eb. Sipas t\u00eb dh\u00ebnave t\u00eb\" \/>\n<meta name=\"robots\" content=\"index, follow, max-snippet:-1, max-image-preview:large, max-video-preview:-1\" \/>\n<link rel=\"canonical\" href=\"https:\/\/www.visit-ulcinj.com\/blog\/2017\/05\/29\/qyteti-ulqinit-vizitohet-nga-vizitore-te-shumte-nga-e-tere-bota\/\" \/>\n<meta property=\"og:locale\" content=\"en_US\" \/>\n<meta property=\"og:type\" content=\"article\" \/>\n<meta property=\"og:title\" content=\"Qyteti i Ulqinit vizitohet nga vizitor\u00eb t\u00eb shumt\u00eb nga e t\u00ebr\u00eb bota - Lajme nga Ulqini\" \/>\n<meta property=\"og:description\" content=\"N\u00eb Mal t\u00eb Zi p\u00ebr momentin po pushojn\u00eb rreth 24.000 turist\u00eb, \u00e7ka p\u00ebrb\u00ebn 13% m\u00eb shum\u00eb se vitin e kaluar n\u00eb t\u00eb nj\u00ebjt\u00ebn periudh\u00eb. Sipas t\u00eb dh\u00ebnave t\u00eb\" \/>\n<meta property=\"og:url\" content=\"https:\/\/www.visit-ulcinj.com\/blog\/2017\/05\/29\/qyteti-ulqinit-vizitohet-nga-vizitore-te-shumte-nga-e-tere-bota\/\" \/>\n<meta property=\"og:site_name\" content=\"Lajme nga Ulqini\" \/>\n<meta property=\"article:published_time\" content=\"2017-05-29T16:32:36+00:00\" \/>\n<meta property=\"og:image\" content=\"http:\/\/www.visit-ulcinj.com\/blog\/wp-content\/uploads\/2017\/04\/ulqini-1.jpg\" \/>\n<meta name=\"twitter:label1\" content=\"Written by\" \/>\n\t<meta name=\"twitter:data1\" content=\"ulqini\" \/>\n\t<meta name=\"twitter:label2\" content=\"Est. reading time\" \/>\n\t<meta name=\"twitter:data2\" content=\"1 minute\" \/>\n<script type=\"application\/ld+json\" class=\"yoast-schema-graph\">{\"@context\":\"https:\/\/schema.org\",\"@graph\":[{\"@type\":\"WebSite\",\"@id\":\"https:\/\/www.visit-ulcinj.com\/blog\/#website\",\"url\":\"https:\/\/www.visit-ulcinj.com\/blog\/\",\"name\":\"Lajme nga Ulqini\",\"description\":\"Lajme,Vijesti,Ulqini,Ulqin,Crna Gora,Mali i Zi\",\"potentialAction\":[{\"@type\":\"SearchAction\",\"target\":{\"@type\":\"EntryPoint\",\"urlTemplate\":\"https:\/\/www.visit-ulcinj.com\/blog\/?s={search_term_string}\"},\"query-input\":\"required name=search_term_string\"}],\"inLanguage\":\"en-US\"},{\"@type\":\"ImageObject\",\"inLanguage\":\"en-US\",\"@id\":\"https:\/\/www.visit-ulcinj.com\/blog\/2017\/05\/29\/qyteti-ulqinit-vizitohet-nga-vizitore-te-shumte-nga-e-tere-bota\/#primaryimage\",\"url\":\"https:\/\/www.visit-ulcinj.com\/blog\/wp-content\/uploads\/2017\/04\/ulqini-1.jpg\",\"contentUrl\":\"https:\/\/www.visit-ulcinj.com\/blog\/wp-content\/uploads\/2017\/04\/ulqini-1.jpg\",\"width\":575,\"height\":370},{\"@type\":\"WebPage\",\"@id\":\"https:\/\/www.visit-ulcinj.com\/blog\/2017\/05\/29\/qyteti-ulqinit-vizitohet-nga-vizitore-te-shumte-nga-e-tere-bota\/#webpage\",\"url\":\"https:\/\/www.visit-ulcinj.com\/blog\/2017\/05\/29\/qyteti-ulqinit-vizitohet-nga-vizitore-te-shumte-nga-e-tere-bota\/\",\"name\":\"Qyteti i Ulqinit vizitohet nga vizitor\u00eb t\u00eb shumt\u00eb nga e t\u00ebr\u00eb bota - Lajme nga Ulqini\",\"isPartOf\":{\"@id\":\"https:\/\/www.visit-ulcinj.com\/blog\/#website\"},\"primaryImageOfPage\":{\"@id\":\"https:\/\/www.visit-ulcinj.com\/blog\/2017\/05\/29\/qyteti-ulqinit-vizitohet-nga-vizitore-te-shumte-nga-e-tere-bota\/#primaryimage\"},\"datePublished\":\"2017-05-29T16:32:36+00:00\",\"dateModified\":\"2017-05-29T16:32:36+00:00\",\"author\":{\"@id\":\"https:\/\/www.visit-ulcinj.com\/blog\/#\/schema\/person\/dcab619c614d3038751c63bc2aadc06d\"},\"description\":\"N\u00eb Mal t\u00eb Zi p\u00ebr momentin po pushojn\u00eb rreth 24.000 turist\u00eb, \u00e7ka p\u00ebrb\u00ebn 13% m\u00eb shum\u00eb se vitin e kaluar n\u00eb t\u00eb nj\u00ebjt\u00ebn periudh\u00eb. Sipas t\u00eb dh\u00ebnave t\u00eb\",\"breadcrumb\":{\"@id\":\"https:\/\/www.visit-ulcinj.com\/blog\/2017\/05\/29\/qyteti-ulqinit-vizitohet-nga-vizitore-te-shumte-nga-e-tere-bota\/#breadcrumb\"},\"inLanguage\":\"en-US\",\"potentialAction\":[{\"@type\":\"ReadAction\",\"target\":[\"https:\/\/www.visit-ulcinj.com\/blog\/2017\/05\/29\/qyteti-ulqinit-vizitohet-nga-vizitore-te-shumte-nga-e-tere-bota\/\"]}]},{\"@type\":\"BreadcrumbList\",\"@id\":\"https:\/\/www.visit-ulcinj.com\/blog\/2017\/05\/29\/qyteti-ulqinit-vizitohet-nga-vizitore-te-shumte-nga-e-tere-bota\/#breadcrumb\",\"itemListElement\":[{\"@type\":\"ListItem\",\"position\":1,\"name\":\"Qyteti i Ulqinit vizitohet nga vizitor\u00eb t\u00eb shumt\u00eb nga e t\u00ebr\u00eb bota\"}]},{\"@type\":\"Person\",\"@id\":\"https:\/\/www.visit-ulcinj.com\/blog\/#\/schema\/person\/dcab619c614d3038751c63bc2aadc06d\",\"name\":\"ulqini\",\"sameAs\":[\"http:\/\/www.visit-ulcinj.com\"],\"url\":\"https:\/\/www.visit-ulcinj.com\/blog\/author\/admin\/\"}]}<\/script>\n<!-- \/ Yoast SEO plugin. -->","yoast_head_json":{"title":"Qyteti i Ulqinit vizitohet nga vizitor\u00eb t\u00eb shumt\u00eb nga e t\u00ebr\u00eb bota - Lajme nga Ulqini","description":"N\u00eb Mal t\u00eb Zi p\u00ebr momentin po pushojn\u00eb rreth 24.000 turist\u00eb, \u00e7ka p\u00ebrb\u00ebn 13% m\u00eb shum\u00eb se vitin e kaluar n\u00eb t\u00eb nj\u00ebjt\u00ebn periudh\u00eb. Sipas t\u00eb dh\u00ebnave t\u00eb","robots":{"index":"index","follow":"follow","max-snippet":"max-snippet:-1","max-image-preview":"max-image-preview:large","max-video-preview":"max-video-preview:-1"},"canonical":"https:\/\/www.visit-ulcinj.com\/blog\/2017\/05\/29\/qyteti-ulqinit-vizitohet-nga-vizitore-te-shumte-nga-e-tere-bota\/","og_locale":"en_US","og_type":"article","og_title":"Qyteti i Ulqinit vizitohet nga vizitor\u00eb t\u00eb shumt\u00eb nga e t\u00ebr\u00eb bota - Lajme nga Ulqini","og_description":"N\u00eb Mal t\u00eb Zi p\u00ebr momentin po pushojn\u00eb rreth 24.000 turist\u00eb, \u00e7ka p\u00ebrb\u00ebn 13% m\u00eb shum\u00eb se vitin e kaluar n\u00eb t\u00eb nj\u00ebjt\u00ebn periudh\u00eb. Sipas t\u00eb dh\u00ebnave t\u00eb","og_url":"https:\/\/www.visit-ulcinj.com\/blog\/2017\/05\/29\/qyteti-ulqinit-vizitohet-nga-vizitore-te-shumte-nga-e-tere-bota\/","og_site_name":"Lajme nga Ulqini","article_published_time":"2017-05-29T16:32:36+00:00","og_image":[{"url":"http:\/\/www.visit-ulcinj.com\/blog\/wp-content\/uploads\/2017\/04\/ulqini-1.jpg"}],"twitter_misc":{"Written by":"ulqini","Est. reading time":"1 minute"},"schema":{"@context":"https:\/\/schema.org","@graph":[{"@type":"WebSite","@id":"https:\/\/www.visit-ulcinj.com\/blog\/#website","url":"https:\/\/www.visit-ulcinj.com\/blog\/","name":"Lajme nga Ulqini","description":"Lajme,Vijesti,Ulqini,Ulqin,Crna Gora,Mali i Zi","potentialAction":[{"@type":"SearchAction","target":{"@type":"EntryPoint","urlTemplate":"https:\/\/www.visit-ulcinj.com\/blog\/?s={search_term_string}"},"query-input":"required name=search_term_string"}],"inLanguage":"en-US"},{"@type":"ImageObject","inLanguage":"en-US","@id":"https:\/\/www.visit-ulcinj.com\/blog\/2017\/05\/29\/qyteti-ulqinit-vizitohet-nga-vizitore-te-shumte-nga-e-tere-bota\/#primaryimage","url":"https:\/\/www.visit-ulcinj.com\/blog\/wp-content\/uploads\/2017\/04\/ulqini-1.jpg","contentUrl":"https:\/\/www.visit-ulcinj.com\/blog\/wp-content\/uploads\/2017\/04\/ulqini-1.jpg","width":575,"height":370},{"@type":"WebPage","@id":"https:\/\/www.visit-ulcinj.com\/blog\/2017\/05\/29\/qyteti-ulqinit-vizitohet-nga-vizitore-te-shumte-nga-e-tere-bota\/#webpage","url":"https:\/\/www.visit-ulcinj.com\/blog\/2017\/05\/29\/qyteti-ulqinit-vizitohet-nga-vizitore-te-shumte-nga-e-tere-bota\/","name":"Qyteti i Ulqinit vizitohet nga vizitor\u00eb t\u00eb shumt\u00eb nga e t\u00ebr\u00eb bota - Lajme nga Ulqini","isPartOf":{"@id":"https:\/\/www.visit-ulcinj.com\/blog\/#website"},"primaryImageOfPage":{"@id":"https:\/\/www.visit-ulcinj.com\/blog\/2017\/05\/29\/qyteti-ulqinit-vizitohet-nga-vizitore-te-shumte-nga-e-tere-bota\/#primaryimage"},"datePublished":"2017-05-29T16:32:36+00:00","dateModified":"2017-05-29T16:32:36+00:00","author":{"@id":"https:\/\/www.visit-ulcinj.com\/blog\/#\/schema\/person\/dcab619c614d3038751c63bc2aadc06d"},"description":"N\u00eb Mal t\u00eb Zi p\u00ebr momentin po pushojn\u00eb rreth 24.000 turist\u00eb, \u00e7ka p\u00ebrb\u00ebn 13% m\u00eb shum\u00eb se vitin e kaluar n\u00eb t\u00eb nj\u00ebjt\u00ebn periudh\u00eb. Sipas t\u00eb dh\u00ebnave t\u00eb","breadcrumb":{"@id":"https:\/\/www.visit-ulcinj.com\/blog\/2017\/05\/29\/qyteti-ulqinit-vizitohet-nga-vizitore-te-shumte-nga-e-tere-bota\/#breadcrumb"},"inLanguage":"en-US","potentialAction":[{"@type":"ReadAction","target":["https:\/\/www.visit-ulcinj.com\/blog\/2017\/05\/29\/qyteti-ulqinit-vizitohet-nga-vizitore-te-shumte-nga-e-tere-bota\/"]}]},{"@type":"BreadcrumbList","@id":"https:\/\/www.visit-ulcinj.com\/blog\/2017\/05\/29\/qyteti-ulqinit-vizitohet-nga-vizitore-te-shumte-nga-e-tere-bota\/#breadcrumb","itemListElement":[{"@type":"ListItem","position":1,"name":"Qyteti i Ulqinit vizitohet nga vizitor\u00eb t\u00eb shumt\u00eb nga e t\u00ebr\u00eb bota"}]},{"@type":"Person","@id":"https:\/\/www.visit-ulcinj.com\/blog\/#\/schema\/person\/dcab619c614d3038751c63bc2aadc06d","name":"ulqini","sameAs":["http:\/\/www.visit-ulcinj.com"],"url":"https:\/\/www.visit-ulcinj.com\/blog\/author\/admin\/"}]}},"jetpack_featured_media_url":"","jetpack_sharing_enabled":true,"jetpack_shortlink":"https:\/\/wp.me\/pe6lTn-ro0","_links":{"self":[{"href":"https:\/\/www.visit-ulcinj.com\/blog\/wp-json\/wp\/v2\/posts\/105276"}],"collection":[{"href":"https:\/\/www.visit-ulcinj.com\/blog\/wp-json\/wp\/v2\/posts"}],"about":[{"href":"https:\/\/www.visit-ulcinj.com\/blog\/wp-json\/wp\/v2\/types\/post"}],"author":[{"embeddable":true,"href":"https:\/\/www.visit-ulcinj.com\/blog\/wp-json\/wp\/v2\/users\/1"}],"replies":[{"embeddable":true,"href":"https:\/\/www.visit-ulcinj.com\/blog\/wp-json\/wp\/v2\/comments?post=105276"}],"version-history":[{"count":1,"href":"https:\/\/www.visit-ulcinj.com\/blog\/wp-json\/wp\/v2\/posts\/105276\/revisions"}],"predecessor-version":[{"id":105277,"href":"https:\/\/www.visit-ulcinj.com\/blog\/wp-json\/wp\/v2\/posts\/105276\/revisions\/105277"}],"wp:attachment":[{"href":"https:\/\/www.visit-ulcinj.com\/blog\/wp-json\/wp\/v2\/media?parent=105276"}],"wp:term":[{"taxonomy":"category","embeddable":true,"href":"https:\/\/www.visit-ulcinj.com\/blog\/wp-json\/wp\/v2\/categories?post=105276"},{"taxonomy":"post_tag","embeddable":true,"href":"https:\/\/www.visit-ulcinj.com\/blog\/wp-json\/wp\/v2\/tags?post=105276"}],"curies":[{"name":"wp","href":"https:\/\/api.w.org\/{rel}","templated":true}]}}