{"id":105303,"date":"2017-05-30T13:40:29","date_gmt":"2017-05-30T12:40:29","guid":{"rendered":"http:\/\/www.visit-ulcinj.com\/blog\/?p=105303"},"modified":"2017-05-30T13:40:56","modified_gmt":"2017-05-30T12:40:56","slug":"ojq-horizonti-i-ri-shoqeria-civile-per-qeverisje-te-mire","status":"publish","type":"post","link":"https:\/\/www.visit-ulcinj.com\/blog\/2017\/05\/30\/ojq-horizonti-i-ri-shoqeria-civile-per-qeverisje-te-mire\/","title":{"rendered":"OJQ \u201cHorizonti i Ri\u201d: Shoq\u00ebria Civile p\u00ebr Qeverisje t\u00eb Mir\u00eb"},"content":{"rendered":"<p><a href=\"http:\/\/www.visit-ulcinj.com\/blog\/wp-content\/uploads\/2017\/05\/OJQ-Horizonti-i-Ri-Shoq\u00ebria-Civile-p\u00ebr-Qeverisje-t\u00eb-Mir\u00eb-Ulqin.jpg\"><img loading=\"lazy\" class=\"alignleft wp-image-105306\" src=\"http:\/\/www.visit-ulcinj.com\/blog\/wp-content\/uploads\/2017\/05\/OJQ-Horizonti-i-Ri-Shoq\u00ebria-Civile-p\u00ebr-Qeverisje-t\u00eb-Mir\u00eb-Ulqin.jpg\" alt=\"\" width=\"508\" height=\"354\" srcset=\"https:\/\/www.visit-ulcinj.com\/blog\/wp-content\/uploads\/2017\/05\/OJQ-Horizonti-i-Ri-Shoq\u00ebria-Civile-p\u00ebr-Qeverisje-t\u00eb-Mir\u00eb-Ulqin.jpg 960w, https:\/\/www.visit-ulcinj.com\/blog\/wp-content\/uploads\/2017\/05\/OJQ-Horizonti-i-Ri-Shoq\u00ebria-Civile-p\u00ebr-Qeverisje-t\u00eb-Mir\u00eb-Ulqin-300x209.jpg 300w, https:\/\/www.visit-ulcinj.com\/blog\/wp-content\/uploads\/2017\/05\/OJQ-Horizonti-i-Ri-Shoq\u00ebria-Civile-p\u00ebr-Qeverisje-t\u00eb-Mir\u00eb-Ulqin-768x535.jpg 768w\" sizes=\"(max-width: 508px) 100vw, 508px\" \/><\/a>Qeveria e Malit t\u00eb Zi n\u00eb korrik t\u00eb vitit 2016 miratoi Strategjin\u00eb e Reform\u00ebs n\u00eb Administrat\u00ebn Publike deri n\u00eb vitin 2020. Kjo strategji afatgjate synon avancimin e Administrat\u00ebs Publike, e cila duhet t\u00eb jet\u00eb n\u00eb sh\u00ebrbim t\u00eb qytetar\u00ebve dhe t\u00eb g\u00ebzoj\u00eb besimin e tyre. P\u00ebr nj\u00eb informim sa m\u00eb t\u00eb mir\u00eb t\u00eb publikut p\u00ebr k\u00ebt\u00eb dokument, n\u00eb kuad\u00ebr t\u00eb projektit \u2018Shoq\u00ebria Civile p\u00ebr Qeverisje t\u00eb Mir\u00eb: Sh\u00ebrbim dhe Merit\u00eb\u2019, organizohen aktivitete t\u00eb shumta informuese n\u00eb qytete t\u00eb ndryshme t\u00eb Malit t\u00eb Zi.<\/p>\n<p>&nbsp;<\/p>\n<p>Sot n\u00eb Ulqin, OJQ \u201cHorizonti i Ri\u201d organizoi aktivitet informues n\u00eb hyrje t\u00eb nd\u00ebrtes\u00ebs s\u00eb Komun\u00ebs, n\u00eb t\u00eb cilin u promovua publikimi \u201cADMINISTRATA PUBLIKE DERI N\u00cb VITIN 2020\u201d. Strategjia e Reform\u00ebs s\u00eb Administrat\u00ebs publike i referohet administrat\u00ebs shtet\u00ebrore, vet\u00ebqeverisjes lokale si dhe organizatave t\u00eb autoritetit publik. Ky dokument p\u00ebrfshin\u00eb shtat\u00eb fusha dhe ato jan\u00eb:<\/p>\n<p>&nbsp;<\/p>\n<p>1. Organizimi dhe p\u00ebrgjegj\u00ebsia n\u00eb Sistemin e Administrat\u00ebs Publike;<\/p>\n<p>&nbsp;<\/p>\n<p>2. Ofrimi i sh\u00ebrbimeve;<\/p>\n<p>&nbsp;<\/p>\n<p>3. Sistemi i sh\u00ebrbimit publik dhe menaxhimi i burimeve njer\u00ebzore<\/p>\n<p>&nbsp;<\/p>\n<p>4. Zhvillimi dhe koordinimi i politikave publike<\/p>\n<p>&nbsp;<\/p>\n<p>5. Menaxhimi i financave publike<\/p>\n<p>&nbsp;<\/p>\n<p>6. \u00c7\u00ebshtjet e ve\u00e7anta t\u00eb sistemit te vet\u00ebqeverisjes lokale<\/p>\n<p>&nbsp;<\/p>\n<p>7. Strategjia e menaxhimit t\u00eb procesit t\u00eb reform\u00ebs s\u00eb administrat\u00ebs publike dhe q\u00ebndrueshm\u00ebria financiare Projekti financohet nga Bashkimi Evropian dhe implementohet nga Instituti Alternativa, Bonum, Natura, Horizonti i Ri dhe Qendra p\u00ebr Gazetari Hulumtuese.<\/p>\n\n\t\t<style type=\"text\/css\">\n\t\t\t#gallery-1 {\n\t\t\t\tmargin: auto;\n\t\t\t}\n\t\t\t#gallery-1 .gallery-item {\n\t\t\t\tfloat: left;\n\t\t\t\tmargin-top: 10px;\n\t\t\t\ttext-align: center;\n\t\t\t\twidth: 33%;\n\t\t\t}\n\t\t\t#gallery-1 img {\n\t\t\t\tborder: 2px solid #cfcfcf;\n\t\t\t}\n\t\t\t#gallery-1 .gallery-caption {\n\t\t\t\tmargin-left: 0;\n\t\t\t}\n\t\t\t\/* see gallery_shortcode() in wp-includes\/media.php *\/\n\t\t<\/style>\n\t\t<div id='gallery-1' class='gallery galleryid-105303 gallery-columns-3 gallery-size-thumbnail'><dl class='gallery-item'>\n\t\t\t<dt class='gallery-icon landscape'>\n\t\t\t\t<a href='https:\/\/www.visit-ulcinj.com\/blog\/2017\/05\/30\/ojq-horizonti-i-ri-shoqeria-civile-per-qeverisje-te-mire\/ojq-horizonti-i-ri-shoqeria-civile-per-qeverisje-te-mire-ulqin-1\/'><img width=\"150\" height=\"150\" src=\"https:\/\/www.visit-ulcinj.com\/blog\/wp-content\/uploads\/2017\/05\/OJQ-Horizonti-i-Ri-Shoq\u00ebria-Civile-p\u00ebr-Qeverisje-t\u00eb-Mir\u00eb-Ulqin-1-150x150.jpg\" class=\"attachment-thumbnail size-thumbnail\" alt=\"\" loading=\"lazy\" \/><\/a>\n\t\t\t<\/dt><\/dl><dl class='gallery-item'>\n\t\t\t<dt class='gallery-icon landscape'>\n\t\t\t\t<a href='https:\/\/www.visit-ulcinj.com\/blog\/2017\/05\/30\/ojq-horizonti-i-ri-shoqeria-civile-per-qeverisje-te-mire\/ojq-horizonti-i-ri-shoqeria-civile-per-qeverisje-te-mire-ulqin-2\/'><img width=\"150\" height=\"150\" src=\"https:\/\/www.visit-ulcinj.com\/blog\/wp-content\/uploads\/2017\/05\/OJQ-Horizonti-i-Ri-Shoq\u00ebria-Civile-p\u00ebr-Qeverisje-t\u00eb-Mir\u00eb-Ulqin-2-150x150.jpg\" class=\"attachment-thumbnail size-thumbnail\" alt=\"\" loading=\"lazy\" \/><\/a>\n\t\t\t<\/dt><\/dl><dl class='gallery-item'>\n\t\t\t<dt class='gallery-icon landscape'>\n\t\t\t\t<a href='https:\/\/www.visit-ulcinj.com\/blog\/2017\/05\/30\/ojq-horizonti-i-ri-shoqeria-civile-per-qeverisje-te-mire\/ojq-horizonti-i-ri-shoqeria-civile-per-qeverisje-te-mire-ulqin-3\/'><img width=\"150\" height=\"150\" src=\"https:\/\/www.visit-ulcinj.com\/blog\/wp-content\/uploads\/2017\/05\/OJQ-Horizonti-i-Ri-Shoq\u00ebria-Civile-p\u00ebr-Qeverisje-t\u00eb-Mir\u00eb-Ulqin-3-150x150.jpg\" class=\"attachment-thumbnail size-thumbnail\" alt=\"\" loading=\"lazy\" \/><\/a>\n\t\t\t<\/dt><\/dl><br style=\"clear: both\" \/>\n\t\t<\/div>\n\n","protected":false},"excerpt":{"rendered":"<p>Qeveria e Malit t\u00eb Zi n\u00eb korrik t\u00eb vitit 2016 miratoi Strategjin\u00eb e Reform\u00ebs n\u00eb Administrat\u00ebn Publike deri n\u00eb vitin 2020. Kjo strategji afatgjate synon avancimin e Administrat\u00ebs Publike, e cila duhet t\u00eb jet\u00eb n\u00eb sh\u00ebrbim t\u00eb qytetar\u00ebve dhe t\u00eb g\u00ebzoj\u00eb besimin e tyre. P\u00ebr nj\u00eb informim sa m\u00eb t\u00eb mir\u00eb t\u00eb publikut p\u00ebr k\u00ebt\u00eb [&hellip;]<\/p>\n","protected":false},"author":1,"featured_media":0,"comment_status":"closed","ping_status":"closed","sticky":false,"template":"","format":"standard","meta":{"spay_email":"","jetpack_publicize_message":"","jetpack_is_tweetstorm":false,"jetpack_publicize_feature_enabled":true},"categories":[11],"tags":[],"jetpack_publicize_connections":[],"yoast_head":"<!-- This site is optimized with the Yoast SEO plugin v19.1 - https:\/\/yoast.com\/wordpress\/plugins\/seo\/ -->\n<title>OJQ \u201cHorizonti i Ri\u201d: Shoq\u00ebria Civile p\u00ebr Qeverisje t\u00eb Mir\u00eb - Lajme nga Ulqini<\/title>\n<meta name=\"description\" content=\"Qeveria e Malit t\u00eb Zi n\u00eb korrik t\u00eb vitit 2016 miratoi Strategjin\u00eb e Reform\u00ebs n\u00eb Administrat\u00ebn Publike deri n\u00eb vitin 2020. Kjo strategji afatgjate synon\" \/>\n<meta name=\"robots\" content=\"index, follow, max-snippet:-1, max-image-preview:large, max-video-preview:-1\" \/>\n<link rel=\"canonical\" href=\"https:\/\/www.visit-ulcinj.com\/blog\/2017\/05\/30\/ojq-horizonti-i-ri-shoqeria-civile-per-qeverisje-te-mire\/\" \/>\n<meta property=\"og:locale\" content=\"en_US\" \/>\n<meta property=\"og:type\" content=\"article\" \/>\n<meta property=\"og:title\" content=\"OJQ \u201cHorizonti i Ri\u201d: Shoq\u00ebria Civile p\u00ebr Qeverisje t\u00eb Mir\u00eb - Lajme nga Ulqini\" \/>\n<meta property=\"og:description\" content=\"Qeveria e Malit t\u00eb Zi n\u00eb korrik t\u00eb vitit 2016 miratoi Strategjin\u00eb e Reform\u00ebs n\u00eb Administrat\u00ebn Publike deri n\u00eb vitin 2020. Kjo strategji afatgjate synon\" \/>\n<meta property=\"og:url\" content=\"https:\/\/www.visit-ulcinj.com\/blog\/2017\/05\/30\/ojq-horizonti-i-ri-shoqeria-civile-per-qeverisje-te-mire\/\" \/>\n<meta property=\"og:site_name\" content=\"Lajme nga Ulqini\" \/>\n<meta property=\"article:published_time\" content=\"2017-05-30T12:40:29+00:00\" \/>\n<meta property=\"article:modified_time\" content=\"2017-05-30T12:40:56+00:00\" \/>\n<meta property=\"og:image\" content=\"https:\/\/www.visit-ulcinj.com\/blog\/wp-content\/uploads\/2017\/05\/OJQ-Horizonti-i-Ri-Shoq\u00ebria-Civile-p\u00ebr-Qeverisje-t\u00eb-Mir\u00eb-Ulqin-1-150x150.jpg\" \/>\n<meta name=\"twitter:label1\" content=\"Written by\" \/>\n\t<meta name=\"twitter:data1\" content=\"ulqini\" \/>\n\t<meta name=\"twitter:label2\" content=\"Est. reading time\" \/>\n\t<meta name=\"twitter:data2\" content=\"1 minute\" \/>\n<script type=\"application\/ld+json\" class=\"yoast-schema-graph\">{\"@context\":\"https:\/\/schema.org\",\"@graph\":[{\"@type\":\"WebSite\",\"@id\":\"https:\/\/www.visit-ulcinj.com\/blog\/#website\",\"url\":\"https:\/\/www.visit-ulcinj.com\/blog\/\",\"name\":\"Lajme nga Ulqini\",\"description\":\"Lajme,Vijesti,Ulqini,Ulqin,Crna Gora,Mali i Zi\",\"potentialAction\":[{\"@type\":\"SearchAction\",\"target\":{\"@type\":\"EntryPoint\",\"urlTemplate\":\"https:\/\/www.visit-ulcinj.com\/blog\/?s={search_term_string}\"},\"query-input\":\"required name=search_term_string\"}],\"inLanguage\":\"en-US\"},{\"@type\":\"WebPage\",\"@id\":\"https:\/\/www.visit-ulcinj.com\/blog\/2017\/05\/30\/ojq-horizonti-i-ri-shoqeria-civile-per-qeverisje-te-mire\/#webpage\",\"url\":\"https:\/\/www.visit-ulcinj.com\/blog\/2017\/05\/30\/ojq-horizonti-i-ri-shoqeria-civile-per-qeverisje-te-mire\/\",\"name\":\"OJQ \u201cHorizonti i Ri\u201d: Shoq\u00ebria Civile p\u00ebr Qeverisje t\u00eb Mir\u00eb - Lajme nga Ulqini\",\"isPartOf\":{\"@id\":\"https:\/\/www.visit-ulcinj.com\/blog\/#website\"},\"datePublished\":\"2017-05-30T12:40:29+00:00\",\"dateModified\":\"2017-05-30T12:40:56+00:00\",\"author\":{\"@id\":\"https:\/\/www.visit-ulcinj.com\/blog\/#\/schema\/person\/dcab619c614d3038751c63bc2aadc06d\"},\"description\":\"Qeveria e Malit t\u00eb Zi n\u00eb korrik t\u00eb vitit 2016 miratoi Strategjin\u00eb e Reform\u00ebs n\u00eb Administrat\u00ebn Publike deri n\u00eb vitin 2020. Kjo strategji afatgjate synon\",\"breadcrumb\":{\"@id\":\"https:\/\/www.visit-ulcinj.com\/blog\/2017\/05\/30\/ojq-horizonti-i-ri-shoqeria-civile-per-qeverisje-te-mire\/#breadcrumb\"},\"inLanguage\":\"en-US\",\"potentialAction\":[{\"@type\":\"ReadAction\",\"target\":[\"https:\/\/www.visit-ulcinj.com\/blog\/2017\/05\/30\/ojq-horizonti-i-ri-shoqeria-civile-per-qeverisje-te-mire\/\"]}]},{\"@type\":\"BreadcrumbList\",\"@id\":\"https:\/\/www.visit-ulcinj.com\/blog\/2017\/05\/30\/ojq-horizonti-i-ri-shoqeria-civile-per-qeverisje-te-mire\/#breadcrumb\",\"itemListElement\":[{\"@type\":\"ListItem\",\"position\":1,\"name\":\"OJQ \u201cHorizonti i Ri\u201d: Shoq\u00ebria Civile p\u00ebr Qeverisje t\u00eb Mir\u00eb\"}]},{\"@type\":\"Person\",\"@id\":\"https:\/\/www.visit-ulcinj.com\/blog\/#\/schema\/person\/dcab619c614d3038751c63bc2aadc06d\",\"name\":\"ulqini\",\"sameAs\":[\"http:\/\/www.visit-ulcinj.com\"],\"url\":\"https:\/\/www.visit-ulcinj.com\/blog\/author\/admin\/\"}]}<\/script>\n<!-- \/ Yoast SEO plugin. -->","yoast_head_json":{"title":"OJQ \u201cHorizonti i Ri\u201d: Shoq\u00ebria Civile p\u00ebr Qeverisje t\u00eb Mir\u00eb - Lajme nga Ulqini","description":"Qeveria e Malit t\u00eb Zi n\u00eb korrik t\u00eb vitit 2016 miratoi Strategjin\u00eb e Reform\u00ebs n\u00eb Administrat\u00ebn Publike deri n\u00eb vitin 2020. Kjo strategji afatgjate synon","robots":{"index":"index","follow":"follow","max-snippet":"max-snippet:-1","max-image-preview":"max-image-preview:large","max-video-preview":"max-video-preview:-1"},"canonical":"https:\/\/www.visit-ulcinj.com\/blog\/2017\/05\/30\/ojq-horizonti-i-ri-shoqeria-civile-per-qeverisje-te-mire\/","og_locale":"en_US","og_type":"article","og_title":"OJQ \u201cHorizonti i Ri\u201d: Shoq\u00ebria Civile p\u00ebr Qeverisje t\u00eb Mir\u00eb - Lajme nga Ulqini","og_description":"Qeveria e Malit t\u00eb Zi n\u00eb korrik t\u00eb vitit 2016 miratoi Strategjin\u00eb e Reform\u00ebs n\u00eb Administrat\u00ebn Publike deri n\u00eb vitin 2020. Kjo strategji afatgjate synon","og_url":"https:\/\/www.visit-ulcinj.com\/blog\/2017\/05\/30\/ojq-horizonti-i-ri-shoqeria-civile-per-qeverisje-te-mire\/","og_site_name":"Lajme nga Ulqini","article_published_time":"2017-05-30T12:40:29+00:00","article_modified_time":"2017-05-30T12:40:56+00:00","og_image":[{"url":"https:\/\/www.visit-ulcinj.com\/blog\/wp-content\/uploads\/2017\/05\/OJQ-Horizonti-i-Ri-Shoq\u00ebria-Civile-p\u00ebr-Qeverisje-t\u00eb-Mir\u00eb-Ulqin-1-150x150.jpg"}],"twitter_misc":{"Written by":"ulqini","Est. reading time":"1 minute"},"schema":{"@context":"https:\/\/schema.org","@graph":[{"@type":"WebSite","@id":"https:\/\/www.visit-ulcinj.com\/blog\/#website","url":"https:\/\/www.visit-ulcinj.com\/blog\/","name":"Lajme nga Ulqini","description":"Lajme,Vijesti,Ulqini,Ulqin,Crna Gora,Mali i Zi","potentialAction":[{"@type":"SearchAction","target":{"@type":"EntryPoint","urlTemplate":"https:\/\/www.visit-ulcinj.com\/blog\/?s={search_term_string}"},"query-input":"required name=search_term_string"}],"inLanguage":"en-US"},{"@type":"WebPage","@id":"https:\/\/www.visit-ulcinj.com\/blog\/2017\/05\/30\/ojq-horizonti-i-ri-shoqeria-civile-per-qeverisje-te-mire\/#webpage","url":"https:\/\/www.visit-ulcinj.com\/blog\/2017\/05\/30\/ojq-horizonti-i-ri-shoqeria-civile-per-qeverisje-te-mire\/","name":"OJQ \u201cHorizonti i Ri\u201d: Shoq\u00ebria Civile p\u00ebr Qeverisje t\u00eb Mir\u00eb - Lajme nga Ulqini","isPartOf":{"@id":"https:\/\/www.visit-ulcinj.com\/blog\/#website"},"datePublished":"2017-05-30T12:40:29+00:00","dateModified":"2017-05-30T12:40:56+00:00","author":{"@id":"https:\/\/www.visit-ulcinj.com\/blog\/#\/schema\/person\/dcab619c614d3038751c63bc2aadc06d"},"description":"Qeveria e Malit t\u00eb Zi n\u00eb korrik t\u00eb vitit 2016 miratoi Strategjin\u00eb e Reform\u00ebs n\u00eb Administrat\u00ebn Publike deri n\u00eb vitin 2020. Kjo strategji afatgjate synon","breadcrumb":{"@id":"https:\/\/www.visit-ulcinj.com\/blog\/2017\/05\/30\/ojq-horizonti-i-ri-shoqeria-civile-per-qeverisje-te-mire\/#breadcrumb"},"inLanguage":"en-US","potentialAction":[{"@type":"ReadAction","target":["https:\/\/www.visit-ulcinj.com\/blog\/2017\/05\/30\/ojq-horizonti-i-ri-shoqeria-civile-per-qeverisje-te-mire\/"]}]},{"@type":"BreadcrumbList","@id":"https:\/\/www.visit-ulcinj.com\/blog\/2017\/05\/30\/ojq-horizonti-i-ri-shoqeria-civile-per-qeverisje-te-mire\/#breadcrumb","itemListElement":[{"@type":"ListItem","position":1,"name":"OJQ \u201cHorizonti i Ri\u201d: Shoq\u00ebria Civile p\u00ebr Qeverisje t\u00eb Mir\u00eb"}]},{"@type":"Person","@id":"https:\/\/www.visit-ulcinj.com\/blog\/#\/schema\/person\/dcab619c614d3038751c63bc2aadc06d","name":"ulqini","sameAs":["http:\/\/www.visit-ulcinj.com"],"url":"https:\/\/www.visit-ulcinj.com\/blog\/author\/admin\/"}]}},"jetpack_featured_media_url":"","jetpack_sharing_enabled":true,"jetpack_shortlink":"https:\/\/wp.me\/pe6lTn-ror","_links":{"self":[{"href":"https:\/\/www.visit-ulcinj.com\/blog\/wp-json\/wp\/v2\/posts\/105303"}],"collection":[{"href":"https:\/\/www.visit-ulcinj.com\/blog\/wp-json\/wp\/v2\/posts"}],"about":[{"href":"https:\/\/www.visit-ulcinj.com\/blog\/wp-json\/wp\/v2\/types\/post"}],"author":[{"embeddable":true,"href":"https:\/\/www.visit-ulcinj.com\/blog\/wp-json\/wp\/v2\/users\/1"}],"replies":[{"embeddable":true,"href":"https:\/\/www.visit-ulcinj.com\/blog\/wp-json\/wp\/v2\/comments?post=105303"}],"version-history":[{"count":1,"href":"https:\/\/www.visit-ulcinj.com\/blog\/wp-json\/wp\/v2\/posts\/105303\/revisions"}],"predecessor-version":[{"id":105310,"href":"https:\/\/www.visit-ulcinj.com\/blog\/wp-json\/wp\/v2\/posts\/105303\/revisions\/105310"}],"wp:attachment":[{"href":"https:\/\/www.visit-ulcinj.com\/blog\/wp-json\/wp\/v2\/media?parent=105303"}],"wp:term":[{"taxonomy":"category","embeddable":true,"href":"https:\/\/www.visit-ulcinj.com\/blog\/wp-json\/wp\/v2\/categories?post=105303"},{"taxonomy":"post_tag","embeddable":true,"href":"https:\/\/www.visit-ulcinj.com\/blog\/wp-json\/wp\/v2\/tags?post=105303"}],"curies":[{"name":"wp","href":"https:\/\/api.w.org\/{rel}","templated":true}]}}