{"id":105312,"date":"2017-05-30T14:04:56","date_gmt":"2017-05-30T13:04:56","guid":{"rendered":"http:\/\/www.visit-ulcinj.com\/blog\/?p=105312"},"modified":"2017-05-30T14:04:56","modified_gmt":"2017-05-30T13:04:56","slug":"cungu-ben-thirrje-qytetareve-te-ulqinit-per-perkrahjen-e-ekipit-te-otrantit","status":"publish","type":"post","link":"https:\/\/www.visit-ulcinj.com\/blog\/2017\/05\/30\/cungu-ben-thirrje-qytetareve-te-ulqinit-per-perkrahjen-e-ekipit-te-otrantit\/","title":{"rendered":"Cungu b\u00ebn thirrje qytetar\u00ebve t\u00eb Ulqinit p\u00ebr p\u00ebrkrahjen e ekipit t\u00eb Otrantit"},"content":{"rendered":"<p><a href=\"http:\/\/www.visit-ulcinj.com\/blog\/wp-content\/uploads\/2017\/05\/Cungu-b\u00ebn-thirrje-qytetar\u00ebve-t\u00eb-Ulqinit-p\u00ebr-p\u00ebrkrahjen-e-ekipit-t\u00eb-Otrantit.jpg\"><img loading=\"lazy\" class=\"alignleft wp-image-105313\" src=\"http:\/\/www.visit-ulcinj.com\/blog\/wp-content\/uploads\/2017\/05\/Cungu-b\u00ebn-thirrje-qytetar\u00ebve-t\u00eb-Ulqinit-p\u00ebr-p\u00ebrkrahjen-e-ekipit-t\u00eb-Otrantit.jpg\" alt=\"\" width=\"508\" height=\"381\" srcset=\"https:\/\/www.visit-ulcinj.com\/blog\/wp-content\/uploads\/2017\/05\/Cungu-b\u00ebn-thirrje-qytetar\u00ebve-t\u00eb-Ulqinit-p\u00ebr-p\u00ebrkrahjen-e-ekipit-t\u00eb-Otrantit.jpg 552w, https:\/\/www.visit-ulcinj.com\/blog\/wp-content\/uploads\/2017\/05\/Cungu-b\u00ebn-thirrje-qytetar\u00ebve-t\u00eb-Ulqinit-p\u00ebr-p\u00ebrkrahjen-e-ekipit-t\u00eb-Otrantit-300x225.jpg 300w\" sizes=\"(max-width: 508px) 100vw, 508px\" \/><\/a>Dje kryetari i komunes se ulqinit z. NAZIF CUNGU ka percjellur st\u00ebrvitjet p\u00ebrfundimtare t\u00eb klubit t\u00eb futbollit Otrant-Olympic i cili t\u00eb m\u00ebrkur\u00ebn ne ora 17:30 do t\u00eb luaj me Rudarin prej Plevl\u00ebs.<br \/>\nKjo \u00ebsht\u00eb arritja m\u00eb e madhe ne historin\u00eb e futbollit t\u00eb Komun\u00ebs s\u00eb Ulqinit prandaj ju ftoj t\u00eb gjith\u00ebve q\u00eb ta p\u00ebrcjellim ndeshjen dhe t&#8217;iu japim p\u00ebrkrahjen maksimale djelmoshave tan\u00eb. Le ta mb\u00ebshtesim ekipin ton\u00eb n\u00eb p\u00ebrpjekjen p\u00ebr t\u00eb realizuar \u00ebndrr\u00ebn e futjes n\u00eb lig\u00ebn e par\u00eb t\u00eb Malit t\u00eb Zi, thuhet n\u00eb rrjetin social t\u00eb Facebookut t\u00eb <a id=\"js_h8b\" class=\"_hli\" href=\"https:\/\/www.facebook.com\/sporti.ulqinitii\" data-hovercard=\"\/ajax\/hovercard\/user.php?id=100010341040638\" data-hovercard-prefer-more-content-show=\"1\">Sporti Ulqinit<\/a>.<\/p>\n<p><a href=\"http:\/\/www.visit-ulcinj.com\/blog\/wp-content\/uploads\/2017\/05\/18700133_1651617634867950_7601340602171312241_n.jpg\"><img loading=\"lazy\" class=\"alignleft wp-image-105314\" src=\"http:\/\/www.visit-ulcinj.com\/blog\/wp-content\/uploads\/2017\/05\/18700133_1651617634867950_7601340602171312241_n.jpg\" alt=\"\" width=\"508\" height=\"381\" srcset=\"https:\/\/www.visit-ulcinj.com\/blog\/wp-content\/uploads\/2017\/05\/18700133_1651617634867950_7601340602171312241_n.jpg 960w, https:\/\/www.visit-ulcinj.com\/blog\/wp-content\/uploads\/2017\/05\/18700133_1651617634867950_7601340602171312241_n-300x225.jpg 300w, https:\/\/www.visit-ulcinj.com\/blog\/wp-content\/uploads\/2017\/05\/18700133_1651617634867950_7601340602171312241_n-768x576.jpg 768w\" sizes=\"(max-width: 508px) 100vw, 508px\" \/><\/a><\/p>\n<p>&nbsp;<\/p>\n","protected":false},"excerpt":{"rendered":"<p>Dje kryetari i komunes se ulqinit z. NAZIF CUNGU ka percjellur st\u00ebrvitjet p\u00ebrfundimtare t\u00eb klubit t\u00eb futbollit Otrant-Olympic i cili t\u00eb m\u00ebrkur\u00ebn ne ora 17:30 do t\u00eb luaj me Rudarin prej Plevl\u00ebs. Kjo \u00ebsht\u00eb arritja m\u00eb e madhe ne historin\u00eb e futbollit t\u00eb Komun\u00ebs s\u00eb Ulqinit prandaj ju ftoj t\u00eb gjith\u00ebve q\u00eb ta p\u00ebrcjellim ndeshjen [&hellip;]<\/p>\n","protected":false},"author":1,"featured_media":0,"comment_status":"closed","ping_status":"closed","sticky":false,"template":"","format":"standard","meta":{"spay_email":"","jetpack_publicize_message":"","jetpack_is_tweetstorm":false,"jetpack_publicize_feature_enabled":true},"categories":[3],"tags":[],"jetpack_publicize_connections":[],"yoast_head":"<!-- This site is optimized with the Yoast SEO plugin v19.1 - https:\/\/yoast.com\/wordpress\/plugins\/seo\/ -->\n<title>Cungu b\u00ebn thirrje qytetar\u00ebve t\u00eb Ulqinit p\u00ebr p\u00ebrkrahjen e ekipit t\u00eb Otrantit - Lajme nga Ulqini<\/title>\n<meta name=\"description\" content=\"Dje kryetari i komunes se ulqinit z. NAZIF CUNGU ka percjellur st\u00ebrvitjet p\u00ebrfundimtare t\u00eb klubit t\u00eb futbollit Otrant-Olympic i cili t\u00eb m\u00ebrkur\u00ebn ne ora\" \/>\n<meta name=\"robots\" content=\"index, follow, max-snippet:-1, max-image-preview:large, max-video-preview:-1\" \/>\n<link rel=\"canonical\" href=\"https:\/\/www.visit-ulcinj.com\/blog\/2017\/05\/30\/cungu-ben-thirrje-qytetareve-te-ulqinit-per-perkrahjen-e-ekipit-te-otrantit\/\" \/>\n<meta property=\"og:locale\" content=\"en_US\" \/>\n<meta property=\"og:type\" content=\"article\" \/>\n<meta property=\"og:title\" content=\"Cungu b\u00ebn thirrje qytetar\u00ebve t\u00eb Ulqinit p\u00ebr p\u00ebrkrahjen e ekipit t\u00eb Otrantit - Lajme nga Ulqini\" \/>\n<meta property=\"og:description\" content=\"Dje kryetari i komunes se ulqinit z. NAZIF CUNGU ka percjellur st\u00ebrvitjet p\u00ebrfundimtare t\u00eb klubit t\u00eb futbollit Otrant-Olympic i cili t\u00eb m\u00ebrkur\u00ebn ne ora\" \/>\n<meta property=\"og:url\" content=\"https:\/\/www.visit-ulcinj.com\/blog\/2017\/05\/30\/cungu-ben-thirrje-qytetareve-te-ulqinit-per-perkrahjen-e-ekipit-te-otrantit\/\" \/>\n<meta property=\"og:site_name\" content=\"Lajme nga Ulqini\" \/>\n<meta property=\"article:published_time\" content=\"2017-05-30T13:04:56+00:00\" \/>\n<meta property=\"og:image\" content=\"http:\/\/www.visit-ulcinj.com\/blog\/wp-content\/uploads\/2017\/05\/18700133_1651617634867950_7601340602171312241_n.jpg\" \/>\n<meta name=\"twitter:label1\" content=\"Written by\" \/>\n\t<meta name=\"twitter:data1\" content=\"ulqini\" \/>\n\t<meta name=\"twitter:label2\" content=\"Est. reading time\" \/>\n\t<meta name=\"twitter:data2\" content=\"1 minute\" \/>\n<script type=\"application\/ld+json\" class=\"yoast-schema-graph\">{\"@context\":\"https:\/\/schema.org\",\"@graph\":[{\"@type\":\"WebSite\",\"@id\":\"https:\/\/www.visit-ulcinj.com\/blog\/#website\",\"url\":\"https:\/\/www.visit-ulcinj.com\/blog\/\",\"name\":\"Lajme nga Ulqini\",\"description\":\"Lajme,Vijesti,Ulqini,Ulqin,Crna Gora,Mali i Zi\",\"potentialAction\":[{\"@type\":\"SearchAction\",\"target\":{\"@type\":\"EntryPoint\",\"urlTemplate\":\"https:\/\/www.visit-ulcinj.com\/blog\/?s={search_term_string}\"},\"query-input\":\"required name=search_term_string\"}],\"inLanguage\":\"en-US\"},{\"@type\":\"ImageObject\",\"inLanguage\":\"en-US\",\"@id\":\"https:\/\/www.visit-ulcinj.com\/blog\/2017\/05\/30\/cungu-ben-thirrje-qytetareve-te-ulqinit-per-perkrahjen-e-ekipit-te-otrantit\/#primaryimage\",\"url\":\"https:\/\/www.visit-ulcinj.com\/blog\/wp-content\/uploads\/2017\/05\/18700133_1651617634867950_7601340602171312241_n.jpg\",\"contentUrl\":\"https:\/\/www.visit-ulcinj.com\/blog\/wp-content\/uploads\/2017\/05\/18700133_1651617634867950_7601340602171312241_n.jpg\",\"width\":960,\"height\":720},{\"@type\":\"WebPage\",\"@id\":\"https:\/\/www.visit-ulcinj.com\/blog\/2017\/05\/30\/cungu-ben-thirrje-qytetareve-te-ulqinit-per-perkrahjen-e-ekipit-te-otrantit\/#webpage\",\"url\":\"https:\/\/www.visit-ulcinj.com\/blog\/2017\/05\/30\/cungu-ben-thirrje-qytetareve-te-ulqinit-per-perkrahjen-e-ekipit-te-otrantit\/\",\"name\":\"Cungu b\u00ebn thirrje qytetar\u00ebve t\u00eb Ulqinit p\u00ebr p\u00ebrkrahjen e ekipit t\u00eb Otrantit - Lajme nga Ulqini\",\"isPartOf\":{\"@id\":\"https:\/\/www.visit-ulcinj.com\/blog\/#website\"},\"primaryImageOfPage\":{\"@id\":\"https:\/\/www.visit-ulcinj.com\/blog\/2017\/05\/30\/cungu-ben-thirrje-qytetareve-te-ulqinit-per-perkrahjen-e-ekipit-te-otrantit\/#primaryimage\"},\"datePublished\":\"2017-05-30T13:04:56+00:00\",\"dateModified\":\"2017-05-30T13:04:56+00:00\",\"author\":{\"@id\":\"https:\/\/www.visit-ulcinj.com\/blog\/#\/schema\/person\/dcab619c614d3038751c63bc2aadc06d\"},\"description\":\"Dje kryetari i komunes se ulqinit z. NAZIF CUNGU ka percjellur st\u00ebrvitjet p\u00ebrfundimtare t\u00eb klubit t\u00eb futbollit Otrant-Olympic i cili t\u00eb m\u00ebrkur\u00ebn ne ora\",\"breadcrumb\":{\"@id\":\"https:\/\/www.visit-ulcinj.com\/blog\/2017\/05\/30\/cungu-ben-thirrje-qytetareve-te-ulqinit-per-perkrahjen-e-ekipit-te-otrantit\/#breadcrumb\"},\"inLanguage\":\"en-US\",\"potentialAction\":[{\"@type\":\"ReadAction\",\"target\":[\"https:\/\/www.visit-ulcinj.com\/blog\/2017\/05\/30\/cungu-ben-thirrje-qytetareve-te-ulqinit-per-perkrahjen-e-ekipit-te-otrantit\/\"]}]},{\"@type\":\"BreadcrumbList\",\"@id\":\"https:\/\/www.visit-ulcinj.com\/blog\/2017\/05\/30\/cungu-ben-thirrje-qytetareve-te-ulqinit-per-perkrahjen-e-ekipit-te-otrantit\/#breadcrumb\",\"itemListElement\":[{\"@type\":\"ListItem\",\"position\":1,\"name\":\"Cungu b\u00ebn thirrje qytetar\u00ebve t\u00eb Ulqinit p\u00ebr p\u00ebrkrahjen e ekipit t\u00eb Otrantit\"}]},{\"@type\":\"Person\",\"@id\":\"https:\/\/www.visit-ulcinj.com\/blog\/#\/schema\/person\/dcab619c614d3038751c63bc2aadc06d\",\"name\":\"ulqini\",\"sameAs\":[\"http:\/\/www.visit-ulcinj.com\"],\"url\":\"https:\/\/www.visit-ulcinj.com\/blog\/author\/admin\/\"}]}<\/script>\n<!-- \/ Yoast SEO plugin. -->","yoast_head_json":{"title":"Cungu b\u00ebn thirrje qytetar\u00ebve t\u00eb Ulqinit p\u00ebr p\u00ebrkrahjen e ekipit t\u00eb Otrantit - Lajme nga Ulqini","description":"Dje kryetari i komunes se ulqinit z. NAZIF CUNGU ka percjellur st\u00ebrvitjet p\u00ebrfundimtare t\u00eb klubit t\u00eb futbollit Otrant-Olympic i cili t\u00eb m\u00ebrkur\u00ebn ne ora","robots":{"index":"index","follow":"follow","max-snippet":"max-snippet:-1","max-image-preview":"max-image-preview:large","max-video-preview":"max-video-preview:-1"},"canonical":"https:\/\/www.visit-ulcinj.com\/blog\/2017\/05\/30\/cungu-ben-thirrje-qytetareve-te-ulqinit-per-perkrahjen-e-ekipit-te-otrantit\/","og_locale":"en_US","og_type":"article","og_title":"Cungu b\u00ebn thirrje qytetar\u00ebve t\u00eb Ulqinit p\u00ebr p\u00ebrkrahjen e ekipit t\u00eb Otrantit - Lajme nga Ulqini","og_description":"Dje kryetari i komunes se ulqinit z. NAZIF CUNGU ka percjellur st\u00ebrvitjet p\u00ebrfundimtare t\u00eb klubit t\u00eb futbollit Otrant-Olympic i cili t\u00eb m\u00ebrkur\u00ebn ne ora","og_url":"https:\/\/www.visit-ulcinj.com\/blog\/2017\/05\/30\/cungu-ben-thirrje-qytetareve-te-ulqinit-per-perkrahjen-e-ekipit-te-otrantit\/","og_site_name":"Lajme nga Ulqini","article_published_time":"2017-05-30T13:04:56+00:00","og_image":[{"url":"http:\/\/www.visit-ulcinj.com\/blog\/wp-content\/uploads\/2017\/05\/18700133_1651617634867950_7601340602171312241_n.jpg"}],"twitter_misc":{"Written by":"ulqini","Est. reading time":"1 minute"},"schema":{"@context":"https:\/\/schema.org","@graph":[{"@type":"WebSite","@id":"https:\/\/www.visit-ulcinj.com\/blog\/#website","url":"https:\/\/www.visit-ulcinj.com\/blog\/","name":"Lajme nga Ulqini","description":"Lajme,Vijesti,Ulqini,Ulqin,Crna Gora,Mali i Zi","potentialAction":[{"@type":"SearchAction","target":{"@type":"EntryPoint","urlTemplate":"https:\/\/www.visit-ulcinj.com\/blog\/?s={search_term_string}"},"query-input":"required name=search_term_string"}],"inLanguage":"en-US"},{"@type":"ImageObject","inLanguage":"en-US","@id":"https:\/\/www.visit-ulcinj.com\/blog\/2017\/05\/30\/cungu-ben-thirrje-qytetareve-te-ulqinit-per-perkrahjen-e-ekipit-te-otrantit\/#primaryimage","url":"https:\/\/www.visit-ulcinj.com\/blog\/wp-content\/uploads\/2017\/05\/18700133_1651617634867950_7601340602171312241_n.jpg","contentUrl":"https:\/\/www.visit-ulcinj.com\/blog\/wp-content\/uploads\/2017\/05\/18700133_1651617634867950_7601340602171312241_n.jpg","width":960,"height":720},{"@type":"WebPage","@id":"https:\/\/www.visit-ulcinj.com\/blog\/2017\/05\/30\/cungu-ben-thirrje-qytetareve-te-ulqinit-per-perkrahjen-e-ekipit-te-otrantit\/#webpage","url":"https:\/\/www.visit-ulcinj.com\/blog\/2017\/05\/30\/cungu-ben-thirrje-qytetareve-te-ulqinit-per-perkrahjen-e-ekipit-te-otrantit\/","name":"Cungu b\u00ebn thirrje qytetar\u00ebve t\u00eb Ulqinit p\u00ebr p\u00ebrkrahjen e ekipit t\u00eb Otrantit - Lajme nga Ulqini","isPartOf":{"@id":"https:\/\/www.visit-ulcinj.com\/blog\/#website"},"primaryImageOfPage":{"@id":"https:\/\/www.visit-ulcinj.com\/blog\/2017\/05\/30\/cungu-ben-thirrje-qytetareve-te-ulqinit-per-perkrahjen-e-ekipit-te-otrantit\/#primaryimage"},"datePublished":"2017-05-30T13:04:56+00:00","dateModified":"2017-05-30T13:04:56+00:00","author":{"@id":"https:\/\/www.visit-ulcinj.com\/blog\/#\/schema\/person\/dcab619c614d3038751c63bc2aadc06d"},"description":"Dje kryetari i komunes se ulqinit z. NAZIF CUNGU ka percjellur st\u00ebrvitjet p\u00ebrfundimtare t\u00eb klubit t\u00eb futbollit Otrant-Olympic i cili t\u00eb m\u00ebrkur\u00ebn ne ora","breadcrumb":{"@id":"https:\/\/www.visit-ulcinj.com\/blog\/2017\/05\/30\/cungu-ben-thirrje-qytetareve-te-ulqinit-per-perkrahjen-e-ekipit-te-otrantit\/#breadcrumb"},"inLanguage":"en-US","potentialAction":[{"@type":"ReadAction","target":["https:\/\/www.visit-ulcinj.com\/blog\/2017\/05\/30\/cungu-ben-thirrje-qytetareve-te-ulqinit-per-perkrahjen-e-ekipit-te-otrantit\/"]}]},{"@type":"BreadcrumbList","@id":"https:\/\/www.visit-ulcinj.com\/blog\/2017\/05\/30\/cungu-ben-thirrje-qytetareve-te-ulqinit-per-perkrahjen-e-ekipit-te-otrantit\/#breadcrumb","itemListElement":[{"@type":"ListItem","position":1,"name":"Cungu b\u00ebn thirrje qytetar\u00ebve t\u00eb Ulqinit p\u00ebr p\u00ebrkrahjen e ekipit t\u00eb Otrantit"}]},{"@type":"Person","@id":"https:\/\/www.visit-ulcinj.com\/blog\/#\/schema\/person\/dcab619c614d3038751c63bc2aadc06d","name":"ulqini","sameAs":["http:\/\/www.visit-ulcinj.com"],"url":"https:\/\/www.visit-ulcinj.com\/blog\/author\/admin\/"}]}},"jetpack_featured_media_url":"","jetpack_sharing_enabled":true,"jetpack_shortlink":"https:\/\/wp.me\/pe6lTn-roA","_links":{"self":[{"href":"https:\/\/www.visit-ulcinj.com\/blog\/wp-json\/wp\/v2\/posts\/105312"}],"collection":[{"href":"https:\/\/www.visit-ulcinj.com\/blog\/wp-json\/wp\/v2\/posts"}],"about":[{"href":"https:\/\/www.visit-ulcinj.com\/blog\/wp-json\/wp\/v2\/types\/post"}],"author":[{"embeddable":true,"href":"https:\/\/www.visit-ulcinj.com\/blog\/wp-json\/wp\/v2\/users\/1"}],"replies":[{"embeddable":true,"href":"https:\/\/www.visit-ulcinj.com\/blog\/wp-json\/wp\/v2\/comments?post=105312"}],"version-history":[{"count":1,"href":"https:\/\/www.visit-ulcinj.com\/blog\/wp-json\/wp\/v2\/posts\/105312\/revisions"}],"predecessor-version":[{"id":105315,"href":"https:\/\/www.visit-ulcinj.com\/blog\/wp-json\/wp\/v2\/posts\/105312\/revisions\/105315"}],"wp:attachment":[{"href":"https:\/\/www.visit-ulcinj.com\/blog\/wp-json\/wp\/v2\/media?parent=105312"}],"wp:term":[{"taxonomy":"category","embeddable":true,"href":"https:\/\/www.visit-ulcinj.com\/blog\/wp-json\/wp\/v2\/categories?post=105312"},{"taxonomy":"post_tag","embeddable":true,"href":"https:\/\/www.visit-ulcinj.com\/blog\/wp-json\/wp\/v2\/tags?post=105312"}],"curies":[{"name":"wp","href":"https:\/\/api.w.org\/{rel}","templated":true}]}}