{"id":105340,"date":"2017-05-31T06:16:12","date_gmt":"2017-05-31T05:16:12","guid":{"rendered":"http:\/\/www.visit-ulcinj.com\/blog\/?p=105340"},"modified":"2017-05-31T06:16:12","modified_gmt":"2017-05-31T05:16:12","slug":"nis-aksioni-humanitar-shporta-e-ramazanit-ne-ulqin","status":"publish","type":"post","link":"https:\/\/www.visit-ulcinj.com\/blog\/2017\/05\/31\/nis-aksioni-humanitar-shporta-e-ramazanit-ne-ulqin\/","title":{"rendered":"Nis aksioni humanitar &#8220;Shporta e Ramazanit&#8221; n\u00eb Ulqin"},"content":{"rendered":"<div id=\"js_8\" class=\"_5pbx userContent\" data-ft=\"{&quot;tn&quot;:&quot;K&quot;}\">\n<p><strong>Filloi aksioni humanitar \u201cShporta e Ramazanit 2017\u201d<\/strong><\/p>\n<p>XHAMIA E KLLEZN\u00cbS \u2013 me rastin e muajit t\u00eb bekuar t\u00eb Ramazanit, p\u00ebr t\u00eb pestin vit me radh\u00eb nd\u00ebrmerr aktivitetin e radh\u00ebs humanitar\u00eb n\u00eb bashk\u00ebpunim me ju bamir\u00ebs t\u00eb nderuar n\u00eb ndarjen e ndihmave q\u00eb do t\u2019iu dedikohen: jetim\u00ebve, skamnor\u00ebve, personave me aft\u00ebsi t\u00eb kufizuar dhe nevojtar\u00ebve n\u00eb t\u00ebr\u00eb territorin e komun\u00ebs s\u00eb Ulqinit me rrethin\u00eb dhe Kraj\u00eb.<\/p>\n<p>Andaj k\u00ebrkojm\u00eb nga ju bamir\u00ebs t\u00eb dashur me aq sa t\u00eb keni mund\u00ebsi q\u00eb t\u00eb kontribuoni n\u00eb leht\u00ebsimin e jetes\u00ebs s\u00eb k\u00ebtyre kategorive me nevoj\u00eb n\u00eb qytetin ton\u00eb.<br \/>\nXhamia e Kllezn\u00ebs ka t\u00eb regjistruar mbi 200 familje nga i gjith\u00eb territori i komun\u00ebs s\u00eb Ulqinit dhe Kraj\u00ebs. Shpresojm\u00eb q\u00eb nga ky projekt t\u00eb p\u00ebrfitojn\u00eb k\u00ebto 200 familje.<\/p>\n<p>Pakot do t\u00eb shp\u00ebrndahen n\u00eb dhjet\u00eb dit\u00ebshin e fundit t\u00eb Ramazanit.<br \/>\nNj\u00eb pako do t\u00eb p\u00ebrmbaj\u00eb k\u00ebto lloje produktesh:<br \/>\n5 kg. Miell;<br \/>\n5 l. Voj;<br \/>\n3 kesa Makarona;<br \/>\n2 kg. Sheqer;<br \/>\n2 kg. Oriz;<br \/>\n3 kesa Supa t\u00eb gatshme;<br \/>\n1 kuti Keksa;<br \/>\n500 gr. Veget;<br \/>\n2 copa Sapun\u00eb;<br \/>\nDetergjent;<br \/>\nShampo p\u00ebr flok\u00eb;<br \/>\nPast\u00eb p\u00ebr dh\u00ebmb<\/p>\n<p>N\u00eb em\u00ebr t\u00eb Komisionit t\u00eb Shport\u00ebs s\u00eb Ramazanit dhe n\u00eb em\u00ebr t\u00eb k\u00ebtyre kategorive ju jemi shum\u00eb mir\u00ebnjoh\u00ebs p\u00ebr ndihm\u00ebn e cila do t\u00eb p\u00ebrcaktohet nga ana Juaj.<\/p>\n<p>Kontribuo dhe Telefono tani:<br \/>\n069 599 300<br \/>\n069 649 664<br \/>\n(Na kontaktoni p\u00ebr kontributin q\u00eb ofroni, dhe NE vijm\u00eb n\u00eb vendin e p\u00ebrcaktuar nga ju)<\/p>\n<p>Vizitoni webfaqen zyrtare t\u00eb Xhamis\u00eb s\u00eb Kllezn\u00ebs n\u00eb internet:<br \/>\n<a href=\"https:\/\/l.facebook.com\/l.php?u=http%3A%2F%2Fwww.xhamiaeklleznes.com%2F&amp;h=ATOtSBsqlUyrkoBJf5i_QQ8RmjIWVcooX48nSeHru9c7aMDSNYDT_ymbE6djxsTh0BdSQXOrqXV0jbKDdGRZc3kjKWyIbEJfS4qWNfjcWEIRhAFvNY6I4Qzur5HbAMD2_PmijYunxVFkAUh0sccBlYY&amp;enc=AZMbTfobNCxuJEuKn1KMUDwNBLDwo7gIkX_TLej0uYs2tsnIGTorr86Rxnt3ssi_cW-UG2aEy3_qu0aiVWd1OTRKBgksHNFvVyQwuDZ8_3A2NEgGDF0fGGMduTO5dxzNVcMo_ZR9qHsDK4A9D4D_qE6zoQZbJILjAezhCTRfAwD6liQH0dNeiGL7JR2d-enbiIhYgYZVHASJY00X9tsbhe4h&amp;s=1\" target=\"_blank\" rel=\"nofollow\">www.xhamiaeklleznes.com<\/a><br \/>\nUlqin, 31.05.2017 \u2013 Ramazan 2017<\/p>\n<p><a href=\"http:\/\/www.visit-ulcinj.com\/blog\/wp-content\/uploads\/2017\/05\/Nis-aksioni-humanitar-Shporta-e-Ramazanit-n\u00eb-Ulqin.jpg\"><img loading=\"lazy\" class=\"alignleft wp-image-105341\" src=\"http:\/\/www.visit-ulcinj.com\/blog\/wp-content\/uploads\/2017\/05\/Nis-aksioni-humanitar-Shporta-e-Ramazanit-n\u00eb-Ulqin.jpg\" alt=\"\" width=\"508\" height=\"718\" srcset=\"https:\/\/www.visit-ulcinj.com\/blog\/wp-content\/uploads\/2017\/05\/Nis-aksioni-humanitar-Shporta-e-Ramazanit-n\u00eb-Ulqin.jpg 679w, https:\/\/www.visit-ulcinj.com\/blog\/wp-content\/uploads\/2017\/05\/Nis-aksioni-humanitar-Shporta-e-Ramazanit-n\u00eb-Ulqin-212x300.jpg 212w\" sizes=\"(max-width: 508px) 100vw, 508px\" \/><\/a><\/p>\n<\/div>\n<div class=\"_3x-2\"><\/div>\n","protected":false},"excerpt":{"rendered":"<p>Filloi aksioni humanitar \u201cShporta e Ramazanit 2017\u201d XHAMIA E KLLEZN\u00cbS \u2013 me rastin e muajit t\u00eb bekuar t\u00eb Ramazanit, p\u00ebr t\u00eb pestin vit me radh\u00eb nd\u00ebrmerr aktivitetin e radh\u00ebs humanitar\u00eb n\u00eb bashk\u00ebpunim me ju bamir\u00ebs t\u00eb nderuar n\u00eb ndarjen e ndihmave q\u00eb do t\u2019iu dedikohen: jetim\u00ebve, skamnor\u00ebve, personave me aft\u00ebsi t\u00eb kufizuar dhe nevojtar\u00ebve n\u00eb [&hellip;]<\/p>\n","protected":false},"author":1,"featured_media":0,"comment_status":"closed","ping_status":"closed","sticky":false,"template":"","format":"standard","meta":{"spay_email":"","jetpack_publicize_message":"","jetpack_is_tweetstorm":false,"jetpack_publicize_feature_enabled":true},"categories":[2451],"tags":[],"jetpack_publicize_connections":[],"yoast_head":"<!-- This site is optimized with the Yoast SEO plugin v19.1 - https:\/\/yoast.com\/wordpress\/plugins\/seo\/ -->\n<title>Nis aksioni humanitar &quot;Shporta e Ramazanit&quot; n\u00eb Ulqin - Lajme nga Ulqini<\/title>\n<meta name=\"description\" content=\"Filloi aksioni humanitar \u201cShporta e Ramazanit 2017\u201d XHAMIA E KLLEZN\u00cbS \u2013 me rastin e muajit t\u00eb bekuar t\u00eb Ramazanit, p\u00ebr t\u00eb pestin vit me radh\u00eb nd\u00ebrmerr\" \/>\n<meta name=\"robots\" content=\"index, follow, max-snippet:-1, max-image-preview:large, max-video-preview:-1\" \/>\n<link rel=\"canonical\" href=\"https:\/\/www.visit-ulcinj.com\/blog\/2017\/05\/31\/nis-aksioni-humanitar-shporta-e-ramazanit-ne-ulqin\/\" \/>\n<meta property=\"og:locale\" content=\"en_US\" \/>\n<meta property=\"og:type\" content=\"article\" \/>\n<meta property=\"og:title\" content=\"Nis aksioni humanitar &quot;Shporta e Ramazanit&quot; n\u00eb Ulqin - Lajme nga Ulqini\" \/>\n<meta property=\"og:description\" content=\"Filloi aksioni humanitar \u201cShporta e Ramazanit 2017\u201d XHAMIA E KLLEZN\u00cbS \u2013 me rastin e muajit t\u00eb bekuar t\u00eb Ramazanit, p\u00ebr t\u00eb pestin vit me radh\u00eb nd\u00ebrmerr\" \/>\n<meta property=\"og:url\" content=\"https:\/\/www.visit-ulcinj.com\/blog\/2017\/05\/31\/nis-aksioni-humanitar-shporta-e-ramazanit-ne-ulqin\/\" \/>\n<meta property=\"og:site_name\" content=\"Lajme nga Ulqini\" \/>\n<meta property=\"article:published_time\" content=\"2017-05-31T05:16:12+00:00\" \/>\n<meta name=\"twitter:label1\" content=\"Written by\" \/>\n\t<meta name=\"twitter:data1\" content=\"ulqini\" \/>\n\t<meta name=\"twitter:label2\" content=\"Est. reading time\" \/>\n\t<meta name=\"twitter:data2\" content=\"1 minute\" \/>\n<script type=\"application\/ld+json\" class=\"yoast-schema-graph\">{\"@context\":\"https:\/\/schema.org\",\"@graph\":[{\"@type\":\"WebSite\",\"@id\":\"https:\/\/www.visit-ulcinj.com\/blog\/#website\",\"url\":\"https:\/\/www.visit-ulcinj.com\/blog\/\",\"name\":\"Lajme nga Ulqini\",\"description\":\"Lajme,Vijesti,Ulqini,Ulqin,Crna Gora,Mali i Zi\",\"potentialAction\":[{\"@type\":\"SearchAction\",\"target\":{\"@type\":\"EntryPoint\",\"urlTemplate\":\"https:\/\/www.visit-ulcinj.com\/blog\/?s={search_term_string}\"},\"query-input\":\"required name=search_term_string\"}],\"inLanguage\":\"en-US\"},{\"@type\":\"WebPage\",\"@id\":\"https:\/\/www.visit-ulcinj.com\/blog\/2017\/05\/31\/nis-aksioni-humanitar-shporta-e-ramazanit-ne-ulqin\/#webpage\",\"url\":\"https:\/\/www.visit-ulcinj.com\/blog\/2017\/05\/31\/nis-aksioni-humanitar-shporta-e-ramazanit-ne-ulqin\/\",\"name\":\"Nis aksioni humanitar \\\"Shporta e Ramazanit\\\" n\u00eb Ulqin - Lajme nga Ulqini\",\"isPartOf\":{\"@id\":\"https:\/\/www.visit-ulcinj.com\/blog\/#website\"},\"datePublished\":\"2017-05-31T05:16:12+00:00\",\"dateModified\":\"2017-05-31T05:16:12+00:00\",\"author\":{\"@id\":\"https:\/\/www.visit-ulcinj.com\/blog\/#\/schema\/person\/dcab619c614d3038751c63bc2aadc06d\"},\"description\":\"Filloi aksioni humanitar \u201cShporta e Ramazanit 2017\u201d XHAMIA E KLLEZN\u00cbS \u2013 me rastin e muajit t\u00eb bekuar t\u00eb Ramazanit, p\u00ebr t\u00eb pestin vit me radh\u00eb nd\u00ebrmerr\",\"breadcrumb\":{\"@id\":\"https:\/\/www.visit-ulcinj.com\/blog\/2017\/05\/31\/nis-aksioni-humanitar-shporta-e-ramazanit-ne-ulqin\/#breadcrumb\"},\"inLanguage\":\"en-US\",\"potentialAction\":[{\"@type\":\"ReadAction\",\"target\":[\"https:\/\/www.visit-ulcinj.com\/blog\/2017\/05\/31\/nis-aksioni-humanitar-shporta-e-ramazanit-ne-ulqin\/\"]}]},{\"@type\":\"BreadcrumbList\",\"@id\":\"https:\/\/www.visit-ulcinj.com\/blog\/2017\/05\/31\/nis-aksioni-humanitar-shporta-e-ramazanit-ne-ulqin\/#breadcrumb\",\"itemListElement\":[{\"@type\":\"ListItem\",\"position\":1,\"name\":\"Nis aksioni humanitar &#8220;Shporta e Ramazanit&#8221; n\u00eb Ulqin\"}]},{\"@type\":\"Person\",\"@id\":\"https:\/\/www.visit-ulcinj.com\/blog\/#\/schema\/person\/dcab619c614d3038751c63bc2aadc06d\",\"name\":\"ulqini\",\"sameAs\":[\"http:\/\/www.visit-ulcinj.com\"],\"url\":\"https:\/\/www.visit-ulcinj.com\/blog\/author\/admin\/\"}]}<\/script>\n<!-- \/ Yoast SEO plugin. -->","yoast_head_json":{"title":"Nis aksioni humanitar \"Shporta e Ramazanit\" n\u00eb Ulqin - Lajme nga Ulqini","description":"Filloi aksioni humanitar \u201cShporta e Ramazanit 2017\u201d XHAMIA E KLLEZN\u00cbS \u2013 me rastin e muajit t\u00eb bekuar t\u00eb Ramazanit, p\u00ebr t\u00eb pestin vit me radh\u00eb nd\u00ebrmerr","robots":{"index":"index","follow":"follow","max-snippet":"max-snippet:-1","max-image-preview":"max-image-preview:large","max-video-preview":"max-video-preview:-1"},"canonical":"https:\/\/www.visit-ulcinj.com\/blog\/2017\/05\/31\/nis-aksioni-humanitar-shporta-e-ramazanit-ne-ulqin\/","og_locale":"en_US","og_type":"article","og_title":"Nis aksioni humanitar \"Shporta e Ramazanit\" n\u00eb Ulqin - Lajme nga Ulqini","og_description":"Filloi aksioni humanitar \u201cShporta e Ramazanit 2017\u201d XHAMIA E KLLEZN\u00cbS \u2013 me rastin e muajit t\u00eb bekuar t\u00eb Ramazanit, p\u00ebr t\u00eb pestin vit me radh\u00eb nd\u00ebrmerr","og_url":"https:\/\/www.visit-ulcinj.com\/blog\/2017\/05\/31\/nis-aksioni-humanitar-shporta-e-ramazanit-ne-ulqin\/","og_site_name":"Lajme nga Ulqini","article_published_time":"2017-05-31T05:16:12+00:00","twitter_misc":{"Written by":"ulqini","Est. reading time":"1 minute"},"schema":{"@context":"https:\/\/schema.org","@graph":[{"@type":"WebSite","@id":"https:\/\/www.visit-ulcinj.com\/blog\/#website","url":"https:\/\/www.visit-ulcinj.com\/blog\/","name":"Lajme nga Ulqini","description":"Lajme,Vijesti,Ulqini,Ulqin,Crna Gora,Mali i Zi","potentialAction":[{"@type":"SearchAction","target":{"@type":"EntryPoint","urlTemplate":"https:\/\/www.visit-ulcinj.com\/blog\/?s={search_term_string}"},"query-input":"required name=search_term_string"}],"inLanguage":"en-US"},{"@type":"WebPage","@id":"https:\/\/www.visit-ulcinj.com\/blog\/2017\/05\/31\/nis-aksioni-humanitar-shporta-e-ramazanit-ne-ulqin\/#webpage","url":"https:\/\/www.visit-ulcinj.com\/blog\/2017\/05\/31\/nis-aksioni-humanitar-shporta-e-ramazanit-ne-ulqin\/","name":"Nis aksioni humanitar \"Shporta e Ramazanit\" n\u00eb Ulqin - Lajme nga Ulqini","isPartOf":{"@id":"https:\/\/www.visit-ulcinj.com\/blog\/#website"},"datePublished":"2017-05-31T05:16:12+00:00","dateModified":"2017-05-31T05:16:12+00:00","author":{"@id":"https:\/\/www.visit-ulcinj.com\/blog\/#\/schema\/person\/dcab619c614d3038751c63bc2aadc06d"},"description":"Filloi aksioni humanitar \u201cShporta e Ramazanit 2017\u201d XHAMIA E KLLEZN\u00cbS \u2013 me rastin e muajit t\u00eb bekuar t\u00eb Ramazanit, p\u00ebr t\u00eb pestin vit me radh\u00eb nd\u00ebrmerr","breadcrumb":{"@id":"https:\/\/www.visit-ulcinj.com\/blog\/2017\/05\/31\/nis-aksioni-humanitar-shporta-e-ramazanit-ne-ulqin\/#breadcrumb"},"inLanguage":"en-US","potentialAction":[{"@type":"ReadAction","target":["https:\/\/www.visit-ulcinj.com\/blog\/2017\/05\/31\/nis-aksioni-humanitar-shporta-e-ramazanit-ne-ulqin\/"]}]},{"@type":"BreadcrumbList","@id":"https:\/\/www.visit-ulcinj.com\/blog\/2017\/05\/31\/nis-aksioni-humanitar-shporta-e-ramazanit-ne-ulqin\/#breadcrumb","itemListElement":[{"@type":"ListItem","position":1,"name":"Nis aksioni humanitar &#8220;Shporta e Ramazanit&#8221; n\u00eb Ulqin"}]},{"@type":"Person","@id":"https:\/\/www.visit-ulcinj.com\/blog\/#\/schema\/person\/dcab619c614d3038751c63bc2aadc06d","name":"ulqini","sameAs":["http:\/\/www.visit-ulcinj.com"],"url":"https:\/\/www.visit-ulcinj.com\/blog\/author\/admin\/"}]}},"jetpack_featured_media_url":"","jetpack_sharing_enabled":true,"jetpack_shortlink":"https:\/\/wp.me\/pe6lTn-rp2","_links":{"self":[{"href":"https:\/\/www.visit-ulcinj.com\/blog\/wp-json\/wp\/v2\/posts\/105340"}],"collection":[{"href":"https:\/\/www.visit-ulcinj.com\/blog\/wp-json\/wp\/v2\/posts"}],"about":[{"href":"https:\/\/www.visit-ulcinj.com\/blog\/wp-json\/wp\/v2\/types\/post"}],"author":[{"embeddable":true,"href":"https:\/\/www.visit-ulcinj.com\/blog\/wp-json\/wp\/v2\/users\/1"}],"replies":[{"embeddable":true,"href":"https:\/\/www.visit-ulcinj.com\/blog\/wp-json\/wp\/v2\/comments?post=105340"}],"version-history":[{"count":1,"href":"https:\/\/www.visit-ulcinj.com\/blog\/wp-json\/wp\/v2\/posts\/105340\/revisions"}],"predecessor-version":[{"id":105342,"href":"https:\/\/www.visit-ulcinj.com\/blog\/wp-json\/wp\/v2\/posts\/105340\/revisions\/105342"}],"wp:attachment":[{"href":"https:\/\/www.visit-ulcinj.com\/blog\/wp-json\/wp\/v2\/media?parent=105340"}],"wp:term":[{"taxonomy":"category","embeddable":true,"href":"https:\/\/www.visit-ulcinj.com\/blog\/wp-json\/wp\/v2\/categories?post=105340"},{"taxonomy":"post_tag","embeddable":true,"href":"https:\/\/www.visit-ulcinj.com\/blog\/wp-json\/wp\/v2\/tags?post=105340"}],"curies":[{"name":"wp","href":"https:\/\/api.w.org\/{rel}","templated":true}]}}