{"id":105351,"date":"2017-05-31T13:10:21","date_gmt":"2017-05-31T12:10:21","guid":{"rendered":"http:\/\/www.visit-ulcinj.com\/blog\/?p=105351"},"modified":"2017-05-31T14:01:16","modified_gmt":"2017-05-31T13:01:16","slug":"vertetohet-vendimi-capriqit-ada-nuk-eshte-prone-e-rivieres-se-ulqinit","status":"publish","type":"post","link":"https:\/\/www.visit-ulcinj.com\/blog\/2017\/05\/31\/vertetohet-vendimi-capriqit-ada-nuk-eshte-prone-e-rivieres-se-ulqinit\/","title":{"rendered":"I vertetohet vendimi i \u00c7apriqit: Ada nuk \u00ebsht\u00eb pron\u00eb e \u201cRivier\u00ebs s\u00eb Ulqinit\u201d"},"content":{"rendered":"<p><a href=\"http:\/\/www.visit-ulcinj.com\/blog\/wp-content\/uploads\/2017\/03\/Xhevdet-Capriq-Dzevdet-Capric-Ulcinj-Ulqin.jpg\"><img loading=\"lazy\" class=\"alignleft wp-image-103772 size-medium\" src=\"http:\/\/www.visit-ulcinj.com\/blog\/wp-content\/uploads\/2017\/03\/Xhevdet-Capriq-Dzevdet-Capric-Ulcinj-Ulqin-265x300.jpg\" alt=\"\" width=\"265\" height=\"300\" srcset=\"https:\/\/www.visit-ulcinj.com\/blog\/wp-content\/uploads\/2017\/03\/Xhevdet-Capriq-Dzevdet-Capric-Ulcinj-Ulqin-265x300.jpg 265w, https:\/\/www.visit-ulcinj.com\/blog\/wp-content\/uploads\/2017\/03\/Xhevdet-Capriq-Dzevdet-Capric-Ulcinj-Ulqin.jpg 300w\" sizes=\"(max-width: 265px) 100vw, 265px\" \/><\/a>Ministria e financave ka v\u00ebrtetuar vendimin e shkall\u00ebs s\u00eb par\u00eb t\u00eb nj\u00ebsis\u00eb zonale t\u00eb Drejtoris\u00eb p\u00ebr patundshm\u00ebri n\u00eb Ulqin e cila n\u00eb fillim t\u00eb shkurtit t\u00eb k\u00ebtij viti ka refuzuar k\u00ebrkes\u00ebn e Nd\u00ebrmarrjes hotelerike \u2013 turistike \u201cRiviera e Ulqinit\u201d p\u00ebr regjistrim t\u00eb t\u00eb drejtave pron\u00ebsore n\u00eb tok\u00ebn n\u00eb Ad\u00eb t\u00eb Bun\u00ebs, raporton portali Ul.info.<\/p>\n<p>K\u00ebt\u00eb p\u00ebr Vijesti e v\u00ebrtetoi avokati i Rivier\u00ebs s\u00eb Ulqinit Branislav Lutovac. \u201cU v\u00ebrtetua vendimi i shkall\u00ebs s\u00eb par\u00eb, k\u00ebshtu q\u00eb tani po p\u00ebrgatis\u00eb padin\u00eb p\u00ebr Gjykat\u00ebn administrative\u201d, tha ai.<\/p>\n<p>Kadastra lokale n\u00eb vazhdim\u00ebsi, deri tani, ka kontestuar t\u00eb drejt\u00ebn e pron\u00ebsis\u00eb t\u00eb k\u00ebsaj nd\u00ebrmarrje hotelerike t\u00eb tok\u00ebs n\u00eb Ad\u00eb t\u00eb Bun\u00ebs n\u00eb t\u00eb cil\u00ebn ndodhet vendbanimi turistik i Rivier\u00ebs s\u00eb Ulqinit.<\/p>\n<p>Ministria n\u00eb procesin e shkall\u00ebs s\u00eb dyt\u00eb m\u00eb her\u00ebt ka anuluar vendimin e shkall\u00ebs s\u00eb par\u00eb t\u00eb kadastr\u00ebs n\u00eb krye t\u00eb t\u00eb cilit \u00ebsht\u00eb Xhevdet \u00c7apriqi, por k\u00ebsaj her\u00eb e ka v\u00ebrtetuar k\u00ebt\u00eb vendim.<\/p>\n<p><a href=\"http:\/\/www.visit-ulcinj.com\/blog\/wp-content\/uploads\/2014\/03\/Ada-Bojana-1.jpg\"><img loading=\"lazy\" class=\"alignleft wp-image-80825\" src=\"http:\/\/www.visit-ulcinj.com\/blog\/wp-content\/uploads\/2014\/03\/Ada-Bojana-1.jpg\" alt=\"\" width=\"508\" height=\"461\" srcset=\"https:\/\/www.visit-ulcinj.com\/blog\/wp-content\/uploads\/2014\/03\/Ada-Bojana-1.jpg 700w, https:\/\/www.visit-ulcinj.com\/blog\/wp-content\/uploads\/2014\/03\/Ada-Bojana-1-300x272.jpg 300w\" sizes=\"(max-width: 508px) 100vw, 508px\" \/><\/a><\/p>\n","protected":false},"excerpt":{"rendered":"<p>Ministria e financave ka v\u00ebrtetuar vendimin e shkall\u00ebs s\u00eb par\u00eb t\u00eb nj\u00ebsis\u00eb zonale t\u00eb Drejtoris\u00eb p\u00ebr patundshm\u00ebri n\u00eb Ulqin e cila n\u00eb fillim t\u00eb shkurtit t\u00eb k\u00ebtij viti ka refuzuar k\u00ebrkes\u00ebn e Nd\u00ebrmarrjes hotelerike \u2013 turistike \u201cRiviera e Ulqinit\u201d p\u00ebr regjistrim t\u00eb t\u00eb drejtave pron\u00ebsore n\u00eb tok\u00ebn n\u00eb Ad\u00eb t\u00eb Bun\u00ebs, raporton portali Ul.info. K\u00ebt\u00eb [&hellip;]<\/p>\n","protected":false},"author":1,"featured_media":0,"comment_status":"closed","ping_status":"closed","sticky":false,"template":"","format":"standard","meta":{"spay_email":"","jetpack_publicize_message":"","jetpack_is_tweetstorm":false,"jetpack_publicize_feature_enabled":true},"categories":[1,2451],"tags":[],"jetpack_publicize_connections":[],"yoast_head":"<!-- This site is optimized with the Yoast SEO plugin v19.1 - https:\/\/yoast.com\/wordpress\/plugins\/seo\/ -->\n<title>I vertetohet vendimi i \u00c7apriqit: Ada nuk \u00ebsht\u00eb pron\u00eb e \u201cRivier\u00ebs s\u00eb Ulqinit\u201d - Lajme nga Ulqini<\/title>\n<meta name=\"description\" content=\"Ministria e financave ka v\u00ebrtetuar vendimin e shkall\u00ebs s\u00eb par\u00eb t\u00eb nj\u00ebsis\u00eb zonale t\u00eb Drejtoris\u00eb p\u00ebr patundshm\u00ebri n\u00eb Ulqin e cila n\u00eb fillim t\u00eb shkurtit t\u00eb\" \/>\n<meta name=\"robots\" content=\"index, follow, max-snippet:-1, max-image-preview:large, max-video-preview:-1\" \/>\n<link rel=\"canonical\" href=\"https:\/\/www.visit-ulcinj.com\/blog\/2017\/05\/31\/vertetohet-vendimi-capriqit-ada-nuk-eshte-prone-e-rivieres-se-ulqinit\/\" \/>\n<meta property=\"og:locale\" content=\"en_US\" \/>\n<meta property=\"og:type\" content=\"article\" \/>\n<meta property=\"og:title\" content=\"I vertetohet vendimi i \u00c7apriqit: Ada nuk \u00ebsht\u00eb pron\u00eb e \u201cRivier\u00ebs s\u00eb Ulqinit\u201d - Lajme nga Ulqini\" \/>\n<meta property=\"og:description\" content=\"Ministria e financave ka v\u00ebrtetuar vendimin e shkall\u00ebs s\u00eb par\u00eb t\u00eb nj\u00ebsis\u00eb zonale t\u00eb Drejtoris\u00eb p\u00ebr patundshm\u00ebri n\u00eb Ulqin e cila n\u00eb fillim t\u00eb shkurtit t\u00eb\" \/>\n<meta property=\"og:url\" content=\"https:\/\/www.visit-ulcinj.com\/blog\/2017\/05\/31\/vertetohet-vendimi-capriqit-ada-nuk-eshte-prone-e-rivieres-se-ulqinit\/\" \/>\n<meta property=\"og:site_name\" content=\"Lajme nga Ulqini\" \/>\n<meta property=\"article:published_time\" content=\"2017-05-31T12:10:21+00:00\" \/>\n<meta property=\"article:modified_time\" content=\"2017-05-31T13:01:16+00:00\" \/>\n<meta property=\"og:image\" content=\"http:\/\/www.visit-ulcinj.com\/blog\/wp-content\/uploads\/2017\/03\/Xhevdet-Capriq-Dzevdet-Capric-Ulcinj-Ulqin-265x300.jpg\" \/>\n<meta name=\"twitter:label1\" content=\"Written by\" \/>\n\t<meta name=\"twitter:data1\" content=\"ulqini\" \/>\n\t<meta name=\"twitter:label2\" content=\"Est. reading time\" \/>\n\t<meta name=\"twitter:data2\" content=\"1 minute\" \/>\n<script type=\"application\/ld+json\" class=\"yoast-schema-graph\">{\"@context\":\"https:\/\/schema.org\",\"@graph\":[{\"@type\":\"WebSite\",\"@id\":\"https:\/\/www.visit-ulcinj.com\/blog\/#website\",\"url\":\"https:\/\/www.visit-ulcinj.com\/blog\/\",\"name\":\"Lajme nga Ulqini\",\"description\":\"Lajme,Vijesti,Ulqini,Ulqin,Crna Gora,Mali i Zi\",\"potentialAction\":[{\"@type\":\"SearchAction\",\"target\":{\"@type\":\"EntryPoint\",\"urlTemplate\":\"https:\/\/www.visit-ulcinj.com\/blog\/?s={search_term_string}\"},\"query-input\":\"required name=search_term_string\"}],\"inLanguage\":\"en-US\"},{\"@type\":\"ImageObject\",\"inLanguage\":\"en-US\",\"@id\":\"https:\/\/www.visit-ulcinj.com\/blog\/2017\/05\/31\/vertetohet-vendimi-capriqit-ada-nuk-eshte-prone-e-rivieres-se-ulqinit\/#primaryimage\",\"url\":\"https:\/\/www.visit-ulcinj.com\/blog\/wp-content\/uploads\/2017\/03\/Xhevdet-Capriq-Dzevdet-Capric-Ulcinj-Ulqin.jpg\",\"contentUrl\":\"https:\/\/www.visit-ulcinj.com\/blog\/wp-content\/uploads\/2017\/03\/Xhevdet-Capriq-Dzevdet-Capric-Ulcinj-Ulqin.jpg\",\"width\":300,\"height\":339},{\"@type\":\"WebPage\",\"@id\":\"https:\/\/www.visit-ulcinj.com\/blog\/2017\/05\/31\/vertetohet-vendimi-capriqit-ada-nuk-eshte-prone-e-rivieres-se-ulqinit\/#webpage\",\"url\":\"https:\/\/www.visit-ulcinj.com\/blog\/2017\/05\/31\/vertetohet-vendimi-capriqit-ada-nuk-eshte-prone-e-rivieres-se-ulqinit\/\",\"name\":\"I vertetohet vendimi i \u00c7apriqit: Ada nuk \u00ebsht\u00eb pron\u00eb e \u201cRivier\u00ebs s\u00eb Ulqinit\u201d - Lajme nga Ulqini\",\"isPartOf\":{\"@id\":\"https:\/\/www.visit-ulcinj.com\/blog\/#website\"},\"primaryImageOfPage\":{\"@id\":\"https:\/\/www.visit-ulcinj.com\/blog\/2017\/05\/31\/vertetohet-vendimi-capriqit-ada-nuk-eshte-prone-e-rivieres-se-ulqinit\/#primaryimage\"},\"datePublished\":\"2017-05-31T12:10:21+00:00\",\"dateModified\":\"2017-05-31T13:01:16+00:00\",\"author\":{\"@id\":\"https:\/\/www.visit-ulcinj.com\/blog\/#\/schema\/person\/dcab619c614d3038751c63bc2aadc06d\"},\"description\":\"Ministria e financave ka v\u00ebrtetuar vendimin e shkall\u00ebs s\u00eb par\u00eb t\u00eb nj\u00ebsis\u00eb zonale t\u00eb Drejtoris\u00eb p\u00ebr patundshm\u00ebri n\u00eb Ulqin e cila n\u00eb fillim t\u00eb shkurtit t\u00eb\",\"breadcrumb\":{\"@id\":\"https:\/\/www.visit-ulcinj.com\/blog\/2017\/05\/31\/vertetohet-vendimi-capriqit-ada-nuk-eshte-prone-e-rivieres-se-ulqinit\/#breadcrumb\"},\"inLanguage\":\"en-US\",\"potentialAction\":[{\"@type\":\"ReadAction\",\"target\":[\"https:\/\/www.visit-ulcinj.com\/blog\/2017\/05\/31\/vertetohet-vendimi-capriqit-ada-nuk-eshte-prone-e-rivieres-se-ulqinit\/\"]}]},{\"@type\":\"BreadcrumbList\",\"@id\":\"https:\/\/www.visit-ulcinj.com\/blog\/2017\/05\/31\/vertetohet-vendimi-capriqit-ada-nuk-eshte-prone-e-rivieres-se-ulqinit\/#breadcrumb\",\"itemListElement\":[{\"@type\":\"ListItem\",\"position\":1,\"name\":\"I vertetohet vendimi i \u00c7apriqit: Ada nuk \u00ebsht\u00eb pron\u00eb e \u201cRivier\u00ebs s\u00eb Ulqinit\u201d\"}]},{\"@type\":\"Person\",\"@id\":\"https:\/\/www.visit-ulcinj.com\/blog\/#\/schema\/person\/dcab619c614d3038751c63bc2aadc06d\",\"name\":\"ulqini\",\"sameAs\":[\"http:\/\/www.visit-ulcinj.com\"],\"url\":\"https:\/\/www.visit-ulcinj.com\/blog\/author\/admin\/\"}]}<\/script>\n<!-- \/ Yoast SEO plugin. -->","yoast_head_json":{"title":"I vertetohet vendimi i \u00c7apriqit: Ada nuk \u00ebsht\u00eb pron\u00eb e \u201cRivier\u00ebs s\u00eb Ulqinit\u201d - Lajme nga Ulqini","description":"Ministria e financave ka v\u00ebrtetuar vendimin e shkall\u00ebs s\u00eb par\u00eb t\u00eb nj\u00ebsis\u00eb zonale t\u00eb Drejtoris\u00eb p\u00ebr patundshm\u00ebri n\u00eb Ulqin e cila n\u00eb fillim t\u00eb shkurtit t\u00eb","robots":{"index":"index","follow":"follow","max-snippet":"max-snippet:-1","max-image-preview":"max-image-preview:large","max-video-preview":"max-video-preview:-1"},"canonical":"https:\/\/www.visit-ulcinj.com\/blog\/2017\/05\/31\/vertetohet-vendimi-capriqit-ada-nuk-eshte-prone-e-rivieres-se-ulqinit\/","og_locale":"en_US","og_type":"article","og_title":"I vertetohet vendimi i \u00c7apriqit: Ada nuk \u00ebsht\u00eb pron\u00eb e \u201cRivier\u00ebs s\u00eb Ulqinit\u201d - Lajme nga Ulqini","og_description":"Ministria e financave ka v\u00ebrtetuar vendimin e shkall\u00ebs s\u00eb par\u00eb t\u00eb nj\u00ebsis\u00eb zonale t\u00eb Drejtoris\u00eb p\u00ebr patundshm\u00ebri n\u00eb Ulqin e cila n\u00eb fillim t\u00eb shkurtit t\u00eb","og_url":"https:\/\/www.visit-ulcinj.com\/blog\/2017\/05\/31\/vertetohet-vendimi-capriqit-ada-nuk-eshte-prone-e-rivieres-se-ulqinit\/","og_site_name":"Lajme nga Ulqini","article_published_time":"2017-05-31T12:10:21+00:00","article_modified_time":"2017-05-31T13:01:16+00:00","og_image":[{"url":"http:\/\/www.visit-ulcinj.com\/blog\/wp-content\/uploads\/2017\/03\/Xhevdet-Capriq-Dzevdet-Capric-Ulcinj-Ulqin-265x300.jpg"}],"twitter_misc":{"Written by":"ulqini","Est. reading time":"1 minute"},"schema":{"@context":"https:\/\/schema.org","@graph":[{"@type":"WebSite","@id":"https:\/\/www.visit-ulcinj.com\/blog\/#website","url":"https:\/\/www.visit-ulcinj.com\/blog\/","name":"Lajme nga Ulqini","description":"Lajme,Vijesti,Ulqini,Ulqin,Crna Gora,Mali i Zi","potentialAction":[{"@type":"SearchAction","target":{"@type":"EntryPoint","urlTemplate":"https:\/\/www.visit-ulcinj.com\/blog\/?s={search_term_string}"},"query-input":"required name=search_term_string"}],"inLanguage":"en-US"},{"@type":"ImageObject","inLanguage":"en-US","@id":"https:\/\/www.visit-ulcinj.com\/blog\/2017\/05\/31\/vertetohet-vendimi-capriqit-ada-nuk-eshte-prone-e-rivieres-se-ulqinit\/#primaryimage","url":"https:\/\/www.visit-ulcinj.com\/blog\/wp-content\/uploads\/2017\/03\/Xhevdet-Capriq-Dzevdet-Capric-Ulcinj-Ulqin.jpg","contentUrl":"https:\/\/www.visit-ulcinj.com\/blog\/wp-content\/uploads\/2017\/03\/Xhevdet-Capriq-Dzevdet-Capric-Ulcinj-Ulqin.jpg","width":300,"height":339},{"@type":"WebPage","@id":"https:\/\/www.visit-ulcinj.com\/blog\/2017\/05\/31\/vertetohet-vendimi-capriqit-ada-nuk-eshte-prone-e-rivieres-se-ulqinit\/#webpage","url":"https:\/\/www.visit-ulcinj.com\/blog\/2017\/05\/31\/vertetohet-vendimi-capriqit-ada-nuk-eshte-prone-e-rivieres-se-ulqinit\/","name":"I vertetohet vendimi i \u00c7apriqit: Ada nuk \u00ebsht\u00eb pron\u00eb e \u201cRivier\u00ebs s\u00eb Ulqinit\u201d - Lajme nga Ulqini","isPartOf":{"@id":"https:\/\/www.visit-ulcinj.com\/blog\/#website"},"primaryImageOfPage":{"@id":"https:\/\/www.visit-ulcinj.com\/blog\/2017\/05\/31\/vertetohet-vendimi-capriqit-ada-nuk-eshte-prone-e-rivieres-se-ulqinit\/#primaryimage"},"datePublished":"2017-05-31T12:10:21+00:00","dateModified":"2017-05-31T13:01:16+00:00","author":{"@id":"https:\/\/www.visit-ulcinj.com\/blog\/#\/schema\/person\/dcab619c614d3038751c63bc2aadc06d"},"description":"Ministria e financave ka v\u00ebrtetuar vendimin e shkall\u00ebs s\u00eb par\u00eb t\u00eb nj\u00ebsis\u00eb zonale t\u00eb Drejtoris\u00eb p\u00ebr patundshm\u00ebri n\u00eb Ulqin e cila n\u00eb fillim t\u00eb shkurtit t\u00eb","breadcrumb":{"@id":"https:\/\/www.visit-ulcinj.com\/blog\/2017\/05\/31\/vertetohet-vendimi-capriqit-ada-nuk-eshte-prone-e-rivieres-se-ulqinit\/#breadcrumb"},"inLanguage":"en-US","potentialAction":[{"@type":"ReadAction","target":["https:\/\/www.visit-ulcinj.com\/blog\/2017\/05\/31\/vertetohet-vendimi-capriqit-ada-nuk-eshte-prone-e-rivieres-se-ulqinit\/"]}]},{"@type":"BreadcrumbList","@id":"https:\/\/www.visit-ulcinj.com\/blog\/2017\/05\/31\/vertetohet-vendimi-capriqit-ada-nuk-eshte-prone-e-rivieres-se-ulqinit\/#breadcrumb","itemListElement":[{"@type":"ListItem","position":1,"name":"I vertetohet vendimi i \u00c7apriqit: Ada nuk \u00ebsht\u00eb pron\u00eb e \u201cRivier\u00ebs s\u00eb Ulqinit\u201d"}]},{"@type":"Person","@id":"https:\/\/www.visit-ulcinj.com\/blog\/#\/schema\/person\/dcab619c614d3038751c63bc2aadc06d","name":"ulqini","sameAs":["http:\/\/www.visit-ulcinj.com"],"url":"https:\/\/www.visit-ulcinj.com\/blog\/author\/admin\/"}]}},"jetpack_featured_media_url":"","jetpack_sharing_enabled":true,"jetpack_shortlink":"https:\/\/wp.me\/pe6lTn-rpd","_links":{"self":[{"href":"https:\/\/www.visit-ulcinj.com\/blog\/wp-json\/wp\/v2\/posts\/105351"}],"collection":[{"href":"https:\/\/www.visit-ulcinj.com\/blog\/wp-json\/wp\/v2\/posts"}],"about":[{"href":"https:\/\/www.visit-ulcinj.com\/blog\/wp-json\/wp\/v2\/types\/post"}],"author":[{"embeddable":true,"href":"https:\/\/www.visit-ulcinj.com\/blog\/wp-json\/wp\/v2\/users\/1"}],"replies":[{"embeddable":true,"href":"https:\/\/www.visit-ulcinj.com\/blog\/wp-json\/wp\/v2\/comments?post=105351"}],"version-history":[{"count":1,"href":"https:\/\/www.visit-ulcinj.com\/blog\/wp-json\/wp\/v2\/posts\/105351\/revisions"}],"predecessor-version":[{"id":105352,"href":"https:\/\/www.visit-ulcinj.com\/blog\/wp-json\/wp\/v2\/posts\/105351\/revisions\/105352"}],"wp:attachment":[{"href":"https:\/\/www.visit-ulcinj.com\/blog\/wp-json\/wp\/v2\/media?parent=105351"}],"wp:term":[{"taxonomy":"category","embeddable":true,"href":"https:\/\/www.visit-ulcinj.com\/blog\/wp-json\/wp\/v2\/categories?post=105351"},{"taxonomy":"post_tag","embeddable":true,"href":"https:\/\/www.visit-ulcinj.com\/blog\/wp-json\/wp\/v2\/tags?post=105351"}],"curies":[{"name":"wp","href":"https:\/\/api.w.org\/{rel}","templated":true}]}}