{"id":105353,"date":"2017-05-31T13:58:42","date_gmt":"2017-05-31T12:58:42","guid":{"rendered":"http:\/\/www.visit-ulcinj.com\/blog\/?p=105353"},"modified":"2017-06-07T14:12:27","modified_gmt":"2017-06-07T13:12:27","slug":"zana-e-ulqinit-shkelqeu-ne-schwabish-gmund-ne-gjermani","status":"publish","type":"post","link":"https:\/\/www.visit-ulcinj.com\/blog\/2017\/05\/31\/zana-e-ulqinit-shkelqeu-ne-schwabish-gmund-ne-gjermani\/","title":{"rendered":"\u201cZana e Ulqinit\u201d shk\u00eblqeu n\u00eb Schw\u00e4bish Gm\u00fcnd n\u00eb Gjermani &#8211; Video"},"content":{"rendered":"<p><a href=\"http:\/\/www.visit-ulcinj.com\/blog\/wp-content\/uploads\/2017\/05\/Zana-e-Ulqinit-shk\u00eblqeu-n\u00eb-Schw\u00e4bish-Gm\u00fcnd-n\u00eb-Gjermani-1.jpg\"><img loading=\"lazy\" class=\"alignleft wp-image-105354\" src=\"http:\/\/www.visit-ulcinj.com\/blog\/wp-content\/uploads\/2017\/05\/Zana-e-Ulqinit-shk\u00eblqeu-n\u00eb-Schw\u00e4bish-Gm\u00fcnd-n\u00eb-Gjermani-1.jpg\" alt=\"\" width=\"508\" height=\"270\" srcset=\"https:\/\/www.visit-ulcinj.com\/blog\/wp-content\/uploads\/2017\/05\/Zana-e-Ulqinit-shk\u00eblqeu-n\u00eb-Schw\u00e4bish-Gm\u00fcnd-n\u00eb-Gjermani-1.jpg 999w, https:\/\/www.visit-ulcinj.com\/blog\/wp-content\/uploads\/2017\/05\/Zana-e-Ulqinit-shk\u00eblqeu-n\u00eb-Schw\u00e4bish-Gm\u00fcnd-n\u00eb-Gjermani-1-300x159.jpg 300w, https:\/\/www.visit-ulcinj.com\/blog\/wp-content\/uploads\/2017\/05\/Zana-e-Ulqinit-shk\u00eblqeu-n\u00eb-Schw\u00e4bish-Gm\u00fcnd-n\u00eb-Gjermani-1-768x408.jpg 768w\" sizes=\"(max-width: 508px) 100vw, 508px\" \/><\/a>Duke u ngjitur n\u00eb sken\u00ebn e Teatrit &#8220;Schw\u00e4bish Gm\u00fcnd &#8220;, pas ansambleve &#8220;Folklori nga Rozhaja&#8221;\u00a0 dhe ansamblit SHKA&#8221;Zana e Ulqinit&#8221; Ansambli mahniti me performanc\u00eb t\u00eb shk\u00eblqyer, raporton portali TV Teuta.<\/p>\n<p>Lidhja e Asosiacioneve Malazeze n\u00eb Gjermani organizoni manifestim kulturoro artistik n\u00eb qytetin Schwabish Gmund. Pjes\u00eb e k\u00ebtij manifestimi ishte edhe ShKA \u201cZana\u00a0 e Ulqinit\u201d t\u00eb cil\u00ebt u prezantuan me vallen e peshkatarit dhe me \u00a0kolazhe t\u00eb k\u00ebng\u00ebve popullore. Dalja e tyre n\u00eb sken\u00eb ngjalli shume entuziaz\u00ebm dhe mori duartrokitjet e merituara t\u00eb publikut.<\/p>\n<!--YouTube Error: bad URL entered-->\n<p>Performanca e jasht\u00ebzakonsh\u00ebm e SHKA&#8221;Zana e Ulqinit&#8221;, me \u00e7ifte n\u00eb sken\u00eb, mbushi sken\u00ebn me figura t\u00eb ndryshme koreografike, me g\u00ebrshetime nga m\u00eb t\u00eb p\u00eblqyerat ndonj\u00ebher\u00eb n\u00eb sken\u00eb.<\/p>\n<p>SHKA&#8221;Zana e Ulqinit&#8221;, pjes\u00ebmarr\u00ebs n\u00eb shum\u00eb festivale n\u00ebp\u00ebr bot\u00eb, i nderuar me \u00e7mime t\u00eb shumta, edhe k\u00ebsaj here ishte n\u00eb nivelin m\u00eb t\u00eb lart\u00eb artistik, duke prezantuar kultur\u00ebn etno-koreografike t\u00eb t\u00eb gjitha trevave t\u00ebUlqinit.<\/p>\n<p>Interpretimi live nga orkestra e k\u00ebsaj shoqate si dhe paraqitja n\u00eb nivel e vall\u00ebtareve, b\u00ebri q\u00eb ato t\u00eb\u00a0dallohen nga t\u00eb tjer\u00ebt, duke hapur rrug\u00eb k\u00ebshtu edhe p\u00ebr pjesmarrje t\u00eb tjera n\u00eb manifestime t\u00eb ndryshme t\u00eb cilat do t\u00eb organizohen n\u00eb diaspor\u00eb.<\/p>\n<blockquote class=\"instagram-media\" style=\"background: #FFF; border: 0; border-radius: 3px; box-shadow: 0 0 1px 0 rgba(0,0,0,0.5),0 1px 10px 0 rgba(0,0,0,0.15); margin: 1px; max-width: 658px; padding: 0; width: calc(100% - 2px);\" data-instgrm-captioned=\"\" data-instgrm-version=\"7\">\n<div style=\"padding: 8px;\">\n<div style=\"background: #F8F8F8; line-height: 0; margin-top: 40px; padding: 28.749999999999996% 0; text-align: center; width: 100%;\"><\/div>\n<p style=\"margin: 8px 0 0 0; padding: 0 4px;\"><a style=\"color: #000; font-family: Arial,sans-serif; font-size: 14px; font-style: normal; font-weight: normal; line-height: 17px; text-decoration: none; word-wrap: break-word;\" href=\"https:\/\/www.instagram.com\/p\/BUt08EmgBsO\/\" target=\"_blank\">What happens in Germany stays in Germany &#x1f601;<\/a><\/p>\n<p style=\"color: #c9c8cd; font-family: Arial,sans-serif; font-size: 14px; line-height: 17px; margin-bottom: 0; margin-top: 8px; overflow: hidden; padding: 8px 0 7px; text-align: center; text-overflow: ellipsis; white-space: nowrap;\">A post shared by SHKA &#8221; Zana e Ulqinit &#8221; (@shka_zana_e_ulqinit) on <time style=\"font-family: Arial,sans-serif; font-size: 14px; line-height: 17px;\" datetime=\"2017-05-30T12:12:32+00:00\">May 30, 2017 at 5:12am PDT<\/time><\/p>\n<\/div>\n<\/blockquote>\n<p><script async defer src=\"\/\/platform.instagram.com\/en_US\/embeds.js\"><\/script><\/p>\n","protected":false},"excerpt":{"rendered":"<p>Duke u ngjitur n\u00eb sken\u00ebn e Teatrit &#8220;Schw\u00e4bish Gm\u00fcnd &#8220;, pas ansambleve &#8220;Folklori nga Rozhaja&#8221;\u00a0 dhe ansamblit SHKA&#8221;Zana e Ulqinit&#8221; Ansambli mahniti me performanc\u00eb t\u00eb shk\u00eblqyer, raporton portali TV Teuta. Lidhja e Asosiacioneve Malazeze n\u00eb Gjermani organizoni manifestim kulturoro artistik n\u00eb qytetin Schwabish Gmund. Pjes\u00eb e k\u00ebtij manifestimi ishte edhe ShKA \u201cZana\u00a0 e Ulqinit\u201d t\u00eb [&hellip;]<\/p>\n","protected":false},"author":1,"featured_media":0,"comment_status":"closed","ping_status":"closed","sticky":false,"template":"","format":"standard","meta":{"spay_email":"","jetpack_publicize_message":"","jetpack_is_tweetstorm":false,"jetpack_publicize_feature_enabled":true},"categories":[1],"tags":[],"jetpack_publicize_connections":[],"yoast_head":"<!-- This site is optimized with the Yoast SEO plugin v19.1 - https:\/\/yoast.com\/wordpress\/plugins\/seo\/ -->\n<title>\u201cZana e Ulqinit\u201d shk\u00eblqeu n\u00eb Schw\u00e4bish Gm\u00fcnd n\u00eb Gjermani - Video - Lajme nga Ulqini<\/title>\n<meta name=\"description\" content=\"Duke u ngjitur n\u00eb sken\u00ebn e Teatrit &quot;Schw\u00e4bish Gm\u00fcnd &quot;, pas ansambleve &quot;Folklori nga Rozhaja&quot;\u00a0 dhe ansamblit SHKA&quot;Zana e Ulqinit&quot; Ansambli mahniti me\" \/>\n<meta name=\"robots\" content=\"index, follow, max-snippet:-1, max-image-preview:large, max-video-preview:-1\" \/>\n<link rel=\"canonical\" href=\"https:\/\/www.visit-ulcinj.com\/blog\/2017\/05\/31\/zana-e-ulqinit-shkelqeu-ne-schwabish-gmund-ne-gjermani\/\" \/>\n<meta property=\"og:locale\" content=\"en_US\" \/>\n<meta property=\"og:type\" content=\"article\" \/>\n<meta property=\"og:title\" content=\"\u201cZana e Ulqinit\u201d shk\u00eblqeu n\u00eb Schw\u00e4bish Gm\u00fcnd n\u00eb Gjermani - Video - Lajme nga Ulqini\" \/>\n<meta property=\"og:description\" content=\"Duke u ngjitur n\u00eb sken\u00ebn e Teatrit &quot;Schw\u00e4bish Gm\u00fcnd &quot;, pas ansambleve &quot;Folklori nga Rozhaja&quot;\u00a0 dhe ansamblit SHKA&quot;Zana e Ulqinit&quot; Ansambli mahniti me\" \/>\n<meta property=\"og:url\" content=\"https:\/\/www.visit-ulcinj.com\/blog\/2017\/05\/31\/zana-e-ulqinit-shkelqeu-ne-schwabish-gmund-ne-gjermani\/\" \/>\n<meta property=\"og:site_name\" content=\"Lajme nga Ulqini\" \/>\n<meta property=\"article:published_time\" content=\"2017-05-31T12:58:42+00:00\" \/>\n<meta property=\"article:modified_time\" content=\"2017-06-07T13:12:27+00:00\" \/>\n<meta name=\"twitter:label1\" content=\"Written by\" \/>\n\t<meta name=\"twitter:data1\" content=\"ulqini\" \/>\n\t<meta name=\"twitter:label2\" content=\"Est. reading time\" \/>\n\t<meta name=\"twitter:data2\" content=\"1 minute\" \/>\n<script type=\"application\/ld+json\" class=\"yoast-schema-graph\">{\"@context\":\"https:\/\/schema.org\",\"@graph\":[{\"@type\":\"WebSite\",\"@id\":\"https:\/\/www.visit-ulcinj.com\/blog\/#website\",\"url\":\"https:\/\/www.visit-ulcinj.com\/blog\/\",\"name\":\"Lajme nga Ulqini\",\"description\":\"Lajme,Vijesti,Ulqini,Ulqin,Crna Gora,Mali i Zi\",\"potentialAction\":[{\"@type\":\"SearchAction\",\"target\":{\"@type\":\"EntryPoint\",\"urlTemplate\":\"https:\/\/www.visit-ulcinj.com\/blog\/?s={search_term_string}\"},\"query-input\":\"required name=search_term_string\"}],\"inLanguage\":\"en-US\"},{\"@type\":\"WebPage\",\"@id\":\"https:\/\/www.visit-ulcinj.com\/blog\/2017\/05\/31\/zana-e-ulqinit-shkelqeu-ne-schwabish-gmund-ne-gjermani\/#webpage\",\"url\":\"https:\/\/www.visit-ulcinj.com\/blog\/2017\/05\/31\/zana-e-ulqinit-shkelqeu-ne-schwabish-gmund-ne-gjermani\/\",\"name\":\"\u201cZana e Ulqinit\u201d shk\u00eblqeu n\u00eb Schw\u00e4bish Gm\u00fcnd n\u00eb Gjermani - Video - Lajme nga Ulqini\",\"isPartOf\":{\"@id\":\"https:\/\/www.visit-ulcinj.com\/blog\/#website\"},\"datePublished\":\"2017-05-31T12:58:42+00:00\",\"dateModified\":\"2017-06-07T13:12:27+00:00\",\"author\":{\"@id\":\"https:\/\/www.visit-ulcinj.com\/blog\/#\/schema\/person\/dcab619c614d3038751c63bc2aadc06d\"},\"description\":\"Duke u ngjitur n\u00eb sken\u00ebn e Teatrit \\\"Schw\u00e4bish Gm\u00fcnd \\\", pas ansambleve \\\"Folklori nga Rozhaja\\\"\u00a0 dhe ansamblit SHKA\\\"Zana e Ulqinit\\\" Ansambli mahniti me\",\"breadcrumb\":{\"@id\":\"https:\/\/www.visit-ulcinj.com\/blog\/2017\/05\/31\/zana-e-ulqinit-shkelqeu-ne-schwabish-gmund-ne-gjermani\/#breadcrumb\"},\"inLanguage\":\"en-US\",\"potentialAction\":[{\"@type\":\"ReadAction\",\"target\":[\"https:\/\/www.visit-ulcinj.com\/blog\/2017\/05\/31\/zana-e-ulqinit-shkelqeu-ne-schwabish-gmund-ne-gjermani\/\"]}]},{\"@type\":\"BreadcrumbList\",\"@id\":\"https:\/\/www.visit-ulcinj.com\/blog\/2017\/05\/31\/zana-e-ulqinit-shkelqeu-ne-schwabish-gmund-ne-gjermani\/#breadcrumb\",\"itemListElement\":[{\"@type\":\"ListItem\",\"position\":1,\"name\":\"\u201cZana e Ulqinit\u201d shk\u00eblqeu n\u00eb Schw\u00e4bish Gm\u00fcnd n\u00eb Gjermani &#8211; Video\"}]},{\"@type\":\"Person\",\"@id\":\"https:\/\/www.visit-ulcinj.com\/blog\/#\/schema\/person\/dcab619c614d3038751c63bc2aadc06d\",\"name\":\"ulqini\",\"sameAs\":[\"http:\/\/www.visit-ulcinj.com\"],\"url\":\"https:\/\/www.visit-ulcinj.com\/blog\/author\/admin\/\"}]}<\/script>\n<!-- \/ Yoast SEO plugin. -->","yoast_head_json":{"title":"\u201cZana e Ulqinit\u201d shk\u00eblqeu n\u00eb Schw\u00e4bish Gm\u00fcnd n\u00eb Gjermani - Video - Lajme nga Ulqini","description":"Duke u ngjitur n\u00eb sken\u00ebn e Teatrit \"Schw\u00e4bish Gm\u00fcnd \", pas ansambleve \"Folklori nga Rozhaja\"\u00a0 dhe ansamblit SHKA\"Zana e Ulqinit\" Ansambli mahniti me","robots":{"index":"index","follow":"follow","max-snippet":"max-snippet:-1","max-image-preview":"max-image-preview:large","max-video-preview":"max-video-preview:-1"},"canonical":"https:\/\/www.visit-ulcinj.com\/blog\/2017\/05\/31\/zana-e-ulqinit-shkelqeu-ne-schwabish-gmund-ne-gjermani\/","og_locale":"en_US","og_type":"article","og_title":"\u201cZana e Ulqinit\u201d shk\u00eblqeu n\u00eb Schw\u00e4bish Gm\u00fcnd n\u00eb Gjermani - Video - Lajme nga Ulqini","og_description":"Duke u ngjitur n\u00eb sken\u00ebn e Teatrit \"Schw\u00e4bish Gm\u00fcnd \", pas ansambleve \"Folklori nga Rozhaja\"\u00a0 dhe ansamblit SHKA\"Zana e Ulqinit\" Ansambli mahniti me","og_url":"https:\/\/www.visit-ulcinj.com\/blog\/2017\/05\/31\/zana-e-ulqinit-shkelqeu-ne-schwabish-gmund-ne-gjermani\/","og_site_name":"Lajme nga Ulqini","article_published_time":"2017-05-31T12:58:42+00:00","article_modified_time":"2017-06-07T13:12:27+00:00","twitter_misc":{"Written by":"ulqini","Est. reading time":"1 minute"},"schema":{"@context":"https:\/\/schema.org","@graph":[{"@type":"WebSite","@id":"https:\/\/www.visit-ulcinj.com\/blog\/#website","url":"https:\/\/www.visit-ulcinj.com\/blog\/","name":"Lajme nga Ulqini","description":"Lajme,Vijesti,Ulqini,Ulqin,Crna Gora,Mali i Zi","potentialAction":[{"@type":"SearchAction","target":{"@type":"EntryPoint","urlTemplate":"https:\/\/www.visit-ulcinj.com\/blog\/?s={search_term_string}"},"query-input":"required name=search_term_string"}],"inLanguage":"en-US"},{"@type":"WebPage","@id":"https:\/\/www.visit-ulcinj.com\/blog\/2017\/05\/31\/zana-e-ulqinit-shkelqeu-ne-schwabish-gmund-ne-gjermani\/#webpage","url":"https:\/\/www.visit-ulcinj.com\/blog\/2017\/05\/31\/zana-e-ulqinit-shkelqeu-ne-schwabish-gmund-ne-gjermani\/","name":"\u201cZana e Ulqinit\u201d shk\u00eblqeu n\u00eb Schw\u00e4bish Gm\u00fcnd n\u00eb Gjermani - Video - Lajme nga Ulqini","isPartOf":{"@id":"https:\/\/www.visit-ulcinj.com\/blog\/#website"},"datePublished":"2017-05-31T12:58:42+00:00","dateModified":"2017-06-07T13:12:27+00:00","author":{"@id":"https:\/\/www.visit-ulcinj.com\/blog\/#\/schema\/person\/dcab619c614d3038751c63bc2aadc06d"},"description":"Duke u ngjitur n\u00eb sken\u00ebn e Teatrit \"Schw\u00e4bish Gm\u00fcnd \", pas ansambleve \"Folklori nga Rozhaja\"\u00a0 dhe ansamblit SHKA\"Zana e Ulqinit\" Ansambli mahniti me","breadcrumb":{"@id":"https:\/\/www.visit-ulcinj.com\/blog\/2017\/05\/31\/zana-e-ulqinit-shkelqeu-ne-schwabish-gmund-ne-gjermani\/#breadcrumb"},"inLanguage":"en-US","potentialAction":[{"@type":"ReadAction","target":["https:\/\/www.visit-ulcinj.com\/blog\/2017\/05\/31\/zana-e-ulqinit-shkelqeu-ne-schwabish-gmund-ne-gjermani\/"]}]},{"@type":"BreadcrumbList","@id":"https:\/\/www.visit-ulcinj.com\/blog\/2017\/05\/31\/zana-e-ulqinit-shkelqeu-ne-schwabish-gmund-ne-gjermani\/#breadcrumb","itemListElement":[{"@type":"ListItem","position":1,"name":"\u201cZana e Ulqinit\u201d shk\u00eblqeu n\u00eb Schw\u00e4bish Gm\u00fcnd n\u00eb Gjermani &#8211; Video"}]},{"@type":"Person","@id":"https:\/\/www.visit-ulcinj.com\/blog\/#\/schema\/person\/dcab619c614d3038751c63bc2aadc06d","name":"ulqini","sameAs":["http:\/\/www.visit-ulcinj.com"],"url":"https:\/\/www.visit-ulcinj.com\/blog\/author\/admin\/"}]}},"jetpack_featured_media_url":"","jetpack_sharing_enabled":true,"jetpack_shortlink":"https:\/\/wp.me\/pe6lTn-rpf","_links":{"self":[{"href":"https:\/\/www.visit-ulcinj.com\/blog\/wp-json\/wp\/v2\/posts\/105353"}],"collection":[{"href":"https:\/\/www.visit-ulcinj.com\/blog\/wp-json\/wp\/v2\/posts"}],"about":[{"href":"https:\/\/www.visit-ulcinj.com\/blog\/wp-json\/wp\/v2\/types\/post"}],"author":[{"embeddable":true,"href":"https:\/\/www.visit-ulcinj.com\/blog\/wp-json\/wp\/v2\/users\/1"}],"replies":[{"embeddable":true,"href":"https:\/\/www.visit-ulcinj.com\/blog\/wp-json\/wp\/v2\/comments?post=105353"}],"version-history":[{"count":3,"href":"https:\/\/www.visit-ulcinj.com\/blog\/wp-json\/wp\/v2\/posts\/105353\/revisions"}],"predecessor-version":[{"id":105483,"href":"https:\/\/www.visit-ulcinj.com\/blog\/wp-json\/wp\/v2\/posts\/105353\/revisions\/105483"}],"wp:attachment":[{"href":"https:\/\/www.visit-ulcinj.com\/blog\/wp-json\/wp\/v2\/media?parent=105353"}],"wp:term":[{"taxonomy":"category","embeddable":true,"href":"https:\/\/www.visit-ulcinj.com\/blog\/wp-json\/wp\/v2\/categories?post=105353"},{"taxonomy":"post_tag","embeddable":true,"href":"https:\/\/www.visit-ulcinj.com\/blog\/wp-json\/wp\/v2\/tags?post=105353"}],"curies":[{"name":"wp","href":"https:\/\/api.w.org\/{rel}","templated":true}]}}