{"id":105357,"date":"2017-05-31T14:53:27","date_gmt":"2017-05-31T13:53:27","guid":{"rendered":"http:\/\/www.visit-ulcinj.com\/blog\/?p=105357"},"modified":"2017-05-31T14:54:13","modified_gmt":"2017-05-31T13:54:13","slug":"bratimljenje-gradova-schwabisch-gmund-ulcinja","status":"publish","type":"post","link":"https:\/\/www.visit-ulcinj.com\/blog\/2017\/05\/31\/bratimljenje-gradova-schwabisch-gmund-ulcinja\/","title":{"rendered":"Bratimljenje gradova Schwabisch Gmund i Ulcinja"},"content":{"rendered":"<p><strong><a href=\"http:\/\/www.visit-ulcinj.com\/blog\/wp-content\/uploads\/2017\/05\/Ulqini-dhe-Schw\u00e4bish-Gm\u00fcnd-n\u00eb-Gjermani-firmosin-marr\u00ebveshje-binjak\u00ebzimi.jpg\"><img loading=\"lazy\" class=\"alignleft wp-image-105291\" src=\"http:\/\/www.visit-ulcinj.com\/blog\/wp-content\/uploads\/2017\/05\/Ulqini-dhe-Schw\u00e4bish-Gm\u00fcnd-n\u00eb-Gjermani-firmosin-marr\u00ebveshje-binjak\u00ebzimi.jpg\" alt=\"\" width=\"508\" height=\"381\" srcset=\"https:\/\/www.visit-ulcinj.com\/blog\/wp-content\/uploads\/2017\/05\/Ulqini-dhe-Schw\u00e4bish-Gm\u00fcnd-n\u00eb-Gjermani-firmosin-marr\u00ebveshje-binjak\u00ebzimi.jpg 960w, https:\/\/www.visit-ulcinj.com\/blog\/wp-content\/uploads\/2017\/05\/Ulqini-dhe-Schw\u00e4bish-Gm\u00fcnd-n\u00eb-Gjermani-firmosin-marr\u00ebveshje-binjak\u00ebzimi-300x225.jpg 300w, https:\/\/www.visit-ulcinj.com\/blog\/wp-content\/uploads\/2017\/05\/Ulqini-dhe-Schw\u00e4bish-Gm\u00fcnd-n\u00eb-Gjermani-firmosin-marr\u00ebveshje-binjak\u00ebzimi-768x576.jpg 768w\" sizes=\"(max-width: 508px) 100vw, 508px\" \/><\/a>U Subotu, 27 Maja 2017 godine sve\u010dano i dostojanstveno, kako i prili\u010di velikom prazniku, Savez crnogorskih asocijacija u Njema\u010dkoj (SCANJ-a), brojni uzvanici, g<span class=\"text_exposed_show\">osti i prijatelji Crne Gore obilje\u017eili su u njema\u010dkom gradu Schw\u00e4bisch Gm\u00fcnd &#8220;DAN NEZAVISNOSTI CRNE GORE&#8221;.<\/span><\/strong><\/p>\n<div class=\"text_exposed_show\">\n<p>U prijepodnevnim \u010dasovima obavljena je ceremonija bratimljenja njema\u010dkog grada Schw\u00e4bisch Gm\u00fcnd sa gradom Ulicnj iz Crne Gore.Ve\u010dernje okupljanje bilo je u znak bratimljenja gradova Schwabisch Gmund i Ulcinja, a gradona\u010denici gospoda Arnold i Cungu verifikovali su svojim potpisima povezivanje ova dva grada.<\/p>\n<p><a href=\"http:\/\/www.visit-ulcinj.com\/blog\/wp-content\/uploads\/2017\/05\/Ulqini-dhe-Schw\u00e4bish-Gm\u00fcnd-n\u00eb-Gjermani-firmosin-marr\u00ebveshje-binjak\u00ebzimi-1.jpg\"><img loading=\"lazy\" class=\"alignleft wp-image-105292\" src=\"http:\/\/www.visit-ulcinj.com\/blog\/wp-content\/uploads\/2017\/05\/Ulqini-dhe-Schw\u00e4bish-Gm\u00fcnd-n\u00eb-Gjermani-firmosin-marr\u00ebveshje-binjak\u00ebzimi-1.jpg\" alt=\"\" width=\"508\" height=\"381\" srcset=\"https:\/\/www.visit-ulcinj.com\/blog\/wp-content\/uploads\/2017\/05\/Ulqini-dhe-Schw\u00e4bish-Gm\u00fcnd-n\u00eb-Gjermani-firmosin-marr\u00ebveshje-binjak\u00ebzimi-1.jpg 960w, https:\/\/www.visit-ulcinj.com\/blog\/wp-content\/uploads\/2017\/05\/Ulqini-dhe-Schw\u00e4bish-Gm\u00fcnd-n\u00eb-Gjermani-firmosin-marr\u00ebveshje-binjak\u00ebzimi-1-300x225.jpg 300w, https:\/\/www.visit-ulcinj.com\/blog\/wp-content\/uploads\/2017\/05\/Ulqini-dhe-Schw\u00e4bish-Gm\u00fcnd-n\u00eb-Gjermani-firmosin-marr\u00ebveshje-binjak\u00ebzimi-1-768x576.jpg 768w\" sizes=\"(max-width: 508px) 100vw, 508px\" \/><\/a><\/p>\n<p><strong>Pripremio: Osman Destanovi\u0107<\/strong><\/p>\n<p>Njema\u010dka regija \u0160vabija do sada nije vidjela tako uspje\u0161nu kulturno-umijetni\u010dku manifestaciju sa ex.jugoslovenskih prostora kao \u0161to je bila &#8220;11 Majska zora &#8221; u organizaciji Saveza crnogorskih asocijacija &#8211; Njema\u010dka e.V. (SCANJ) na \u010delu sa predsjednikom gospodinom Rifatom Stankovi\u0107em.<\/p>\n<p>Ovom dogadjaju pored na\u0161ih sugradjana sa boravkom iz regije \u0160tudgart a bilo je i onih koji su doputovali iz Austrije, \u0160vajcarske i udaljenijih pokrajina i gradova sa sjevera Njema\u010dke, prisustvovali su i gosti iz domovine.<\/p>\n<p><a href=\"http:\/\/www.visit-ulcinj.com\/blog\/wp-content\/uploads\/2017\/05\/Rifat-Stankovic.jpg\"><img loading=\"lazy\" class=\"alignleft wp-image-105358\" src=\"http:\/\/www.visit-ulcinj.com\/blog\/wp-content\/uploads\/2017\/05\/Rifat-Stankovic.jpg\" alt=\"\" width=\"508\" height=\"285\" srcset=\"https:\/\/www.visit-ulcinj.com\/blog\/wp-content\/uploads\/2017\/05\/Rifat-Stankovic.jpg 960w, https:\/\/www.visit-ulcinj.com\/blog\/wp-content\/uploads\/2017\/05\/Rifat-Stankovic-300x168.jpg 300w, https:\/\/www.visit-ulcinj.com\/blog\/wp-content\/uploads\/2017\/05\/Rifat-Stankovic-768x430.jpg 768w\" sizes=\"(max-width: 508px) 100vw, 508px\" \/><\/a><\/p>\n<p>Pozivu organizatora odazvali su se brojni gosti i zvanice. Od zvani\u010dnika iz domovine za ovu priliku su doputovali: gospodin Predrag Mitrovi\u0107, direktor Uprave za dijasporu u Vladi Republike Crne Gore, gospodin Nazif Cungu, gradona\u010delnik Ulcinja, Predsjednik skup\u0161tine op\u0161tine Ulcinj gospodin Loro Nreki\u0107, Predsjednik Odbora za me\u0111unarodne odnose u Skup\u0161tini Republike Crne Gore gospodin Andrija Nikoli\u0107, \u010dlan pomenutog Odbora i \u0161ef Kluba poslanika manjinskih partija u Skup\u0161tini Crne Gore gospodin Ervin Ibrahimovi\u0107, sekretar Odbora gospodin Jasmin Bojad\u017ei\u0107, Generalni konzul Crne Gore u Frankfurtu gospodin Branislav Karad\u017ei\u0107 i konzul Crne Gore gospodin Dejan Vukovi\u0107. Veoma zna\u010dajno je bilo i prisustvo Prvog gradona\u010delnika dr. Joakim Blaze, gradona\u010delnika Schwabisch Gmund koji je odr\u017eao veoma nadahnut i prijatelljski govor.<br \/>\nUz znala\u010dko i visokosofisticirano moderiranje programa, gospodje Semre Islamovi\u0107 \u0160ukurica i gospodina Voja Jestrovi\u0107a, redjale su se ta\u010dke programa jedna za drugom, a voditelji ove nezaboravne ve\u010deri odu\u0161evili su sve jednako kao i predivne scene folklora nastupaju\u0107ih u\u010desnika.<\/p>\n<p>&nbsp;<\/p>\n<p><strong>Program<\/strong><\/p>\n<p>&#8220;Sre\u0107na je zemlja koja na svojoj proslavi \u010duje korake crnogorskog orga, bo\u0161nja\u010dkih igara iz Sandzaka, albanske \u0161ote&#8230; Neka je vije\u010dna Crna Gora i neka su vije\u010dni svi njeni narodi sa svim svojim razlikama&#8221;!!!<br \/>\nMisli su preto\u010dene u rije\u010di moderatorke Semre Islamovi\u0107 \u0160ukurica, kojima je otpo\u010dela programsku \u0161emu. Ujedno izri\u010du\u0107i i moto ove nezaboravne ve\u010deri, te pozvala prisutne da odslu\u0161aju himne Crne Gore i Njema\u010dke.<\/p>\n<p>Himne obije dr\u017eave izvela je na klaviru poznata diva klasi\u010dne muzike pijanistkinja Marjam Saakova porijeklom iz Jerevana &#8211; Armenija. Saakova je docent na Peter-Cornelius-Konservatorium grada Mainza poznata i priznata umjetnica sa nastupima \u0161irom Evrope i USA.<\/p>\n<p><a href=\"http:\/\/www.visit-ulcinj.com\/blog\/wp-content\/uploads\/2017\/05\/Bratimljenje-gradova-Schwabisch-Gmund-i-Ulcinja-Rozhaje.jpg\"><img loading=\"lazy\" class=\"alignleft wp-image-105360\" src=\"http:\/\/www.visit-ulcinj.com\/blog\/wp-content\/uploads\/2017\/05\/Bratimljenje-gradova-Schwabisch-Gmund-i-Ulcinja-Rozhaje.jpg\" alt=\"\" width=\"508\" height=\"285\" srcset=\"https:\/\/www.visit-ulcinj.com\/blog\/wp-content\/uploads\/2017\/05\/Bratimljenje-gradova-Schwabisch-Gmund-i-Ulcinja-Rozhaje.jpg 960w, https:\/\/www.visit-ulcinj.com\/blog\/wp-content\/uploads\/2017\/05\/Bratimljenje-gradova-Schwabisch-Gmund-i-Ulcinja-Rozhaje-300x168.jpg 300w, https:\/\/www.visit-ulcinj.com\/blog\/wp-content\/uploads\/2017\/05\/Bratimljenje-gradova-Schwabisch-Gmund-i-Ulcinja-Rozhaje-768x430.jpg 768w\" sizes=\"(max-width: 508px) 100vw, 508px\" \/><\/a><\/p>\n<p>Po intoniranju himni gostima se obratio predsjednik SCANJ-a, gospodin Rifat Stankovi\u0107, a onda i drugi govornici, posebni gosti ve\u010deri iz domovine: Generalni konzul Crne Gore Branislav Karadzi\u0107, Predrag Mitrovi\u0107, direktor Uprave za dijasporu, Predsjednik Odbora za me\u0111unarodne odnose u Skup\u0161tini Republike Crne Gore Andrija Nikoli\u0107, \u0161ef Kluba poslanika manjinskih partija u Skup\u0161tini Crne Gore gospodin Ervin Ibrahimovi\u0107, gospodin Nazif Cungu, gradona\u010delnik Ulcinja,Prvi gradona\u010delnik dr. Joakim Blaze i gospodin Nenad Popovi\u0107 Predsjednik savjeta za dijasporu Crne Gore.<\/p>\n<p>Nakon govora gostiju uslijedila je podjela priznanja \u010dlanovima saveza, njihovim sponzorima i prijateljima, a onda je nastupila pijanistkinja Mariam Saakova sa svoje tri sonate za klavir. Dugotrajni aplauz na kraju nastupa zahvala je za prire\u0111enu izvanrednu ve\u010der, ve\u010der za pam\u0107enje i u\u017eitak.<\/p>\n<p><a href=\"http:\/\/www.visit-ulcinj.com\/blog\/wp-content\/uploads\/2017\/05\/Bratimljenje-gradova-Schwabisch-Gmund-i-Ulcinja-Zana.jpg\"><img loading=\"lazy\" class=\"alignleft wp-image-105359\" src=\"http:\/\/www.visit-ulcinj.com\/blog\/wp-content\/uploads\/2017\/05\/Bratimljenje-gradova-Schwabisch-Gmund-i-Ulcinja-Zana.jpg\" alt=\"\" width=\"508\" height=\"285\" srcset=\"https:\/\/www.visit-ulcinj.com\/blog\/wp-content\/uploads\/2017\/05\/Bratimljenje-gradova-Schwabisch-Gmund-i-Ulcinja-Zana.jpg 960w, https:\/\/www.visit-ulcinj.com\/blog\/wp-content\/uploads\/2017\/05\/Bratimljenje-gradova-Schwabisch-Gmund-i-Ulcinja-Zana-300x168.jpg 300w, https:\/\/www.visit-ulcinj.com\/blog\/wp-content\/uploads\/2017\/05\/Bratimljenje-gradova-Schwabisch-Gmund-i-Ulcinja-Zana-768x430.jpg 768w\" sizes=\"(max-width: 508px) 100vw, 508px\" \/><\/a><\/p>\n<p>Folklorni ansambl iz Ro\u017eaja nastupom crnogorskim orom najavio je spektakularnu kulturno-umijetni\u010dku priredbu, poslije \u010dega su se naizmjeni\u010dno redjali predivni prizori KUD &#8221; ZANA&#8221; iz Ulcinja. Publika je imala priliku vidjeti na jednom mjestu &#8220;Crnogorsko oro&#8221;, igre iz Sandzaka i albansku \u0161otu, simbiozu razli\u010ditih kultura koje \u010dine jedinstveno \u0161arenilo i cijelinu \u0161to na najbolji na\u010din prezentuje dana\u0161nju Crnu Goru, njenu kulturu i tradiciju.<\/p>\n<p>Po okon\u010danju kulturno-umijetni\u010dkog dijela programa nastupio je muzi\u010dki program u kome su u\u010de\u0161\u0107e uzeli poznati estradni umjetnici Beki Beki\u0107, Maja Marijana i Safet li\u010dina. Uz igru i pjesmu prisutni gosti nastavili su slaviti svoj praznik do kasnih ve\u010dernjih sati.<\/p>\n<p><strong>Izvor: <span class=\"_1nb_ fwn fcg\" data-ft=\"{&quot;tn&quot;:&quot;C&quot;}\"><span class=\"fcg\"><span class=\"fwb\"><a id=\"js_eif\" class=\"profileLink\" href=\"https:\/\/www.facebook.com\/udbk.njemacka\/?hc_ref=SEARCH\" data-ft=\"{&quot;tn&quot;:&quot;k&quot;}\" data-hovercard=\"\/ajax\/hovercard\/page.php?id=364063773798656&amp;extragetparams=%7B%22hc_ref%22%3A%22SEARCH%22%7D\" data-hovercard-prefer-more-content-show=\"1\" data-hovercard-referer=\"SEARCH\" data-hovercard-obj-id=\"364063773798656\">Dijaspora Bosnjaka Kosova Facebook<\/a><\/span><\/span><\/span><\/strong><\/p>\n<\/div>\n","protected":false},"excerpt":{"rendered":"<p>U Subotu, 27 Maja 2017 godine sve\u010dano i dostojanstveno, kako i prili\u010di velikom prazniku, Savez crnogorskih asocijacija u Njema\u010dkoj (SCANJ-a), brojni uzvanici, gosti i prijatelji Crne Gore obilje\u017eili su u njema\u010dkom gradu Schw\u00e4bisch Gm\u00fcnd &#8220;DAN NEZAVISNOSTI CRNE GORE&#8221;. U prijepodnevnim \u010dasovima obavljena je ceremonija bratimljenja njema\u010dkog grada Schw\u00e4bisch Gm\u00fcnd sa gradom Ulicnj iz Crne Gore.Ve\u010dernje [&hellip;]<\/p>\n","protected":false},"author":1,"featured_media":0,"comment_status":"closed","ping_status":"closed","sticky":false,"template":"","format":"standard","meta":{"spay_email":"","jetpack_publicize_message":"","jetpack_is_tweetstorm":false,"jetpack_publicize_feature_enabled":true},"categories":[8337],"tags":[],"jetpack_publicize_connections":[],"yoast_head":"<!-- This site is optimized with the Yoast SEO plugin v19.1 - https:\/\/yoast.com\/wordpress\/plugins\/seo\/ -->\n<title>Bratimljenje gradova Schwabisch Gmund i Ulcinja - Lajme nga Ulqini<\/title>\n<meta name=\"description\" content=\"U Subotu, 27 Maja 2017 godine sve\u010dano i dostojanstveno, kako i prili\u010di velikom prazniku, Savez crnogorskih asocijacija u Njema\u010dkoj (SCANJ-a), brojni\" \/>\n<meta name=\"robots\" content=\"index, follow, max-snippet:-1, max-image-preview:large, max-video-preview:-1\" \/>\n<link rel=\"canonical\" href=\"https:\/\/www.visit-ulcinj.com\/blog\/2017\/05\/31\/bratimljenje-gradova-schwabisch-gmund-ulcinja\/\" \/>\n<meta property=\"og:locale\" content=\"en_US\" \/>\n<meta property=\"og:type\" content=\"article\" \/>\n<meta property=\"og:title\" content=\"Bratimljenje gradova Schwabisch Gmund i Ulcinja - Lajme nga Ulqini\" \/>\n<meta property=\"og:description\" content=\"U Subotu, 27 Maja 2017 godine sve\u010dano i dostojanstveno, kako i prili\u010di velikom prazniku, Savez crnogorskih asocijacija u Njema\u010dkoj (SCANJ-a), brojni\" \/>\n<meta property=\"og:url\" content=\"https:\/\/www.visit-ulcinj.com\/blog\/2017\/05\/31\/bratimljenje-gradova-schwabisch-gmund-ulcinja\/\" \/>\n<meta property=\"og:site_name\" content=\"Lajme nga Ulqini\" \/>\n<meta property=\"article:published_time\" content=\"2017-05-31T13:53:27+00:00\" \/>\n<meta property=\"article:modified_time\" content=\"2017-05-31T13:54:13+00:00\" \/>\n<meta property=\"og:image\" content=\"http:\/\/www.visit-ulcinj.com\/blog\/wp-content\/uploads\/2017\/05\/Rifat-Stankovic.jpg\" \/>\n<meta name=\"twitter:label1\" content=\"Written by\" \/>\n\t<meta name=\"twitter:data1\" content=\"ulqini\" \/>\n\t<meta name=\"twitter:label2\" content=\"Est. reading time\" \/>\n\t<meta name=\"twitter:data2\" content=\"4 minutes\" \/>\n<script type=\"application\/ld+json\" class=\"yoast-schema-graph\">{\"@context\":\"https:\/\/schema.org\",\"@graph\":[{\"@type\":\"WebSite\",\"@id\":\"https:\/\/www.visit-ulcinj.com\/blog\/#website\",\"url\":\"https:\/\/www.visit-ulcinj.com\/blog\/\",\"name\":\"Lajme nga Ulqini\",\"description\":\"Lajme,Vijesti,Ulqini,Ulqin,Crna Gora,Mali i Zi\",\"potentialAction\":[{\"@type\":\"SearchAction\",\"target\":{\"@type\":\"EntryPoint\",\"urlTemplate\":\"https:\/\/www.visit-ulcinj.com\/blog\/?s={search_term_string}\"},\"query-input\":\"required name=search_term_string\"}],\"inLanguage\":\"en-US\"},{\"@type\":\"ImageObject\",\"inLanguage\":\"en-US\",\"@id\":\"https:\/\/www.visit-ulcinj.com\/blog\/2017\/05\/31\/bratimljenje-gradova-schwabisch-gmund-ulcinja\/#primaryimage\",\"url\":\"https:\/\/www.visit-ulcinj.com\/blog\/wp-content\/uploads\/2017\/05\/Rifat-Stankovic.jpg\",\"contentUrl\":\"https:\/\/www.visit-ulcinj.com\/blog\/wp-content\/uploads\/2017\/05\/Rifat-Stankovic.jpg\",\"width\":960,\"height\":538},{\"@type\":\"WebPage\",\"@id\":\"https:\/\/www.visit-ulcinj.com\/blog\/2017\/05\/31\/bratimljenje-gradova-schwabisch-gmund-ulcinja\/#webpage\",\"url\":\"https:\/\/www.visit-ulcinj.com\/blog\/2017\/05\/31\/bratimljenje-gradova-schwabisch-gmund-ulcinja\/\",\"name\":\"Bratimljenje gradova Schwabisch Gmund i Ulcinja - Lajme nga Ulqini\",\"isPartOf\":{\"@id\":\"https:\/\/www.visit-ulcinj.com\/blog\/#website\"},\"primaryImageOfPage\":{\"@id\":\"https:\/\/www.visit-ulcinj.com\/blog\/2017\/05\/31\/bratimljenje-gradova-schwabisch-gmund-ulcinja\/#primaryimage\"},\"datePublished\":\"2017-05-31T13:53:27+00:00\",\"dateModified\":\"2017-05-31T13:54:13+00:00\",\"author\":{\"@id\":\"https:\/\/www.visit-ulcinj.com\/blog\/#\/schema\/person\/dcab619c614d3038751c63bc2aadc06d\"},\"description\":\"U Subotu, 27 Maja 2017 godine sve\u010dano i dostojanstveno, kako i prili\u010di velikom prazniku, Savez crnogorskih asocijacija u Njema\u010dkoj (SCANJ-a), brojni\",\"breadcrumb\":{\"@id\":\"https:\/\/www.visit-ulcinj.com\/blog\/2017\/05\/31\/bratimljenje-gradova-schwabisch-gmund-ulcinja\/#breadcrumb\"},\"inLanguage\":\"en-US\",\"potentialAction\":[{\"@type\":\"ReadAction\",\"target\":[\"https:\/\/www.visit-ulcinj.com\/blog\/2017\/05\/31\/bratimljenje-gradova-schwabisch-gmund-ulcinja\/\"]}]},{\"@type\":\"BreadcrumbList\",\"@id\":\"https:\/\/www.visit-ulcinj.com\/blog\/2017\/05\/31\/bratimljenje-gradova-schwabisch-gmund-ulcinja\/#breadcrumb\",\"itemListElement\":[{\"@type\":\"ListItem\",\"position\":1,\"name\":\"Bratimljenje gradova Schwabisch Gmund i Ulcinja\"}]},{\"@type\":\"Person\",\"@id\":\"https:\/\/www.visit-ulcinj.com\/blog\/#\/schema\/person\/dcab619c614d3038751c63bc2aadc06d\",\"name\":\"ulqini\",\"sameAs\":[\"http:\/\/www.visit-ulcinj.com\"],\"url\":\"https:\/\/www.visit-ulcinj.com\/blog\/author\/admin\/\"}]}<\/script>\n<!-- \/ Yoast SEO plugin. -->","yoast_head_json":{"title":"Bratimljenje gradova Schwabisch Gmund i Ulcinja - Lajme nga Ulqini","description":"U Subotu, 27 Maja 2017 godine sve\u010dano i dostojanstveno, kako i prili\u010di velikom prazniku, Savez crnogorskih asocijacija u Njema\u010dkoj (SCANJ-a), brojni","robots":{"index":"index","follow":"follow","max-snippet":"max-snippet:-1","max-image-preview":"max-image-preview:large","max-video-preview":"max-video-preview:-1"},"canonical":"https:\/\/www.visit-ulcinj.com\/blog\/2017\/05\/31\/bratimljenje-gradova-schwabisch-gmund-ulcinja\/","og_locale":"en_US","og_type":"article","og_title":"Bratimljenje gradova Schwabisch Gmund i Ulcinja - Lajme nga Ulqini","og_description":"U Subotu, 27 Maja 2017 godine sve\u010dano i dostojanstveno, kako i prili\u010di velikom prazniku, Savez crnogorskih asocijacija u Njema\u010dkoj (SCANJ-a), brojni","og_url":"https:\/\/www.visit-ulcinj.com\/blog\/2017\/05\/31\/bratimljenje-gradova-schwabisch-gmund-ulcinja\/","og_site_name":"Lajme nga Ulqini","article_published_time":"2017-05-31T13:53:27+00:00","article_modified_time":"2017-05-31T13:54:13+00:00","og_image":[{"url":"http:\/\/www.visit-ulcinj.com\/blog\/wp-content\/uploads\/2017\/05\/Rifat-Stankovic.jpg"}],"twitter_misc":{"Written by":"ulqini","Est. reading time":"4 minutes"},"schema":{"@context":"https:\/\/schema.org","@graph":[{"@type":"WebSite","@id":"https:\/\/www.visit-ulcinj.com\/blog\/#website","url":"https:\/\/www.visit-ulcinj.com\/blog\/","name":"Lajme nga Ulqini","description":"Lajme,Vijesti,Ulqini,Ulqin,Crna Gora,Mali i Zi","potentialAction":[{"@type":"SearchAction","target":{"@type":"EntryPoint","urlTemplate":"https:\/\/www.visit-ulcinj.com\/blog\/?s={search_term_string}"},"query-input":"required name=search_term_string"}],"inLanguage":"en-US"},{"@type":"ImageObject","inLanguage":"en-US","@id":"https:\/\/www.visit-ulcinj.com\/blog\/2017\/05\/31\/bratimljenje-gradova-schwabisch-gmund-ulcinja\/#primaryimage","url":"https:\/\/www.visit-ulcinj.com\/blog\/wp-content\/uploads\/2017\/05\/Rifat-Stankovic.jpg","contentUrl":"https:\/\/www.visit-ulcinj.com\/blog\/wp-content\/uploads\/2017\/05\/Rifat-Stankovic.jpg","width":960,"height":538},{"@type":"WebPage","@id":"https:\/\/www.visit-ulcinj.com\/blog\/2017\/05\/31\/bratimljenje-gradova-schwabisch-gmund-ulcinja\/#webpage","url":"https:\/\/www.visit-ulcinj.com\/blog\/2017\/05\/31\/bratimljenje-gradova-schwabisch-gmund-ulcinja\/","name":"Bratimljenje gradova Schwabisch Gmund i Ulcinja - Lajme nga Ulqini","isPartOf":{"@id":"https:\/\/www.visit-ulcinj.com\/blog\/#website"},"primaryImageOfPage":{"@id":"https:\/\/www.visit-ulcinj.com\/blog\/2017\/05\/31\/bratimljenje-gradova-schwabisch-gmund-ulcinja\/#primaryimage"},"datePublished":"2017-05-31T13:53:27+00:00","dateModified":"2017-05-31T13:54:13+00:00","author":{"@id":"https:\/\/www.visit-ulcinj.com\/blog\/#\/schema\/person\/dcab619c614d3038751c63bc2aadc06d"},"description":"U Subotu, 27 Maja 2017 godine sve\u010dano i dostojanstveno, kako i prili\u010di velikom prazniku, Savez crnogorskih asocijacija u Njema\u010dkoj (SCANJ-a), brojni","breadcrumb":{"@id":"https:\/\/www.visit-ulcinj.com\/blog\/2017\/05\/31\/bratimljenje-gradova-schwabisch-gmund-ulcinja\/#breadcrumb"},"inLanguage":"en-US","potentialAction":[{"@type":"ReadAction","target":["https:\/\/www.visit-ulcinj.com\/blog\/2017\/05\/31\/bratimljenje-gradova-schwabisch-gmund-ulcinja\/"]}]},{"@type":"BreadcrumbList","@id":"https:\/\/www.visit-ulcinj.com\/blog\/2017\/05\/31\/bratimljenje-gradova-schwabisch-gmund-ulcinja\/#breadcrumb","itemListElement":[{"@type":"ListItem","position":1,"name":"Bratimljenje gradova Schwabisch Gmund i Ulcinja"}]},{"@type":"Person","@id":"https:\/\/www.visit-ulcinj.com\/blog\/#\/schema\/person\/dcab619c614d3038751c63bc2aadc06d","name":"ulqini","sameAs":["http:\/\/www.visit-ulcinj.com"],"url":"https:\/\/www.visit-ulcinj.com\/blog\/author\/admin\/"}]}},"jetpack_featured_media_url":"","jetpack_sharing_enabled":true,"jetpack_shortlink":"https:\/\/wp.me\/pe6lTn-rpj","_links":{"self":[{"href":"https:\/\/www.visit-ulcinj.com\/blog\/wp-json\/wp\/v2\/posts\/105357"}],"collection":[{"href":"https:\/\/www.visit-ulcinj.com\/blog\/wp-json\/wp\/v2\/posts"}],"about":[{"href":"https:\/\/www.visit-ulcinj.com\/blog\/wp-json\/wp\/v2\/types\/post"}],"author":[{"embeddable":true,"href":"https:\/\/www.visit-ulcinj.com\/blog\/wp-json\/wp\/v2\/users\/1"}],"replies":[{"embeddable":true,"href":"https:\/\/www.visit-ulcinj.com\/blog\/wp-json\/wp\/v2\/comments?post=105357"}],"version-history":[{"count":1,"href":"https:\/\/www.visit-ulcinj.com\/blog\/wp-json\/wp\/v2\/posts\/105357\/revisions"}],"predecessor-version":[{"id":105361,"href":"https:\/\/www.visit-ulcinj.com\/blog\/wp-json\/wp\/v2\/posts\/105357\/revisions\/105361"}],"wp:attachment":[{"href":"https:\/\/www.visit-ulcinj.com\/blog\/wp-json\/wp\/v2\/media?parent=105357"}],"wp:term":[{"taxonomy":"category","embeddable":true,"href":"https:\/\/www.visit-ulcinj.com\/blog\/wp-json\/wp\/v2\/categories?post=105357"},{"taxonomy":"post_tag","embeddable":true,"href":"https:\/\/www.visit-ulcinj.com\/blog\/wp-json\/wp\/v2\/tags?post=105357"}],"curies":[{"name":"wp","href":"https:\/\/api.w.org\/{rel}","templated":true}]}}