{"id":105362,"date":"2017-05-31T15:19:53","date_gmt":"2017-05-31T14:19:53","guid":{"rendered":"http:\/\/www.visit-ulcinj.com\/blog\/?p=105362"},"modified":"2017-05-31T15:23:24","modified_gmt":"2017-05-31T14:23:24","slug":"reagimi-i-komunes-se-ulqinit-ndaj-tekstit-ne-gazeten-dan-cungu-rrenon-ne-baza-nacionale","status":"publish","type":"post","link":"https:\/\/www.visit-ulcinj.com\/blog\/2017\/05\/31\/reagimi-i-komunes-se-ulqinit-ndaj-tekstit-ne-gazeten-dan-cungu-rrenon-ne-baza-nacionale\/","title":{"rendered":"Reagimi i Komun\u00ebs s\u00eb Ulqinit ndaj tekstit ne gazeten \u201cDan\u201d; \u201cCungu rrenon ne baza nacionale\u201d"},"content":{"rendered":"<p><strong>Reagimi I Komunes se Ulqinit ne lidhje me tekstin e djeshem ne gazeten ditore \u201cDan\u201d te titulluar \u201cCungu rrenon ne baza nacionale\u201d.<\/strong><\/p>\n<p><a href=\"http:\/\/www.visit-ulcinj.com\/blog\/wp-content\/uploads\/2017\/05\/Reagimi-i-Komun\u00ebs-s\u00eb-Ulqinit-ndaj-tekstit-ne-gazeten-Dan-1.jpg\"><img loading=\"lazy\" class=\"alignleft wp-image-105363\" src=\"http:\/\/www.visit-ulcinj.com\/blog\/wp-content\/uploads\/2017\/05\/Reagimi-i-Komun\u00ebs-s\u00eb-Ulqinit-ndaj-tekstit-ne-gazeten-Dan-1.jpg\" alt=\"\" width=\"508\" height=\"305\" srcset=\"https:\/\/www.visit-ulcinj.com\/blog\/wp-content\/uploads\/2017\/05\/Reagimi-i-Komun\u00ebs-s\u00eb-Ulqinit-ndaj-tekstit-ne-gazeten-Dan-1.jpg 1028w, https:\/\/www.visit-ulcinj.com\/blog\/wp-content\/uploads\/2017\/05\/Reagimi-i-Komun\u00ebs-s\u00eb-Ulqinit-ndaj-tekstit-ne-gazeten-Dan-1-300x180.jpg 300w, https:\/\/www.visit-ulcinj.com\/blog\/wp-content\/uploads\/2017\/05\/Reagimi-i-Komun\u00ebs-s\u00eb-Ulqinit-ndaj-tekstit-ne-gazeten-Dan-1-768x461.jpg 768w, https:\/\/www.visit-ulcinj.com\/blog\/wp-content\/uploads\/2017\/05\/Reagimi-i-Komun\u00ebs-s\u00eb-Ulqinit-ndaj-tekstit-ne-gazeten-Dan-1-1024x615.jpg 1024w\" sizes=\"(max-width: 508px) 100vw, 508px\" \/><\/a><\/p>\n<p><strong>\u00a0<\/strong><\/p>\n<p><strong>N\u00eb tekstin e lartp\u00ebrmendur jan\u00eb dh\u00ebn\u00eb disa informata t\u00eb pav\u00ebrteta p\u00ebr t\u00eb cilat jemi detyruar t\u00eb reagojm\u00eb:<\/strong><\/p>\n<p>&nbsp;<\/p>\n<p>Mbas thirjes s\u00eb\u00a0 qytetar\u00ebve\u00a0 m\u00eb dat\u00ebn 04.03.2017,Policia Komunale e Komun\u00ebs s\u00eb Ulqinit , b\u00ebri sh\u00ebnimin\u00a0 zyrtar\u00eb\u00a0 lidhur me\u00a0 vendosjen e\u00a0 shtyllave\u00a0 nga ana\u00a0 Hajdukoviq Dushan ,n\u00eb lagjen Fusha e Ulqinit.<\/p>\n<p>M\u00eb 06.03.2017 i \u00ebsht\u00eb\u00a0 d\u00ebrguar\u00a0 shkres\u00eb Sekretariatit\u00a0 p\u00ebr mbrojtjen e\u00a0 pasuris\u00eb nr.07-60\/17 ku kemi k\u00ebrkuar\u00a0 t\u00eb dh\u00ebna\u00a0 p\u00ebr pron\u00ebsin\u00eb\u00a0 e parcel\u00ebs n\u00eb fjal\u00eb.<\/p>\n<p>M\u00eb 21.03.2017 na \u00ebsht\u00eb kthyer\u00a0 p\u00ebrgjigja\u00a0 nga Sekretariati p\u00ebr mbrojtjen e\u00a0 pasuris\u00eb\u00a0 ku na njoftojn\u00eb\u00a0\u00a0 q\u00eb par,kadast. Nr .190\/1 dhe 190\/3\u00a0 e rregjistruar n\u00eb FP.nr.3.Fusha e Ulqinit , \u00ebsht\u00eb pron\u00eb\u00a0 e Shtetit\u00a0 t\u00eb Malit t\u00eb Zi-respektivisht e Komun\u00ebs s\u00eb Ulqinit.<\/p>\n<p>M\u00eb 29.3.207 \u00ebsht\u00eb b\u00ebr\u00eb procesverbali\u00a0 n\u00eb hapsirat e\u00a0 e Policis\u00eb Komunale\u00a0 n\u00eb prezenc\u00eb t\u00eb\u00a0 pal\u00ebs ku \u00ebsht\u00eb konstatuar\u00a0 q\u00eb Hajdukoviq Dushan\u00a0 ka vendosur shtylla betoni dhe\u00a0 parmak\u00eb hekuri\u00a0 n\u00eb tok\u00ebn e komun\u00ebs\u00a0 pa lejen \u00a0e organeve kompetente\u00a0 t\u00eb komun\u00ebs . Nisur nga kjo\u00a0 t\u00eb nj\u00ebjtit\u00a0 i \u00ebsht\u00eb dh\u00ebn\u00eb\u00a0 urdh\u00ebr\u00a0 q\u00eb br\u00ebnda dy dit\u00ebsh\u00a0 ti m\u00ebnjanoj\u00eb objektet\u00a0 n\u00eb fjal\u00eb.<\/p>\n<p>M\u00eb 03.04.2017 n\u00eb procesverbalin\u00a0 p\u00ebr vizit\u00ebn kontrollore\u00a0 \u00ebsht\u00eb konstatuar\u00a0 q\u00eb Hajdukoviq Dushan nuk ka\u00a0 vepruar sipas\u00a0 urdh\u00ebres\u00ebs\u00a0 nga procesverbali i dat\u00ebs 29.03.2017,andaj\u00a0 p\u00ebr k\u00ebt\u00eb\u00a0 \u00ebsht\u00eb sjell\u00eb\u00a0 aktvendimi\u00a0 p\u00ebr\u00a0 m\u00ebnjanimin e tyre.<\/p>\n<p>M\u00eb 10.04.207 i \u00ebsht\u00eb d\u00ebrguar k\u00ebrkesa\u00a0 nr.07-56\/17 Prokororis\u00eb n\u00eb Ulqin\u00a0 p\u00ebr\u00a0 ndjekjen penale ndaj Hajdukoviq Dushan .<\/p>\n<p>M\u00eb 19.05.2017. \u00ebsht\u00eb njoftuar pala , q\u00eb m\u00eb 29.05.2017 me fillim n\u00eb ora 10 do t\u00eb realizohet\u00a0 aktvendimi .<\/p>\n<p>Gjat\u00eb\u00a0 ekzekutimit kemi\u00a0 hasur n\u00eb\u00a0 penges\u00eb\u00a0 nga ana e Hajdukoviq Dushan\u00a0 dhe personave t\u00eb tjer\u00eb\u00a0 t\u00eb cil\u00ebt\u00a0 fizikisht\u00a0 kan\u00eb bllokuar\u00a0 rrug\u00ebn\u00a0 me automjete.<\/p>\n<p>Nisur nga k\u00ebto t\u00eb dh\u00ebna ,hedhim\u00a0 posht\u00eb pohimet\u00a0 e Z. Hajdukoviqit\u00a0 i cili mashtron\u00a0 opinionin\u00a0 p\u00ebr gjoja pron\u00ebsin\u00eb\u00a0 e\u00a0 tok\u00ebs\u00a0\u00a0 s\u00eb lart\u00ebp\u00ebrmendur.<\/p>\n<p>E rikujtojm\u00eb personin n\u00eb fjal\u00eb q\u00eb me\u00a0 dispozitat ligjore\u00a0 e drejta e pronesis\u00eb\u00a0 arrihet me rregjistrimin\u00a0 n\u00eb\u00a0 kadastr\u00ebn\u00a0 e patundshm\u00ebris\u00eb , andajPolicia Komunale\u00a0 n\u00eb afat sa m\u00eb t\u00eb shkurt\u00ebr p\u00ebrs\u00ebri\u00a0 do t\u00eb\u00a0 tentoj\u00eb t\u00eb\u00a0 ekzekutoj\u00eb\u00a0 aktvendimin n\u00eb prezenc\u00eb\u00a0 t\u00eb pjestar\u00ebve t\u00eb Ministris\u00eb s\u00eb Pun\u00ebve t\u00eb Brend\u00ebshme sepse \u00ebsht\u00eb\u00a0 obligim\u00a0 i Komun\u00ebs q\u00eb t\u00eb\u00a0 mbroj\u00eb pron\u00ebn e saj , vecmas\u00a0 rrug\u00ebt publike\u00a0 dhe\u00a0 hapsirat e tjera publike ,\u00a0 derisa kemi t\u00eb b\u00ebjm\u00eb me pron\u00ebn e komun\u00ebs.<\/p>\n<p>Nga faktet\u00a0 e prezantuara m\u00eb lart\u00eb\u00a0 shihet qart\u00eb se n\u00eb rastin konkret\u00a0 as q\u00eb\u00a0 b\u00ebhet fjal\u00eb\u00a0 p\u00ebr\u00a0 diskriminim\u00a0 n\u00eb baza nacionale ,\u00a0 por vet\u00ebm\u00a0 t\u00eb kryerjes s\u00eb obligimeve\u00a0 t\u00eb organeve\u00a0 t\u00eb administrat\u00ebs lokale.<\/p>\n<p>Policia komunale\u00a0 dhe organet etjere\u00a0 te administarat\u00ebs lokale\u00a0 dhe n\u00eb\u00a0 periudhen e\u00a0 ardhshme , pa mare parasyshe\u00a0 opstruksionet\u00a0 e ndryshme , do t\u00eb vazhdoj\u00eb\u00a0 t\u00eb p\u00ebrmbush\u00eb\u00a0 obligimet q\u00eb me ligj i jan\u00eb\u00a0 dh\u00ebn\u00eb n\u00eb\u00a0 kompetenc\u00eb.<\/p>\n<p><a href=\"http:\/\/www.visit-ulcinj.com\/blog\/wp-content\/uploads\/2017\/05\/Reagimi-i-Komun\u00ebs-s\u00eb-Ulqinit-ndaj-tekstit-ne-gazeten-Dan-2.jpg\"><img loading=\"lazy\" class=\"alignleft wp-image-105364\" src=\"http:\/\/www.visit-ulcinj.com\/blog\/wp-content\/uploads\/2017\/05\/Reagimi-i-Komun\u00ebs-s\u00eb-Ulqinit-ndaj-tekstit-ne-gazeten-Dan-2.jpg\" alt=\"\" width=\"508\" height=\"677\" srcset=\"https:\/\/www.visit-ulcinj.com\/blog\/wp-content\/uploads\/2017\/05\/Reagimi-i-Komun\u00ebs-s\u00eb-Ulqinit-ndaj-tekstit-ne-gazeten-Dan-2.jpg 463w, https:\/\/www.visit-ulcinj.com\/blog\/wp-content\/uploads\/2017\/05\/Reagimi-i-Komun\u00ebs-s\u00eb-Ulqinit-ndaj-tekstit-ne-gazeten-Dan-2-225x300.jpg 225w\" sizes=\"(max-width: 508px) 100vw, 508px\" \/><\/a><\/p>\n","protected":false},"excerpt":{"rendered":"<p>Reagimi I Komunes se Ulqinit ne lidhje me tekstin e djeshem ne gazeten ditore \u201cDan\u201d te titulluar \u201cCungu rrenon ne baza nacionale\u201d. \u00a0 N\u00eb tekstin e lartp\u00ebrmendur jan\u00eb dh\u00ebn\u00eb disa informata t\u00eb pav\u00ebrteta p\u00ebr t\u00eb cilat jemi detyruar t\u00eb reagojm\u00eb: &nbsp; Mbas thirjes s\u00eb\u00a0 qytetar\u00ebve\u00a0 m\u00eb dat\u00ebn 04.03.2017,Policia Komunale e Komun\u00ebs s\u00eb Ulqinit , b\u00ebri [&hellip;]<\/p>\n","protected":false},"author":1,"featured_media":0,"comment_status":"closed","ping_status":"closed","sticky":false,"template":"","format":"standard","meta":{"spay_email":"","jetpack_publicize_message":"","jetpack_is_tweetstorm":false,"jetpack_publicize_feature_enabled":true},"categories":[11],"tags":[],"jetpack_publicize_connections":[],"yoast_head":"<!-- This site is optimized with the Yoast SEO plugin v19.1 - https:\/\/yoast.com\/wordpress\/plugins\/seo\/ -->\n<title>Reagimi i Komun\u00ebs s\u00eb Ulqinit ndaj tekstit ne gazeten \u201cDan\u201d; \u201cCungu rrenon ne baza nacionale\u201d - Lajme nga Ulqini<\/title>\n<meta name=\"description\" content=\"Reagimi I Komunes se Ulqinit ne lidhje me tekstin e djeshem ne gazeten ditore \u201cDan\u201d te titulluar \u201cCungu rrenon ne baza nacionale\u201d. \u00a0 N\u00eb tekstin e\" \/>\n<meta name=\"robots\" content=\"index, follow, max-snippet:-1, max-image-preview:large, max-video-preview:-1\" \/>\n<link rel=\"canonical\" href=\"https:\/\/www.visit-ulcinj.com\/blog\/2017\/05\/31\/reagimi-i-komunes-se-ulqinit-ndaj-tekstit-ne-gazeten-dan-cungu-rrenon-ne-baza-nacionale\/\" \/>\n<meta property=\"og:locale\" content=\"en_US\" \/>\n<meta property=\"og:type\" content=\"article\" \/>\n<meta property=\"og:title\" content=\"Reagimi i Komun\u00ebs s\u00eb Ulqinit ndaj tekstit ne gazeten \u201cDan\u201d; \u201cCungu rrenon ne baza nacionale\u201d - Lajme nga Ulqini\" \/>\n<meta property=\"og:description\" content=\"Reagimi I Komunes se Ulqinit ne lidhje me tekstin e djeshem ne gazeten ditore \u201cDan\u201d te titulluar \u201cCungu rrenon ne baza nacionale\u201d. \u00a0 N\u00eb tekstin e\" \/>\n<meta property=\"og:url\" content=\"https:\/\/www.visit-ulcinj.com\/blog\/2017\/05\/31\/reagimi-i-komunes-se-ulqinit-ndaj-tekstit-ne-gazeten-dan-cungu-rrenon-ne-baza-nacionale\/\" \/>\n<meta property=\"og:site_name\" content=\"Lajme nga Ulqini\" \/>\n<meta property=\"article:published_time\" content=\"2017-05-31T14:19:53+00:00\" \/>\n<meta property=\"article:modified_time\" content=\"2017-05-31T14:23:24+00:00\" \/>\n<meta name=\"twitter:label1\" content=\"Written by\" \/>\n\t<meta name=\"twitter:data1\" content=\"ulqini\" \/>\n\t<meta name=\"twitter:label2\" content=\"Est. reading time\" \/>\n\t<meta name=\"twitter:data2\" content=\"3 minutes\" \/>\n<script type=\"application\/ld+json\" class=\"yoast-schema-graph\">{\"@context\":\"https:\/\/schema.org\",\"@graph\":[{\"@type\":\"WebSite\",\"@id\":\"https:\/\/www.visit-ulcinj.com\/blog\/#website\",\"url\":\"https:\/\/www.visit-ulcinj.com\/blog\/\",\"name\":\"Lajme nga Ulqini\",\"description\":\"Lajme,Vijesti,Ulqini,Ulqin,Crna Gora,Mali i Zi\",\"potentialAction\":[{\"@type\":\"SearchAction\",\"target\":{\"@type\":\"EntryPoint\",\"urlTemplate\":\"https:\/\/www.visit-ulcinj.com\/blog\/?s={search_term_string}\"},\"query-input\":\"required name=search_term_string\"}],\"inLanguage\":\"en-US\"},{\"@type\":\"WebPage\",\"@id\":\"https:\/\/www.visit-ulcinj.com\/blog\/2017\/05\/31\/reagimi-i-komunes-se-ulqinit-ndaj-tekstit-ne-gazeten-dan-cungu-rrenon-ne-baza-nacionale\/#webpage\",\"url\":\"https:\/\/www.visit-ulcinj.com\/blog\/2017\/05\/31\/reagimi-i-komunes-se-ulqinit-ndaj-tekstit-ne-gazeten-dan-cungu-rrenon-ne-baza-nacionale\/\",\"name\":\"Reagimi i Komun\u00ebs s\u00eb Ulqinit ndaj tekstit ne gazeten \u201cDan\u201d; \u201cCungu rrenon ne baza nacionale\u201d - Lajme nga Ulqini\",\"isPartOf\":{\"@id\":\"https:\/\/www.visit-ulcinj.com\/blog\/#website\"},\"datePublished\":\"2017-05-31T14:19:53+00:00\",\"dateModified\":\"2017-05-31T14:23:24+00:00\",\"author\":{\"@id\":\"https:\/\/www.visit-ulcinj.com\/blog\/#\/schema\/person\/dcab619c614d3038751c63bc2aadc06d\"},\"description\":\"Reagimi I Komunes se Ulqinit ne lidhje me tekstin e djeshem ne gazeten ditore \u201cDan\u201d te titulluar \u201cCungu rrenon ne baza nacionale\u201d. \u00a0 N\u00eb tekstin e\",\"breadcrumb\":{\"@id\":\"https:\/\/www.visit-ulcinj.com\/blog\/2017\/05\/31\/reagimi-i-komunes-se-ulqinit-ndaj-tekstit-ne-gazeten-dan-cungu-rrenon-ne-baza-nacionale\/#breadcrumb\"},\"inLanguage\":\"en-US\",\"potentialAction\":[{\"@type\":\"ReadAction\",\"target\":[\"https:\/\/www.visit-ulcinj.com\/blog\/2017\/05\/31\/reagimi-i-komunes-se-ulqinit-ndaj-tekstit-ne-gazeten-dan-cungu-rrenon-ne-baza-nacionale\/\"]}]},{\"@type\":\"BreadcrumbList\",\"@id\":\"https:\/\/www.visit-ulcinj.com\/blog\/2017\/05\/31\/reagimi-i-komunes-se-ulqinit-ndaj-tekstit-ne-gazeten-dan-cungu-rrenon-ne-baza-nacionale\/#breadcrumb\",\"itemListElement\":[{\"@type\":\"ListItem\",\"position\":1,\"name\":\"Reagimi i Komun\u00ebs s\u00eb Ulqinit ndaj tekstit ne gazeten \u201cDan\u201d; \u201cCungu rrenon ne baza nacionale\u201d\"}]},{\"@type\":\"Person\",\"@id\":\"https:\/\/www.visit-ulcinj.com\/blog\/#\/schema\/person\/dcab619c614d3038751c63bc2aadc06d\",\"name\":\"ulqini\",\"sameAs\":[\"http:\/\/www.visit-ulcinj.com\"],\"url\":\"https:\/\/www.visit-ulcinj.com\/blog\/author\/admin\/\"}]}<\/script>\n<!-- \/ Yoast SEO plugin. -->","yoast_head_json":{"title":"Reagimi i Komun\u00ebs s\u00eb Ulqinit ndaj tekstit ne gazeten \u201cDan\u201d; \u201cCungu rrenon ne baza nacionale\u201d - Lajme nga Ulqini","description":"Reagimi I Komunes se Ulqinit ne lidhje me tekstin e djeshem ne gazeten ditore \u201cDan\u201d te titulluar \u201cCungu rrenon ne baza nacionale\u201d. \u00a0 N\u00eb tekstin e","robots":{"index":"index","follow":"follow","max-snippet":"max-snippet:-1","max-image-preview":"max-image-preview:large","max-video-preview":"max-video-preview:-1"},"canonical":"https:\/\/www.visit-ulcinj.com\/blog\/2017\/05\/31\/reagimi-i-komunes-se-ulqinit-ndaj-tekstit-ne-gazeten-dan-cungu-rrenon-ne-baza-nacionale\/","og_locale":"en_US","og_type":"article","og_title":"Reagimi i Komun\u00ebs s\u00eb Ulqinit ndaj tekstit ne gazeten \u201cDan\u201d; \u201cCungu rrenon ne baza nacionale\u201d - Lajme nga Ulqini","og_description":"Reagimi I Komunes se Ulqinit ne lidhje me tekstin e djeshem ne gazeten ditore \u201cDan\u201d te titulluar \u201cCungu rrenon ne baza nacionale\u201d. \u00a0 N\u00eb tekstin e","og_url":"https:\/\/www.visit-ulcinj.com\/blog\/2017\/05\/31\/reagimi-i-komunes-se-ulqinit-ndaj-tekstit-ne-gazeten-dan-cungu-rrenon-ne-baza-nacionale\/","og_site_name":"Lajme nga Ulqini","article_published_time":"2017-05-31T14:19:53+00:00","article_modified_time":"2017-05-31T14:23:24+00:00","twitter_misc":{"Written by":"ulqini","Est. reading time":"3 minutes"},"schema":{"@context":"https:\/\/schema.org","@graph":[{"@type":"WebSite","@id":"https:\/\/www.visit-ulcinj.com\/blog\/#website","url":"https:\/\/www.visit-ulcinj.com\/blog\/","name":"Lajme nga Ulqini","description":"Lajme,Vijesti,Ulqini,Ulqin,Crna Gora,Mali i Zi","potentialAction":[{"@type":"SearchAction","target":{"@type":"EntryPoint","urlTemplate":"https:\/\/www.visit-ulcinj.com\/blog\/?s={search_term_string}"},"query-input":"required name=search_term_string"}],"inLanguage":"en-US"},{"@type":"WebPage","@id":"https:\/\/www.visit-ulcinj.com\/blog\/2017\/05\/31\/reagimi-i-komunes-se-ulqinit-ndaj-tekstit-ne-gazeten-dan-cungu-rrenon-ne-baza-nacionale\/#webpage","url":"https:\/\/www.visit-ulcinj.com\/blog\/2017\/05\/31\/reagimi-i-komunes-se-ulqinit-ndaj-tekstit-ne-gazeten-dan-cungu-rrenon-ne-baza-nacionale\/","name":"Reagimi i Komun\u00ebs s\u00eb Ulqinit ndaj tekstit ne gazeten \u201cDan\u201d; \u201cCungu rrenon ne baza nacionale\u201d - Lajme nga Ulqini","isPartOf":{"@id":"https:\/\/www.visit-ulcinj.com\/blog\/#website"},"datePublished":"2017-05-31T14:19:53+00:00","dateModified":"2017-05-31T14:23:24+00:00","author":{"@id":"https:\/\/www.visit-ulcinj.com\/blog\/#\/schema\/person\/dcab619c614d3038751c63bc2aadc06d"},"description":"Reagimi I Komunes se Ulqinit ne lidhje me tekstin e djeshem ne gazeten ditore \u201cDan\u201d te titulluar \u201cCungu rrenon ne baza nacionale\u201d. \u00a0 N\u00eb tekstin e","breadcrumb":{"@id":"https:\/\/www.visit-ulcinj.com\/blog\/2017\/05\/31\/reagimi-i-komunes-se-ulqinit-ndaj-tekstit-ne-gazeten-dan-cungu-rrenon-ne-baza-nacionale\/#breadcrumb"},"inLanguage":"en-US","potentialAction":[{"@type":"ReadAction","target":["https:\/\/www.visit-ulcinj.com\/blog\/2017\/05\/31\/reagimi-i-komunes-se-ulqinit-ndaj-tekstit-ne-gazeten-dan-cungu-rrenon-ne-baza-nacionale\/"]}]},{"@type":"BreadcrumbList","@id":"https:\/\/www.visit-ulcinj.com\/blog\/2017\/05\/31\/reagimi-i-komunes-se-ulqinit-ndaj-tekstit-ne-gazeten-dan-cungu-rrenon-ne-baza-nacionale\/#breadcrumb","itemListElement":[{"@type":"ListItem","position":1,"name":"Reagimi i Komun\u00ebs s\u00eb Ulqinit ndaj tekstit ne gazeten \u201cDan\u201d; \u201cCungu rrenon ne baza nacionale\u201d"}]},{"@type":"Person","@id":"https:\/\/www.visit-ulcinj.com\/blog\/#\/schema\/person\/dcab619c614d3038751c63bc2aadc06d","name":"ulqini","sameAs":["http:\/\/www.visit-ulcinj.com"],"url":"https:\/\/www.visit-ulcinj.com\/blog\/author\/admin\/"}]}},"jetpack_featured_media_url":"","jetpack_sharing_enabled":true,"jetpack_shortlink":"https:\/\/wp.me\/pe6lTn-rpo","_links":{"self":[{"href":"https:\/\/www.visit-ulcinj.com\/blog\/wp-json\/wp\/v2\/posts\/105362"}],"collection":[{"href":"https:\/\/www.visit-ulcinj.com\/blog\/wp-json\/wp\/v2\/posts"}],"about":[{"href":"https:\/\/www.visit-ulcinj.com\/blog\/wp-json\/wp\/v2\/types\/post"}],"author":[{"embeddable":true,"href":"https:\/\/www.visit-ulcinj.com\/blog\/wp-json\/wp\/v2\/users\/1"}],"replies":[{"embeddable":true,"href":"https:\/\/www.visit-ulcinj.com\/blog\/wp-json\/wp\/v2\/comments?post=105362"}],"version-history":[{"count":1,"href":"https:\/\/www.visit-ulcinj.com\/blog\/wp-json\/wp\/v2\/posts\/105362\/revisions"}],"predecessor-version":[{"id":105365,"href":"https:\/\/www.visit-ulcinj.com\/blog\/wp-json\/wp\/v2\/posts\/105362\/revisions\/105365"}],"wp:attachment":[{"href":"https:\/\/www.visit-ulcinj.com\/blog\/wp-json\/wp\/v2\/media?parent=105362"}],"wp:term":[{"taxonomy":"category","embeddable":true,"href":"https:\/\/www.visit-ulcinj.com\/blog\/wp-json\/wp\/v2\/categories?post=105362"},{"taxonomy":"post_tag","embeddable":true,"href":"https:\/\/www.visit-ulcinj.com\/blog\/wp-json\/wp\/v2\/tags?post=105362"}],"curies":[{"name":"wp","href":"https:\/\/api.w.org\/{rel}","templated":true}]}}