{"id":105392,"date":"2017-06-01T15:28:04","date_gmt":"2017-06-01T14:28:04","guid":{"rendered":"http:\/\/www.visit-ulcinj.com\/blog\/?p=105392"},"modified":"2017-06-01T15:29:15","modified_gmt":"2017-06-01T14:29:15","slug":"turistet-nuk-durojne-celin-vete-sezonin-turistik-ne-ulqin-video","status":"publish","type":"post","link":"https:\/\/www.visit-ulcinj.com\/blog\/2017\/06\/01\/turistet-nuk-durojne-celin-vete-sezonin-turistik-ne-ulqin-video\/","title":{"rendered":"Turist\u00ebt nuk durojn\u00eb, \u201c\u00e7elin\u201d vet\u00eb sezonin turistik n\u00eb Ulqin &#8211; Video"},"content":{"rendered":"<p><a href=\"http:\/\/www.visit-ulcinj.com\/blog\/wp-content\/uploads\/2017\/06\/Plazhi-i-Ulqinit.jpg\"><img loading=\"lazy\" class=\"alignleft wp-image-105393 size-full\" src=\"http:\/\/www.visit-ulcinj.com\/blog\/wp-content\/uploads\/2017\/06\/Plazhi-i-Ulqinit.jpg\" alt=\"\" width=\"508\" height=\"459\" srcset=\"https:\/\/www.visit-ulcinj.com\/blog\/wp-content\/uploads\/2017\/06\/Plazhi-i-Ulqinit.jpg 508w, https:\/\/www.visit-ulcinj.com\/blog\/wp-content\/uploads\/2017\/06\/Plazhi-i-Ulqinit-300x271.jpg 300w\" sizes=\"(max-width: 508px) 100vw, 508px\" \/><\/a>Duke shikuar videon e b\u00ebr\u00eb sot nga Hotel Mediteran n\u00eb Ulqin plazhi ka nisur. Shum\u00eb vendas por edhe t\u00eb huaj kan\u00eb nisur t\u00eb frekuentojn\u00eb bregdetin e Ulqinit. Jo vet\u00ebm p\u00ebr t\u00eb marr\u00eb rreze dielli, p\u00ebr\u00a0 t\u2019u lar\u00eb, por edhe p\u00ebr t\u00eb shijuar qet\u00ebsin\u00eb q\u00eb mbizotron k\u00ebto dit\u00eb n\u00eb plazhet.<\/p>\n<p>Pushuesit mbet\u00ebn t\u00eb k\u00ebnaqur me natyr\u00ebn, por k\u00ebrkojn\u00eb me shum\u00eb\u00a0 sh\u00ebrbime.<\/p>\n<p>Numri n\u00eb rritje ka v\u00ebn\u00eb n\u00eb l\u00ebvizje privat\u00ebt, t\u00eb vetmit q\u00eb kujdesen p\u00ebr t\u2019i ofruar kushte m\u00eb optimale pushuesve dhe me \u00e7mime shum\u00eb atraktive q\u00eb po sillen prej 5 deri n\u00eb 10 euro kravati.<\/p>\n<p>Ulqini \u00ebsht\u00eb qyteti me fluksin m\u00eb t\u00eb madh t\u00eb pushuesve ditor\u00eb dhe jo rezident\u00eb q\u00eb vijn\u00eb nga Kosova dhe rajoni vet\u00ebm p\u00ebr vikend. Krejt \u00ebsht\u00eb gati p\u00ebr fillimin e sezonit, por pavar\u00ebsisht k\u00ebsaj, ende asnj\u00eb institucion nuk e ka par\u00eb t\u00eb arsyeshme t\u00eb nis\u00eb pun\u00ebn n\u00eb terren p\u00ebr sistemimin e k\u00ebtij aseti turistik, sepse ende ska val\u00eb t\u00eb madhe turist\u00ebsh.<\/p>\n<p><iframe loading=\"lazy\" style=\"border: none; overflow: hidden;\" src=\"https:\/\/www.facebook.com\/plugins\/video.php?href=https%3A%2F%2Fwww.facebook.com%2FHotelMediteranUlqin%2Fvideos%2F10155304515478936%2F&amp;show_text=0&amp;width=400\" width=\"400\" height=\"500\" frameborder=\"0\" scrolling=\"no\" allowfullscreen=\"allowfullscreen\"><\/iframe><\/p>\n","protected":false},"excerpt":{"rendered":"<p>Duke shikuar videon e b\u00ebr\u00eb sot nga Hotel Mediteran n\u00eb Ulqin plazhi ka nisur. Shum\u00eb vendas por edhe t\u00eb huaj kan\u00eb nisur t\u00eb frekuentojn\u00eb bregdetin e Ulqinit. Jo vet\u00ebm p\u00ebr t\u00eb marr\u00eb rreze dielli, p\u00ebr\u00a0 t\u2019u lar\u00eb, por edhe p\u00ebr t\u00eb shijuar qet\u00ebsin\u00eb q\u00eb mbizotron k\u00ebto dit\u00eb n\u00eb plazhet. Pushuesit mbet\u00ebn t\u00eb k\u00ebnaqur me natyr\u00ebn, [&hellip;]<\/p>\n","protected":false},"author":1,"featured_media":0,"comment_status":"closed","ping_status":"closed","sticky":false,"template":"","format":"standard","meta":{"spay_email":"","jetpack_publicize_message":"","jetpack_is_tweetstorm":false,"jetpack_publicize_feature_enabled":true},"categories":[15],"tags":[],"jetpack_publicize_connections":[],"yoast_head":"<!-- This site is optimized with the Yoast SEO plugin v19.1 - https:\/\/yoast.com\/wordpress\/plugins\/seo\/ -->\n<title>Turist\u00ebt nuk durojn\u00eb, \u201c\u00e7elin\u201d vet\u00eb sezonin turistik n\u00eb Ulqin - Video - Lajme nga Ulqini<\/title>\n<meta name=\"description\" content=\"Duke shikuar videon e b\u00ebr\u00eb sot nga Hotel Mediteran n\u00eb Ulqin plazhi ka nisur. Shum\u00eb vendas por edhe t\u00eb huaj kan\u00eb nisur t\u00eb frekuentojn\u00eb bregdetin e Ulqinit.\" \/>\n<meta name=\"robots\" content=\"index, follow, max-snippet:-1, max-image-preview:large, max-video-preview:-1\" \/>\n<link rel=\"canonical\" href=\"https:\/\/www.visit-ulcinj.com\/blog\/2017\/06\/01\/turistet-nuk-durojne-celin-vete-sezonin-turistik-ne-ulqin-video\/\" \/>\n<meta property=\"og:locale\" content=\"en_US\" \/>\n<meta property=\"og:type\" content=\"article\" \/>\n<meta property=\"og:title\" content=\"Turist\u00ebt nuk durojn\u00eb, \u201c\u00e7elin\u201d vet\u00eb sezonin turistik n\u00eb Ulqin - Video - Lajme nga Ulqini\" \/>\n<meta property=\"og:description\" content=\"Duke shikuar videon e b\u00ebr\u00eb sot nga Hotel Mediteran n\u00eb Ulqin plazhi ka nisur. Shum\u00eb vendas por edhe t\u00eb huaj kan\u00eb nisur t\u00eb frekuentojn\u00eb bregdetin e Ulqinit.\" \/>\n<meta property=\"og:url\" content=\"https:\/\/www.visit-ulcinj.com\/blog\/2017\/06\/01\/turistet-nuk-durojne-celin-vete-sezonin-turistik-ne-ulqin-video\/\" \/>\n<meta property=\"og:site_name\" content=\"Lajme nga Ulqini\" \/>\n<meta property=\"article:published_time\" content=\"2017-06-01T14:28:04+00:00\" \/>\n<meta property=\"article:modified_time\" content=\"2017-06-01T14:29:15+00:00\" \/>\n<meta property=\"og:image\" content=\"http:\/\/www.visit-ulcinj.com\/blog\/wp-content\/uploads\/2017\/06\/Plazhi-i-Ulqinit.jpg\" \/>\n<meta name=\"twitter:label1\" content=\"Written by\" \/>\n\t<meta name=\"twitter:data1\" content=\"ulqini\" \/>\n\t<meta name=\"twitter:label2\" content=\"Est. reading time\" \/>\n\t<meta name=\"twitter:data2\" content=\"1 minute\" \/>\n<script type=\"application\/ld+json\" class=\"yoast-schema-graph\">{\"@context\":\"https:\/\/schema.org\",\"@graph\":[{\"@type\":\"WebSite\",\"@id\":\"https:\/\/www.visit-ulcinj.com\/blog\/#website\",\"url\":\"https:\/\/www.visit-ulcinj.com\/blog\/\",\"name\":\"Lajme nga Ulqini\",\"description\":\"Lajme,Vijesti,Ulqini,Ulqin,Crna Gora,Mali i Zi\",\"potentialAction\":[{\"@type\":\"SearchAction\",\"target\":{\"@type\":\"EntryPoint\",\"urlTemplate\":\"https:\/\/www.visit-ulcinj.com\/blog\/?s={search_term_string}\"},\"query-input\":\"required name=search_term_string\"}],\"inLanguage\":\"en-US\"},{\"@type\":\"ImageObject\",\"inLanguage\":\"en-US\",\"@id\":\"https:\/\/www.visit-ulcinj.com\/blog\/2017\/06\/01\/turistet-nuk-durojne-celin-vete-sezonin-turistik-ne-ulqin-video\/#primaryimage\",\"url\":\"https:\/\/www.visit-ulcinj.com\/blog\/wp-content\/uploads\/2017\/06\/Plazhi-i-Ulqinit.jpg\",\"contentUrl\":\"https:\/\/www.visit-ulcinj.com\/blog\/wp-content\/uploads\/2017\/06\/Plazhi-i-Ulqinit.jpg\",\"width\":508,\"height\":459},{\"@type\":\"WebPage\",\"@id\":\"https:\/\/www.visit-ulcinj.com\/blog\/2017\/06\/01\/turistet-nuk-durojne-celin-vete-sezonin-turistik-ne-ulqin-video\/#webpage\",\"url\":\"https:\/\/www.visit-ulcinj.com\/blog\/2017\/06\/01\/turistet-nuk-durojne-celin-vete-sezonin-turistik-ne-ulqin-video\/\",\"name\":\"Turist\u00ebt nuk durojn\u00eb, \u201c\u00e7elin\u201d vet\u00eb sezonin turistik n\u00eb Ulqin - Video - Lajme nga Ulqini\",\"isPartOf\":{\"@id\":\"https:\/\/www.visit-ulcinj.com\/blog\/#website\"},\"primaryImageOfPage\":{\"@id\":\"https:\/\/www.visit-ulcinj.com\/blog\/2017\/06\/01\/turistet-nuk-durojne-celin-vete-sezonin-turistik-ne-ulqin-video\/#primaryimage\"},\"datePublished\":\"2017-06-01T14:28:04+00:00\",\"dateModified\":\"2017-06-01T14:29:15+00:00\",\"author\":{\"@id\":\"https:\/\/www.visit-ulcinj.com\/blog\/#\/schema\/person\/dcab619c614d3038751c63bc2aadc06d\"},\"description\":\"Duke shikuar videon e b\u00ebr\u00eb sot nga Hotel Mediteran n\u00eb Ulqin plazhi ka nisur. Shum\u00eb vendas por edhe t\u00eb huaj kan\u00eb nisur t\u00eb frekuentojn\u00eb bregdetin e Ulqinit.\",\"breadcrumb\":{\"@id\":\"https:\/\/www.visit-ulcinj.com\/blog\/2017\/06\/01\/turistet-nuk-durojne-celin-vete-sezonin-turistik-ne-ulqin-video\/#breadcrumb\"},\"inLanguage\":\"en-US\",\"potentialAction\":[{\"@type\":\"ReadAction\",\"target\":[\"https:\/\/www.visit-ulcinj.com\/blog\/2017\/06\/01\/turistet-nuk-durojne-celin-vete-sezonin-turistik-ne-ulqin-video\/\"]}]},{\"@type\":\"BreadcrumbList\",\"@id\":\"https:\/\/www.visit-ulcinj.com\/blog\/2017\/06\/01\/turistet-nuk-durojne-celin-vete-sezonin-turistik-ne-ulqin-video\/#breadcrumb\",\"itemListElement\":[{\"@type\":\"ListItem\",\"position\":1,\"name\":\"Turist\u00ebt nuk durojn\u00eb, \u201c\u00e7elin\u201d vet\u00eb sezonin turistik n\u00eb Ulqin &#8211; Video\"}]},{\"@type\":\"Person\",\"@id\":\"https:\/\/www.visit-ulcinj.com\/blog\/#\/schema\/person\/dcab619c614d3038751c63bc2aadc06d\",\"name\":\"ulqini\",\"sameAs\":[\"http:\/\/www.visit-ulcinj.com\"],\"url\":\"https:\/\/www.visit-ulcinj.com\/blog\/author\/admin\/\"}]}<\/script>\n<!-- \/ Yoast SEO plugin. -->","yoast_head_json":{"title":"Turist\u00ebt nuk durojn\u00eb, \u201c\u00e7elin\u201d vet\u00eb sezonin turistik n\u00eb Ulqin - Video - Lajme nga Ulqini","description":"Duke shikuar videon e b\u00ebr\u00eb sot nga Hotel Mediteran n\u00eb Ulqin plazhi ka nisur. Shum\u00eb vendas por edhe t\u00eb huaj kan\u00eb nisur t\u00eb frekuentojn\u00eb bregdetin e Ulqinit.","robots":{"index":"index","follow":"follow","max-snippet":"max-snippet:-1","max-image-preview":"max-image-preview:large","max-video-preview":"max-video-preview:-1"},"canonical":"https:\/\/www.visit-ulcinj.com\/blog\/2017\/06\/01\/turistet-nuk-durojne-celin-vete-sezonin-turistik-ne-ulqin-video\/","og_locale":"en_US","og_type":"article","og_title":"Turist\u00ebt nuk durojn\u00eb, \u201c\u00e7elin\u201d vet\u00eb sezonin turistik n\u00eb Ulqin - Video - Lajme nga Ulqini","og_description":"Duke shikuar videon e b\u00ebr\u00eb sot nga Hotel Mediteran n\u00eb Ulqin plazhi ka nisur. Shum\u00eb vendas por edhe t\u00eb huaj kan\u00eb nisur t\u00eb frekuentojn\u00eb bregdetin e Ulqinit.","og_url":"https:\/\/www.visit-ulcinj.com\/blog\/2017\/06\/01\/turistet-nuk-durojne-celin-vete-sezonin-turistik-ne-ulqin-video\/","og_site_name":"Lajme nga Ulqini","article_published_time":"2017-06-01T14:28:04+00:00","article_modified_time":"2017-06-01T14:29:15+00:00","og_image":[{"url":"http:\/\/www.visit-ulcinj.com\/blog\/wp-content\/uploads\/2017\/06\/Plazhi-i-Ulqinit.jpg"}],"twitter_misc":{"Written by":"ulqini","Est. reading time":"1 minute"},"schema":{"@context":"https:\/\/schema.org","@graph":[{"@type":"WebSite","@id":"https:\/\/www.visit-ulcinj.com\/blog\/#website","url":"https:\/\/www.visit-ulcinj.com\/blog\/","name":"Lajme nga Ulqini","description":"Lajme,Vijesti,Ulqini,Ulqin,Crna Gora,Mali i Zi","potentialAction":[{"@type":"SearchAction","target":{"@type":"EntryPoint","urlTemplate":"https:\/\/www.visit-ulcinj.com\/blog\/?s={search_term_string}"},"query-input":"required name=search_term_string"}],"inLanguage":"en-US"},{"@type":"ImageObject","inLanguage":"en-US","@id":"https:\/\/www.visit-ulcinj.com\/blog\/2017\/06\/01\/turistet-nuk-durojne-celin-vete-sezonin-turistik-ne-ulqin-video\/#primaryimage","url":"https:\/\/www.visit-ulcinj.com\/blog\/wp-content\/uploads\/2017\/06\/Plazhi-i-Ulqinit.jpg","contentUrl":"https:\/\/www.visit-ulcinj.com\/blog\/wp-content\/uploads\/2017\/06\/Plazhi-i-Ulqinit.jpg","width":508,"height":459},{"@type":"WebPage","@id":"https:\/\/www.visit-ulcinj.com\/blog\/2017\/06\/01\/turistet-nuk-durojne-celin-vete-sezonin-turistik-ne-ulqin-video\/#webpage","url":"https:\/\/www.visit-ulcinj.com\/blog\/2017\/06\/01\/turistet-nuk-durojne-celin-vete-sezonin-turistik-ne-ulqin-video\/","name":"Turist\u00ebt nuk durojn\u00eb, \u201c\u00e7elin\u201d vet\u00eb sezonin turistik n\u00eb Ulqin - Video - Lajme nga Ulqini","isPartOf":{"@id":"https:\/\/www.visit-ulcinj.com\/blog\/#website"},"primaryImageOfPage":{"@id":"https:\/\/www.visit-ulcinj.com\/blog\/2017\/06\/01\/turistet-nuk-durojne-celin-vete-sezonin-turistik-ne-ulqin-video\/#primaryimage"},"datePublished":"2017-06-01T14:28:04+00:00","dateModified":"2017-06-01T14:29:15+00:00","author":{"@id":"https:\/\/www.visit-ulcinj.com\/blog\/#\/schema\/person\/dcab619c614d3038751c63bc2aadc06d"},"description":"Duke shikuar videon e b\u00ebr\u00eb sot nga Hotel Mediteran n\u00eb Ulqin plazhi ka nisur. Shum\u00eb vendas por edhe t\u00eb huaj kan\u00eb nisur t\u00eb frekuentojn\u00eb bregdetin e Ulqinit.","breadcrumb":{"@id":"https:\/\/www.visit-ulcinj.com\/blog\/2017\/06\/01\/turistet-nuk-durojne-celin-vete-sezonin-turistik-ne-ulqin-video\/#breadcrumb"},"inLanguage":"en-US","potentialAction":[{"@type":"ReadAction","target":["https:\/\/www.visit-ulcinj.com\/blog\/2017\/06\/01\/turistet-nuk-durojne-celin-vete-sezonin-turistik-ne-ulqin-video\/"]}]},{"@type":"BreadcrumbList","@id":"https:\/\/www.visit-ulcinj.com\/blog\/2017\/06\/01\/turistet-nuk-durojne-celin-vete-sezonin-turistik-ne-ulqin-video\/#breadcrumb","itemListElement":[{"@type":"ListItem","position":1,"name":"Turist\u00ebt nuk durojn\u00eb, \u201c\u00e7elin\u201d vet\u00eb sezonin turistik n\u00eb Ulqin &#8211; Video"}]},{"@type":"Person","@id":"https:\/\/www.visit-ulcinj.com\/blog\/#\/schema\/person\/dcab619c614d3038751c63bc2aadc06d","name":"ulqini","sameAs":["http:\/\/www.visit-ulcinj.com"],"url":"https:\/\/www.visit-ulcinj.com\/blog\/author\/admin\/"}]}},"jetpack_featured_media_url":"","jetpack_sharing_enabled":true,"jetpack_shortlink":"https:\/\/wp.me\/pe6lTn-rpS","_links":{"self":[{"href":"https:\/\/www.visit-ulcinj.com\/blog\/wp-json\/wp\/v2\/posts\/105392"}],"collection":[{"href":"https:\/\/www.visit-ulcinj.com\/blog\/wp-json\/wp\/v2\/posts"}],"about":[{"href":"https:\/\/www.visit-ulcinj.com\/blog\/wp-json\/wp\/v2\/types\/post"}],"author":[{"embeddable":true,"href":"https:\/\/www.visit-ulcinj.com\/blog\/wp-json\/wp\/v2\/users\/1"}],"replies":[{"embeddable":true,"href":"https:\/\/www.visit-ulcinj.com\/blog\/wp-json\/wp\/v2\/comments?post=105392"}],"version-history":[{"count":2,"href":"https:\/\/www.visit-ulcinj.com\/blog\/wp-json\/wp\/v2\/posts\/105392\/revisions"}],"predecessor-version":[{"id":105395,"href":"https:\/\/www.visit-ulcinj.com\/blog\/wp-json\/wp\/v2\/posts\/105392\/revisions\/105395"}],"wp:attachment":[{"href":"https:\/\/www.visit-ulcinj.com\/blog\/wp-json\/wp\/v2\/media?parent=105392"}],"wp:term":[{"taxonomy":"category","embeddable":true,"href":"https:\/\/www.visit-ulcinj.com\/blog\/wp-json\/wp\/v2\/categories?post=105392"},{"taxonomy":"post_tag","embeddable":true,"href":"https:\/\/www.visit-ulcinj.com\/blog\/wp-json\/wp\/v2\/tags?post=105392"}],"curies":[{"name":"wp","href":"https:\/\/api.w.org\/{rel}","templated":true}]}}