{"id":105397,"date":"2017-06-01T19:56:28","date_gmt":"2017-06-01T18:56:28","guid":{"rendered":"http:\/\/www.visit-ulcinj.com\/blog\/?p=105397"},"modified":"2017-06-01T19:57:31","modified_gmt":"2017-06-01T18:57:31","slug":"tino-mollabeqiri-orendreqes-ne-ulqin-nje-zanat-drejt-zhdukjes","status":"publish","type":"post","link":"https:\/\/www.visit-ulcinj.com\/blog\/2017\/06\/01\/tino-mollabeqiri-orendreqes-ne-ulqin-nje-zanat-drejt-zhdukjes\/","title":{"rendered":"Tino Mollabeqiri &#8211; Or\u00ebndreq\u00ebs n\u00eb Ulqin, nj\u00eb zanat drejt zhdukjes"},"content":{"rendered":"<p><strong><a href=\"http:\/\/www.visit-ulcinj.com\/blog\/wp-content\/uploads\/2017\/06\/Or\u00ebndreq\u00ebs-n\u00eb-Ulqin-Tino-Mollabeqiri.jpg\"><img loading=\"lazy\" class=\"alignleft wp-image-105398\" src=\"http:\/\/www.visit-ulcinj.com\/blog\/wp-content\/uploads\/2017\/06\/Or\u00ebndreq\u00ebs-n\u00eb-Ulqin-Tino-Mollabeqiri.jpg\" alt=\"\" width=\"508\" height=\"381\" srcset=\"https:\/\/www.visit-ulcinj.com\/blog\/wp-content\/uploads\/2017\/06\/Or\u00ebndreq\u00ebs-n\u00eb-Ulqin-Tino-Mollabeqiri.jpg 960w, https:\/\/www.visit-ulcinj.com\/blog\/wp-content\/uploads\/2017\/06\/Or\u00ebndreq\u00ebs-n\u00eb-Ulqin-Tino-Mollabeqiri-300x225.jpg 300w, https:\/\/www.visit-ulcinj.com\/blog\/wp-content\/uploads\/2017\/06\/Or\u00ebndreq\u00ebs-n\u00eb-Ulqin-Tino-Mollabeqiri-768x576.jpg 768w\" sizes=\"(max-width: 508px) 100vw, 508px\" \/><\/a>Ustah, Or\u00ebndreq\u00ebs n\u00eb Ulqin Tino MOLLABEQIRI asht\u00eb thuajse i vetmi q\u00eb po lufton\u00eb me koh\u00ebn. Zanati i tyre thuajse \u00ebsht\u00eb harruar nga gjeneratat e reja.<\/strong><\/p>\n<p><strong>Nga <span class=\"fwn fcg\"><span class=\"fcg\"><span class=\"fwb\"><a id=\"js_tb\" class=\"profileLink\" href=\"https:\/\/www.facebook.com\/ismet.karamanaga?hc_ref=NEWSFEED\" data-ft=\"{&quot;tn&quot;:&quot;l&quot;}\" data-hovercard=\"\/ajax\/hovercard\/user.php?id=1359492972&amp;extragetparams=%7B%22hc_ref%22%3A%22NEWSFEED%22%7D\" data-hovercard-prefer-more-content-show=\"1\">Ismet Karamanaga Facebook<\/a><\/span> <\/span><\/span><\/strong><\/p>\n<p>Para nj\u00eb koh\u00eb t\u00eb shkurt\u00ebr kam pasur nevoj\u00eb p\u00ebr ta riparuar or\u00ebn.<br \/>\nV\u00ebshtir\u00eb ta paramendosh se n\u00eb Ulqin nuk ka mbetur askush i cili merret me k\u00ebt\u00eb aktivitet, p\u00ebrve\u00e7 Tino MOLLABEQIRIT i cili pak e shum\u00eb \u00ebsht\u00eb trash\u00ebgimtari i nj\u00eb familje Ulqinake, e cila nj\u00eb koh\u00eb t\u00eb gjat\u00eb \u00ebsht\u00eb marr\u00eb me k\u00ebt\u00eb zanat. Tinit dhe familjes tij do ti kthehem pak m\u00eb von\u00eb.<br \/>\nKam nevoj\u00eb ti kthehem pak t\u00eb kaluar\u00ebs ton\u00eb, koh\u00ebs kur n\u00eb qytetin ton\u00eb jan\u00eb g\u00ebrshetuar kulturat t\u00eb ndryshme, n\u00eb nj\u00eb vend kaq\u00eb t\u00eb vog\u00ebl.<\/p>\n<p><a href=\"http:\/\/www.visit-ulcinj.com\/blog\/wp-content\/uploads\/2017\/06\/carshija-e-Ulqinit.jpg\"><img loading=\"lazy\" class=\"alignleft wp-image-105399\" src=\"http:\/\/www.visit-ulcinj.com\/blog\/wp-content\/uploads\/2017\/06\/carshija-e-Ulqinit.jpg\" alt=\"\" width=\"511\" height=\"330\" srcset=\"https:\/\/www.visit-ulcinj.com\/blog\/wp-content\/uploads\/2017\/06\/carshija-e-Ulqinit.jpg 960w, https:\/\/www.visit-ulcinj.com\/blog\/wp-content\/uploads\/2017\/06\/carshija-e-Ulqinit-300x194.jpg 300w, https:\/\/www.visit-ulcinj.com\/blog\/wp-content\/uploads\/2017\/06\/carshija-e-Ulqinit-768x496.jpg 768w\" sizes=\"(max-width: 511px) 100vw, 511px\" \/><\/a><br \/>\nN\u00eb koh\u00ebn e art t\u00eb turizmit deri te vitet e 90 t\u00eb shekullit t\u00eb kaluar, n\u00eb \u201c\u00c7arshin\u00eb\u201d ton\u00eb a po n\u00eb \u201cPazarin e vjet\u00ebr\u201d ka pasur shum\u00eb duganj\u00eb me veprimtari t\u00eb ndryshme. Zanatet e vjetra , t\u00eb cilat i kan\u00eb ushtruar njer\u00ebzit tan\u00eb n\u00eb \u201cPazarin e vjet\u00ebr\u201d kan\u00eb qen\u00eb t\u00eb ushtruar deri n\u00eb art. Ne kemi figuruar si nj\u00eb margaritar n\u00eb t\u00ebr\u00eb Adriatikun , si nj\u00eb oaz\u00eb orientale n\u00eb mes\u00eb t\u00eb Evrop\u00ebs. K\u00ebshtu na ka njohur bota dhe k\u00ebshtu kemi qen\u00eb n\u00eb t\u00ebr\u00eb prospektet bot\u00ebrore me ofert\u00ebn ton\u00eb turistike, si nj\u00eb margaritar i stolisur me artizanat t\u00eb padiskutueshme.<br \/>\n\u201cPazari i vjet\u00ebr\u201d sot ka nj\u00eb form tjet\u00ebr, me sht\u00ebpi pa shije, shitore moderne, kafene. \u201c internet cafe \u201c a po t\u00eb tjera. Dikur \u201cPazari i vjet\u00ebr\u201d, ka pasur nj\u00eb pamje e cila ka t\u00ebrheq\u00eb mijera mysafir\u00eb nga vendi dhe nga bota. Shum\u00eb mysafir\u00eb kan\u00eb ardhur enkas nga Dubrovniku dhe nga destinacionet t\u00eb tjera , p\u00ebr ta vizitur k\u00ebt\u00eb hapsir\u00eb t\u00eb qytetit ton\u00eb, krojet, Xhamit\u00eb.<\/p>\n<p><a href=\"http:\/\/www.visit-ulcinj.com\/blog\/wp-content\/uploads\/2017\/06\/Or\u00ebndreq\u00ebs-n\u00eb-Ulqin-Tino-Mollabeqiri-4.jpg\"><img loading=\"lazy\" class=\"alignleft wp-image-105400\" src=\"http:\/\/www.visit-ulcinj.com\/blog\/wp-content\/uploads\/2017\/06\/Or\u00ebndreq\u00ebs-n\u00eb-Ulqin-Tino-Mollabeqiri-4.jpg\" alt=\"\" width=\"508\" height=\"381\" srcset=\"https:\/\/www.visit-ulcinj.com\/blog\/wp-content\/uploads\/2017\/06\/Or\u00ebndreq\u00ebs-n\u00eb-Ulqin-Tino-Mollabeqiri-4.jpg 960w, https:\/\/www.visit-ulcinj.com\/blog\/wp-content\/uploads\/2017\/06\/Or\u00ebndreq\u00ebs-n\u00eb-Ulqin-Tino-Mollabeqiri-4-300x225.jpg 300w, https:\/\/www.visit-ulcinj.com\/blog\/wp-content\/uploads\/2017\/06\/Or\u00ebndreq\u00ebs-n\u00eb-Ulqin-Tino-Mollabeqiri-4-768x576.jpg 768w\" sizes=\"(max-width: 508px) 100vw, 508px\" \/><\/a><br \/>\nMirepo, sot zanatet e vjetra jan\u00eb zhdukur fare. \u201cPazari i vjet\u00ebr\u201d \u00ebsht\u00eb shkat\u00ebrruar, dhe asgj\u00eb nuk ka mbetur m\u00eb. T\u00eb gjith\u00eb qytetet n\u00eb bot\u00eb, por edhe n\u00eb rrethin\u00ebn ton\u00eb i ruajn\u00eb vlerat , arkitektur\u00ebn e vjet\u00ebr, i stimulojn\u00eb zanatet e vjetra, trash\u00ebgimin\u00eb popullore. Tek ne \u00ebsht\u00eb b\u00ebr\u00eb e kund\u00ebrta.<br \/>\nTi kthehem Tino Mollabeqirit.<br \/>\nAi \u00ebsht\u00eb nj\u00eb neri i qet\u00eb, modest, dhe ka nj\u00eb familje t\u00eb sh\u00ebndosht, m\u00eb f\u00ebmi t\u00eb edukuar.<br \/>\nDikur Tini ka punuar si kamarijer n\u00eb hotelin \u201cGaleb\u201d, dhe gjithmon\u00eb ka qen\u00eb elegant i veshur dhe i sjellsh\u00ebm, ashtu si\u00e7 kan\u00eb qen\u00eb pak e shum\u00eb t\u00eb gjith\u00eb pun\u00ebtor\u00ebt n\u00eb hotelerin\u00eb ton\u00eb t\u00eb asaj kohe. Pas tranzicionit dhe shkat\u00ebrrimit e \u201cGalebit\u201d, nuk pranon me punur n\u00eb \u201ckiosk\u201d me shit\u00eb cigare, por i kthehet zanatit e t\u00eb par\u00ebve t\u00eb tij.<br \/>\nOr\u00ebt e vjetra dhe t\u00eb gjith\u00eb gj\u00ebrat interesante nga duganja e famshme e cila ka qen\u00eb n\u00eb Krye t\u00eb \u201cPazarit t\u00eb vjet\u00ebr\u201d i \u00e7on n\u00eb sht\u00ebpin\u00eb e tij n\u00eb Mahallen e Re. Aty jeton, punon ka pak, dhe i mban\u00eb kujtimet .<\/p>\n<p><a href=\"http:\/\/www.visit-ulcinj.com\/blog\/wp-content\/uploads\/2017\/06\/Or\u00ebndreq\u00ebs-n\u00eb-Ulqin-Tino-Mollabeqiri-5.jpg\"><img loading=\"lazy\" class=\"alignleft wp-image-105401\" src=\"http:\/\/www.visit-ulcinj.com\/blog\/wp-content\/uploads\/2017\/06\/Or\u00ebndreq\u00ebs-n\u00eb-Ulqin-Tino-Mollabeqiri-5.jpg\" alt=\"\" width=\"508\" height=\"381\" srcset=\"https:\/\/www.visit-ulcinj.com\/blog\/wp-content\/uploads\/2017\/06\/Or\u00ebndreq\u00ebs-n\u00eb-Ulqin-Tino-Mollabeqiri-5.jpg 960w, https:\/\/www.visit-ulcinj.com\/blog\/wp-content\/uploads\/2017\/06\/Or\u00ebndreq\u00ebs-n\u00eb-Ulqin-Tino-Mollabeqiri-5-300x225.jpg 300w, https:\/\/www.visit-ulcinj.com\/blog\/wp-content\/uploads\/2017\/06\/Or\u00ebndreq\u00ebs-n\u00eb-Ulqin-Tino-Mollabeqiri-5-768x576.jpg 768w\" sizes=\"(max-width: 508px) 100vw, 508px\" \/><\/a><br \/>\nEdhe Tini, ashtu si\u00e7 e kan\u00eb b\u00ebr\u00eb edhe t\u00eb par\u00ebt e tij mundohet q\u00eb ti m\u00ebsojn\u00eb f\u00ebmit me e punuar k\u00ebt\u00eb zanat, k\u00ebshtu q\u00eb e kam shpres\u00ebn q\u00eb ky zanat nuk do t\u00eb zhduket fare.<br \/>\nE bija e tij DYSJA si\u00e7 shihet \u00ebsht\u00eb e talentuar, precize dhe k\u00ebt\u00eb zanat e ka n\u00eb gjak n\u00eb gjene nga Emroja, gjysi i saj.<br \/>\nShum\u00eb nga k\u00ebto eksponate, or\u00ebt 200 vje\u00e7are nga Malta, nj\u00eb or\u00eb xhepi me \u00e7ilc, me emrin \u201cKonnstantinopol\u201d nga Mbert\u00ebria otomane, ora e Kadi Mujalit dhe t\u00eb tjera, gjenden n\u00eb k\u00ebt\u00eb hapsir\u00eb, dhe kan\u00eb historin\u00eb e vet\u00eb, ashtu si\u00e7 e ka edhe kjo famillje.<\/p>\n<p><a href=\"http:\/\/www.visit-ulcinj.com\/blog\/wp-content\/uploads\/2017\/06\/Or\u00ebndreq\u00ebs-n\u00eb-Ulqin-Tino-Mollabeqiri-2.jpg\"><img loading=\"lazy\" class=\"alignleft wp-image-105402\" src=\"http:\/\/www.visit-ulcinj.com\/blog\/wp-content\/uploads\/2017\/06\/Or\u00ebndreq\u00ebs-n\u00eb-Ulqin-Tino-Mollabeqiri-2.jpg\" alt=\"\" width=\"508\" height=\"381\" srcset=\"https:\/\/www.visit-ulcinj.com\/blog\/wp-content\/uploads\/2017\/06\/Or\u00ebndreq\u00ebs-n\u00eb-Ulqin-Tino-Mollabeqiri-2.jpg 960w, https:\/\/www.visit-ulcinj.com\/blog\/wp-content\/uploads\/2017\/06\/Or\u00ebndreq\u00ebs-n\u00eb-Ulqin-Tino-Mollabeqiri-2-300x225.jpg 300w, https:\/\/www.visit-ulcinj.com\/blog\/wp-content\/uploads\/2017\/06\/Or\u00ebndreq\u00ebs-n\u00eb-Ulqin-Tino-Mollabeqiri-2-768x576.jpg 768w\" sizes=\"(max-width: 508px) 100vw, 508px\" \/><\/a><br \/>\nM\u00eb i njohuri or\u00ebndreq\u00ebs , nj\u00eb mjesht\u00ebr i v\u00ebrtet i k\u00ebtij zanati EMRO Mollabeqiri, ka qen\u00eb nj\u00ebri nd\u00ebr mjeshtrat m\u00eb t\u00eb mir\u00eb n\u00eb Malin e Zi. Shpesh ka udhtuar nep\u00ebr vende t\u00eb ndrysh\u00ebm\u00eb p\u00ebr t\u00eb m\u00ebsuar m\u00eb mir\u00eb edhe m\u00eb tep\u00ebr, tregon i biri i tij Tini<br \/>\nEdhe mua m\u00eb kujtohet figura e tij markante n\u00eb duganj\u00ebn e tij n\u00eb \u201cKrye t\u00eb Pazarit\u201d .<br \/>\nN\u00eb vitin 1983 ai nd\u00ebrron jet\u00eb dhe duganj\u00ebn dhe zanatin e trash\u00ebgon i biri i tij KADRIU , i cili gjithashtu nd\u00ebrron jet\u00eb n\u00eb vitin 1999. Pastaj duganja mbyllet, dhe nj\u00eb koh\u00eb t\u00eb gjat\u00eb n\u00eb Ulqin nuk egziston m\u00eb asnj\u00eb or\u00ebndreq\u00ebs.<br \/>\nD\u00ebshiroj ti p\u00ebrmend edhe dy mjeshtra me nam , t\u00eb cil\u00ebt kan\u00eb pasur nj\u00eb fam\u00eb t\u00eb madhe n\u00eb Ulqin. Nj\u00ebri nga ato ka qen\u00eb FIKO Ustabeqiri nga Rana, kurse tjetri nipi i Emro Mollabeqirit SYL\u00c7O Mavriqi.<\/p>\n<p><a href=\"http:\/\/www.visit-ulcinj.com\/blog\/wp-content\/uploads\/2017\/06\/Or\u00ebndreq\u00ebs-n\u00eb-Ulqin-Tino-Mollabeqiri-3.jpg\"><img loading=\"lazy\" class=\"alignleft wp-image-105403\" src=\"http:\/\/www.visit-ulcinj.com\/blog\/wp-content\/uploads\/2017\/06\/Or\u00ebndreq\u00ebs-n\u00eb-Ulqin-Tino-Mollabeqiri-3.jpg\" alt=\"\" width=\"508\" height=\"381\" srcset=\"https:\/\/www.visit-ulcinj.com\/blog\/wp-content\/uploads\/2017\/06\/Or\u00ebndreq\u00ebs-n\u00eb-Ulqin-Tino-Mollabeqiri-3.jpg 960w, https:\/\/www.visit-ulcinj.com\/blog\/wp-content\/uploads\/2017\/06\/Or\u00ebndreq\u00ebs-n\u00eb-Ulqin-Tino-Mollabeqiri-3-300x225.jpg 300w, https:\/\/www.visit-ulcinj.com\/blog\/wp-content\/uploads\/2017\/06\/Or\u00ebndreq\u00ebs-n\u00eb-Ulqin-Tino-Mollabeqiri-3-768x576.jpg 768w\" sizes=\"(max-width: 508px) 100vw, 508px\" \/><\/a><br \/>\nK\u00ebto zot\u00ebrinj\u00eb nuk jetojn\u00eb m\u00eb , por ato kan\u00eb l\u00ebn\u00eb nj\u00eb zbrasti t\u00eb madhe n\u00eb k\u00ebt\u00eb zanat n\u00eb Ulqin. T\u00eb gjith\u00eb k\u00ebto kan\u00eb qen\u00eb t\u00eb jasht\u00ebzakonsh\u00ebm, figura t\u00eb njohura t\u00eb qytetit ton\u00eb t\u00eb bukur. Inshala jan\u00eb n\u00eb Xhehnet. \u00cbsht\u00eb mir\u00eb t\u00eb p\u00ebrmenden dhe t\u00eb qiten sadopak nga harresa.<\/p>\n<p><strong>Nga <span class=\"fwn fcg\"><span class=\"fcg\"><span class=\"fwb\"><a id=\"js_tb\" class=\"profileLink\" href=\"https:\/\/www.facebook.com\/ismet.karamanaga?hc_ref=NEWSFEED\" data-ft=\"{&quot;tn&quot;:&quot;l&quot;}\" data-hovercard=\"\/ajax\/hovercard\/user.php?id=1359492972&amp;extragetparams=%7B%22hc_ref%22%3A%22NEWSFEED%22%7D\" data-hovercard-prefer-more-content-show=\"1\">Ismet Karamanaga Facebook<\/a><\/span> <\/span><\/span><\/strong><\/p>\n","protected":false},"excerpt":{"rendered":"<p>Ustah, Or\u00ebndreq\u00ebs n\u00eb Ulqin Tino MOLLABEQIRI asht\u00eb thuajse i vetmi q\u00eb po lufton\u00eb me koh\u00ebn. Zanati i tyre thuajse \u00ebsht\u00eb harruar nga gjeneratat e reja. Nga Ismet Karamanaga Facebook Para nj\u00eb koh\u00eb t\u00eb shkurt\u00ebr kam pasur nevoj\u00eb p\u00ebr ta riparuar or\u00ebn. V\u00ebshtir\u00eb ta paramendosh se n\u00eb Ulqin nuk ka mbetur askush i cili merret me [&hellip;]<\/p>\n","protected":false},"author":1,"featured_media":0,"comment_status":"closed","ping_status":"closed","sticky":false,"template":"","format":"standard","meta":{"spay_email":"","jetpack_publicize_message":"","jetpack_is_tweetstorm":false,"jetpack_publicize_feature_enabled":true},"categories":[1],"tags":[],"jetpack_publicize_connections":[],"yoast_head":"<!-- This site is optimized with the Yoast SEO plugin v19.1 - https:\/\/yoast.com\/wordpress\/plugins\/seo\/ -->\n<title>Tino Mollabeqiri - Or\u00ebndreq\u00ebs n\u00eb Ulqin, nj\u00eb zanat drejt zhdukjes - Lajme nga Ulqini<\/title>\n<meta name=\"description\" content=\"Ustah, Or\u00ebndreq\u00ebs n\u00eb Ulqin Tino MOLLABEQIRI asht\u00eb thuajse i vetmi q\u00eb po lufton\u00eb me koh\u00ebn. Zanati i tyre thuajse \u00ebsht\u00eb harruar nga gjeneratat e reja. Nga\" \/>\n<meta name=\"robots\" content=\"index, follow, max-snippet:-1, max-image-preview:large, max-video-preview:-1\" \/>\n<link rel=\"canonical\" href=\"https:\/\/www.visit-ulcinj.com\/blog\/2017\/06\/01\/tino-mollabeqiri-orendreqes-ne-ulqin-nje-zanat-drejt-zhdukjes\/\" \/>\n<meta property=\"og:locale\" content=\"en_US\" \/>\n<meta property=\"og:type\" content=\"article\" \/>\n<meta property=\"og:title\" content=\"Tino Mollabeqiri - Or\u00ebndreq\u00ebs n\u00eb Ulqin, nj\u00eb zanat drejt zhdukjes - Lajme nga Ulqini\" \/>\n<meta property=\"og:description\" content=\"Ustah, Or\u00ebndreq\u00ebs n\u00eb Ulqin Tino MOLLABEQIRI asht\u00eb thuajse i vetmi q\u00eb po lufton\u00eb me koh\u00ebn. Zanati i tyre thuajse \u00ebsht\u00eb harruar nga gjeneratat e reja. Nga\" \/>\n<meta property=\"og:url\" content=\"https:\/\/www.visit-ulcinj.com\/blog\/2017\/06\/01\/tino-mollabeqiri-orendreqes-ne-ulqin-nje-zanat-drejt-zhdukjes\/\" \/>\n<meta property=\"og:site_name\" content=\"Lajme nga Ulqini\" \/>\n<meta property=\"article:published_time\" content=\"2017-06-01T18:56:28+00:00\" \/>\n<meta property=\"article:modified_time\" content=\"2017-06-01T18:57:31+00:00\" \/>\n<meta property=\"og:image\" content=\"http:\/\/www.visit-ulcinj.com\/blog\/wp-content\/uploads\/2017\/06\/carshija-e-Ulqinit.jpg\" \/>\n<meta name=\"twitter:label1\" content=\"Written by\" \/>\n\t<meta name=\"twitter:data1\" content=\"ulqini\" \/>\n\t<meta name=\"twitter:label2\" content=\"Est. reading time\" \/>\n\t<meta name=\"twitter:data2\" content=\"4 minutes\" \/>\n<script type=\"application\/ld+json\" class=\"yoast-schema-graph\">{\"@context\":\"https:\/\/schema.org\",\"@graph\":[{\"@type\":\"WebSite\",\"@id\":\"https:\/\/www.visit-ulcinj.com\/blog\/#website\",\"url\":\"https:\/\/www.visit-ulcinj.com\/blog\/\",\"name\":\"Lajme nga Ulqini\",\"description\":\"Lajme,Vijesti,Ulqini,Ulqin,Crna Gora,Mali i Zi\",\"potentialAction\":[{\"@type\":\"SearchAction\",\"target\":{\"@type\":\"EntryPoint\",\"urlTemplate\":\"https:\/\/www.visit-ulcinj.com\/blog\/?s={search_term_string}\"},\"query-input\":\"required name=search_term_string\"}],\"inLanguage\":\"en-US\"},{\"@type\":\"ImageObject\",\"inLanguage\":\"en-US\",\"@id\":\"https:\/\/www.visit-ulcinj.com\/blog\/2017\/06\/01\/tino-mollabeqiri-orendreqes-ne-ulqin-nje-zanat-drejt-zhdukjes\/#primaryimage\",\"url\":\"https:\/\/www.visit-ulcinj.com\/blog\/wp-content\/uploads\/2017\/06\/carshija-e-Ulqinit.jpg\",\"contentUrl\":\"https:\/\/www.visit-ulcinj.com\/blog\/wp-content\/uploads\/2017\/06\/carshija-e-Ulqinit.jpg\",\"width\":960,\"height\":620},{\"@type\":\"WebPage\",\"@id\":\"https:\/\/www.visit-ulcinj.com\/blog\/2017\/06\/01\/tino-mollabeqiri-orendreqes-ne-ulqin-nje-zanat-drejt-zhdukjes\/#webpage\",\"url\":\"https:\/\/www.visit-ulcinj.com\/blog\/2017\/06\/01\/tino-mollabeqiri-orendreqes-ne-ulqin-nje-zanat-drejt-zhdukjes\/\",\"name\":\"Tino Mollabeqiri - Or\u00ebndreq\u00ebs n\u00eb Ulqin, nj\u00eb zanat drejt zhdukjes - Lajme nga Ulqini\",\"isPartOf\":{\"@id\":\"https:\/\/www.visit-ulcinj.com\/blog\/#website\"},\"primaryImageOfPage\":{\"@id\":\"https:\/\/www.visit-ulcinj.com\/blog\/2017\/06\/01\/tino-mollabeqiri-orendreqes-ne-ulqin-nje-zanat-drejt-zhdukjes\/#primaryimage\"},\"datePublished\":\"2017-06-01T18:56:28+00:00\",\"dateModified\":\"2017-06-01T18:57:31+00:00\",\"author\":{\"@id\":\"https:\/\/www.visit-ulcinj.com\/blog\/#\/schema\/person\/dcab619c614d3038751c63bc2aadc06d\"},\"description\":\"Ustah, Or\u00ebndreq\u00ebs n\u00eb Ulqin Tino MOLLABEQIRI asht\u00eb thuajse i vetmi q\u00eb po lufton\u00eb me koh\u00ebn. Zanati i tyre thuajse \u00ebsht\u00eb harruar nga gjeneratat e reja. Nga\",\"breadcrumb\":{\"@id\":\"https:\/\/www.visit-ulcinj.com\/blog\/2017\/06\/01\/tino-mollabeqiri-orendreqes-ne-ulqin-nje-zanat-drejt-zhdukjes\/#breadcrumb\"},\"inLanguage\":\"en-US\",\"potentialAction\":[{\"@type\":\"ReadAction\",\"target\":[\"https:\/\/www.visit-ulcinj.com\/blog\/2017\/06\/01\/tino-mollabeqiri-orendreqes-ne-ulqin-nje-zanat-drejt-zhdukjes\/\"]}]},{\"@type\":\"BreadcrumbList\",\"@id\":\"https:\/\/www.visit-ulcinj.com\/blog\/2017\/06\/01\/tino-mollabeqiri-orendreqes-ne-ulqin-nje-zanat-drejt-zhdukjes\/#breadcrumb\",\"itemListElement\":[{\"@type\":\"ListItem\",\"position\":1,\"name\":\"Tino Mollabeqiri &#8211; Or\u00ebndreq\u00ebs n\u00eb Ulqin, nj\u00eb zanat drejt zhdukjes\"}]},{\"@type\":\"Person\",\"@id\":\"https:\/\/www.visit-ulcinj.com\/blog\/#\/schema\/person\/dcab619c614d3038751c63bc2aadc06d\",\"name\":\"ulqini\",\"sameAs\":[\"http:\/\/www.visit-ulcinj.com\"],\"url\":\"https:\/\/www.visit-ulcinj.com\/blog\/author\/admin\/\"}]}<\/script>\n<!-- \/ Yoast SEO plugin. -->","yoast_head_json":{"title":"Tino Mollabeqiri - Or\u00ebndreq\u00ebs n\u00eb Ulqin, nj\u00eb zanat drejt zhdukjes - Lajme nga Ulqini","description":"Ustah, Or\u00ebndreq\u00ebs n\u00eb Ulqin Tino MOLLABEQIRI asht\u00eb thuajse i vetmi q\u00eb po lufton\u00eb me koh\u00ebn. Zanati i tyre thuajse \u00ebsht\u00eb harruar nga gjeneratat e reja. Nga","robots":{"index":"index","follow":"follow","max-snippet":"max-snippet:-1","max-image-preview":"max-image-preview:large","max-video-preview":"max-video-preview:-1"},"canonical":"https:\/\/www.visit-ulcinj.com\/blog\/2017\/06\/01\/tino-mollabeqiri-orendreqes-ne-ulqin-nje-zanat-drejt-zhdukjes\/","og_locale":"en_US","og_type":"article","og_title":"Tino Mollabeqiri - Or\u00ebndreq\u00ebs n\u00eb Ulqin, nj\u00eb zanat drejt zhdukjes - Lajme nga Ulqini","og_description":"Ustah, Or\u00ebndreq\u00ebs n\u00eb Ulqin Tino MOLLABEQIRI asht\u00eb thuajse i vetmi q\u00eb po lufton\u00eb me koh\u00ebn. Zanati i tyre thuajse \u00ebsht\u00eb harruar nga gjeneratat e reja. Nga","og_url":"https:\/\/www.visit-ulcinj.com\/blog\/2017\/06\/01\/tino-mollabeqiri-orendreqes-ne-ulqin-nje-zanat-drejt-zhdukjes\/","og_site_name":"Lajme nga Ulqini","article_published_time":"2017-06-01T18:56:28+00:00","article_modified_time":"2017-06-01T18:57:31+00:00","og_image":[{"url":"http:\/\/www.visit-ulcinj.com\/blog\/wp-content\/uploads\/2017\/06\/carshija-e-Ulqinit.jpg"}],"twitter_misc":{"Written by":"ulqini","Est. reading time":"4 minutes"},"schema":{"@context":"https:\/\/schema.org","@graph":[{"@type":"WebSite","@id":"https:\/\/www.visit-ulcinj.com\/blog\/#website","url":"https:\/\/www.visit-ulcinj.com\/blog\/","name":"Lajme nga Ulqini","description":"Lajme,Vijesti,Ulqini,Ulqin,Crna Gora,Mali i Zi","potentialAction":[{"@type":"SearchAction","target":{"@type":"EntryPoint","urlTemplate":"https:\/\/www.visit-ulcinj.com\/blog\/?s={search_term_string}"},"query-input":"required name=search_term_string"}],"inLanguage":"en-US"},{"@type":"ImageObject","inLanguage":"en-US","@id":"https:\/\/www.visit-ulcinj.com\/blog\/2017\/06\/01\/tino-mollabeqiri-orendreqes-ne-ulqin-nje-zanat-drejt-zhdukjes\/#primaryimage","url":"https:\/\/www.visit-ulcinj.com\/blog\/wp-content\/uploads\/2017\/06\/carshija-e-Ulqinit.jpg","contentUrl":"https:\/\/www.visit-ulcinj.com\/blog\/wp-content\/uploads\/2017\/06\/carshija-e-Ulqinit.jpg","width":960,"height":620},{"@type":"WebPage","@id":"https:\/\/www.visit-ulcinj.com\/blog\/2017\/06\/01\/tino-mollabeqiri-orendreqes-ne-ulqin-nje-zanat-drejt-zhdukjes\/#webpage","url":"https:\/\/www.visit-ulcinj.com\/blog\/2017\/06\/01\/tino-mollabeqiri-orendreqes-ne-ulqin-nje-zanat-drejt-zhdukjes\/","name":"Tino Mollabeqiri - Or\u00ebndreq\u00ebs n\u00eb Ulqin, nj\u00eb zanat drejt zhdukjes - Lajme nga Ulqini","isPartOf":{"@id":"https:\/\/www.visit-ulcinj.com\/blog\/#website"},"primaryImageOfPage":{"@id":"https:\/\/www.visit-ulcinj.com\/blog\/2017\/06\/01\/tino-mollabeqiri-orendreqes-ne-ulqin-nje-zanat-drejt-zhdukjes\/#primaryimage"},"datePublished":"2017-06-01T18:56:28+00:00","dateModified":"2017-06-01T18:57:31+00:00","author":{"@id":"https:\/\/www.visit-ulcinj.com\/blog\/#\/schema\/person\/dcab619c614d3038751c63bc2aadc06d"},"description":"Ustah, Or\u00ebndreq\u00ebs n\u00eb Ulqin Tino MOLLABEQIRI asht\u00eb thuajse i vetmi q\u00eb po lufton\u00eb me koh\u00ebn. Zanati i tyre thuajse \u00ebsht\u00eb harruar nga gjeneratat e reja. Nga","breadcrumb":{"@id":"https:\/\/www.visit-ulcinj.com\/blog\/2017\/06\/01\/tino-mollabeqiri-orendreqes-ne-ulqin-nje-zanat-drejt-zhdukjes\/#breadcrumb"},"inLanguage":"en-US","potentialAction":[{"@type":"ReadAction","target":["https:\/\/www.visit-ulcinj.com\/blog\/2017\/06\/01\/tino-mollabeqiri-orendreqes-ne-ulqin-nje-zanat-drejt-zhdukjes\/"]}]},{"@type":"BreadcrumbList","@id":"https:\/\/www.visit-ulcinj.com\/blog\/2017\/06\/01\/tino-mollabeqiri-orendreqes-ne-ulqin-nje-zanat-drejt-zhdukjes\/#breadcrumb","itemListElement":[{"@type":"ListItem","position":1,"name":"Tino Mollabeqiri &#8211; Or\u00ebndreq\u00ebs n\u00eb Ulqin, nj\u00eb zanat drejt zhdukjes"}]},{"@type":"Person","@id":"https:\/\/www.visit-ulcinj.com\/blog\/#\/schema\/person\/dcab619c614d3038751c63bc2aadc06d","name":"ulqini","sameAs":["http:\/\/www.visit-ulcinj.com"],"url":"https:\/\/www.visit-ulcinj.com\/blog\/author\/admin\/"}]}},"jetpack_featured_media_url":"","jetpack_sharing_enabled":true,"jetpack_shortlink":"https:\/\/wp.me\/pe6lTn-rpX","_links":{"self":[{"href":"https:\/\/www.visit-ulcinj.com\/blog\/wp-json\/wp\/v2\/posts\/105397"}],"collection":[{"href":"https:\/\/www.visit-ulcinj.com\/blog\/wp-json\/wp\/v2\/posts"}],"about":[{"href":"https:\/\/www.visit-ulcinj.com\/blog\/wp-json\/wp\/v2\/types\/post"}],"author":[{"embeddable":true,"href":"https:\/\/www.visit-ulcinj.com\/blog\/wp-json\/wp\/v2\/users\/1"}],"replies":[{"embeddable":true,"href":"https:\/\/www.visit-ulcinj.com\/blog\/wp-json\/wp\/v2\/comments?post=105397"}],"version-history":[{"count":2,"href":"https:\/\/www.visit-ulcinj.com\/blog\/wp-json\/wp\/v2\/posts\/105397\/revisions"}],"predecessor-version":[{"id":105405,"href":"https:\/\/www.visit-ulcinj.com\/blog\/wp-json\/wp\/v2\/posts\/105397\/revisions\/105405"}],"wp:attachment":[{"href":"https:\/\/www.visit-ulcinj.com\/blog\/wp-json\/wp\/v2\/media?parent=105397"}],"wp:term":[{"taxonomy":"category","embeddable":true,"href":"https:\/\/www.visit-ulcinj.com\/blog\/wp-json\/wp\/v2\/categories?post=105397"},{"taxonomy":"post_tag","embeddable":true,"href":"https:\/\/www.visit-ulcinj.com\/blog\/wp-json\/wp\/v2\/tags?post=105397"}],"curies":[{"name":"wp","href":"https:\/\/api.w.org\/{rel}","templated":true}]}}