{"id":105411,"date":"2017-06-01T21:57:45","date_gmt":"2017-06-01T20:57:45","guid":{"rendered":"http:\/\/www.visit-ulcinj.com\/blog\/?p=105411"},"modified":"2017-06-01T21:58:04","modified_gmt":"2017-06-01T20:58:04","slug":"elezaga-pse-per-rivieren-e-ulqinit-nuk-vlen-ajo-qe-vlen-per-rivieren-e-budves","status":"publish","type":"post","link":"https:\/\/www.visit-ulcinj.com\/blog\/2017\/06\/01\/elezaga-pse-per-rivieren-e-ulqinit-nuk-vlen-ajo-qe-vlen-per-rivieren-e-budves\/","title":{"rendered":"Elezaga: Pse p\u00ebr \u201cRivier\u00ebn e Ulqinit\u201d nuk vlen ajo q\u00eb vlen p\u00ebr \u201cRivier\u00ebn e Budv\u00ebs\u201d"},"content":{"rendered":"<p><a href=\"http:\/\/www.visit-ulcinj.com\/blog\/wp-content\/uploads\/2016\/02\/Skender-Elezaga-Ulqin.jpg\"><img loading=\"lazy\" class=\"alignleft wp-image-94915\" src=\"http:\/\/www.visit-ulcinj.com\/blog\/wp-content\/uploads\/2016\/02\/Skender-Elezaga-Ulqin.jpg\" alt=\"\" width=\"508\" height=\"288\" srcset=\"https:\/\/www.visit-ulcinj.com\/blog\/wp-content\/uploads\/2016\/02\/Skender-Elezaga-Ulqin.jpg 765w, https:\/\/www.visit-ulcinj.com\/blog\/wp-content\/uploads\/2016\/02\/Skender-Elezaga-Ulqin-300x170.jpg 300w\" sizes=\"(max-width: 508px) 100vw, 508px\" \/><\/a><strong>Kumtes\u00eb p\u00ebr opinion e KK PSD Ulqin, t\u00eb cil\u00ebn e n\u00ebnshkruan kryetari Skender Elezaga, raporton portali Ul.info.<\/strong><\/p>\n<p>K\u00ebshilli komunal i PSD Ulqin vlerson se vendimi i Ministris\u00eb s\u00eb finansave q\u00eb ta verifikoj Aktvendimine zyres lokale t\u00eb Drejtoris\u00eb p\u00ebr patundshm\u00ebri, me t\u00eb cil\u00ebn refuzohet\u00a0 k\u00ebrkesa ligjore e SHA \u201cRiviera e Ulqinit\u201d p\u00ebr transferim\u00a0 e t\u00eb drejt\u00ebs s\u00eb shryt\u00ebzimit n\u00eb pron\u00ebsi, paraqet dhun\u00eb e t\u00eb drejt\u00ebs dhe shembull klasik i veprimit t\u00eb ndrysh\u00ebm t\u00eb organeve shtet\u00ebrore, n\u00eb raste t\u00eb nj\u00ebjta.<\/p>\n<p>P\u00ebrkujtojm\u00eb q\u00eb, gjat pro\u00e7esit t\u00eb deritanish\u00ebm n\u00eb k\u00ebt\u00eb l\u00ebnd\u00eb, Ministria n\u00eb fjal\u00eb, si organ i shkall\u00ebs s\u00eb dyt\u00eb,\u00a0 dy her\u00eb e ka anulu vendimin e Katastrit por si\u00e7 duket, tani e kan\u00eb ndryshu mendimin.<\/p>\n<p>\u00cbsht\u00eb zor t\u00eb besosh se shkak p\u00ebr ndryshimin e qendrimit t\u00eb Ministris\u00eb \u00ebsht\u00eb spjegimi i dh\u00ebn\u00eb n\u00eb arsyetimin e Aktvendimit se \u201ctrualli n\u00eb fjal\u00eb \u00ebsht\u00eb ne zon\u00ebn e t\u00eb mirave detare dhe si pasuri natyrore nuk mund t\u00eb jet pron\u00eb private\u201d.<\/p>\n<p>N\u00ebse \u00ebsht\u00eb ashtu, at\u00ebher\u00eb kemi t\u00eb b\u00ebjm\u00eb me shkelje serioze t\u00eb parimit se t\u00eb gjith\u00eb jan\u00eb t\u00eb barabart para ligit dhe se ligji vlen nj\u00ebsoj p\u00ebr t\u00eb gith\u00eb.<\/p>\n<p>Pse p\u00ebr \u201cRivier\u00ebn e Ulqinit\u201d nuk vlen ajo q\u00eb vlen p\u00ebr \u201cRivier\u00ebn e Budv\u00ebs\u201d? Sh\u00ebn Stefani poashtu gjendet n\u00eb zon\u00ebn e t\u00eb mirave detare, por trualli n\u00eb Katast\u00ebr \u00ebsht\u00eb pron\u00eb 1\/1 e \u201cRivier\u00ebs s\u00eb Budv\u00ebs\u201d.<\/p>\n<p>Q\u00eb paradoksi t\u00eb jet edhe m\u00eb i madh, trualli n\u00ebn ish hotelin \u201cLido\u201d (i cili \u00ebsht\u00eb ble mu nga \u201cRiviera e Ulqinit\u201d), i cili gjendet poashtu n\u00eb zon\u00ebn e t\u00eb mirave detare, \u00ebsht\u00eb regjistruar si pron\u00eb 1\/1 e ShPK \u201cCapital estate\u201d nga Budva.<\/p>\n<p>Kjo situat \u00ebsht\u00eb vet\u00ebm vazhdim i \u201ctrajtimit special\u201d q\u00eb kjo nd\u00ebrmarrje, m\u00eb e r\u00ebnd\u00ebsishme ekonomike e Uqinit ka n\u00eb vazhdimsi 20 vitet e fundit.<\/p>\n<p>SHA \u201cRiviera e Ulqinit\u201d jo vet\u00ebm q\u00eb \u00ebsht\u00eb e vetmja nd\u00ebrmarrje e madhe turistike ndaj t\u00eb cil\u00ebs u hap pro\u00e7edura e falimentimit, edhe ate n\u00eb iniciativ\u00eb t\u00eb Elektroekonomis\u00eb shtet\u00ebrore,\u00a0 por \u00ebsh\u00eb e vetmja nd\u00ebrmarrje hotelierike n\u00eb shtet, e cila nuk \u00ebsht\u00eb pronare e truallit ku jan\u00eb t\u00eb nd\u00ebrtuar hotelet e saj.<\/p>\n<p>Statusi i pazgjedhur i truallit \u00ebsht\u00eb shkaku kryesor i mosuksesit t\u00eb disa tender\u00ebve p\u00ebr privatizim t\u00eb k\u00ebsaj nd\u00ebrmarrje, p\u00ebr t\u00eb cil\u00ebn interesim tregojn\u00eb shum\u00eb investitor serioz.<\/p>\n<p>E gjith\u00eb kjo, n\u00eb kombinim me tentativ\u00ebn shum\u00eb problematike t\u00eb qiradhenjes\u00a0 n\u00eb afat t\u00eb gjat\u00eb, e cila \u00ebsht\u00eb aktuale k\u00ebto dit\u00eb, na b\u00ebn\u00eb t\u00eb dyshojm\u00eb, se me maskimin dhe n\u00ebnvlersimin permanent t\u00eb pron\u00ebs s\u00eb saj, kjo Shoq\u00ebri aksionare po pregaditet\u00a0 t\u00eb shitet, n\u00ebn \u00e7do vler\u00eb ndonj\u00eb blesit t\u00eb p\u00ebrzgjedhur.<\/p>\n<p>Presim q\u00eb pushteti lokal n\u00eb Ulqin, ashtu si\u00e7 b\u00ebn\u00eb kojshit ton\u00eb n\u00eb Tivar\u00eb, do t\u00eb tregoj minimumin e p\u00ebrgjegjsis\u00eb dhe do t\u00eb gjej kurajo t\u00eb ky\u00e7et n\u00eb k\u00ebt\u00eb pro\u00e7es, sepse nga e ardhmja e \u201cRivier\u00ebs s\u00eb Ulqinit\u201d mvaret e ardhmja e turizmit n\u00eb Ulqin.<\/p>\n","protected":false},"excerpt":{"rendered":"<p>Kumtes\u00eb p\u00ebr opinion e KK PSD Ulqin, t\u00eb cil\u00ebn e n\u00ebnshkruan kryetari Skender Elezaga, raporton portali Ul.info. K\u00ebshilli komunal i PSD Ulqin vlerson se vendimi i Ministris\u00eb s\u00eb finansave q\u00eb ta verifikoj Aktvendimine zyres lokale t\u00eb Drejtoris\u00eb p\u00ebr patundshm\u00ebri, me t\u00eb cil\u00ebn refuzohet\u00a0 k\u00ebrkesa ligjore e SHA \u201cRiviera e Ulqinit\u201d p\u00ebr transferim\u00a0 e t\u00eb drejt\u00ebs [&hellip;]<\/p>\n","protected":false},"author":1,"featured_media":0,"comment_status":"closed","ping_status":"closed","sticky":false,"template":"","format":"standard","meta":{"spay_email":"","jetpack_publicize_message":"","jetpack_is_tweetstorm":false,"jetpack_publicize_feature_enabled":true},"categories":[10],"tags":[],"jetpack_publicize_connections":[],"yoast_head":"<!-- This site is optimized with the Yoast SEO plugin v19.1 - https:\/\/yoast.com\/wordpress\/plugins\/seo\/ -->\n<title>Elezaga: Pse p\u00ebr \u201cRivier\u00ebn e Ulqinit\u201d nuk vlen ajo q\u00eb vlen p\u00ebr \u201cRivier\u00ebn e Budv\u00ebs\u201d - Lajme nga Ulqini<\/title>\n<meta name=\"description\" content=\"Kumtes\u00eb p\u00ebr opinion e KK PSD Ulqin, t\u00eb cil\u00ebn e n\u00ebnshkruan kryetari Skender Elezaga, raporton portali Ul.info. K\u00ebshilli komunal i PSD Ulqin vlerson se\" \/>\n<meta name=\"robots\" content=\"index, follow, max-snippet:-1, max-image-preview:large, max-video-preview:-1\" \/>\n<link rel=\"canonical\" href=\"https:\/\/www.visit-ulcinj.com\/blog\/2017\/06\/01\/elezaga-pse-per-rivieren-e-ulqinit-nuk-vlen-ajo-qe-vlen-per-rivieren-e-budves\/\" \/>\n<meta property=\"og:locale\" content=\"en_US\" \/>\n<meta property=\"og:type\" content=\"article\" \/>\n<meta property=\"og:title\" content=\"Elezaga: Pse p\u00ebr \u201cRivier\u00ebn e Ulqinit\u201d nuk vlen ajo q\u00eb vlen p\u00ebr \u201cRivier\u00ebn e Budv\u00ebs\u201d - Lajme nga Ulqini\" \/>\n<meta property=\"og:description\" content=\"Kumtes\u00eb p\u00ebr opinion e KK PSD Ulqin, t\u00eb cil\u00ebn e n\u00ebnshkruan kryetari Skender Elezaga, raporton portali Ul.info. K\u00ebshilli komunal i PSD Ulqin vlerson se\" \/>\n<meta property=\"og:url\" content=\"https:\/\/www.visit-ulcinj.com\/blog\/2017\/06\/01\/elezaga-pse-per-rivieren-e-ulqinit-nuk-vlen-ajo-qe-vlen-per-rivieren-e-budves\/\" \/>\n<meta property=\"og:site_name\" content=\"Lajme nga Ulqini\" \/>\n<meta property=\"article:published_time\" content=\"2017-06-01T20:57:45+00:00\" \/>\n<meta property=\"article:modified_time\" content=\"2017-06-01T20:58:04+00:00\" \/>\n<meta property=\"og:image\" content=\"http:\/\/www.visit-ulcinj.com\/blog\/wp-content\/uploads\/2016\/02\/Skender-Elezaga-Ulqin.jpg\" \/>\n<meta name=\"twitter:label1\" content=\"Written by\" \/>\n\t<meta name=\"twitter:data1\" content=\"ulqini\" \/>\n\t<meta name=\"twitter:label2\" content=\"Est. reading time\" \/>\n\t<meta name=\"twitter:data2\" content=\"3 minutes\" \/>\n<script type=\"application\/ld+json\" class=\"yoast-schema-graph\">{\"@context\":\"https:\/\/schema.org\",\"@graph\":[{\"@type\":\"WebSite\",\"@id\":\"https:\/\/www.visit-ulcinj.com\/blog\/#website\",\"url\":\"https:\/\/www.visit-ulcinj.com\/blog\/\",\"name\":\"Lajme nga Ulqini\",\"description\":\"Lajme,Vijesti,Ulqini,Ulqin,Crna Gora,Mali i Zi\",\"potentialAction\":[{\"@type\":\"SearchAction\",\"target\":{\"@type\":\"EntryPoint\",\"urlTemplate\":\"https:\/\/www.visit-ulcinj.com\/blog\/?s={search_term_string}\"},\"query-input\":\"required name=search_term_string\"}],\"inLanguage\":\"en-US\"},{\"@type\":\"ImageObject\",\"inLanguage\":\"en-US\",\"@id\":\"https:\/\/www.visit-ulcinj.com\/blog\/2017\/06\/01\/elezaga-pse-per-rivieren-e-ulqinit-nuk-vlen-ajo-qe-vlen-per-rivieren-e-budves\/#primaryimage\",\"url\":\"https:\/\/www.visit-ulcinj.com\/blog\/wp-content\/uploads\/2016\/02\/Skender-Elezaga-Ulqin.jpg\",\"contentUrl\":\"https:\/\/www.visit-ulcinj.com\/blog\/wp-content\/uploads\/2016\/02\/Skender-Elezaga-Ulqin.jpg\",\"width\":765,\"height\":433},{\"@type\":\"WebPage\",\"@id\":\"https:\/\/www.visit-ulcinj.com\/blog\/2017\/06\/01\/elezaga-pse-per-rivieren-e-ulqinit-nuk-vlen-ajo-qe-vlen-per-rivieren-e-budves\/#webpage\",\"url\":\"https:\/\/www.visit-ulcinj.com\/blog\/2017\/06\/01\/elezaga-pse-per-rivieren-e-ulqinit-nuk-vlen-ajo-qe-vlen-per-rivieren-e-budves\/\",\"name\":\"Elezaga: Pse p\u00ebr \u201cRivier\u00ebn e Ulqinit\u201d nuk vlen ajo q\u00eb vlen p\u00ebr \u201cRivier\u00ebn e Budv\u00ebs\u201d - Lajme nga Ulqini\",\"isPartOf\":{\"@id\":\"https:\/\/www.visit-ulcinj.com\/blog\/#website\"},\"primaryImageOfPage\":{\"@id\":\"https:\/\/www.visit-ulcinj.com\/blog\/2017\/06\/01\/elezaga-pse-per-rivieren-e-ulqinit-nuk-vlen-ajo-qe-vlen-per-rivieren-e-budves\/#primaryimage\"},\"datePublished\":\"2017-06-01T20:57:45+00:00\",\"dateModified\":\"2017-06-01T20:58:04+00:00\",\"author\":{\"@id\":\"https:\/\/www.visit-ulcinj.com\/blog\/#\/schema\/person\/dcab619c614d3038751c63bc2aadc06d\"},\"description\":\"Kumtes\u00eb p\u00ebr opinion e KK PSD Ulqin, t\u00eb cil\u00ebn e n\u00ebnshkruan kryetari Skender Elezaga, raporton portali Ul.info. K\u00ebshilli komunal i PSD Ulqin vlerson se\",\"breadcrumb\":{\"@id\":\"https:\/\/www.visit-ulcinj.com\/blog\/2017\/06\/01\/elezaga-pse-per-rivieren-e-ulqinit-nuk-vlen-ajo-qe-vlen-per-rivieren-e-budves\/#breadcrumb\"},\"inLanguage\":\"en-US\",\"potentialAction\":[{\"@type\":\"ReadAction\",\"target\":[\"https:\/\/www.visit-ulcinj.com\/blog\/2017\/06\/01\/elezaga-pse-per-rivieren-e-ulqinit-nuk-vlen-ajo-qe-vlen-per-rivieren-e-budves\/\"]}]},{\"@type\":\"BreadcrumbList\",\"@id\":\"https:\/\/www.visit-ulcinj.com\/blog\/2017\/06\/01\/elezaga-pse-per-rivieren-e-ulqinit-nuk-vlen-ajo-qe-vlen-per-rivieren-e-budves\/#breadcrumb\",\"itemListElement\":[{\"@type\":\"ListItem\",\"position\":1,\"name\":\"Elezaga: Pse p\u00ebr \u201cRivier\u00ebn e Ulqinit\u201d nuk vlen ajo q\u00eb vlen p\u00ebr \u201cRivier\u00ebn e Budv\u00ebs\u201d\"}]},{\"@type\":\"Person\",\"@id\":\"https:\/\/www.visit-ulcinj.com\/blog\/#\/schema\/person\/dcab619c614d3038751c63bc2aadc06d\",\"name\":\"ulqini\",\"sameAs\":[\"http:\/\/www.visit-ulcinj.com\"],\"url\":\"https:\/\/www.visit-ulcinj.com\/blog\/author\/admin\/\"}]}<\/script>\n<!-- \/ Yoast SEO plugin. -->","yoast_head_json":{"title":"Elezaga: Pse p\u00ebr \u201cRivier\u00ebn e Ulqinit\u201d nuk vlen ajo q\u00eb vlen p\u00ebr \u201cRivier\u00ebn e Budv\u00ebs\u201d - Lajme nga Ulqini","description":"Kumtes\u00eb p\u00ebr opinion e KK PSD Ulqin, t\u00eb cil\u00ebn e n\u00ebnshkruan kryetari Skender Elezaga, raporton portali Ul.info. K\u00ebshilli komunal i PSD Ulqin vlerson se","robots":{"index":"index","follow":"follow","max-snippet":"max-snippet:-1","max-image-preview":"max-image-preview:large","max-video-preview":"max-video-preview:-1"},"canonical":"https:\/\/www.visit-ulcinj.com\/blog\/2017\/06\/01\/elezaga-pse-per-rivieren-e-ulqinit-nuk-vlen-ajo-qe-vlen-per-rivieren-e-budves\/","og_locale":"en_US","og_type":"article","og_title":"Elezaga: Pse p\u00ebr \u201cRivier\u00ebn e Ulqinit\u201d nuk vlen ajo q\u00eb vlen p\u00ebr \u201cRivier\u00ebn e Budv\u00ebs\u201d - Lajme nga Ulqini","og_description":"Kumtes\u00eb p\u00ebr opinion e KK PSD Ulqin, t\u00eb cil\u00ebn e n\u00ebnshkruan kryetari Skender Elezaga, raporton portali Ul.info. K\u00ebshilli komunal i PSD Ulqin vlerson se","og_url":"https:\/\/www.visit-ulcinj.com\/blog\/2017\/06\/01\/elezaga-pse-per-rivieren-e-ulqinit-nuk-vlen-ajo-qe-vlen-per-rivieren-e-budves\/","og_site_name":"Lajme nga Ulqini","article_published_time":"2017-06-01T20:57:45+00:00","article_modified_time":"2017-06-01T20:58:04+00:00","og_image":[{"url":"http:\/\/www.visit-ulcinj.com\/blog\/wp-content\/uploads\/2016\/02\/Skender-Elezaga-Ulqin.jpg"}],"twitter_misc":{"Written by":"ulqini","Est. reading time":"3 minutes"},"schema":{"@context":"https:\/\/schema.org","@graph":[{"@type":"WebSite","@id":"https:\/\/www.visit-ulcinj.com\/blog\/#website","url":"https:\/\/www.visit-ulcinj.com\/blog\/","name":"Lajme nga Ulqini","description":"Lajme,Vijesti,Ulqini,Ulqin,Crna Gora,Mali i Zi","potentialAction":[{"@type":"SearchAction","target":{"@type":"EntryPoint","urlTemplate":"https:\/\/www.visit-ulcinj.com\/blog\/?s={search_term_string}"},"query-input":"required name=search_term_string"}],"inLanguage":"en-US"},{"@type":"ImageObject","inLanguage":"en-US","@id":"https:\/\/www.visit-ulcinj.com\/blog\/2017\/06\/01\/elezaga-pse-per-rivieren-e-ulqinit-nuk-vlen-ajo-qe-vlen-per-rivieren-e-budves\/#primaryimage","url":"https:\/\/www.visit-ulcinj.com\/blog\/wp-content\/uploads\/2016\/02\/Skender-Elezaga-Ulqin.jpg","contentUrl":"https:\/\/www.visit-ulcinj.com\/blog\/wp-content\/uploads\/2016\/02\/Skender-Elezaga-Ulqin.jpg","width":765,"height":433},{"@type":"WebPage","@id":"https:\/\/www.visit-ulcinj.com\/blog\/2017\/06\/01\/elezaga-pse-per-rivieren-e-ulqinit-nuk-vlen-ajo-qe-vlen-per-rivieren-e-budves\/#webpage","url":"https:\/\/www.visit-ulcinj.com\/blog\/2017\/06\/01\/elezaga-pse-per-rivieren-e-ulqinit-nuk-vlen-ajo-qe-vlen-per-rivieren-e-budves\/","name":"Elezaga: Pse p\u00ebr \u201cRivier\u00ebn e Ulqinit\u201d nuk vlen ajo q\u00eb vlen p\u00ebr \u201cRivier\u00ebn e Budv\u00ebs\u201d - Lajme nga Ulqini","isPartOf":{"@id":"https:\/\/www.visit-ulcinj.com\/blog\/#website"},"primaryImageOfPage":{"@id":"https:\/\/www.visit-ulcinj.com\/blog\/2017\/06\/01\/elezaga-pse-per-rivieren-e-ulqinit-nuk-vlen-ajo-qe-vlen-per-rivieren-e-budves\/#primaryimage"},"datePublished":"2017-06-01T20:57:45+00:00","dateModified":"2017-06-01T20:58:04+00:00","author":{"@id":"https:\/\/www.visit-ulcinj.com\/blog\/#\/schema\/person\/dcab619c614d3038751c63bc2aadc06d"},"description":"Kumtes\u00eb p\u00ebr opinion e KK PSD Ulqin, t\u00eb cil\u00ebn e n\u00ebnshkruan kryetari Skender Elezaga, raporton portali Ul.info. K\u00ebshilli komunal i PSD Ulqin vlerson se","breadcrumb":{"@id":"https:\/\/www.visit-ulcinj.com\/blog\/2017\/06\/01\/elezaga-pse-per-rivieren-e-ulqinit-nuk-vlen-ajo-qe-vlen-per-rivieren-e-budves\/#breadcrumb"},"inLanguage":"en-US","potentialAction":[{"@type":"ReadAction","target":["https:\/\/www.visit-ulcinj.com\/blog\/2017\/06\/01\/elezaga-pse-per-rivieren-e-ulqinit-nuk-vlen-ajo-qe-vlen-per-rivieren-e-budves\/"]}]},{"@type":"BreadcrumbList","@id":"https:\/\/www.visit-ulcinj.com\/blog\/2017\/06\/01\/elezaga-pse-per-rivieren-e-ulqinit-nuk-vlen-ajo-qe-vlen-per-rivieren-e-budves\/#breadcrumb","itemListElement":[{"@type":"ListItem","position":1,"name":"Elezaga: Pse p\u00ebr \u201cRivier\u00ebn e Ulqinit\u201d nuk vlen ajo q\u00eb vlen p\u00ebr \u201cRivier\u00ebn e Budv\u00ebs\u201d"}]},{"@type":"Person","@id":"https:\/\/www.visit-ulcinj.com\/blog\/#\/schema\/person\/dcab619c614d3038751c63bc2aadc06d","name":"ulqini","sameAs":["http:\/\/www.visit-ulcinj.com"],"url":"https:\/\/www.visit-ulcinj.com\/blog\/author\/admin\/"}]}},"jetpack_featured_media_url":"","jetpack_sharing_enabled":true,"jetpack_shortlink":"https:\/\/wp.me\/pe6lTn-rqb","_links":{"self":[{"href":"https:\/\/www.visit-ulcinj.com\/blog\/wp-json\/wp\/v2\/posts\/105411"}],"collection":[{"href":"https:\/\/www.visit-ulcinj.com\/blog\/wp-json\/wp\/v2\/posts"}],"about":[{"href":"https:\/\/www.visit-ulcinj.com\/blog\/wp-json\/wp\/v2\/types\/post"}],"author":[{"embeddable":true,"href":"https:\/\/www.visit-ulcinj.com\/blog\/wp-json\/wp\/v2\/users\/1"}],"replies":[{"embeddable":true,"href":"https:\/\/www.visit-ulcinj.com\/blog\/wp-json\/wp\/v2\/comments?post=105411"}],"version-history":[{"count":2,"href":"https:\/\/www.visit-ulcinj.com\/blog\/wp-json\/wp\/v2\/posts\/105411\/revisions"}],"predecessor-version":[{"id":105413,"href":"https:\/\/www.visit-ulcinj.com\/blog\/wp-json\/wp\/v2\/posts\/105411\/revisions\/105413"}],"wp:attachment":[{"href":"https:\/\/www.visit-ulcinj.com\/blog\/wp-json\/wp\/v2\/media?parent=105411"}],"wp:term":[{"taxonomy":"category","embeddable":true,"href":"https:\/\/www.visit-ulcinj.com\/blog\/wp-json\/wp\/v2\/categories?post=105411"},{"taxonomy":"post_tag","embeddable":true,"href":"https:\/\/www.visit-ulcinj.com\/blog\/wp-json\/wp\/v2\/tags?post=105411"}],"curies":[{"name":"wp","href":"https:\/\/api.w.org\/{rel}","templated":true}]}}