{"id":105419,"date":"2017-06-03T09:10:15","date_gmt":"2017-06-03T08:10:15","guid":{"rendered":"http:\/\/www.visit-ulcinj.com\/blog\/?p=105419"},"modified":"2017-06-05T14:10:41","modified_gmt":"2017-06-05T13:10:41","slug":"nje-denoncim-vecante-pd-se-ne-adrese-te-komunes-se-ulqinit","status":"publish","type":"post","link":"https:\/\/www.visit-ulcinj.com\/blog\/2017\/06\/03\/nje-denoncim-vecante-pd-se-ne-adrese-te-komunes-se-ulqinit\/","title":{"rendered":"Nj\u00eb denoncim i ve\u00e7ant\u00eb i PD-s\u00eb n\u00eb adres\u00eb t\u00eb komun\u00ebs s\u00eb Ulqinit p\u00ebr pron\u00ebsi shtet\u00ebrore"},"content":{"rendered":"<p><strong> <a href=\"http:\/\/www.visit-ulcinj.com\/blog\/wp-content\/uploads\/2017\/06\/Partia-demokratike-Ulqin-Ana-Malit-Mali-Zi-.jpg\"><img loading=\"lazy\" class=\"alignleft wp-image-105420\" src=\"http:\/\/www.visit-ulcinj.com\/blog\/wp-content\/uploads\/2017\/06\/Partia-demokratike-Ulqin-Ana-Malit-Mali-Zi-.jpg\" alt=\"\" width=\"508\" height=\"648\" srcset=\"https:\/\/www.visit-ulcinj.com\/blog\/wp-content\/uploads\/2017\/06\/Partia-demokratike-Ulqin-Ana-Malit-Mali-Zi-.jpg 753w, https:\/\/www.visit-ulcinj.com\/blog\/wp-content\/uploads\/2017\/06\/Partia-demokratike-Ulqin-Ana-Malit-Mali-Zi--235x300.jpg 235w\" sizes=\"(max-width: 508px) 100vw, 508px\" \/><\/a>Nj\u00eb denoncim i rrall\u00eb i PD-s\u00eb ka shkuar n\u00eb adres\u00eb t\u00eb komun\u00ebs s\u00eb Ulqinit p\u00ebr pron\u00ebsi shtet\u00ebrore, n\u00eb lidhje me disa pretendime si\u00e7 thekson sekretari i ri, fjala \u00ebsht\u00eb p\u00ebr sip\u00ebrfaqen prej 2.67 ha (26.700 m2), kurse sekretari yn\u00eb i PD-s\u00eb nuk don ta thot\u00eb se ky plan p\u00ebrfshin sip\u00ebrfaqen e p\u00ebrgjithshme prej 160.3 hektar\u00eb ose 1.600.300 metra katror\u00eb, ose gati 70 her\u00eb m\u00eb t\u00eb madhe sesa \u2013 n\u00eb faz\u00ebn e par\u00eb!!?<\/strong><\/p>\n<p><strong>Kumtes\u00eb p\u00ebr opinion e Partis\u00eb demokratike, d\u00ebrguar portalit Ul.info<\/strong><\/p>\n<p>Sekretari p\u00ebr urbaniz\u00ebm z. Aleksandar Daboviq ka deklaruar se toka n\u00eb Shtojin Nalt q\u00eb \u00ebsht\u00eb p\u00ebrfshir\u00eb me Studimin e lokacionit, t\u00eb cilin koh\u00eb m\u00eb par\u00eb e ka miratuar Kuvendi i Komun\u00ebs \u2013 <em>n\u00eb faz\u00ebn e par\u00eb, \u00ebsht\u00eb n\u00eb pron\u00ebsi shtet\u00ebrore<\/em>. Si\u00e7 thekson sekretari i ri, fjala \u00ebsht\u00eb p\u00ebr sip\u00ebrfaqen prej 2.67 ha (26.700 m2).<\/p>\n<p>Por, sekretari yn\u00eb nuk don ta thot\u00eb se ky plan p\u00ebrfshin sip\u00ebrfaqen e p\u00ebrgjithshme prej 160.3 hektar\u00eb ose 1.600.300 metra katror\u00eb!? Ose gati 70 her\u00eb m\u00eb t\u00eb madhe sesa \u2013 n\u00eb faz\u00ebn e par\u00eb!<\/p>\n<p>P\u00ebr k\u00ebt\u00eb arsye ne i kemi b\u00ebr\u00eb thirrje kryetarit t\u00eb Komun\u00ebs dhe Sekretariatit p\u00ebr planifikim hap\u00ebsinor q\u00eb t\u00eb deklarojn\u00eb se a jan\u00eb p\u00ebrfshir\u00eb me k\u00ebt\u00eb studim edhe parcelat private. Natyrisht q\u00eb po.<\/p>\n<p>Deri tani dim\u00eb edhe se sjellja e Studimit \u2013 <em>n\u00eb faz\u00ebn e par\u00eb<\/em>, do t\u2019u kushtoj\u00eb tatimpaguesve nga Ulqini 4.500 euro, kurse m\u00eb pas edhe 147.000 euro. Gjithsej \u2013 151.500 euro!<\/p>\n<p>Nuk duhet t\u00eb dish shum\u00eb matematik\u00ebn q\u00eb t\u00eb arrish n\u00eb p\u00ebrfundimin se kjo \u00ebsht\u00eb shum\u00eb m\u00eb tep\u00ebr se rasti i famsh\u00ebm i Shasit. Pra, fjala \u00ebsht\u00eb p\u00ebr nj\u00eb sip\u00ebrfaqe gati 20 her\u00eb m\u00eb t\u00eb madhe dhe po aq her\u00eb m\u00eb shum\u00eb mjete financiare t\u00eb planifikuara q\u00eb t\u00eb shpenzohen p\u00ebr sjelljen e planit!<\/p>\n<p>Partia Demokratike prandaj me v\u00ebmendje do t\u2019i p\u00ebrcjell\u00eb t\u00eb gjitha aktivitetet n\u00eb k\u00ebt\u00eb drejtim. Nuk d\u00ebshirojm\u00eb q\u00eb interesat private n\u00eb m\u00ebnyr\u00eb jotransparente t\u00eb realizohen n\u00eb kurriz t\u00eb k\u00ebshilltar\u00ebve, qytetar\u00ebve dhe ark\u00ebs s\u00eb komun\u00ebs.<\/p>\n","protected":false},"excerpt":{"rendered":"<p>Nj\u00eb denoncim i rrall\u00eb i PD-s\u00eb ka shkuar n\u00eb adres\u00eb t\u00eb komun\u00ebs s\u00eb Ulqinit p\u00ebr pron\u00ebsi shtet\u00ebrore, n\u00eb lidhje me disa pretendime si\u00e7 thekson sekretari i ri, fjala \u00ebsht\u00eb p\u00ebr sip\u00ebrfaqen prej 2.67 ha (26.700 m2), kurse sekretari yn\u00eb i PD-s\u00eb nuk don ta thot\u00eb se ky plan p\u00ebrfshin sip\u00ebrfaqen e p\u00ebrgjithshme prej 160.3 hektar\u00eb [&hellip;]<\/p>\n","protected":false},"author":1,"featured_media":0,"comment_status":"closed","ping_status":"closed","sticky":false,"template":"","format":"standard","meta":{"spay_email":"","jetpack_publicize_message":"","jetpack_is_tweetstorm":false,"jetpack_publicize_feature_enabled":true},"categories":[1,6],"tags":[],"jetpack_publicize_connections":[],"yoast_head":"<!-- This site is optimized with the Yoast SEO plugin v19.1 - https:\/\/yoast.com\/wordpress\/plugins\/seo\/ -->\n<title>Nj\u00eb denoncim i ve\u00e7ant\u00eb i PD-s\u00eb n\u00eb adres\u00eb t\u00eb komun\u00ebs s\u00eb Ulqinit p\u00ebr pron\u00ebsi shtet\u00ebrore - Lajme nga Ulqini<\/title>\n<meta name=\"description\" content=\"Nj\u00eb denoncim i rrall\u00eb i PD-s\u00eb ka shkuar n\u00eb adres\u00eb t\u00eb komun\u00ebs s\u00eb Ulqinit p\u00ebr pron\u00ebsi shtet\u00ebrore, n\u00eb lidhje me disa pretendime si\u00e7 thekson sekretari i ri,\" \/>\n<meta name=\"robots\" content=\"index, follow, max-snippet:-1, max-image-preview:large, max-video-preview:-1\" \/>\n<link rel=\"canonical\" href=\"https:\/\/www.visit-ulcinj.com\/blog\/2017\/06\/03\/nje-denoncim-vecante-pd-se-ne-adrese-te-komunes-se-ulqinit\/\" \/>\n<meta property=\"og:locale\" content=\"en_US\" \/>\n<meta property=\"og:type\" content=\"article\" \/>\n<meta property=\"og:title\" content=\"Nj\u00eb denoncim i ve\u00e7ant\u00eb i PD-s\u00eb n\u00eb adres\u00eb t\u00eb komun\u00ebs s\u00eb Ulqinit p\u00ebr pron\u00ebsi shtet\u00ebrore - Lajme nga Ulqini\" \/>\n<meta property=\"og:description\" content=\"Nj\u00eb denoncim i rrall\u00eb i PD-s\u00eb ka shkuar n\u00eb adres\u00eb t\u00eb komun\u00ebs s\u00eb Ulqinit p\u00ebr pron\u00ebsi shtet\u00ebrore, n\u00eb lidhje me disa pretendime si\u00e7 thekson sekretari i ri,\" \/>\n<meta property=\"og:url\" content=\"https:\/\/www.visit-ulcinj.com\/blog\/2017\/06\/03\/nje-denoncim-vecante-pd-se-ne-adrese-te-komunes-se-ulqinit\/\" \/>\n<meta property=\"og:site_name\" content=\"Lajme nga Ulqini\" \/>\n<meta property=\"article:published_time\" content=\"2017-06-03T08:10:15+00:00\" \/>\n<meta property=\"article:modified_time\" content=\"2017-06-05T13:10:41+00:00\" \/>\n<meta property=\"og:image\" content=\"http:\/\/www.visit-ulcinj.com\/blog\/wp-content\/uploads\/2017\/06\/Partia-demokratike-Ulqin-Ana-Malit-Mali-Zi-.jpg\" \/>\n<meta name=\"twitter:label1\" content=\"Written by\" \/>\n\t<meta name=\"twitter:data1\" content=\"ulqini\" \/>\n\t<meta name=\"twitter:label2\" content=\"Est. reading time\" \/>\n\t<meta name=\"twitter:data2\" content=\"2 minutes\" \/>\n<script type=\"application\/ld+json\" class=\"yoast-schema-graph\">{\"@context\":\"https:\/\/schema.org\",\"@graph\":[{\"@type\":\"WebSite\",\"@id\":\"https:\/\/www.visit-ulcinj.com\/blog\/#website\",\"url\":\"https:\/\/www.visit-ulcinj.com\/blog\/\",\"name\":\"Lajme nga Ulqini\",\"description\":\"Lajme,Vijesti,Ulqini,Ulqin,Crna Gora,Mali i Zi\",\"potentialAction\":[{\"@type\":\"SearchAction\",\"target\":{\"@type\":\"EntryPoint\",\"urlTemplate\":\"https:\/\/www.visit-ulcinj.com\/blog\/?s={search_term_string}\"},\"query-input\":\"required name=search_term_string\"}],\"inLanguage\":\"en-US\"},{\"@type\":\"ImageObject\",\"inLanguage\":\"en-US\",\"@id\":\"https:\/\/www.visit-ulcinj.com\/blog\/2017\/06\/03\/nje-denoncim-vecante-pd-se-ne-adrese-te-komunes-se-ulqinit\/#primaryimage\",\"url\":\"https:\/\/www.visit-ulcinj.com\/blog\/wp-content\/uploads\/2017\/06\/Partia-demokratike-Ulqin-Ana-Malit-Mali-Zi-.jpg\",\"contentUrl\":\"https:\/\/www.visit-ulcinj.com\/blog\/wp-content\/uploads\/2017\/06\/Partia-demokratike-Ulqin-Ana-Malit-Mali-Zi-.jpg\",\"width\":753,\"height\":960},{\"@type\":\"WebPage\",\"@id\":\"https:\/\/www.visit-ulcinj.com\/blog\/2017\/06\/03\/nje-denoncim-vecante-pd-se-ne-adrese-te-komunes-se-ulqinit\/#webpage\",\"url\":\"https:\/\/www.visit-ulcinj.com\/blog\/2017\/06\/03\/nje-denoncim-vecante-pd-se-ne-adrese-te-komunes-se-ulqinit\/\",\"name\":\"Nj\u00eb denoncim i ve\u00e7ant\u00eb i PD-s\u00eb n\u00eb adres\u00eb t\u00eb komun\u00ebs s\u00eb Ulqinit p\u00ebr pron\u00ebsi shtet\u00ebrore - Lajme nga Ulqini\",\"isPartOf\":{\"@id\":\"https:\/\/www.visit-ulcinj.com\/blog\/#website\"},\"primaryImageOfPage\":{\"@id\":\"https:\/\/www.visit-ulcinj.com\/blog\/2017\/06\/03\/nje-denoncim-vecante-pd-se-ne-adrese-te-komunes-se-ulqinit\/#primaryimage\"},\"datePublished\":\"2017-06-03T08:10:15+00:00\",\"dateModified\":\"2017-06-05T13:10:41+00:00\",\"author\":{\"@id\":\"https:\/\/www.visit-ulcinj.com\/blog\/#\/schema\/person\/dcab619c614d3038751c63bc2aadc06d\"},\"description\":\"Nj\u00eb denoncim i rrall\u00eb i PD-s\u00eb ka shkuar n\u00eb adres\u00eb t\u00eb komun\u00ebs s\u00eb Ulqinit p\u00ebr pron\u00ebsi shtet\u00ebrore, n\u00eb lidhje me disa pretendime si\u00e7 thekson sekretari i ri,\",\"breadcrumb\":{\"@id\":\"https:\/\/www.visit-ulcinj.com\/blog\/2017\/06\/03\/nje-denoncim-vecante-pd-se-ne-adrese-te-komunes-se-ulqinit\/#breadcrumb\"},\"inLanguage\":\"en-US\",\"potentialAction\":[{\"@type\":\"ReadAction\",\"target\":[\"https:\/\/www.visit-ulcinj.com\/blog\/2017\/06\/03\/nje-denoncim-vecante-pd-se-ne-adrese-te-komunes-se-ulqinit\/\"]}]},{\"@type\":\"BreadcrumbList\",\"@id\":\"https:\/\/www.visit-ulcinj.com\/blog\/2017\/06\/03\/nje-denoncim-vecante-pd-se-ne-adrese-te-komunes-se-ulqinit\/#breadcrumb\",\"itemListElement\":[{\"@type\":\"ListItem\",\"position\":1,\"name\":\"Nj\u00eb denoncim i ve\u00e7ant\u00eb i PD-s\u00eb n\u00eb adres\u00eb t\u00eb komun\u00ebs s\u00eb Ulqinit p\u00ebr pron\u00ebsi shtet\u00ebrore\"}]},{\"@type\":\"Person\",\"@id\":\"https:\/\/www.visit-ulcinj.com\/blog\/#\/schema\/person\/dcab619c614d3038751c63bc2aadc06d\",\"name\":\"ulqini\",\"sameAs\":[\"http:\/\/www.visit-ulcinj.com\"],\"url\":\"https:\/\/www.visit-ulcinj.com\/blog\/author\/admin\/\"}]}<\/script>\n<!-- \/ Yoast SEO plugin. -->","yoast_head_json":{"title":"Nj\u00eb denoncim i ve\u00e7ant\u00eb i PD-s\u00eb n\u00eb adres\u00eb t\u00eb komun\u00ebs s\u00eb Ulqinit p\u00ebr pron\u00ebsi shtet\u00ebrore - Lajme nga Ulqini","description":"Nj\u00eb denoncim i rrall\u00eb i PD-s\u00eb ka shkuar n\u00eb adres\u00eb t\u00eb komun\u00ebs s\u00eb Ulqinit p\u00ebr pron\u00ebsi shtet\u00ebrore, n\u00eb lidhje me disa pretendime si\u00e7 thekson sekretari i ri,","robots":{"index":"index","follow":"follow","max-snippet":"max-snippet:-1","max-image-preview":"max-image-preview:large","max-video-preview":"max-video-preview:-1"},"canonical":"https:\/\/www.visit-ulcinj.com\/blog\/2017\/06\/03\/nje-denoncim-vecante-pd-se-ne-adrese-te-komunes-se-ulqinit\/","og_locale":"en_US","og_type":"article","og_title":"Nj\u00eb denoncim i ve\u00e7ant\u00eb i PD-s\u00eb n\u00eb adres\u00eb t\u00eb komun\u00ebs s\u00eb Ulqinit p\u00ebr pron\u00ebsi shtet\u00ebrore - Lajme nga Ulqini","og_description":"Nj\u00eb denoncim i rrall\u00eb i PD-s\u00eb ka shkuar n\u00eb adres\u00eb t\u00eb komun\u00ebs s\u00eb Ulqinit p\u00ebr pron\u00ebsi shtet\u00ebrore, n\u00eb lidhje me disa pretendime si\u00e7 thekson sekretari i ri,","og_url":"https:\/\/www.visit-ulcinj.com\/blog\/2017\/06\/03\/nje-denoncim-vecante-pd-se-ne-adrese-te-komunes-se-ulqinit\/","og_site_name":"Lajme nga Ulqini","article_published_time":"2017-06-03T08:10:15+00:00","article_modified_time":"2017-06-05T13:10:41+00:00","og_image":[{"url":"http:\/\/www.visit-ulcinj.com\/blog\/wp-content\/uploads\/2017\/06\/Partia-demokratike-Ulqin-Ana-Malit-Mali-Zi-.jpg"}],"twitter_misc":{"Written by":"ulqini","Est. reading time":"2 minutes"},"schema":{"@context":"https:\/\/schema.org","@graph":[{"@type":"WebSite","@id":"https:\/\/www.visit-ulcinj.com\/blog\/#website","url":"https:\/\/www.visit-ulcinj.com\/blog\/","name":"Lajme nga Ulqini","description":"Lajme,Vijesti,Ulqini,Ulqin,Crna Gora,Mali i Zi","potentialAction":[{"@type":"SearchAction","target":{"@type":"EntryPoint","urlTemplate":"https:\/\/www.visit-ulcinj.com\/blog\/?s={search_term_string}"},"query-input":"required name=search_term_string"}],"inLanguage":"en-US"},{"@type":"ImageObject","inLanguage":"en-US","@id":"https:\/\/www.visit-ulcinj.com\/blog\/2017\/06\/03\/nje-denoncim-vecante-pd-se-ne-adrese-te-komunes-se-ulqinit\/#primaryimage","url":"https:\/\/www.visit-ulcinj.com\/blog\/wp-content\/uploads\/2017\/06\/Partia-demokratike-Ulqin-Ana-Malit-Mali-Zi-.jpg","contentUrl":"https:\/\/www.visit-ulcinj.com\/blog\/wp-content\/uploads\/2017\/06\/Partia-demokratike-Ulqin-Ana-Malit-Mali-Zi-.jpg","width":753,"height":960},{"@type":"WebPage","@id":"https:\/\/www.visit-ulcinj.com\/blog\/2017\/06\/03\/nje-denoncim-vecante-pd-se-ne-adrese-te-komunes-se-ulqinit\/#webpage","url":"https:\/\/www.visit-ulcinj.com\/blog\/2017\/06\/03\/nje-denoncim-vecante-pd-se-ne-adrese-te-komunes-se-ulqinit\/","name":"Nj\u00eb denoncim i ve\u00e7ant\u00eb i PD-s\u00eb n\u00eb adres\u00eb t\u00eb komun\u00ebs s\u00eb Ulqinit p\u00ebr pron\u00ebsi shtet\u00ebrore - Lajme nga Ulqini","isPartOf":{"@id":"https:\/\/www.visit-ulcinj.com\/blog\/#website"},"primaryImageOfPage":{"@id":"https:\/\/www.visit-ulcinj.com\/blog\/2017\/06\/03\/nje-denoncim-vecante-pd-se-ne-adrese-te-komunes-se-ulqinit\/#primaryimage"},"datePublished":"2017-06-03T08:10:15+00:00","dateModified":"2017-06-05T13:10:41+00:00","author":{"@id":"https:\/\/www.visit-ulcinj.com\/blog\/#\/schema\/person\/dcab619c614d3038751c63bc2aadc06d"},"description":"Nj\u00eb denoncim i rrall\u00eb i PD-s\u00eb ka shkuar n\u00eb adres\u00eb t\u00eb komun\u00ebs s\u00eb Ulqinit p\u00ebr pron\u00ebsi shtet\u00ebrore, n\u00eb lidhje me disa pretendime si\u00e7 thekson sekretari i ri,","breadcrumb":{"@id":"https:\/\/www.visit-ulcinj.com\/blog\/2017\/06\/03\/nje-denoncim-vecante-pd-se-ne-adrese-te-komunes-se-ulqinit\/#breadcrumb"},"inLanguage":"en-US","potentialAction":[{"@type":"ReadAction","target":["https:\/\/www.visit-ulcinj.com\/blog\/2017\/06\/03\/nje-denoncim-vecante-pd-se-ne-adrese-te-komunes-se-ulqinit\/"]}]},{"@type":"BreadcrumbList","@id":"https:\/\/www.visit-ulcinj.com\/blog\/2017\/06\/03\/nje-denoncim-vecante-pd-se-ne-adrese-te-komunes-se-ulqinit\/#breadcrumb","itemListElement":[{"@type":"ListItem","position":1,"name":"Nj\u00eb denoncim i ve\u00e7ant\u00eb i PD-s\u00eb n\u00eb adres\u00eb t\u00eb komun\u00ebs s\u00eb Ulqinit p\u00ebr pron\u00ebsi shtet\u00ebrore"}]},{"@type":"Person","@id":"https:\/\/www.visit-ulcinj.com\/blog\/#\/schema\/person\/dcab619c614d3038751c63bc2aadc06d","name":"ulqini","sameAs":["http:\/\/www.visit-ulcinj.com"],"url":"https:\/\/www.visit-ulcinj.com\/blog\/author\/admin\/"}]}},"jetpack_featured_media_url":"","jetpack_sharing_enabled":true,"jetpack_shortlink":"https:\/\/wp.me\/pe6lTn-rqj","_links":{"self":[{"href":"https:\/\/www.visit-ulcinj.com\/blog\/wp-json\/wp\/v2\/posts\/105419"}],"collection":[{"href":"https:\/\/www.visit-ulcinj.com\/blog\/wp-json\/wp\/v2\/posts"}],"about":[{"href":"https:\/\/www.visit-ulcinj.com\/blog\/wp-json\/wp\/v2\/types\/post"}],"author":[{"embeddable":true,"href":"https:\/\/www.visit-ulcinj.com\/blog\/wp-json\/wp\/v2\/users\/1"}],"replies":[{"embeddable":true,"href":"https:\/\/www.visit-ulcinj.com\/blog\/wp-json\/wp\/v2\/comments?post=105419"}],"version-history":[{"count":5,"href":"https:\/\/www.visit-ulcinj.com\/blog\/wp-json\/wp\/v2\/posts\/105419\/revisions"}],"predecessor-version":[{"id":105425,"href":"https:\/\/www.visit-ulcinj.com\/blog\/wp-json\/wp\/v2\/posts\/105419\/revisions\/105425"}],"wp:attachment":[{"href":"https:\/\/www.visit-ulcinj.com\/blog\/wp-json\/wp\/v2\/media?parent=105419"}],"wp:term":[{"taxonomy":"category","embeddable":true,"href":"https:\/\/www.visit-ulcinj.com\/blog\/wp-json\/wp\/v2\/categories?post=105419"},{"taxonomy":"post_tag","embeddable":true,"href":"https:\/\/www.visit-ulcinj.com\/blog\/wp-json\/wp\/v2\/tags?post=105419"}],"curies":[{"name":"wp","href":"https:\/\/api.w.org\/{rel}","templated":true}]}}