{"id":105426,"date":"2017-06-03T17:28:30","date_gmt":"2017-06-03T16:28:30","guid":{"rendered":"http:\/\/www.visit-ulcinj.com\/blog\/?p=105426"},"modified":"2017-06-03T17:28:30","modified_gmt":"2017-06-03T16:28:30","slug":"seanema-green-premiera-boterore-e-filmit-climate-ne-ulqin","status":"publish","type":"post","link":"https:\/\/www.visit-ulcinj.com\/blog\/2017\/06\/03\/seanema-green-premiera-boterore-e-filmit-climate-ne-ulqin\/","title":{"rendered":"SEANEMA GREEN: Premiera bot\u00ebrore e filmit \u201cIN THIS CLIMATE\u201d n\u00eb Ulqin"},"content":{"rendered":"<p><a href=\"http:\/\/www.visit-ulcinj.com\/blog\/wp-content\/uploads\/2017\/06\/Premiera-bot\u00ebrore-e-filmit-\u201cIN-THIS-CLIMATE\u201d-n\u00eb-Ulqin.jpg\"><img loading=\"lazy\" class=\"alignleft wp-image-105427\" src=\"http:\/\/www.visit-ulcinj.com\/blog\/wp-content\/uploads\/2017\/06\/Premiera-bot\u00ebrore-e-filmit-\u201cIN-THIS-CLIMATE\u201d-n\u00eb-Ulqin.jpg\" alt=\"\" width=\"508\" height=\"478\" \/><\/a>Festivali i filmit SEANEMA do t\u00eb realizoj\u00eb t\u00eb shtun\u00ebn, me 10 qershor n\u00eb Ad\u00eb (Bun\u00eb), premier\u00ebn bot\u00ebrore t\u00eb filmit \u201cIn this Climate\u201d. N\u00eb premier\u00eb do t\u00eb jet\u00eb i pranish\u00ebm regjisori i filmit, <strong>Tomas Auksas. <\/strong><\/p>\n<p>Shfaqja e k\u00ebtij dokumentari realizohet p\u00ebr her\u00eb t\u00eb par\u00eb n\u00eb New York, m\u00eb dat\u00eb 28 qershor, \u00e7ka b\u00ebn q\u00eb premiera reale e tij t\u00eb jet\u00eb pik\u00ebrisht qytetin ton\u00eb, n\u00eb Ulqin. Me k\u00ebt\u00eb rast, organizator\u00ebt kan\u00eb p\u00ebrgatitur edhe nj\u00eb fest\u00eb, menj\u00ebher\u00eb pas shfaqjes s\u00eb filmit.<\/p>\n<p><a href=\"http:\/\/www.visit-ulcinj.com\/blog\/wp-content\/uploads\/2017\/06\/Premiera-bot\u00ebrore-e-filmit-\u201cIN-THIS-CLIMATE\u201d-n\u00eb-Ulqin-2.jpg\"><img loading=\"lazy\" class=\"alignleft wp-image-105428\" src=\"http:\/\/www.visit-ulcinj.com\/blog\/wp-content\/uploads\/2017\/06\/Premiera-bot\u00ebrore-e-filmit-\u201cIN-THIS-CLIMATE\u201d-n\u00eb-Ulqin-2.jpg\" alt=\"\" width=\"508\" height=\"359\" \/><\/a><\/p>\n<p>Festivali gjithashtu lan\u00e7on <strong>SEANEMA GREEN<\/strong>, nj\u00eb segment i ri q\u00eb do t\u00eb trajtoj\u00eb \u00e7\u00ebshtjen me r\u00ebnd\u00ebsi t\u00eb v\u00eb\u00e7ant\u00eb p\u00ebr planetin ton\u00eb, mbrojtjen e mjedisit.<\/p>\n<p>Kujtojm\u00eb q\u00eb festivali i filmit SEANEMA ka patur nj\u00eb vit promovimi t\u00eb suksessh\u00ebm n\u00eb festivale nd\u00ebrkomb\u00ebtare, duke theksuar dy festivalet m\u00eb t\u00eb m\u00ebdha n\u00eb Evrop\u00eb, n\u00eb Berlin (Gjermani) dhe Kan\u00eb (Franc\u00eb), si edhe \u00ebsht\u00eb p\u00ebrfshir\u00eb n\u00eb list\u00ebn zyrtare t\u00eb festivaleve nga Ministria e Kultur\u00ebs e Malit t\u00eb Zi dhe Qendra e kinematografis\u00eb.<\/p>\n<p>*Premiera e filmit \u201cIn this climate\u201d organizohet bashk\u00ebpunim me l\u00ebvizjen Green Culture Montenegro.<\/p>\n<p><a href=\"http:\/\/www.visit-ulcinj.com\/blog\/wp-content\/uploads\/2017\/06\/Premiera-bot\u00ebrore-e-filmit-\u201cIN-THIS-CLIMATE\u201d-n\u00eb-Ulqin-1.png\"><img loading=\"lazy\" class=\"alignleft wp-image-105429\" src=\"http:\/\/www.visit-ulcinj.com\/blog\/wp-content\/uploads\/2017\/06\/Premiera-bot\u00ebrore-e-filmit-\u201cIN-THIS-CLIMATE\u201d-n\u00eb-Ulqin-1.png\" alt=\"\" width=\"508\" height=\"627\" srcset=\"https:\/\/www.visit-ulcinj.com\/blog\/wp-content\/uploads\/2017\/06\/Premiera-bot\u00ebrore-e-filmit-\u201cIN-THIS-CLIMATE\u201d-n\u00eb-Ulqin-1.png 500w, https:\/\/www.visit-ulcinj.com\/blog\/wp-content\/uploads\/2017\/06\/Premiera-bot\u00ebrore-e-filmit-\u201cIN-THIS-CLIMATE\u201d-n\u00eb-Ulqin-1-243x300.png 243w\" sizes=\"(max-width: 508px) 100vw, 508px\" \/><\/a><\/p>\n","protected":false},"excerpt":{"rendered":"<p>Festivali i filmit SEANEMA do t\u00eb realizoj\u00eb t\u00eb shtun\u00ebn, me 10 qershor n\u00eb Ad\u00eb (Bun\u00eb), premier\u00ebn bot\u00ebrore t\u00eb filmit \u201cIn this Climate\u201d. N\u00eb premier\u00eb do t\u00eb jet\u00eb i pranish\u00ebm regjisori i filmit, Tomas Auksas. Shfaqja e k\u00ebtij dokumentari realizohet p\u00ebr her\u00eb t\u00eb par\u00eb n\u00eb New York, m\u00eb dat\u00eb 28 qershor, \u00e7ka b\u00ebn q\u00eb premiera reale [&hellip;]<\/p>\n","protected":false},"author":1,"featured_media":0,"comment_status":"closed","ping_status":"closed","sticky":false,"template":"","format":"standard","meta":{"spay_email":"","jetpack_publicize_message":"","jetpack_is_tweetstorm":false,"jetpack_publicize_feature_enabled":true},"categories":[1],"tags":[],"jetpack_publicize_connections":[],"yoast_head":"<!-- This site is optimized with the Yoast SEO plugin v19.1 - https:\/\/yoast.com\/wordpress\/plugins\/seo\/ -->\n<title>SEANEMA GREEN: Premiera bot\u00ebrore e filmit \u201cIN THIS CLIMATE\u201d n\u00eb Ulqin - Lajme nga Ulqini<\/title>\n<meta name=\"description\" content=\"Festivali i filmit SEANEMA do t\u00eb realizoj\u00eb t\u00eb shtun\u00ebn, me 10 qershor n\u00eb Ad\u00eb (Bun\u00eb), premier\u00ebn bot\u00ebrore t\u00eb filmit \u201cIn this Climate\u201d. N\u00eb premier\u00eb do t\u00eb jet\u00eb\" \/>\n<meta name=\"robots\" content=\"index, follow, max-snippet:-1, max-image-preview:large, max-video-preview:-1\" \/>\n<link rel=\"canonical\" href=\"https:\/\/www.visit-ulcinj.com\/blog\/2017\/06\/03\/seanema-green-premiera-boterore-e-filmit-climate-ne-ulqin\/\" \/>\n<meta property=\"og:locale\" content=\"en_US\" \/>\n<meta property=\"og:type\" content=\"article\" \/>\n<meta property=\"og:title\" content=\"SEANEMA GREEN: Premiera bot\u00ebrore e filmit \u201cIN THIS CLIMATE\u201d n\u00eb Ulqin - Lajme nga Ulqini\" \/>\n<meta property=\"og:description\" content=\"Festivali i filmit SEANEMA do t\u00eb realizoj\u00eb t\u00eb shtun\u00ebn, me 10 qershor n\u00eb Ad\u00eb (Bun\u00eb), premier\u00ebn bot\u00ebrore t\u00eb filmit \u201cIn this Climate\u201d. N\u00eb premier\u00eb do t\u00eb jet\u00eb\" \/>\n<meta property=\"og:url\" content=\"https:\/\/www.visit-ulcinj.com\/blog\/2017\/06\/03\/seanema-green-premiera-boterore-e-filmit-climate-ne-ulqin\/\" \/>\n<meta property=\"og:site_name\" content=\"Lajme nga Ulqini\" \/>\n<meta property=\"article:published_time\" content=\"2017-06-03T16:28:30+00:00\" \/>\n<meta name=\"twitter:label1\" content=\"Written by\" \/>\n\t<meta name=\"twitter:data1\" content=\"ulqini\" \/>\n\t<meta name=\"twitter:label2\" content=\"Est. reading time\" \/>\n\t<meta name=\"twitter:data2\" content=\"1 minute\" \/>\n<script type=\"application\/ld+json\" class=\"yoast-schema-graph\">{\"@context\":\"https:\/\/schema.org\",\"@graph\":[{\"@type\":\"WebSite\",\"@id\":\"https:\/\/www.visit-ulcinj.com\/blog\/#website\",\"url\":\"https:\/\/www.visit-ulcinj.com\/blog\/\",\"name\":\"Lajme nga Ulqini\",\"description\":\"Lajme,Vijesti,Ulqini,Ulqin,Crna Gora,Mali i Zi\",\"potentialAction\":[{\"@type\":\"SearchAction\",\"target\":{\"@type\":\"EntryPoint\",\"urlTemplate\":\"https:\/\/www.visit-ulcinj.com\/blog\/?s={search_term_string}\"},\"query-input\":\"required name=search_term_string\"}],\"inLanguage\":\"en-US\"},{\"@type\":\"WebPage\",\"@id\":\"https:\/\/www.visit-ulcinj.com\/blog\/2017\/06\/03\/seanema-green-premiera-boterore-e-filmit-climate-ne-ulqin\/#webpage\",\"url\":\"https:\/\/www.visit-ulcinj.com\/blog\/2017\/06\/03\/seanema-green-premiera-boterore-e-filmit-climate-ne-ulqin\/\",\"name\":\"SEANEMA GREEN: Premiera bot\u00ebrore e filmit \u201cIN THIS CLIMATE\u201d n\u00eb Ulqin - Lajme nga Ulqini\",\"isPartOf\":{\"@id\":\"https:\/\/www.visit-ulcinj.com\/blog\/#website\"},\"datePublished\":\"2017-06-03T16:28:30+00:00\",\"dateModified\":\"2017-06-03T16:28:30+00:00\",\"author\":{\"@id\":\"https:\/\/www.visit-ulcinj.com\/blog\/#\/schema\/person\/dcab619c614d3038751c63bc2aadc06d\"},\"description\":\"Festivali i filmit SEANEMA do t\u00eb realizoj\u00eb t\u00eb shtun\u00ebn, me 10 qershor n\u00eb Ad\u00eb (Bun\u00eb), premier\u00ebn bot\u00ebrore t\u00eb filmit \u201cIn this Climate\u201d. N\u00eb premier\u00eb do t\u00eb jet\u00eb\",\"breadcrumb\":{\"@id\":\"https:\/\/www.visit-ulcinj.com\/blog\/2017\/06\/03\/seanema-green-premiera-boterore-e-filmit-climate-ne-ulqin\/#breadcrumb\"},\"inLanguage\":\"en-US\",\"potentialAction\":[{\"@type\":\"ReadAction\",\"target\":[\"https:\/\/www.visit-ulcinj.com\/blog\/2017\/06\/03\/seanema-green-premiera-boterore-e-filmit-climate-ne-ulqin\/\"]}]},{\"@type\":\"BreadcrumbList\",\"@id\":\"https:\/\/www.visit-ulcinj.com\/blog\/2017\/06\/03\/seanema-green-premiera-boterore-e-filmit-climate-ne-ulqin\/#breadcrumb\",\"itemListElement\":[{\"@type\":\"ListItem\",\"position\":1,\"name\":\"SEANEMA GREEN: Premiera bot\u00ebrore e filmit \u201cIN THIS CLIMATE\u201d n\u00eb Ulqin\"}]},{\"@type\":\"Person\",\"@id\":\"https:\/\/www.visit-ulcinj.com\/blog\/#\/schema\/person\/dcab619c614d3038751c63bc2aadc06d\",\"name\":\"ulqini\",\"sameAs\":[\"http:\/\/www.visit-ulcinj.com\"],\"url\":\"https:\/\/www.visit-ulcinj.com\/blog\/author\/admin\/\"}]}<\/script>\n<!-- \/ Yoast SEO plugin. -->","yoast_head_json":{"title":"SEANEMA GREEN: Premiera bot\u00ebrore e filmit \u201cIN THIS CLIMATE\u201d n\u00eb Ulqin - Lajme nga Ulqini","description":"Festivali i filmit SEANEMA do t\u00eb realizoj\u00eb t\u00eb shtun\u00ebn, me 10 qershor n\u00eb Ad\u00eb (Bun\u00eb), premier\u00ebn bot\u00ebrore t\u00eb filmit \u201cIn this Climate\u201d. N\u00eb premier\u00eb do t\u00eb jet\u00eb","robots":{"index":"index","follow":"follow","max-snippet":"max-snippet:-1","max-image-preview":"max-image-preview:large","max-video-preview":"max-video-preview:-1"},"canonical":"https:\/\/www.visit-ulcinj.com\/blog\/2017\/06\/03\/seanema-green-premiera-boterore-e-filmit-climate-ne-ulqin\/","og_locale":"en_US","og_type":"article","og_title":"SEANEMA GREEN: Premiera bot\u00ebrore e filmit \u201cIN THIS CLIMATE\u201d n\u00eb Ulqin - Lajme nga Ulqini","og_description":"Festivali i filmit SEANEMA do t\u00eb realizoj\u00eb t\u00eb shtun\u00ebn, me 10 qershor n\u00eb Ad\u00eb (Bun\u00eb), premier\u00ebn bot\u00ebrore t\u00eb filmit \u201cIn this Climate\u201d. N\u00eb premier\u00eb do t\u00eb jet\u00eb","og_url":"https:\/\/www.visit-ulcinj.com\/blog\/2017\/06\/03\/seanema-green-premiera-boterore-e-filmit-climate-ne-ulqin\/","og_site_name":"Lajme nga Ulqini","article_published_time":"2017-06-03T16:28:30+00:00","twitter_misc":{"Written by":"ulqini","Est. reading time":"1 minute"},"schema":{"@context":"https:\/\/schema.org","@graph":[{"@type":"WebSite","@id":"https:\/\/www.visit-ulcinj.com\/blog\/#website","url":"https:\/\/www.visit-ulcinj.com\/blog\/","name":"Lajme nga Ulqini","description":"Lajme,Vijesti,Ulqini,Ulqin,Crna Gora,Mali i Zi","potentialAction":[{"@type":"SearchAction","target":{"@type":"EntryPoint","urlTemplate":"https:\/\/www.visit-ulcinj.com\/blog\/?s={search_term_string}"},"query-input":"required name=search_term_string"}],"inLanguage":"en-US"},{"@type":"WebPage","@id":"https:\/\/www.visit-ulcinj.com\/blog\/2017\/06\/03\/seanema-green-premiera-boterore-e-filmit-climate-ne-ulqin\/#webpage","url":"https:\/\/www.visit-ulcinj.com\/blog\/2017\/06\/03\/seanema-green-premiera-boterore-e-filmit-climate-ne-ulqin\/","name":"SEANEMA GREEN: Premiera bot\u00ebrore e filmit \u201cIN THIS CLIMATE\u201d n\u00eb Ulqin - Lajme nga Ulqini","isPartOf":{"@id":"https:\/\/www.visit-ulcinj.com\/blog\/#website"},"datePublished":"2017-06-03T16:28:30+00:00","dateModified":"2017-06-03T16:28:30+00:00","author":{"@id":"https:\/\/www.visit-ulcinj.com\/blog\/#\/schema\/person\/dcab619c614d3038751c63bc2aadc06d"},"description":"Festivali i filmit SEANEMA do t\u00eb realizoj\u00eb t\u00eb shtun\u00ebn, me 10 qershor n\u00eb Ad\u00eb (Bun\u00eb), premier\u00ebn bot\u00ebrore t\u00eb filmit \u201cIn this Climate\u201d. N\u00eb premier\u00eb do t\u00eb jet\u00eb","breadcrumb":{"@id":"https:\/\/www.visit-ulcinj.com\/blog\/2017\/06\/03\/seanema-green-premiera-boterore-e-filmit-climate-ne-ulqin\/#breadcrumb"},"inLanguage":"en-US","potentialAction":[{"@type":"ReadAction","target":["https:\/\/www.visit-ulcinj.com\/blog\/2017\/06\/03\/seanema-green-premiera-boterore-e-filmit-climate-ne-ulqin\/"]}]},{"@type":"BreadcrumbList","@id":"https:\/\/www.visit-ulcinj.com\/blog\/2017\/06\/03\/seanema-green-premiera-boterore-e-filmit-climate-ne-ulqin\/#breadcrumb","itemListElement":[{"@type":"ListItem","position":1,"name":"SEANEMA GREEN: Premiera bot\u00ebrore e filmit \u201cIN THIS CLIMATE\u201d n\u00eb Ulqin"}]},{"@type":"Person","@id":"https:\/\/www.visit-ulcinj.com\/blog\/#\/schema\/person\/dcab619c614d3038751c63bc2aadc06d","name":"ulqini","sameAs":["http:\/\/www.visit-ulcinj.com"],"url":"https:\/\/www.visit-ulcinj.com\/blog\/author\/admin\/"}]}},"jetpack_featured_media_url":"","jetpack_sharing_enabled":true,"jetpack_shortlink":"https:\/\/wp.me\/pe6lTn-rqq","_links":{"self":[{"href":"https:\/\/www.visit-ulcinj.com\/blog\/wp-json\/wp\/v2\/posts\/105426"}],"collection":[{"href":"https:\/\/www.visit-ulcinj.com\/blog\/wp-json\/wp\/v2\/posts"}],"about":[{"href":"https:\/\/www.visit-ulcinj.com\/blog\/wp-json\/wp\/v2\/types\/post"}],"author":[{"embeddable":true,"href":"https:\/\/www.visit-ulcinj.com\/blog\/wp-json\/wp\/v2\/users\/1"}],"replies":[{"embeddable":true,"href":"https:\/\/www.visit-ulcinj.com\/blog\/wp-json\/wp\/v2\/comments?post=105426"}],"version-history":[{"count":2,"href":"https:\/\/www.visit-ulcinj.com\/blog\/wp-json\/wp\/v2\/posts\/105426\/revisions"}],"predecessor-version":[{"id":105431,"href":"https:\/\/www.visit-ulcinj.com\/blog\/wp-json\/wp\/v2\/posts\/105426\/revisions\/105431"}],"wp:attachment":[{"href":"https:\/\/www.visit-ulcinj.com\/blog\/wp-json\/wp\/v2\/media?parent=105426"}],"wp:term":[{"taxonomy":"category","embeddable":true,"href":"https:\/\/www.visit-ulcinj.com\/blog\/wp-json\/wp\/v2\/categories?post=105426"},{"taxonomy":"post_tag","embeddable":true,"href":"https:\/\/www.visit-ulcinj.com\/blog\/wp-json\/wp\/v2\/tags?post=105426"}],"curies":[{"name":"wp","href":"https:\/\/api.w.org\/{rel}","templated":true}]}}