{"id":105443,"date":"2017-06-05T18:44:12","date_gmt":"2017-06-05T17:44:12","guid":{"rendered":"http:\/\/www.visit-ulcinj.com\/blog\/?p=105443"},"modified":"2017-06-05T18:45:06","modified_gmt":"2017-06-05T17:45:06","slug":"pavle-pepdonovic-je-dragulj-ponos-ulcinja","status":"publish","type":"post","link":"https:\/\/www.visit-ulcinj.com\/blog\/2017\/06\/05\/pavle-pepdonovic-je-dragulj-ponos-ulcinja\/","title":{"rendered":"Pavle PEP\u0110ONOVI\u0106 je dragulj i ponos Ulcinja"},"content":{"rendered":"<p><a href=\"http:\/\/www.visit-ulcinj.com\/blog\/wp-content\/uploads\/2017\/06\/Pavle-PEPDJONOVIC.jpg\"><img loading=\"lazy\" class=\"alignleft wp-image-105444\" src=\"http:\/\/www.visit-ulcinj.com\/blog\/wp-content\/uploads\/2017\/06\/Pavle-PEPDJONOVIC.jpg\" alt=\"\" width=\"508\" height=\"381\" srcset=\"https:\/\/www.visit-ulcinj.com\/blog\/wp-content\/uploads\/2017\/06\/Pavle-PEPDJONOVIC.jpg 480w, https:\/\/www.visit-ulcinj.com\/blog\/wp-content\/uploads\/2017\/06\/Pavle-PEPDJONOVIC-300x225.jpg 300w\" sizes=\"(max-width: 508px) 100vw, 508px\" \/><\/a><strong><span class=\"fwn fcg\"><span class=\"fwb fcg\" data-ft=\"{&quot;tn&quot;:&quot;;&quot;}\"><a id=\"js_1xv\" href=\"https:\/\/www.facebook.com\/ismet.karamanaga?fref=nf\" data-hovercard=\"\/ajax\/hovercard\/user.php?id=1359492972&amp;extragetparams=%7B%22fref%22%3A%22nf%22%7D\" data-hovercard-prefer-more-content-show=\"1\">Ismet Karamanaga Facebook<\/a><\/span><\/span><\/strong><\/p>\n<p>Pavle PEP\u0110ONOVI\u0106 je mlad \u010dovjek, \u010dovjek divnih manira lijepog vaspitanja i vrstan poslovni \u010dovjek. Ovaj mladi biznismen je vlasnik jedne od najve\u0107ih firmi koja se bavi destribucijom raznog gra\u0111evinskog materijala u Ulcinju i u Crnoj Gori. Svoju firmu \u00bb GRA\u0110ACOMERC\u00ab nasledio je od svog pokojnog oca Jaka, o kome ja govorim i pi\u0161em sa posebnim pijetetom i po\u0161tovanjem.<\/p>\n<p><a href=\"http:\/\/www.visit-ulcinj.com\/blog\/wp-content\/uploads\/2010\/09\/Pavle-Pepdjonovic-napustio-KK-Ulcinj.5.jpg\"><img loading=\"lazy\" class=\"alignleft wp-image-36847\" src=\"http:\/\/www.visit-ulcinj.com\/blog\/wp-content\/uploads\/2010\/09\/Pavle-Pepdjonovic-napustio-KK-Ulcinj.5.jpg\" alt=\"\" width=\"508\" height=\"445\" srcset=\"https:\/\/www.visit-ulcinj.com\/blog\/wp-content\/uploads\/2010\/09\/Pavle-Pepdjonovic-napustio-KK-Ulcinj.5.jpg 720w, https:\/\/www.visit-ulcinj.com\/blog\/wp-content\/uploads\/2010\/09\/Pavle-Pepdjonovic-napustio-KK-Ulcinj.5-300x262.jpg 300w\" sizes=\"(max-width: 508px) 100vw, 508px\" \/><\/a><\/p>\n<p>Njegov otac je bio veliki vizionar i plemeniti \u010dovjek, koji je svoj sna\u017eni gen preneo na svog sina Pavla.<br \/>\nOve nasle\u0111ene osobine i ovu plemenitost Pavle je jo\u0161 vi\u0161e ugradio u svoju firmu, koju je jo\u0161 vi\u0161e unaprijedio i pro\u0161irio. Danas \u00bbGRA\u0110AKOMERC\u00ab u svojim programima ima razne vrste sanitestkog i drugog materijala, koji je neophodan za instaliranje i ugradnju u raznim objektima. Bez obzira na besparicu i te\u0161ke ekonomske uslove u poslovanju i sli\u010dne probleme sa kojima se susre\u0107u poslovni ljudi, gospodin Pavle se ne odri\u010de svoje vizije o jo\u0161 ve\u0107em pro\u0161irenju svoje firme i svog poslovanja. Trenutno zapo\u0161ljava 42 radnika koji vrlo savjesno i odgovorno doprinose da ova firma ima jedno izuzetno cijenjeno ime u svom poslovanju, u opho\u0111enju sa strankama, kupcima. Uvijek su ljubazni, nasmijani, vaspitani, uslu\u017eni.<br \/>\nMe\u0111utim, ja nemam namjeru da pi\u0161em o firmi i njegovom poslovanju.<br \/>\nHo\u0107u samo da napi\u0161em par re\u010denica o ovom mladom i uspje\u0161nom \u010dovjeku, posmatraju\u0107i onu njegovu drugu stranu, njegovu plemenitost i njegovu humanost.<br \/>\nNedavno sam ga sreo kako sa svojim sinom u\u017eiva u \u010darima jutra u blizini hotela Albatros , u svojoj svakodnevnoj \u0161etnji.<\/p>\n<p><a href=\"http:\/\/www.visit-ulcinj.com\/blog\/wp-content\/uploads\/2012\/02\/Pavle-Pepdjonovic-FK-Otrant-Ulcinj.jpg\"><img loading=\"lazy\" class=\"alignleft wp-image-57731\" src=\"http:\/\/www.visit-ulcinj.com\/blog\/wp-content\/uploads\/2012\/02\/Pavle-Pepdjonovic-FK-Otrant-Ulcinj.jpg\" alt=\"\" width=\"508\" height=\"338\" srcset=\"https:\/\/www.visit-ulcinj.com\/blog\/wp-content\/uploads\/2012\/02\/Pavle-Pepdjonovic-FK-Otrant-Ulcinj.jpg 604w, https:\/\/www.visit-ulcinj.com\/blog\/wp-content\/uploads\/2012\/02\/Pavle-Pepdjonovic-FK-Otrant-Ulcinj-300x199.jpg 300w\" sizes=\"(max-width: 508px) 100vw, 508px\" \/><\/a><br \/>\nLijep dan, posebno zdrav jutarnji miris borova pomije\u0161an sa mirisom nedavno procvjetale \u017eukve, te miris i \u0161um mora uz opojni miris sumpora sa izvora na \u017denskoj pla\u017ei u blizini, \u010dini da se \u010dovjek zaista prelijepo osje\u0107a . Za mnoge turiste i prolaznike, ali i za nas taj jutarnji ugo\u0111aj je zaista pravi eliksir i du\u0161evna hrana. Pavle to izuzetno voli, a to su i momenti kada se mo\u017ee u potpunosti posvetiti svom sinu. Zbog toga Pavle skoro svako jutro dolazi ovamo. Pravo opu\u0161tanje i du\u0161e i tijela, posebno kada u\u017eivate u dru\u0161tvu svog naslednika.<br \/>\nNakon toga se vra\u0107a svojim obavezama.<br \/>\nJo\u0161 kao u\u010denik u srednjoj \u0161koli je bio vrijedan, marliv i vaspitan. Njegov talenat za sport je kasnije jo\u0161 vi\u0161e do\u0161ao do izra\u017eaja, tako da je on za vrijeme studija igrao ko\u0161arku u \u0160apcu. Njegova ljubav prema sportu i ko\u0161arci se nastavlja i kasnije, i pri povratku u svoj rodni grad preuzima kormilo ko\u0161arka\u0161kog kluba Ulcinj, gdje dozivljava kulminaciju i ni\u017ee velike uspjehe.<\/p>\n<p><a href=\"http:\/\/www.visit-ulcinj.com\/blog\/wp-content\/uploads\/2017\/06\/GradjaComerc-Ulcinj.jpg\"><img loading=\"lazy\" class=\"alignleft wp-image-105445\" src=\"http:\/\/www.visit-ulcinj.com\/blog\/wp-content\/uploads\/2017\/06\/GradjaComerc-Ulcinj.jpg\" alt=\"\" width=\"508\" height=\"381\" srcset=\"https:\/\/www.visit-ulcinj.com\/blog\/wp-content\/uploads\/2017\/06\/GradjaComerc-Ulcinj.jpg 960w, https:\/\/www.visit-ulcinj.com\/blog\/wp-content\/uploads\/2017\/06\/GradjaComerc-Ulcinj-300x225.jpg 300w, https:\/\/www.visit-ulcinj.com\/blog\/wp-content\/uploads\/2017\/06\/GradjaComerc-Ulcinj-768x576.jpg 768w\" sizes=\"(max-width: 508px) 100vw, 508px\" \/><\/a><br \/>\nKasnije se vi\u0161e prepustio obavezama firme, ali sport i mlade u tom sportu nije nikad zaboravio. Me\u0111utim, Pavle ne poma\u017ee samo sport, bez obzira \u0161to sada \u010ditam i \u010dujem da \u0107e uplatiti veliku sumu novca 10.000 Eura za fudbalere Otranta, on poma\u017ee i ostale manifestacije iz kulture, poma\u017ee siroma\u0161nima, bolesnima.<br \/>\nU tome jeste njegova veli\u010dina i njegova humanost. Da dodam jo\u0161 jednu re\u010denicu. Po mom skromnom mi\u0161ljenju, za razliku od raznih dru\u0161tvenih firmi, raznih banaka , telenora, telekoma i sli\u010dnih koji sponzori\u0161u sport i druge manifestacije, ali koje to rade od kamata i od na\u0161eg novca, Pavle sponzori\u0161e i daje direktno svoj novac .<br \/>\nU tome je razlika. Zbog toga i moje po\u0161tovanje i poseban respekt za ovog divnog mladog poslovnog \u010dovjeka i humanistu.<\/p>\n<p id=\"js_r\" class=\"_5pbw _5vra\" data-ft=\"{&quot;tn&quot;:&quot;C&quot;}\"><strong><span class=\"fwn fcg\"><span class=\"fwb fcg\" data-ft=\"{&quot;tn&quot;:&quot;;&quot;}\"><a id=\"js_1xv\" href=\"https:\/\/www.facebook.com\/ismet.karamanaga?fref=nf\" data-hovercard=\"\/ajax\/hovercard\/user.php?id=1359492972&amp;extragetparams=%7B%22fref%22%3A%22nf%22%7D\" data-hovercard-prefer-more-content-show=\"1\">Ismet Karamanaga Facebook<\/a><\/span><\/span><\/strong><\/p>\n<p><iframe loading=\"lazy\" style=\"border: none; overflow: hidden;\" src=\"https:\/\/www.facebook.com\/plugins\/video.php?href=https%3A%2F%2Fwww.facebook.com%2Fdritan.mustafa.5%2Fvideos%2F1018489194829191%2F&amp;show_text=0&amp;width=508\" width=\"508\" height=\"335\" frameborder=\"0\" scrolling=\"no\" allowfullscreen=\"allowfullscreen\"><\/iframe><\/p>\n","protected":false},"excerpt":{"rendered":"<p>Ismet Karamanaga Facebook Pavle PEP\u0110ONOVI\u0106 je mlad \u010dovjek, \u010dovjek divnih manira lijepog vaspitanja i vrstan poslovni \u010dovjek. Ovaj mladi biznismen je vlasnik jedne od najve\u0107ih firmi koja se bavi destribucijom raznog gra\u0111evinskog materijala u Ulcinju i u Crnoj Gori. Svoju firmu \u00bb GRA\u0110ACOMERC\u00ab nasledio je od svog pokojnog oca Jaka, o kome ja govorim i [&hellip;]<\/p>\n","protected":false},"author":1,"featured_media":0,"comment_status":"closed","ping_status":"closed","sticky":false,"template":"","format":"standard","meta":{"spay_email":"","jetpack_publicize_message":"","jetpack_is_tweetstorm":false,"jetpack_publicize_feature_enabled":true},"categories":[8337],"tags":[],"jetpack_publicize_connections":[],"yoast_head":"<!-- This site is optimized with the Yoast SEO plugin v19.1 - https:\/\/yoast.com\/wordpress\/plugins\/seo\/ -->\n<title>Pavle PEP\u0110ONOVI\u0106 je dragulj i ponos Ulcinja - Lajme nga Ulqini<\/title>\n<meta name=\"description\" content=\"Ismet Karamanaga Facebook Pavle PEP\u0110ONOVI\u0106 je mlad \u010dovjek, \u010dovjek divnih manira lijepog vaspitanja i vrstan poslovni \u010dovjek. Ovaj mladi biznismen je\" \/>\n<meta name=\"robots\" content=\"index, follow, max-snippet:-1, max-image-preview:large, max-video-preview:-1\" \/>\n<link rel=\"canonical\" href=\"https:\/\/www.visit-ulcinj.com\/blog\/2017\/06\/05\/pavle-pepdonovic-je-dragulj-ponos-ulcinja\/\" \/>\n<meta property=\"og:locale\" content=\"en_US\" \/>\n<meta property=\"og:type\" content=\"article\" \/>\n<meta property=\"og:title\" content=\"Pavle PEP\u0110ONOVI\u0106 je dragulj i ponos Ulcinja - Lajme nga Ulqini\" \/>\n<meta property=\"og:description\" content=\"Ismet Karamanaga Facebook Pavle PEP\u0110ONOVI\u0106 je mlad \u010dovjek, \u010dovjek divnih manira lijepog vaspitanja i vrstan poslovni \u010dovjek. Ovaj mladi biznismen je\" \/>\n<meta property=\"og:url\" content=\"https:\/\/www.visit-ulcinj.com\/blog\/2017\/06\/05\/pavle-pepdonovic-je-dragulj-ponos-ulcinja\/\" \/>\n<meta property=\"og:site_name\" content=\"Lajme nga Ulqini\" \/>\n<meta property=\"article:published_time\" content=\"2017-06-05T17:44:12+00:00\" \/>\n<meta property=\"article:modified_time\" content=\"2017-06-05T17:45:06+00:00\" \/>\n<meta property=\"og:image\" content=\"http:\/\/www.visit-ulcinj.com\/blog\/wp-content\/uploads\/2017\/06\/Pavle-PEPDJONOVIC.jpg\" \/>\n<meta name=\"twitter:label1\" content=\"Written by\" \/>\n\t<meta name=\"twitter:data1\" content=\"ulqini\" \/>\n\t<meta name=\"twitter:label2\" content=\"Est. reading time\" \/>\n\t<meta name=\"twitter:data2\" content=\"3 minutes\" \/>\n<script type=\"application\/ld+json\" class=\"yoast-schema-graph\">{\"@context\":\"https:\/\/schema.org\",\"@graph\":[{\"@type\":\"WebSite\",\"@id\":\"https:\/\/www.visit-ulcinj.com\/blog\/#website\",\"url\":\"https:\/\/www.visit-ulcinj.com\/blog\/\",\"name\":\"Lajme nga Ulqini\",\"description\":\"Lajme,Vijesti,Ulqini,Ulqin,Crna Gora,Mali i Zi\",\"potentialAction\":[{\"@type\":\"SearchAction\",\"target\":{\"@type\":\"EntryPoint\",\"urlTemplate\":\"https:\/\/www.visit-ulcinj.com\/blog\/?s={search_term_string}\"},\"query-input\":\"required name=search_term_string\"}],\"inLanguage\":\"en-US\"},{\"@type\":\"ImageObject\",\"inLanguage\":\"en-US\",\"@id\":\"https:\/\/www.visit-ulcinj.com\/blog\/2017\/06\/05\/pavle-pepdonovic-je-dragulj-ponos-ulcinja\/#primaryimage\",\"url\":\"https:\/\/www.visit-ulcinj.com\/blog\/wp-content\/uploads\/2017\/06\/Pavle-PEPDJONOVIC.jpg\",\"contentUrl\":\"https:\/\/www.visit-ulcinj.com\/blog\/wp-content\/uploads\/2017\/06\/Pavle-PEPDJONOVIC.jpg\",\"width\":480,\"height\":360},{\"@type\":\"WebPage\",\"@id\":\"https:\/\/www.visit-ulcinj.com\/blog\/2017\/06\/05\/pavle-pepdonovic-je-dragulj-ponos-ulcinja\/#webpage\",\"url\":\"https:\/\/www.visit-ulcinj.com\/blog\/2017\/06\/05\/pavle-pepdonovic-je-dragulj-ponos-ulcinja\/\",\"name\":\"Pavle PEP\u0110ONOVI\u0106 je dragulj i ponos Ulcinja - Lajme nga Ulqini\",\"isPartOf\":{\"@id\":\"https:\/\/www.visit-ulcinj.com\/blog\/#website\"},\"primaryImageOfPage\":{\"@id\":\"https:\/\/www.visit-ulcinj.com\/blog\/2017\/06\/05\/pavle-pepdonovic-je-dragulj-ponos-ulcinja\/#primaryimage\"},\"datePublished\":\"2017-06-05T17:44:12+00:00\",\"dateModified\":\"2017-06-05T17:45:06+00:00\",\"author\":{\"@id\":\"https:\/\/www.visit-ulcinj.com\/blog\/#\/schema\/person\/dcab619c614d3038751c63bc2aadc06d\"},\"description\":\"Ismet Karamanaga Facebook Pavle PEP\u0110ONOVI\u0106 je mlad \u010dovjek, \u010dovjek divnih manira lijepog vaspitanja i vrstan poslovni \u010dovjek. Ovaj mladi biznismen je\",\"breadcrumb\":{\"@id\":\"https:\/\/www.visit-ulcinj.com\/blog\/2017\/06\/05\/pavle-pepdonovic-je-dragulj-ponos-ulcinja\/#breadcrumb\"},\"inLanguage\":\"en-US\",\"potentialAction\":[{\"@type\":\"ReadAction\",\"target\":[\"https:\/\/www.visit-ulcinj.com\/blog\/2017\/06\/05\/pavle-pepdonovic-je-dragulj-ponos-ulcinja\/\"]}]},{\"@type\":\"BreadcrumbList\",\"@id\":\"https:\/\/www.visit-ulcinj.com\/blog\/2017\/06\/05\/pavle-pepdonovic-je-dragulj-ponos-ulcinja\/#breadcrumb\",\"itemListElement\":[{\"@type\":\"ListItem\",\"position\":1,\"name\":\"Pavle PEP\u0110ONOVI\u0106 je dragulj i ponos Ulcinja\"}]},{\"@type\":\"Person\",\"@id\":\"https:\/\/www.visit-ulcinj.com\/blog\/#\/schema\/person\/dcab619c614d3038751c63bc2aadc06d\",\"name\":\"ulqini\",\"sameAs\":[\"http:\/\/www.visit-ulcinj.com\"],\"url\":\"https:\/\/www.visit-ulcinj.com\/blog\/author\/admin\/\"}]}<\/script>\n<!-- \/ Yoast SEO plugin. -->","yoast_head_json":{"title":"Pavle PEP\u0110ONOVI\u0106 je dragulj i ponos Ulcinja - Lajme nga Ulqini","description":"Ismet Karamanaga Facebook Pavle PEP\u0110ONOVI\u0106 je mlad \u010dovjek, \u010dovjek divnih manira lijepog vaspitanja i vrstan poslovni \u010dovjek. Ovaj mladi biznismen je","robots":{"index":"index","follow":"follow","max-snippet":"max-snippet:-1","max-image-preview":"max-image-preview:large","max-video-preview":"max-video-preview:-1"},"canonical":"https:\/\/www.visit-ulcinj.com\/blog\/2017\/06\/05\/pavle-pepdonovic-je-dragulj-ponos-ulcinja\/","og_locale":"en_US","og_type":"article","og_title":"Pavle PEP\u0110ONOVI\u0106 je dragulj i ponos Ulcinja - Lajme nga Ulqini","og_description":"Ismet Karamanaga Facebook Pavle PEP\u0110ONOVI\u0106 je mlad \u010dovjek, \u010dovjek divnih manira lijepog vaspitanja i vrstan poslovni \u010dovjek. Ovaj mladi biznismen je","og_url":"https:\/\/www.visit-ulcinj.com\/blog\/2017\/06\/05\/pavle-pepdonovic-je-dragulj-ponos-ulcinja\/","og_site_name":"Lajme nga Ulqini","article_published_time":"2017-06-05T17:44:12+00:00","article_modified_time":"2017-06-05T17:45:06+00:00","og_image":[{"url":"http:\/\/www.visit-ulcinj.com\/blog\/wp-content\/uploads\/2017\/06\/Pavle-PEPDJONOVIC.jpg"}],"twitter_misc":{"Written by":"ulqini","Est. reading time":"3 minutes"},"schema":{"@context":"https:\/\/schema.org","@graph":[{"@type":"WebSite","@id":"https:\/\/www.visit-ulcinj.com\/blog\/#website","url":"https:\/\/www.visit-ulcinj.com\/blog\/","name":"Lajme nga Ulqini","description":"Lajme,Vijesti,Ulqini,Ulqin,Crna Gora,Mali i Zi","potentialAction":[{"@type":"SearchAction","target":{"@type":"EntryPoint","urlTemplate":"https:\/\/www.visit-ulcinj.com\/blog\/?s={search_term_string}"},"query-input":"required name=search_term_string"}],"inLanguage":"en-US"},{"@type":"ImageObject","inLanguage":"en-US","@id":"https:\/\/www.visit-ulcinj.com\/blog\/2017\/06\/05\/pavle-pepdonovic-je-dragulj-ponos-ulcinja\/#primaryimage","url":"https:\/\/www.visit-ulcinj.com\/blog\/wp-content\/uploads\/2017\/06\/Pavle-PEPDJONOVIC.jpg","contentUrl":"https:\/\/www.visit-ulcinj.com\/blog\/wp-content\/uploads\/2017\/06\/Pavle-PEPDJONOVIC.jpg","width":480,"height":360},{"@type":"WebPage","@id":"https:\/\/www.visit-ulcinj.com\/blog\/2017\/06\/05\/pavle-pepdonovic-je-dragulj-ponos-ulcinja\/#webpage","url":"https:\/\/www.visit-ulcinj.com\/blog\/2017\/06\/05\/pavle-pepdonovic-je-dragulj-ponos-ulcinja\/","name":"Pavle PEP\u0110ONOVI\u0106 je dragulj i ponos Ulcinja - Lajme nga Ulqini","isPartOf":{"@id":"https:\/\/www.visit-ulcinj.com\/blog\/#website"},"primaryImageOfPage":{"@id":"https:\/\/www.visit-ulcinj.com\/blog\/2017\/06\/05\/pavle-pepdonovic-je-dragulj-ponos-ulcinja\/#primaryimage"},"datePublished":"2017-06-05T17:44:12+00:00","dateModified":"2017-06-05T17:45:06+00:00","author":{"@id":"https:\/\/www.visit-ulcinj.com\/blog\/#\/schema\/person\/dcab619c614d3038751c63bc2aadc06d"},"description":"Ismet Karamanaga Facebook Pavle PEP\u0110ONOVI\u0106 je mlad \u010dovjek, \u010dovjek divnih manira lijepog vaspitanja i vrstan poslovni \u010dovjek. Ovaj mladi biznismen je","breadcrumb":{"@id":"https:\/\/www.visit-ulcinj.com\/blog\/2017\/06\/05\/pavle-pepdonovic-je-dragulj-ponos-ulcinja\/#breadcrumb"},"inLanguage":"en-US","potentialAction":[{"@type":"ReadAction","target":["https:\/\/www.visit-ulcinj.com\/blog\/2017\/06\/05\/pavle-pepdonovic-je-dragulj-ponos-ulcinja\/"]}]},{"@type":"BreadcrumbList","@id":"https:\/\/www.visit-ulcinj.com\/blog\/2017\/06\/05\/pavle-pepdonovic-je-dragulj-ponos-ulcinja\/#breadcrumb","itemListElement":[{"@type":"ListItem","position":1,"name":"Pavle PEP\u0110ONOVI\u0106 je dragulj i ponos Ulcinja"}]},{"@type":"Person","@id":"https:\/\/www.visit-ulcinj.com\/blog\/#\/schema\/person\/dcab619c614d3038751c63bc2aadc06d","name":"ulqini","sameAs":["http:\/\/www.visit-ulcinj.com"],"url":"https:\/\/www.visit-ulcinj.com\/blog\/author\/admin\/"}]}},"jetpack_featured_media_url":"","jetpack_sharing_enabled":true,"jetpack_shortlink":"https:\/\/wp.me\/pe6lTn-rqH","_links":{"self":[{"href":"https:\/\/www.visit-ulcinj.com\/blog\/wp-json\/wp\/v2\/posts\/105443"}],"collection":[{"href":"https:\/\/www.visit-ulcinj.com\/blog\/wp-json\/wp\/v2\/posts"}],"about":[{"href":"https:\/\/www.visit-ulcinj.com\/blog\/wp-json\/wp\/v2\/types\/post"}],"author":[{"embeddable":true,"href":"https:\/\/www.visit-ulcinj.com\/blog\/wp-json\/wp\/v2\/users\/1"}],"replies":[{"embeddable":true,"href":"https:\/\/www.visit-ulcinj.com\/blog\/wp-json\/wp\/v2\/comments?post=105443"}],"version-history":[{"count":2,"href":"https:\/\/www.visit-ulcinj.com\/blog\/wp-json\/wp\/v2\/posts\/105443\/revisions"}],"predecessor-version":[{"id":105447,"href":"https:\/\/www.visit-ulcinj.com\/blog\/wp-json\/wp\/v2\/posts\/105443\/revisions\/105447"}],"wp:attachment":[{"href":"https:\/\/www.visit-ulcinj.com\/blog\/wp-json\/wp\/v2\/media?parent=105443"}],"wp:term":[{"taxonomy":"category","embeddable":true,"href":"https:\/\/www.visit-ulcinj.com\/blog\/wp-json\/wp\/v2\/categories?post=105443"},{"taxonomy":"post_tag","embeddable":true,"href":"https:\/\/www.visit-ulcinj.com\/blog\/wp-json\/wp\/v2\/tags?post=105443"}],"curies":[{"name":"wp","href":"https:\/\/api.w.org\/{rel}","templated":true}]}}