{"id":105448,"date":"2017-06-06T14:09:17","date_gmt":"2017-06-06T13:09:17","guid":{"rendered":"http:\/\/www.visit-ulcinj.com\/blog\/?p=105448"},"modified":"2017-06-07T07:52:48","modified_gmt":"2017-06-07T06:52:48","slug":"anetaresimi-malit-te-zi-ne-nato-moment-historik-interviste-genci-nimanbegun","status":"publish","type":"post","link":"https:\/\/www.visit-ulcinj.com\/blog\/2017\/06\/06\/anetaresimi-malit-te-zi-ne-nato-moment-historik-interviste-genci-nimanbegun\/","title":{"rendered":"An\u00ebtar\u00ebsimi i Malit t\u00eb Zi n\u00eb NATO, moment historik intervist\u00eb me Genci Nimanbegun"},"content":{"rendered":"<p><strong><a href=\"http:\/\/www.visit-ulcinj.com\/blog\/wp-content\/uploads\/2017\/06\/Genci-Nimanbegu-NATO.jpg\"><img loading=\"lazy\" class=\"alignleft wp-image-105449\" src=\"http:\/\/www.visit-ulcinj.com\/blog\/wp-content\/uploads\/2017\/06\/Genci-Nimanbegu-NATO.jpg\" alt=\"\" width=\"508\" height=\"367\" srcset=\"https:\/\/www.visit-ulcinj.com\/blog\/wp-content\/uploads\/2017\/06\/Genci-Nimanbegu-NATO.jpg 999w, https:\/\/www.visit-ulcinj.com\/blog\/wp-content\/uploads\/2017\/06\/Genci-Nimanbegu-NATO-300x217.jpg 300w, https:\/\/www.visit-ulcinj.com\/blog\/wp-content\/uploads\/2017\/06\/Genci-Nimanbegu-NATO-768x554.jpg 768w\" sizes=\"(max-width: 508px) 100vw, 508px\" \/><\/a>P\u00ebrgatiti p\u00ebr Z\u00ebrin e Turqis\u00eb, Vera ALIBEGU KATANA, Mali i Zi<\/strong><\/p>\n<p>Kryeministri i Malit t\u00eb Zi, <strong>Dushko Markoviq<\/strong> n\u00eb Uashington i dor\u00ebzoi n\u00ebnsekretarit amerikan <strong>Tomas Shenon <\/strong>zyrtarisht <strong>instrumentet e ratifikimit<\/strong> t\u00eb kontrat\u00ebs p\u00ebr an\u00ebtar\u00ebsimin e Malit t\u00eb Zi n\u00eb NATO. N\u00eb ceremonin\u00eb q\u00eb u zhvillua n\u00eb <strong>Departamentin amerikan t\u00eb Shtetit<\/strong> ishte i pranish\u00ebm edhe sekretari gjeneral i NATO-s, <strong>Jens Stoltenberg<\/strong>. Pas Uashingtonit, solemniteti formal me rastin e pranimit t\u00eb an\u00ebtar\u00ebve t\u00eb rinj n\u00eb<strong> NATO<\/strong> dhe ceremonia e ngritjes s\u00eb flamurit para nd\u00ebrtes\u00ebs s\u00eb NATO-s n\u00eb Bruksel do t\u00eb b\u00ebhet m\u00eb 7 qershor.<\/p>\n<p><strong>-Kryeministri Dushko Markoviq: An\u00ebtar\u00ebsimin n\u00eb NATO \u00ebsht\u00eb moment historik <\/strong><\/p>\n<p>\u201cKjo \u00ebsht\u00eb nj\u00eb dit\u00eb e r\u00ebnd\u00ebsishme jo vet\u00ebm p\u00ebr ne por edhe p\u00ebr fqinj\u00ebt tan\u00eb. Besoj se Mali i Zi si an\u00ebtar\u00eb i NATO-s do t\u2019i kontribuoj\u00eb m\u00eb shum\u00eb stabilitetit t\u00eb Ballkanit Per\u00ebndimor. Mund t\u00eb them me plot bindje se ne do t\u00eb p\u00ebrkrahim edhe an\u00ebtar\u00ebsimin e shteteve t\u00eb tjera t\u00eb rajonit n\u00eb\u00a0 NATO. Do t\u00eb jemi promotor\u00eb t\u00eb ides\u00eb s\u00eb an\u00ebtar\u00ebsimit dhe shembull i qart\u00eb se dyert e saj jan\u00eb t\u00eb hapura\u201d,- tha Markoviq.<\/p>\n<p>Edhe p\u00ebr<strong> n\u00ebnkryetarin e Parlamentit t\u00eb Malit t\u00eb Zi, Genci Nimanbegu<\/strong>, <strong>an\u00ebtar\u00ebsimi n\u00eb NATO<\/strong> \u00ebsht\u00eb moment tejet i r\u00ebnd\u00ebsish\u00ebm q\u00eb do t\u2019i kontribuoj\u00eb ruajtjes s\u00eb stabilitetit dhe siguris\u00eb s\u00eb rajonit. Ai n\u00eb nj\u00eb prononcim ekskluziv p\u00ebr <strong>Z\u00ebrin e Turqis\u00eb,<\/strong> i pyetur q\u00eb t\u00eb komentoj\u00eb an\u00ebtar\u00ebsimin n\u00eb NATO, tha: \u201cAn\u00ebtar\u00ebsimi i Malit t\u00eb Zi n\u00eb Aleanc\u00ebn Veri-Atlantike, t\u00eb cil\u00ebn un\u00eb e konsideroj jo vet\u00ebm si aleanc\u00eb ushtarake, por edhe politike, e radhit Malin e Zi n\u00eb kuadrin e shteteve m\u00eb t\u00eb fuqishme t\u00eb bot\u00ebs\u201d.<\/p>\n<p><strong>-Nj\u00eb pjes\u00eb e Opozit\u00ebs pro-Ruse e Malit t\u00eb Zi kund\u00ebrshton an\u00ebtar\u00ebsimin n\u00eb NATO<\/strong><\/p>\n<p><strong>V.Katana:<\/strong><em>Si do ta vler\u00ebsonit q\u00ebndrimin e Opozit\u00ebs, q\u00eb vazhdimisht ka qen\u00eb kund\u00ebr an\u00ebtar\u00ebsimit n\u00eb NATO, dhe bojkotin e punimeve t\u00eb Parlamentit nga ana e tyre?<\/em><\/p>\n<p><strong>G.Nimanbegu:<\/strong> \u201cOpozita e Malit t\u00eb Zi ka disa arsyet e veta q\u00eb nuk e p\u00ebrkrah an\u00ebtar\u00ebsimin. Sigurisht ka t\u00eb b\u00ebj\u00eb me q\u00ebllimin e tyre, q\u00eb d\u00ebshirojn\u00eb t\u00eb mbesin n\u00ebn ndikimin e shteteve t\u00eb Lindjes apo Rusis\u00eb. K\u00ebtu kemi t\u00eb b\u00ebjm\u00eb m\u00eb shum\u00eb me arsye e motive se sa racionale, sepse dihet q\u00eb t\u00eb gjitha shtetet m\u00eb t\u00eb zhvilluara t\u00eb Evrop\u00ebs si: Gjermania , Britania e Madhe, Franca dhe Italia jan\u00eb an\u00ebtare t\u00eb NATO-s, e nj\u00ebkoh\u00ebsisht edhe an\u00ebtare t\u00eb Bashkimit Evropian\u201d.<\/p>\n<p><strong>V.Katana:<\/strong><em>Subjektet politike shqiptare, dhe n\u00eb p\u00ebrgjith\u00ebsi shqiptar\u00ebt e Malit t\u00eb Zi, vazhdimisht i kan\u00eb dh\u00ebn\u00eb dhe i japin p\u00ebrkrahje ides\u00eb s\u00eb an\u00ebtar\u00ebsimit t\u00eb Malit t\u00eb Zi n\u00eb NATO. A do t\u00eb ndikoj\u00eb an\u00ebtar\u00ebsimi n\u00eb NATO n\u00eb p\u00ebrmir\u00ebsimin e pozit\u00ebs s\u00eb shqiptar\u00ebve?<\/em><\/p>\n<p><strong>-Shqiptar\u00ebt e Malit t\u00eb Zi kan\u00eb mb\u00ebshtetur dhe mb\u00ebshtesin fuqish\u00ebm an\u00ebtar\u00ebsimin n\u00eb NATO<\/strong><\/p>\n<p><strong>G. Nimanbegu: <\/strong>\u201cSigurisht kjo \u00ebsht\u00eb dhe nj\u00ebra nga arsyet q\u00eb subjektet politike shqiptare n\u00eb statutet e tyre dhe q\u00ebndrimet politike vazhdimisht kan\u00eb p\u00ebrkrahur k\u00ebt\u00eb Aleanc\u00eb. Ne NATO-s kurr\u00eb nuk mund t\u2019ia harrojm\u00eb ndihm\u00ebn q\u00eb i ka dh\u00ebn\u00eb popullit shqiptar, konkretisht kosovar\u00ebve n\u00eb vitin 1999, dhe sigurisht q\u00eb intervenimi i NATO-s jo vet\u00ebm q\u00eb ka shmangur katastrof\u00ebn humanitare dhe tentativ\u00ebn e spastrimit etnik, por edhe ka krijuar kushtet q\u00eb Kosova t\u00eb jet\u00eb shtet i pavarur dhe fqinj i mir\u00eb me Malin e Zi. E t\u00ebr\u00eb kjo do t\u00eb krijoj\u00eb kushtet q\u00eb Ballkani t\u00eb largohet nga stereotipet e t\u00eb kaluar\u00ebs, sepse do t\u00eb hyj\u00eb n\u00eb procese zhvillimore m\u00eb se t\u00eb nevojshme p\u00ebr popullin ton\u00eb\u201d, tha N\u00ebnkryetari i Parlamentit t\u00eb Malit t\u00eb Zi, <strong>Genci Nimanbegu<\/strong>.<\/p>\n<p>&nbsp;<\/p>\n<p><span class=\"copyright\"><strong>TRT @ T\u00eb Gjitha t\u00eb Drejtat t\u00eb Rezervuara.<\/strong> <\/span><\/p>\n","protected":false},"excerpt":{"rendered":"<p>P\u00ebrgatiti p\u00ebr Z\u00ebrin e Turqis\u00eb, Vera ALIBEGU KATANA, Mali i Zi Kryeministri i Malit t\u00eb Zi, Dushko Markoviq n\u00eb Uashington i dor\u00ebzoi n\u00ebnsekretarit amerikan Tomas Shenon zyrtarisht instrumentet e ratifikimit t\u00eb kontrat\u00ebs p\u00ebr an\u00ebtar\u00ebsimin e Malit t\u00eb Zi n\u00eb NATO. N\u00eb ceremonin\u00eb q\u00eb u zhvillua n\u00eb Departamentin amerikan t\u00eb Shtetit ishte i pranish\u00ebm edhe sekretari [&hellip;]<\/p>\n","protected":false},"author":1,"featured_media":0,"comment_status":"closed","ping_status":"closed","sticky":false,"template":"","format":"standard","meta":{"spay_email":"","jetpack_publicize_message":"","jetpack_is_tweetstorm":false,"jetpack_publicize_feature_enabled":true},"categories":[1,6],"tags":[],"jetpack_publicize_connections":[],"yoast_head":"<!-- This site is optimized with the Yoast SEO plugin v19.1 - https:\/\/yoast.com\/wordpress\/plugins\/seo\/ -->\n<title>An\u00ebtar\u00ebsimi i Malit t\u00eb Zi n\u00eb NATO, moment historik intervist\u00eb me Genci Nimanbegun - Lajme nga Ulqini<\/title>\n<meta name=\"description\" content=\"P\u00ebrgatiti p\u00ebr Z\u00ebrin e Turqis\u00eb, Vera ALIBEGU KATANA, Mali i Zi Kryeministri i Malit t\u00eb Zi, Dushko Markoviq n\u00eb Uashington i dor\u00ebzoi n\u00ebnsekretarit amerikan\" \/>\n<meta name=\"robots\" content=\"index, follow, max-snippet:-1, max-image-preview:large, max-video-preview:-1\" \/>\n<link rel=\"canonical\" href=\"https:\/\/www.visit-ulcinj.com\/blog\/2017\/06\/06\/anetaresimi-malit-te-zi-ne-nato-moment-historik-interviste-genci-nimanbegun\/\" \/>\n<meta property=\"og:locale\" content=\"en_US\" \/>\n<meta property=\"og:type\" content=\"article\" \/>\n<meta property=\"og:title\" content=\"An\u00ebtar\u00ebsimi i Malit t\u00eb Zi n\u00eb NATO, moment historik intervist\u00eb me Genci Nimanbegun - Lajme nga Ulqini\" \/>\n<meta property=\"og:description\" content=\"P\u00ebrgatiti p\u00ebr Z\u00ebrin e Turqis\u00eb, Vera ALIBEGU KATANA, Mali i Zi Kryeministri i Malit t\u00eb Zi, Dushko Markoviq n\u00eb Uashington i dor\u00ebzoi n\u00ebnsekretarit amerikan\" \/>\n<meta property=\"og:url\" content=\"https:\/\/www.visit-ulcinj.com\/blog\/2017\/06\/06\/anetaresimi-malit-te-zi-ne-nato-moment-historik-interviste-genci-nimanbegun\/\" \/>\n<meta property=\"og:site_name\" content=\"Lajme nga Ulqini\" \/>\n<meta property=\"article:published_time\" content=\"2017-06-06T13:09:17+00:00\" \/>\n<meta property=\"article:modified_time\" content=\"2017-06-07T06:52:48+00:00\" \/>\n<meta property=\"og:image\" content=\"http:\/\/www.visit-ulcinj.com\/blog\/wp-content\/uploads\/2017\/06\/Genci-Nimanbegu-NATO.jpg\" \/>\n<meta name=\"twitter:label1\" content=\"Written by\" \/>\n\t<meta name=\"twitter:data1\" content=\"ulqini\" \/>\n\t<meta name=\"twitter:label2\" content=\"Est. reading time\" \/>\n\t<meta name=\"twitter:data2\" content=\"3 minutes\" \/>\n<script type=\"application\/ld+json\" class=\"yoast-schema-graph\">{\"@context\":\"https:\/\/schema.org\",\"@graph\":[{\"@type\":\"WebSite\",\"@id\":\"https:\/\/www.visit-ulcinj.com\/blog\/#website\",\"url\":\"https:\/\/www.visit-ulcinj.com\/blog\/\",\"name\":\"Lajme nga Ulqini\",\"description\":\"Lajme,Vijesti,Ulqini,Ulqin,Crna Gora,Mali i Zi\",\"potentialAction\":[{\"@type\":\"SearchAction\",\"target\":{\"@type\":\"EntryPoint\",\"urlTemplate\":\"https:\/\/www.visit-ulcinj.com\/blog\/?s={search_term_string}\"},\"query-input\":\"required name=search_term_string\"}],\"inLanguage\":\"en-US\"},{\"@type\":\"ImageObject\",\"inLanguage\":\"en-US\",\"@id\":\"https:\/\/www.visit-ulcinj.com\/blog\/2017\/06\/06\/anetaresimi-malit-te-zi-ne-nato-moment-historik-interviste-genci-nimanbegun\/#primaryimage\",\"url\":\"https:\/\/www.visit-ulcinj.com\/blog\/wp-content\/uploads\/2017\/06\/Genci-Nimanbegu-NATO.jpg\",\"contentUrl\":\"https:\/\/www.visit-ulcinj.com\/blog\/wp-content\/uploads\/2017\/06\/Genci-Nimanbegu-NATO.jpg\",\"width\":999,\"height\":721},{\"@type\":\"WebPage\",\"@id\":\"https:\/\/www.visit-ulcinj.com\/blog\/2017\/06\/06\/anetaresimi-malit-te-zi-ne-nato-moment-historik-interviste-genci-nimanbegun\/#webpage\",\"url\":\"https:\/\/www.visit-ulcinj.com\/blog\/2017\/06\/06\/anetaresimi-malit-te-zi-ne-nato-moment-historik-interviste-genci-nimanbegun\/\",\"name\":\"An\u00ebtar\u00ebsimi i Malit t\u00eb Zi n\u00eb NATO, moment historik intervist\u00eb me Genci Nimanbegun - Lajme nga Ulqini\",\"isPartOf\":{\"@id\":\"https:\/\/www.visit-ulcinj.com\/blog\/#website\"},\"primaryImageOfPage\":{\"@id\":\"https:\/\/www.visit-ulcinj.com\/blog\/2017\/06\/06\/anetaresimi-malit-te-zi-ne-nato-moment-historik-interviste-genci-nimanbegun\/#primaryimage\"},\"datePublished\":\"2017-06-06T13:09:17+00:00\",\"dateModified\":\"2017-06-07T06:52:48+00:00\",\"author\":{\"@id\":\"https:\/\/www.visit-ulcinj.com\/blog\/#\/schema\/person\/dcab619c614d3038751c63bc2aadc06d\"},\"description\":\"P\u00ebrgatiti p\u00ebr Z\u00ebrin e Turqis\u00eb, Vera ALIBEGU KATANA, Mali i Zi Kryeministri i Malit t\u00eb Zi, Dushko Markoviq n\u00eb Uashington i dor\u00ebzoi n\u00ebnsekretarit amerikan\",\"breadcrumb\":{\"@id\":\"https:\/\/www.visit-ulcinj.com\/blog\/2017\/06\/06\/anetaresimi-malit-te-zi-ne-nato-moment-historik-interviste-genci-nimanbegun\/#breadcrumb\"},\"inLanguage\":\"en-US\",\"potentialAction\":[{\"@type\":\"ReadAction\",\"target\":[\"https:\/\/www.visit-ulcinj.com\/blog\/2017\/06\/06\/anetaresimi-malit-te-zi-ne-nato-moment-historik-interviste-genci-nimanbegun\/\"]}]},{\"@type\":\"BreadcrumbList\",\"@id\":\"https:\/\/www.visit-ulcinj.com\/blog\/2017\/06\/06\/anetaresimi-malit-te-zi-ne-nato-moment-historik-interviste-genci-nimanbegun\/#breadcrumb\",\"itemListElement\":[{\"@type\":\"ListItem\",\"position\":1,\"name\":\"An\u00ebtar\u00ebsimi i Malit t\u00eb Zi n\u00eb NATO, moment historik intervist\u00eb me Genci Nimanbegun\"}]},{\"@type\":\"Person\",\"@id\":\"https:\/\/www.visit-ulcinj.com\/blog\/#\/schema\/person\/dcab619c614d3038751c63bc2aadc06d\",\"name\":\"ulqini\",\"sameAs\":[\"http:\/\/www.visit-ulcinj.com\"],\"url\":\"https:\/\/www.visit-ulcinj.com\/blog\/author\/admin\/\"}]}<\/script>\n<!-- \/ Yoast SEO plugin. -->","yoast_head_json":{"title":"An\u00ebtar\u00ebsimi i Malit t\u00eb Zi n\u00eb NATO, moment historik intervist\u00eb me Genci Nimanbegun - Lajme nga Ulqini","description":"P\u00ebrgatiti p\u00ebr Z\u00ebrin e Turqis\u00eb, Vera ALIBEGU KATANA, Mali i Zi Kryeministri i Malit t\u00eb Zi, Dushko Markoviq n\u00eb Uashington i dor\u00ebzoi n\u00ebnsekretarit amerikan","robots":{"index":"index","follow":"follow","max-snippet":"max-snippet:-1","max-image-preview":"max-image-preview:large","max-video-preview":"max-video-preview:-1"},"canonical":"https:\/\/www.visit-ulcinj.com\/blog\/2017\/06\/06\/anetaresimi-malit-te-zi-ne-nato-moment-historik-interviste-genci-nimanbegun\/","og_locale":"en_US","og_type":"article","og_title":"An\u00ebtar\u00ebsimi i Malit t\u00eb Zi n\u00eb NATO, moment historik intervist\u00eb me Genci Nimanbegun - Lajme nga Ulqini","og_description":"P\u00ebrgatiti p\u00ebr Z\u00ebrin e Turqis\u00eb, Vera ALIBEGU KATANA, Mali i Zi Kryeministri i Malit t\u00eb Zi, Dushko Markoviq n\u00eb Uashington i dor\u00ebzoi n\u00ebnsekretarit amerikan","og_url":"https:\/\/www.visit-ulcinj.com\/blog\/2017\/06\/06\/anetaresimi-malit-te-zi-ne-nato-moment-historik-interviste-genci-nimanbegun\/","og_site_name":"Lajme nga Ulqini","article_published_time":"2017-06-06T13:09:17+00:00","article_modified_time":"2017-06-07T06:52:48+00:00","og_image":[{"url":"http:\/\/www.visit-ulcinj.com\/blog\/wp-content\/uploads\/2017\/06\/Genci-Nimanbegu-NATO.jpg"}],"twitter_misc":{"Written by":"ulqini","Est. reading time":"3 minutes"},"schema":{"@context":"https:\/\/schema.org","@graph":[{"@type":"WebSite","@id":"https:\/\/www.visit-ulcinj.com\/blog\/#website","url":"https:\/\/www.visit-ulcinj.com\/blog\/","name":"Lajme nga Ulqini","description":"Lajme,Vijesti,Ulqini,Ulqin,Crna Gora,Mali i Zi","potentialAction":[{"@type":"SearchAction","target":{"@type":"EntryPoint","urlTemplate":"https:\/\/www.visit-ulcinj.com\/blog\/?s={search_term_string}"},"query-input":"required name=search_term_string"}],"inLanguage":"en-US"},{"@type":"ImageObject","inLanguage":"en-US","@id":"https:\/\/www.visit-ulcinj.com\/blog\/2017\/06\/06\/anetaresimi-malit-te-zi-ne-nato-moment-historik-interviste-genci-nimanbegun\/#primaryimage","url":"https:\/\/www.visit-ulcinj.com\/blog\/wp-content\/uploads\/2017\/06\/Genci-Nimanbegu-NATO.jpg","contentUrl":"https:\/\/www.visit-ulcinj.com\/blog\/wp-content\/uploads\/2017\/06\/Genci-Nimanbegu-NATO.jpg","width":999,"height":721},{"@type":"WebPage","@id":"https:\/\/www.visit-ulcinj.com\/blog\/2017\/06\/06\/anetaresimi-malit-te-zi-ne-nato-moment-historik-interviste-genci-nimanbegun\/#webpage","url":"https:\/\/www.visit-ulcinj.com\/blog\/2017\/06\/06\/anetaresimi-malit-te-zi-ne-nato-moment-historik-interviste-genci-nimanbegun\/","name":"An\u00ebtar\u00ebsimi i Malit t\u00eb Zi n\u00eb NATO, moment historik intervist\u00eb me Genci Nimanbegun - Lajme nga Ulqini","isPartOf":{"@id":"https:\/\/www.visit-ulcinj.com\/blog\/#website"},"primaryImageOfPage":{"@id":"https:\/\/www.visit-ulcinj.com\/blog\/2017\/06\/06\/anetaresimi-malit-te-zi-ne-nato-moment-historik-interviste-genci-nimanbegun\/#primaryimage"},"datePublished":"2017-06-06T13:09:17+00:00","dateModified":"2017-06-07T06:52:48+00:00","author":{"@id":"https:\/\/www.visit-ulcinj.com\/blog\/#\/schema\/person\/dcab619c614d3038751c63bc2aadc06d"},"description":"P\u00ebrgatiti p\u00ebr Z\u00ebrin e Turqis\u00eb, Vera ALIBEGU KATANA, Mali i Zi Kryeministri i Malit t\u00eb Zi, Dushko Markoviq n\u00eb Uashington i dor\u00ebzoi n\u00ebnsekretarit amerikan","breadcrumb":{"@id":"https:\/\/www.visit-ulcinj.com\/blog\/2017\/06\/06\/anetaresimi-malit-te-zi-ne-nato-moment-historik-interviste-genci-nimanbegun\/#breadcrumb"},"inLanguage":"en-US","potentialAction":[{"@type":"ReadAction","target":["https:\/\/www.visit-ulcinj.com\/blog\/2017\/06\/06\/anetaresimi-malit-te-zi-ne-nato-moment-historik-interviste-genci-nimanbegun\/"]}]},{"@type":"BreadcrumbList","@id":"https:\/\/www.visit-ulcinj.com\/blog\/2017\/06\/06\/anetaresimi-malit-te-zi-ne-nato-moment-historik-interviste-genci-nimanbegun\/#breadcrumb","itemListElement":[{"@type":"ListItem","position":1,"name":"An\u00ebtar\u00ebsimi i Malit t\u00eb Zi n\u00eb NATO, moment historik intervist\u00eb me Genci Nimanbegun"}]},{"@type":"Person","@id":"https:\/\/www.visit-ulcinj.com\/blog\/#\/schema\/person\/dcab619c614d3038751c63bc2aadc06d","name":"ulqini","sameAs":["http:\/\/www.visit-ulcinj.com"],"url":"https:\/\/www.visit-ulcinj.com\/blog\/author\/admin\/"}]}},"jetpack_featured_media_url":"","jetpack_sharing_enabled":true,"jetpack_shortlink":"https:\/\/wp.me\/pe6lTn-rqM","_links":{"self":[{"href":"https:\/\/www.visit-ulcinj.com\/blog\/wp-json\/wp\/v2\/posts\/105448"}],"collection":[{"href":"https:\/\/www.visit-ulcinj.com\/blog\/wp-json\/wp\/v2\/posts"}],"about":[{"href":"https:\/\/www.visit-ulcinj.com\/blog\/wp-json\/wp\/v2\/types\/post"}],"author":[{"embeddable":true,"href":"https:\/\/www.visit-ulcinj.com\/blog\/wp-json\/wp\/v2\/users\/1"}],"replies":[{"embeddable":true,"href":"https:\/\/www.visit-ulcinj.com\/blog\/wp-json\/wp\/v2\/comments?post=105448"}],"version-history":[{"count":1,"href":"https:\/\/www.visit-ulcinj.com\/blog\/wp-json\/wp\/v2\/posts\/105448\/revisions"}],"predecessor-version":[{"id":105450,"href":"https:\/\/www.visit-ulcinj.com\/blog\/wp-json\/wp\/v2\/posts\/105448\/revisions\/105450"}],"wp:attachment":[{"href":"https:\/\/www.visit-ulcinj.com\/blog\/wp-json\/wp\/v2\/media?parent=105448"}],"wp:term":[{"taxonomy":"category","embeddable":true,"href":"https:\/\/www.visit-ulcinj.com\/blog\/wp-json\/wp\/v2\/categories?post=105448"},{"taxonomy":"post_tag","embeddable":true,"href":"https:\/\/www.visit-ulcinj.com\/blog\/wp-json\/wp\/v2\/tags?post=105448"}],"curies":[{"name":"wp","href":"https:\/\/api.w.org\/{rel}","templated":true}]}}