{"id":105451,"date":"2017-06-06T14:29:48","date_gmt":"2017-06-06T13:29:48","guid":{"rendered":"http:\/\/www.visit-ulcinj.com\/blog\/?p=105451"},"modified":"2017-06-06T14:29:48","modified_gmt":"2017-06-06T13:29:48","slug":"bereqeti-shperndau-ndihma-per-qytetaret-te-ulqinit","status":"publish","type":"post","link":"https:\/\/www.visit-ulcinj.com\/blog\/2017\/06\/06\/bereqeti-shperndau-ndihma-per-qytetaret-te-ulqinit\/","title":{"rendered":"Bereqeti shp\u00ebrndau ndihma p\u00ebr qytetar\u00ebt t\u00eb Ulqinit"},"content":{"rendered":"<p><strong><a href=\"http:\/\/www.visit-ulcinj.com\/blog\/wp-content\/uploads\/2017\/06\/Bereqeti-shp\u00ebrndau-ndihma-p\u00ebr-qytetar\u00ebt-t\u00eb-Ulqinit-1.jpg\"><img loading=\"lazy\" class=\"alignleft wp-image-105453\" src=\"http:\/\/www.visit-ulcinj.com\/blog\/wp-content\/uploads\/2017\/06\/Bereqeti-shp\u00ebrndau-ndihma-p\u00ebr-qytetar\u00ebt-t\u00eb-Ulqinit-1.jpg\" alt=\"\" width=\"508\" height=\"238\" srcset=\"https:\/\/www.visit-ulcinj.com\/blog\/wp-content\/uploads\/2017\/06\/Bereqeti-shp\u00ebrndau-ndihma-p\u00ebr-qytetar\u00ebt-t\u00eb-Ulqinit-1.jpg 999w, https:\/\/www.visit-ulcinj.com\/blog\/wp-content\/uploads\/2017\/06\/Bereqeti-shp\u00ebrndau-ndihma-p\u00ebr-qytetar\u00ebt-t\u00eb-Ulqinit-1-300x141.jpg 300w, https:\/\/www.visit-ulcinj.com\/blog\/wp-content\/uploads\/2017\/06\/Bereqeti-shp\u00ebrndau-ndihma-p\u00ebr-qytetar\u00ebt-t\u00eb-Ulqinit-1-768x360.jpg 768w\" sizes=\"(max-width: 508px) 100vw, 508px\" \/><\/a>N\u00eb m\u00ebnyr\u00eb aktive sot me 06.06.2017 Bereqeti i Mexhlisit t\u00eb Bashk\u00ebsis\u00eb islame n\u00eb Ulqin shperndau 100 pako ushqimore n\u00eb vler\u00eb prej 20 eur p\u00ebr familjet n\u00eb nevoj\u00eb, raporton portali islam-ul.<\/strong><\/p>\n<p>Ky \u00ebsht\u00eb aktiviteti i dyt\u00eb n\u00eb Ramazan.<\/p>\n<p>Dit\u00ebn e par\u00eb t\u00eb muajit t\u00eb Ramazanit, Bereqeti ka shperndar\u00eb edhe 45 pako p\u00ebr nevojtar\u00ebt. K\u00ebshtu n\u00eb dhjet\u00ebdit\u00ebshin e par\u00eb t\u00eb Ramazanit jan\u00eb shperndar\u00eb 145 pako ushqimore.<\/p>\n<p>Kryetari i Bereqetit h.Mirsad ef. Mu\u00e7aj shprehet se e g\u00ebzon p\u00ebrkrahja e besimtar\u00ebve tan\u00eb dhe gatishm\u00ebria e tyre p\u00ebr t\u2019u gjetur n\u00eb ndihme njer\u00ebzve n\u00eb nevoj\u00eb. Ai gjithashtu b\u00ebn thirje q\u00eb gjat\u00eb muajit t\u00eb madh\u00ebruar t\u00eb Ramazanit t\u00eb shtojm\u00eb bamir\u00ebsin\u00eb q\u00eb t\u00eb gezojm\u00eb nevojtar\u00ebt e q\u00eb Zoti t\u00eb jet\u00eb i k\u00ebnaqur me ne.<\/p>\n","protected":false},"excerpt":{"rendered":"<p>N\u00eb m\u00ebnyr\u00eb aktive sot me 06.06.2017 Bereqeti i Mexhlisit t\u00eb Bashk\u00ebsis\u00eb islame n\u00eb Ulqin shperndau 100 pako ushqimore n\u00eb vler\u00eb prej 20 eur p\u00ebr familjet n\u00eb nevoj\u00eb, raporton portali islam-ul. Ky \u00ebsht\u00eb aktiviteti i dyt\u00eb n\u00eb Ramazan. Dit\u00ebn e par\u00eb t\u00eb muajit t\u00eb Ramazanit, Bereqeti ka shperndar\u00eb edhe 45 pako p\u00ebr nevojtar\u00ebt. K\u00ebshtu n\u00eb dhjet\u00ebdit\u00ebshin [&hellip;]<\/p>\n","protected":false},"author":1,"featured_media":0,"comment_status":"closed","ping_status":"closed","sticky":false,"template":"","format":"standard","meta":{"spay_email":"","jetpack_publicize_message":"","jetpack_is_tweetstorm":false,"jetpack_publicize_feature_enabled":true},"categories":[11],"tags":[],"jetpack_publicize_connections":[],"yoast_head":"<!-- This site is optimized with the Yoast SEO plugin v19.1 - https:\/\/yoast.com\/wordpress\/plugins\/seo\/ -->\n<title>Bereqeti shp\u00ebrndau ndihma p\u00ebr qytetar\u00ebt t\u00eb Ulqinit - Lajme nga Ulqini<\/title>\n<meta name=\"description\" content=\"N\u00eb m\u00ebnyr\u00eb aktive sot me 06.06.2017 Bereqeti i Mexhlisit t\u00eb Bashk\u00ebsis\u00eb islame n\u00eb Ulqin shperndau 100 pako ushqimore n\u00eb vler\u00eb prej 20 eur p\u00ebr familjet n\u00eb\" \/>\n<meta name=\"robots\" content=\"index, follow, max-snippet:-1, max-image-preview:large, max-video-preview:-1\" \/>\n<link rel=\"canonical\" href=\"https:\/\/www.visit-ulcinj.com\/blog\/2017\/06\/06\/bereqeti-shperndau-ndihma-per-qytetaret-te-ulqinit\/\" \/>\n<meta property=\"og:locale\" content=\"en_US\" \/>\n<meta property=\"og:type\" content=\"article\" \/>\n<meta property=\"og:title\" content=\"Bereqeti shp\u00ebrndau ndihma p\u00ebr qytetar\u00ebt t\u00eb Ulqinit - Lajme nga Ulqini\" \/>\n<meta property=\"og:description\" content=\"N\u00eb m\u00ebnyr\u00eb aktive sot me 06.06.2017 Bereqeti i Mexhlisit t\u00eb Bashk\u00ebsis\u00eb islame n\u00eb Ulqin shperndau 100 pako ushqimore n\u00eb vler\u00eb prej 20 eur p\u00ebr familjet n\u00eb\" \/>\n<meta property=\"og:url\" content=\"https:\/\/www.visit-ulcinj.com\/blog\/2017\/06\/06\/bereqeti-shperndau-ndihma-per-qytetaret-te-ulqinit\/\" \/>\n<meta property=\"og:site_name\" content=\"Lajme nga Ulqini\" \/>\n<meta property=\"article:published_time\" content=\"2017-06-06T13:29:48+00:00\" \/>\n<meta name=\"twitter:label1\" content=\"Written by\" \/>\n\t<meta name=\"twitter:data1\" content=\"ulqini\" \/>\n\t<meta name=\"twitter:label2\" content=\"Est. reading time\" \/>\n\t<meta name=\"twitter:data2\" content=\"1 minute\" \/>\n<script type=\"application\/ld+json\" class=\"yoast-schema-graph\">{\"@context\":\"https:\/\/schema.org\",\"@graph\":[{\"@type\":\"WebSite\",\"@id\":\"https:\/\/www.visit-ulcinj.com\/blog\/#website\",\"url\":\"https:\/\/www.visit-ulcinj.com\/blog\/\",\"name\":\"Lajme nga Ulqini\",\"description\":\"Lajme,Vijesti,Ulqini,Ulqin,Crna Gora,Mali i Zi\",\"potentialAction\":[{\"@type\":\"SearchAction\",\"target\":{\"@type\":\"EntryPoint\",\"urlTemplate\":\"https:\/\/www.visit-ulcinj.com\/blog\/?s={search_term_string}\"},\"query-input\":\"required name=search_term_string\"}],\"inLanguage\":\"en-US\"},{\"@type\":\"WebPage\",\"@id\":\"https:\/\/www.visit-ulcinj.com\/blog\/2017\/06\/06\/bereqeti-shperndau-ndihma-per-qytetaret-te-ulqinit\/#webpage\",\"url\":\"https:\/\/www.visit-ulcinj.com\/blog\/2017\/06\/06\/bereqeti-shperndau-ndihma-per-qytetaret-te-ulqinit\/\",\"name\":\"Bereqeti shp\u00ebrndau ndihma p\u00ebr qytetar\u00ebt t\u00eb Ulqinit - Lajme nga Ulqini\",\"isPartOf\":{\"@id\":\"https:\/\/www.visit-ulcinj.com\/blog\/#website\"},\"datePublished\":\"2017-06-06T13:29:48+00:00\",\"dateModified\":\"2017-06-06T13:29:48+00:00\",\"author\":{\"@id\":\"https:\/\/www.visit-ulcinj.com\/blog\/#\/schema\/person\/dcab619c614d3038751c63bc2aadc06d\"},\"description\":\"N\u00eb m\u00ebnyr\u00eb aktive sot me 06.06.2017 Bereqeti i Mexhlisit t\u00eb Bashk\u00ebsis\u00eb islame n\u00eb Ulqin shperndau 100 pako ushqimore n\u00eb vler\u00eb prej 20 eur p\u00ebr familjet n\u00eb\",\"breadcrumb\":{\"@id\":\"https:\/\/www.visit-ulcinj.com\/blog\/2017\/06\/06\/bereqeti-shperndau-ndihma-per-qytetaret-te-ulqinit\/#breadcrumb\"},\"inLanguage\":\"en-US\",\"potentialAction\":[{\"@type\":\"ReadAction\",\"target\":[\"https:\/\/www.visit-ulcinj.com\/blog\/2017\/06\/06\/bereqeti-shperndau-ndihma-per-qytetaret-te-ulqinit\/\"]}]},{\"@type\":\"BreadcrumbList\",\"@id\":\"https:\/\/www.visit-ulcinj.com\/blog\/2017\/06\/06\/bereqeti-shperndau-ndihma-per-qytetaret-te-ulqinit\/#breadcrumb\",\"itemListElement\":[{\"@type\":\"ListItem\",\"position\":1,\"name\":\"Bereqeti shp\u00ebrndau ndihma p\u00ebr qytetar\u00ebt t\u00eb Ulqinit\"}]},{\"@type\":\"Person\",\"@id\":\"https:\/\/www.visit-ulcinj.com\/blog\/#\/schema\/person\/dcab619c614d3038751c63bc2aadc06d\",\"name\":\"ulqini\",\"sameAs\":[\"http:\/\/www.visit-ulcinj.com\"],\"url\":\"https:\/\/www.visit-ulcinj.com\/blog\/author\/admin\/\"}]}<\/script>\n<!-- \/ Yoast SEO plugin. -->","yoast_head_json":{"title":"Bereqeti shp\u00ebrndau ndihma p\u00ebr qytetar\u00ebt t\u00eb Ulqinit - Lajme nga Ulqini","description":"N\u00eb m\u00ebnyr\u00eb aktive sot me 06.06.2017 Bereqeti i Mexhlisit t\u00eb Bashk\u00ebsis\u00eb islame n\u00eb Ulqin shperndau 100 pako ushqimore n\u00eb vler\u00eb prej 20 eur p\u00ebr familjet n\u00eb","robots":{"index":"index","follow":"follow","max-snippet":"max-snippet:-1","max-image-preview":"max-image-preview:large","max-video-preview":"max-video-preview:-1"},"canonical":"https:\/\/www.visit-ulcinj.com\/blog\/2017\/06\/06\/bereqeti-shperndau-ndihma-per-qytetaret-te-ulqinit\/","og_locale":"en_US","og_type":"article","og_title":"Bereqeti shp\u00ebrndau ndihma p\u00ebr qytetar\u00ebt t\u00eb Ulqinit - Lajme nga Ulqini","og_description":"N\u00eb m\u00ebnyr\u00eb aktive sot me 06.06.2017 Bereqeti i Mexhlisit t\u00eb Bashk\u00ebsis\u00eb islame n\u00eb Ulqin shperndau 100 pako ushqimore n\u00eb vler\u00eb prej 20 eur p\u00ebr familjet n\u00eb","og_url":"https:\/\/www.visit-ulcinj.com\/blog\/2017\/06\/06\/bereqeti-shperndau-ndihma-per-qytetaret-te-ulqinit\/","og_site_name":"Lajme nga Ulqini","article_published_time":"2017-06-06T13:29:48+00:00","twitter_misc":{"Written by":"ulqini","Est. reading time":"1 minute"},"schema":{"@context":"https:\/\/schema.org","@graph":[{"@type":"WebSite","@id":"https:\/\/www.visit-ulcinj.com\/blog\/#website","url":"https:\/\/www.visit-ulcinj.com\/blog\/","name":"Lajme nga Ulqini","description":"Lajme,Vijesti,Ulqini,Ulqin,Crna Gora,Mali i Zi","potentialAction":[{"@type":"SearchAction","target":{"@type":"EntryPoint","urlTemplate":"https:\/\/www.visit-ulcinj.com\/blog\/?s={search_term_string}"},"query-input":"required name=search_term_string"}],"inLanguage":"en-US"},{"@type":"WebPage","@id":"https:\/\/www.visit-ulcinj.com\/blog\/2017\/06\/06\/bereqeti-shperndau-ndihma-per-qytetaret-te-ulqinit\/#webpage","url":"https:\/\/www.visit-ulcinj.com\/blog\/2017\/06\/06\/bereqeti-shperndau-ndihma-per-qytetaret-te-ulqinit\/","name":"Bereqeti shp\u00ebrndau ndihma p\u00ebr qytetar\u00ebt t\u00eb Ulqinit - Lajme nga Ulqini","isPartOf":{"@id":"https:\/\/www.visit-ulcinj.com\/blog\/#website"},"datePublished":"2017-06-06T13:29:48+00:00","dateModified":"2017-06-06T13:29:48+00:00","author":{"@id":"https:\/\/www.visit-ulcinj.com\/blog\/#\/schema\/person\/dcab619c614d3038751c63bc2aadc06d"},"description":"N\u00eb m\u00ebnyr\u00eb aktive sot me 06.06.2017 Bereqeti i Mexhlisit t\u00eb Bashk\u00ebsis\u00eb islame n\u00eb Ulqin shperndau 100 pako ushqimore n\u00eb vler\u00eb prej 20 eur p\u00ebr familjet n\u00eb","breadcrumb":{"@id":"https:\/\/www.visit-ulcinj.com\/blog\/2017\/06\/06\/bereqeti-shperndau-ndihma-per-qytetaret-te-ulqinit\/#breadcrumb"},"inLanguage":"en-US","potentialAction":[{"@type":"ReadAction","target":["https:\/\/www.visit-ulcinj.com\/blog\/2017\/06\/06\/bereqeti-shperndau-ndihma-per-qytetaret-te-ulqinit\/"]}]},{"@type":"BreadcrumbList","@id":"https:\/\/www.visit-ulcinj.com\/blog\/2017\/06\/06\/bereqeti-shperndau-ndihma-per-qytetaret-te-ulqinit\/#breadcrumb","itemListElement":[{"@type":"ListItem","position":1,"name":"Bereqeti shp\u00ebrndau ndihma p\u00ebr qytetar\u00ebt t\u00eb Ulqinit"}]},{"@type":"Person","@id":"https:\/\/www.visit-ulcinj.com\/blog\/#\/schema\/person\/dcab619c614d3038751c63bc2aadc06d","name":"ulqini","sameAs":["http:\/\/www.visit-ulcinj.com"],"url":"https:\/\/www.visit-ulcinj.com\/blog\/author\/admin\/"}]}},"jetpack_featured_media_url":"","jetpack_sharing_enabled":true,"jetpack_shortlink":"https:\/\/wp.me\/pe6lTn-rqP","_links":{"self":[{"href":"https:\/\/www.visit-ulcinj.com\/blog\/wp-json\/wp\/v2\/posts\/105451"}],"collection":[{"href":"https:\/\/www.visit-ulcinj.com\/blog\/wp-json\/wp\/v2\/posts"}],"about":[{"href":"https:\/\/www.visit-ulcinj.com\/blog\/wp-json\/wp\/v2\/types\/post"}],"author":[{"embeddable":true,"href":"https:\/\/www.visit-ulcinj.com\/blog\/wp-json\/wp\/v2\/users\/1"}],"replies":[{"embeddable":true,"href":"https:\/\/www.visit-ulcinj.com\/blog\/wp-json\/wp\/v2\/comments?post=105451"}],"version-history":[{"count":1,"href":"https:\/\/www.visit-ulcinj.com\/blog\/wp-json\/wp\/v2\/posts\/105451\/revisions"}],"predecessor-version":[{"id":105454,"href":"https:\/\/www.visit-ulcinj.com\/blog\/wp-json\/wp\/v2\/posts\/105451\/revisions\/105454"}],"wp:attachment":[{"href":"https:\/\/www.visit-ulcinj.com\/blog\/wp-json\/wp\/v2\/media?parent=105451"}],"wp:term":[{"taxonomy":"category","embeddable":true,"href":"https:\/\/www.visit-ulcinj.com\/blog\/wp-json\/wp\/v2\/categories?post=105451"},{"taxonomy":"post_tag","embeddable":true,"href":"https:\/\/www.visit-ulcinj.com\/blog\/wp-json\/wp\/v2\/tags?post=105451"}],"curies":[{"name":"wp","href":"https:\/\/api.w.org\/{rel}","templated":true}]}}