{"id":105459,"date":"2017-06-06T15:09:09","date_gmt":"2017-06-06T14:09:09","guid":{"rendered":"http:\/\/www.visit-ulcinj.com\/blog\/?p=105459"},"modified":"2017-06-06T15:09:09","modified_gmt":"2017-06-06T14:09:09","slug":"kksh-programet-mesimore-propozimet-sugjerimet-ne-kuader-te-reformave-per-arsimin-fillor","status":"publish","type":"post","link":"https:\/\/www.visit-ulcinj.com\/blog\/2017\/06\/06\/kksh-programet-mesimore-propozimet-sugjerimet-ne-kuader-te-reformave-per-arsimin-fillor\/","title":{"rendered":"KKSH: Programet M\u00ebsimore, propozimet, sugjerimet, n\u00eb kuad\u00ebr t\u00eb reformave p\u00ebr arsimin fillor"},"content":{"rendered":"<h2 style=\"text-align: center;\"><a href=\"http:\/\/www.visit-ulcinj.com\/blog\/wp-content\/uploads\/2017\/06\/KKSH-Programet-M\u00ebsimore-propozimet-sugjerimet.jpg\"><img loading=\"lazy\" class=\"alignleft wp-image-105460\" src=\"http:\/\/www.visit-ulcinj.com\/blog\/wp-content\/uploads\/2017\/06\/KKSH-Programet-M\u00ebsimore-propozimet-sugjerimet.jpg\" alt=\"\" width=\"508\" height=\"278\" srcset=\"https:\/\/www.visit-ulcinj.com\/blog\/wp-content\/uploads\/2017\/06\/KKSH-Programet-M\u00ebsimore-propozimet-sugjerimet.jpg 633w, https:\/\/www.visit-ulcinj.com\/blog\/wp-content\/uploads\/2017\/06\/KKSH-Programet-M\u00ebsimore-propozimet-sugjerimet-300x164.jpg 300w\" sizes=\"(max-width: 508px) 100vw, 508px\" \/><\/a>NJOFTIM<\/h2>\n<p><strong>DRAFTET E PROGRAMEVE M\u00cbSIMORE P\u00cbR ARSIMIN FILLOR<\/strong><\/p>\n<p>T\u00eb nderuar,<\/p>\n<p>K\u00ebshilli Komb\u00ebtar i Shqiptar\u00ebve n\u00eb Malin e Zi \u00a0njofton opinionin se Enti p\u00ebr Shkolla n\u00eb kuad\u00ebr t\u00eb reformave p\u00ebr arsimin fillor, ka nxjerr\u00eb n\u00eb shqyrtim draftet e programeve m\u00ebsimore p\u00ebr l\u00ebndet:<\/p>\n<p>Gjuh\u00eb shqipe e let\u00ebrsi, Gjeografi, Histori, Kultur\u00eb figurative, Kultur\u00eb muzikore.<\/p>\n<p>Ftojm\u00eb t\u00eb gjith\u00eb aktor\u00ebt e interesuar, \u00a0q\u00eb t\u00eb japin propozimet, sugjerimet \u00a0e tyre lidhur me programet m\u00ebsimore.<\/p>\n<p>Propozimet, sugjerimet Tuaja mund t\u2019i d\u00ebrgoni n\u00eb adres\u00ebn e K\u00ebshillit\u00a0e-mail: <a href=\"mailto:knsh@t-com.me\">knsh@t-com.me<\/a> \u00a0deri m\u00eb 8 qershor 2017,<\/p>\n<p>Propozimet e programeve m\u00ebsimore mund t\u2019i gjeni m\u00eb posht\u00eb.<\/p>\n<p><strong><a href=\"http:\/\/knsh.me\/wp-content\/uploads\/2017\/06\/Albanski-jezik-i-knji%C5%BEevnost.doc\">Albanski jezik i knji\u017eevnost<\/a><\/strong><\/p>\n<p><strong><a href=\"http:\/\/knsh.me\/wp-content\/uploads\/2017\/06\/Crnogorski-srpski-bosanski-hrvatski-23.-maj-2017.doc\">Crnogorski-srpski, bosanski, hrvatski, 23. maj 2017<\/a><\/strong><\/p>\n<p><strong><a href=\"http:\/\/knsh.me\/wp-content\/uploads\/2017\/06\/Muzi%C4%8Dka-kultura.doc\">Muzi\u010dka kultura<\/a><a href=\"http:\/\/knsh.me\/wp-content\/uploads\/2017\/06\/Geografija.doc\">Geografija<\/a> <a href=\"http:\/\/knsh.me\/wp-content\/uploads\/2017\/06\/Istorija.doc\">Istorija<\/a><\/strong><\/p>\n<p><strong><a href=\"http:\/\/knsh.me\/wp-content\/uploads\/2017\/06\/Istorija.doc\">Istorija<\/a><\/strong><\/p>\n<p><strong><a href=\"http:\/\/knsh.me\/wp-content\/uploads\/2017\/06\/Geografija.doc\">Geografija<\/a><\/strong><\/p>\n<p><strong><a href=\"http:\/\/knsh.me\/wp-content\/uploads\/2017\/06\/Geografija.doc\">Geografija<\/a><a href=\"http:\/\/knsh.me\/wp-content\/uploads\/2017\/06\/Likovna-Kultura.doc\">Likovna Kultura<\/a><\/strong><\/p>\n<p>&nbsp;<\/p>\n<p>P\u00ebr \u00e7do informacion shtes\u00eb, \u00a0mund t\u00eb na kontaktoni n\u00eb numrin e tel. 030\/411 302 ose n\u00eb adres\u00ebn e e-mailit: <strong>\u00a0<a href=\"mailto:knsh@t-com.me\">knsh@t-com.me<\/a><\/strong><\/p>\n<p>Sh\u00ebrbimi p\u00ebr informim i Keshillit<\/p>\n","protected":false},"excerpt":{"rendered":"<p>NJOFTIM DRAFTET E PROGRAMEVE M\u00cbSIMORE P\u00cbR ARSIMIN FILLOR T\u00eb nderuar, K\u00ebshilli Komb\u00ebtar i Shqiptar\u00ebve n\u00eb Malin e Zi \u00a0njofton opinionin se Enti p\u00ebr Shkolla n\u00eb kuad\u00ebr t\u00eb reformave p\u00ebr arsimin fillor, ka nxjerr\u00eb n\u00eb shqyrtim draftet e programeve m\u00ebsimore p\u00ebr l\u00ebndet: Gjuh\u00eb shqipe e let\u00ebrsi, Gjeografi, Histori, Kultur\u00eb figurative, Kultur\u00eb muzikore. Ftojm\u00eb t\u00eb gjith\u00eb aktor\u00ebt [&hellip;]<\/p>\n","protected":false},"author":1,"featured_media":0,"comment_status":"closed","ping_status":"closed","sticky":false,"template":"","format":"standard","meta":{"spay_email":"","jetpack_publicize_message":"","jetpack_is_tweetstorm":false,"jetpack_publicize_feature_enabled":true},"categories":[4],"tags":[],"jetpack_publicize_connections":[],"yoast_head":"<!-- This site is optimized with the Yoast SEO plugin v19.1 - https:\/\/yoast.com\/wordpress\/plugins\/seo\/ -->\n<title>KKSH: Programet M\u00ebsimore, propozimet, sugjerimet, n\u00eb kuad\u00ebr t\u00eb reformave p\u00ebr arsimin fillor - Lajme nga Ulqini<\/title>\n<meta name=\"description\" content=\"NJOFTIM DRAFTET E PROGRAMEVE M\u00cbSIMORE P\u00cbR ARSIMIN FILLOR T\u00eb nderuar, K\u00ebshilli Komb\u00ebtar i Shqiptar\u00ebve n\u00eb Malin e Zi \u00a0njofton opinionin se Enti p\u00ebr Shkolla\" \/>\n<meta name=\"robots\" content=\"index, follow, max-snippet:-1, max-image-preview:large, max-video-preview:-1\" \/>\n<link rel=\"canonical\" href=\"https:\/\/www.visit-ulcinj.com\/blog\/2017\/06\/06\/kksh-programet-mesimore-propozimet-sugjerimet-ne-kuader-te-reformave-per-arsimin-fillor\/\" \/>\n<meta property=\"og:locale\" content=\"en_US\" \/>\n<meta property=\"og:type\" content=\"article\" \/>\n<meta property=\"og:title\" content=\"KKSH: Programet M\u00ebsimore, propozimet, sugjerimet, n\u00eb kuad\u00ebr t\u00eb reformave p\u00ebr arsimin fillor - Lajme nga Ulqini\" \/>\n<meta property=\"og:description\" content=\"NJOFTIM DRAFTET E PROGRAMEVE M\u00cbSIMORE P\u00cbR ARSIMIN FILLOR T\u00eb nderuar, K\u00ebshilli Komb\u00ebtar i Shqiptar\u00ebve n\u00eb Malin e Zi \u00a0njofton opinionin se Enti p\u00ebr Shkolla\" \/>\n<meta property=\"og:url\" content=\"https:\/\/www.visit-ulcinj.com\/blog\/2017\/06\/06\/kksh-programet-mesimore-propozimet-sugjerimet-ne-kuader-te-reformave-per-arsimin-fillor\/\" \/>\n<meta property=\"og:site_name\" content=\"Lajme nga Ulqini\" \/>\n<meta property=\"article:published_time\" content=\"2017-06-06T14:09:09+00:00\" \/>\n<meta name=\"twitter:label1\" content=\"Written by\" \/>\n\t<meta name=\"twitter:data1\" content=\"ulqini\" \/>\n\t<meta name=\"twitter:label2\" content=\"Est. reading time\" \/>\n\t<meta name=\"twitter:data2\" content=\"1 minute\" \/>\n<script type=\"application\/ld+json\" class=\"yoast-schema-graph\">{\"@context\":\"https:\/\/schema.org\",\"@graph\":[{\"@type\":\"WebSite\",\"@id\":\"https:\/\/www.visit-ulcinj.com\/blog\/#website\",\"url\":\"https:\/\/www.visit-ulcinj.com\/blog\/\",\"name\":\"Lajme nga Ulqini\",\"description\":\"Lajme,Vijesti,Ulqini,Ulqin,Crna Gora,Mali i Zi\",\"potentialAction\":[{\"@type\":\"SearchAction\",\"target\":{\"@type\":\"EntryPoint\",\"urlTemplate\":\"https:\/\/www.visit-ulcinj.com\/blog\/?s={search_term_string}\"},\"query-input\":\"required name=search_term_string\"}],\"inLanguage\":\"en-US\"},{\"@type\":\"WebPage\",\"@id\":\"https:\/\/www.visit-ulcinj.com\/blog\/2017\/06\/06\/kksh-programet-mesimore-propozimet-sugjerimet-ne-kuader-te-reformave-per-arsimin-fillor\/#webpage\",\"url\":\"https:\/\/www.visit-ulcinj.com\/blog\/2017\/06\/06\/kksh-programet-mesimore-propozimet-sugjerimet-ne-kuader-te-reformave-per-arsimin-fillor\/\",\"name\":\"KKSH: Programet M\u00ebsimore, propozimet, sugjerimet, n\u00eb kuad\u00ebr t\u00eb reformave p\u00ebr arsimin fillor - Lajme nga Ulqini\",\"isPartOf\":{\"@id\":\"https:\/\/www.visit-ulcinj.com\/blog\/#website\"},\"datePublished\":\"2017-06-06T14:09:09+00:00\",\"dateModified\":\"2017-06-06T14:09:09+00:00\",\"author\":{\"@id\":\"https:\/\/www.visit-ulcinj.com\/blog\/#\/schema\/person\/dcab619c614d3038751c63bc2aadc06d\"},\"description\":\"NJOFTIM DRAFTET E PROGRAMEVE M\u00cbSIMORE P\u00cbR ARSIMIN FILLOR T\u00eb nderuar, K\u00ebshilli Komb\u00ebtar i Shqiptar\u00ebve n\u00eb Malin e Zi \u00a0njofton opinionin se Enti p\u00ebr Shkolla\",\"breadcrumb\":{\"@id\":\"https:\/\/www.visit-ulcinj.com\/blog\/2017\/06\/06\/kksh-programet-mesimore-propozimet-sugjerimet-ne-kuader-te-reformave-per-arsimin-fillor\/#breadcrumb\"},\"inLanguage\":\"en-US\",\"potentialAction\":[{\"@type\":\"ReadAction\",\"target\":[\"https:\/\/www.visit-ulcinj.com\/blog\/2017\/06\/06\/kksh-programet-mesimore-propozimet-sugjerimet-ne-kuader-te-reformave-per-arsimin-fillor\/\"]}]},{\"@type\":\"BreadcrumbList\",\"@id\":\"https:\/\/www.visit-ulcinj.com\/blog\/2017\/06\/06\/kksh-programet-mesimore-propozimet-sugjerimet-ne-kuader-te-reformave-per-arsimin-fillor\/#breadcrumb\",\"itemListElement\":[{\"@type\":\"ListItem\",\"position\":1,\"name\":\"KKSH: Programet M\u00ebsimore, propozimet, sugjerimet, n\u00eb kuad\u00ebr t\u00eb reformave p\u00ebr arsimin fillor\"}]},{\"@type\":\"Person\",\"@id\":\"https:\/\/www.visit-ulcinj.com\/blog\/#\/schema\/person\/dcab619c614d3038751c63bc2aadc06d\",\"name\":\"ulqini\",\"sameAs\":[\"http:\/\/www.visit-ulcinj.com\"],\"url\":\"https:\/\/www.visit-ulcinj.com\/blog\/author\/admin\/\"}]}<\/script>\n<!-- \/ Yoast SEO plugin. -->","yoast_head_json":{"title":"KKSH: Programet M\u00ebsimore, propozimet, sugjerimet, n\u00eb kuad\u00ebr t\u00eb reformave p\u00ebr arsimin fillor - Lajme nga Ulqini","description":"NJOFTIM DRAFTET E PROGRAMEVE M\u00cbSIMORE P\u00cbR ARSIMIN FILLOR T\u00eb nderuar, K\u00ebshilli Komb\u00ebtar i Shqiptar\u00ebve n\u00eb Malin e Zi \u00a0njofton opinionin se Enti p\u00ebr Shkolla","robots":{"index":"index","follow":"follow","max-snippet":"max-snippet:-1","max-image-preview":"max-image-preview:large","max-video-preview":"max-video-preview:-1"},"canonical":"https:\/\/www.visit-ulcinj.com\/blog\/2017\/06\/06\/kksh-programet-mesimore-propozimet-sugjerimet-ne-kuader-te-reformave-per-arsimin-fillor\/","og_locale":"en_US","og_type":"article","og_title":"KKSH: Programet M\u00ebsimore, propozimet, sugjerimet, n\u00eb kuad\u00ebr t\u00eb reformave p\u00ebr arsimin fillor - Lajme nga Ulqini","og_description":"NJOFTIM DRAFTET E PROGRAMEVE M\u00cbSIMORE P\u00cbR ARSIMIN FILLOR T\u00eb nderuar, K\u00ebshilli Komb\u00ebtar i Shqiptar\u00ebve n\u00eb Malin e Zi \u00a0njofton opinionin se Enti p\u00ebr Shkolla","og_url":"https:\/\/www.visit-ulcinj.com\/blog\/2017\/06\/06\/kksh-programet-mesimore-propozimet-sugjerimet-ne-kuader-te-reformave-per-arsimin-fillor\/","og_site_name":"Lajme nga Ulqini","article_published_time":"2017-06-06T14:09:09+00:00","twitter_misc":{"Written by":"ulqini","Est. reading time":"1 minute"},"schema":{"@context":"https:\/\/schema.org","@graph":[{"@type":"WebSite","@id":"https:\/\/www.visit-ulcinj.com\/blog\/#website","url":"https:\/\/www.visit-ulcinj.com\/blog\/","name":"Lajme nga Ulqini","description":"Lajme,Vijesti,Ulqini,Ulqin,Crna Gora,Mali i Zi","potentialAction":[{"@type":"SearchAction","target":{"@type":"EntryPoint","urlTemplate":"https:\/\/www.visit-ulcinj.com\/blog\/?s={search_term_string}"},"query-input":"required name=search_term_string"}],"inLanguage":"en-US"},{"@type":"WebPage","@id":"https:\/\/www.visit-ulcinj.com\/blog\/2017\/06\/06\/kksh-programet-mesimore-propozimet-sugjerimet-ne-kuader-te-reformave-per-arsimin-fillor\/#webpage","url":"https:\/\/www.visit-ulcinj.com\/blog\/2017\/06\/06\/kksh-programet-mesimore-propozimet-sugjerimet-ne-kuader-te-reformave-per-arsimin-fillor\/","name":"KKSH: Programet M\u00ebsimore, propozimet, sugjerimet, n\u00eb kuad\u00ebr t\u00eb reformave p\u00ebr arsimin fillor - Lajme nga Ulqini","isPartOf":{"@id":"https:\/\/www.visit-ulcinj.com\/blog\/#website"},"datePublished":"2017-06-06T14:09:09+00:00","dateModified":"2017-06-06T14:09:09+00:00","author":{"@id":"https:\/\/www.visit-ulcinj.com\/blog\/#\/schema\/person\/dcab619c614d3038751c63bc2aadc06d"},"description":"NJOFTIM DRAFTET E PROGRAMEVE M\u00cbSIMORE P\u00cbR ARSIMIN FILLOR T\u00eb nderuar, K\u00ebshilli Komb\u00ebtar i Shqiptar\u00ebve n\u00eb Malin e Zi \u00a0njofton opinionin se Enti p\u00ebr Shkolla","breadcrumb":{"@id":"https:\/\/www.visit-ulcinj.com\/blog\/2017\/06\/06\/kksh-programet-mesimore-propozimet-sugjerimet-ne-kuader-te-reformave-per-arsimin-fillor\/#breadcrumb"},"inLanguage":"en-US","potentialAction":[{"@type":"ReadAction","target":["https:\/\/www.visit-ulcinj.com\/blog\/2017\/06\/06\/kksh-programet-mesimore-propozimet-sugjerimet-ne-kuader-te-reformave-per-arsimin-fillor\/"]}]},{"@type":"BreadcrumbList","@id":"https:\/\/www.visit-ulcinj.com\/blog\/2017\/06\/06\/kksh-programet-mesimore-propozimet-sugjerimet-ne-kuader-te-reformave-per-arsimin-fillor\/#breadcrumb","itemListElement":[{"@type":"ListItem","position":1,"name":"KKSH: Programet M\u00ebsimore, propozimet, sugjerimet, n\u00eb kuad\u00ebr t\u00eb reformave p\u00ebr arsimin fillor"}]},{"@type":"Person","@id":"https:\/\/www.visit-ulcinj.com\/blog\/#\/schema\/person\/dcab619c614d3038751c63bc2aadc06d","name":"ulqini","sameAs":["http:\/\/www.visit-ulcinj.com"],"url":"https:\/\/www.visit-ulcinj.com\/blog\/author\/admin\/"}]}},"jetpack_featured_media_url":"","jetpack_sharing_enabled":true,"jetpack_shortlink":"https:\/\/wp.me\/pe6lTn-rqX","_links":{"self":[{"href":"https:\/\/www.visit-ulcinj.com\/blog\/wp-json\/wp\/v2\/posts\/105459"}],"collection":[{"href":"https:\/\/www.visit-ulcinj.com\/blog\/wp-json\/wp\/v2\/posts"}],"about":[{"href":"https:\/\/www.visit-ulcinj.com\/blog\/wp-json\/wp\/v2\/types\/post"}],"author":[{"embeddable":true,"href":"https:\/\/www.visit-ulcinj.com\/blog\/wp-json\/wp\/v2\/users\/1"}],"replies":[{"embeddable":true,"href":"https:\/\/www.visit-ulcinj.com\/blog\/wp-json\/wp\/v2\/comments?post=105459"}],"version-history":[{"count":1,"href":"https:\/\/www.visit-ulcinj.com\/blog\/wp-json\/wp\/v2\/posts\/105459\/revisions"}],"predecessor-version":[{"id":105461,"href":"https:\/\/www.visit-ulcinj.com\/blog\/wp-json\/wp\/v2\/posts\/105459\/revisions\/105461"}],"wp:attachment":[{"href":"https:\/\/www.visit-ulcinj.com\/blog\/wp-json\/wp\/v2\/media?parent=105459"}],"wp:term":[{"taxonomy":"category","embeddable":true,"href":"https:\/\/www.visit-ulcinj.com\/blog\/wp-json\/wp\/v2\/categories?post=105459"},{"taxonomy":"post_tag","embeddable":true,"href":"https:\/\/www.visit-ulcinj.com\/blog\/wp-json\/wp\/v2\/tags?post=105459"}],"curies":[{"name":"wp","href":"https:\/\/api.w.org\/{rel}","templated":true}]}}