{"id":105463,"date":"2017-06-06T15:32:35","date_gmt":"2017-06-06T14:32:35","guid":{"rendered":"http:\/\/www.visit-ulcinj.com\/blog\/?p=105463"},"modified":"2017-06-06T15:32:35","modified_gmt":"2017-06-06T14:32:35","slug":"kisha-ortodokse-serbe-provokon-shqiptaret-e-malit-te-zi","status":"publish","type":"post","link":"https:\/\/www.visit-ulcinj.com\/blog\/2017\/06\/06\/kisha-ortodokse-serbe-provokon-shqiptaret-e-malit-te-zi\/","title":{"rendered":"Kisha ortodokse serbe provokon shqiptar\u00ebt e Malit t\u00eb Zi"},"content":{"rendered":"<p class=\"entry-title\"><strong>Kisha serbe provokon shqiptar\u00ebt: em\u00ebron prift n\u00eb Ulqin klerikun q\u00eb u kap me rus\u00ebt n\u00eb Sh\u00ebn Stefan<\/strong><\/p>\n<p>Patriarku i Kish\u00ebs Ortodokse Serbe, Amfilohije Radovi\u00e7 ka em\u00ebruar si drejtues t\u00eb manastirit ortodoks n\u00eb kryeqendr\u00ebn shqiptare-Ulqin, nj\u00eb serb nga Bosnja q\u00eb \u00ebsht\u00eb adhurues i hapur i \u00e7etnik\u00ebve dhe ekstremist\u00ebve shovinist\u00eb.<\/p>\n<p>Sinisa Smilji\u00e7, njihet n\u00eb incidentin ku bashkw me nj\u00eb grup q\u00eb paraqiteshin si gazetar\u00eb nga Rusia, ka tentuar q\u00eb t\u00eb hyjn\u00eb me dhun\u00eb n\u00eb Sh\u00ebn Stefan p\u00ebr t\u2019u treguar atyre rr\u00ebnojat e kish\u00ebs.<\/p>\n<p>Ai u arrestua bashk\u00eb me nj\u00eb grup personash q\u00eb i ndihmuan n\u00eb k\u00ebt\u00eb akt.<\/p>\n<p>Po ashtu, Sinisa Smilji\u00e7 \u00ebsht\u00eb deportuar nga Mali i Zi sepse nuk kishte leje q\u00ebndrimi, por ishte i regjistruar vet\u00ebm si turist dhe rregullisht punonte pa leje q\u00ebndrimi.<\/p>\n<p><img loading=\"lazy\" class=\"alignright size-medium wp-image-136797 disappear mom_appear\" src=\"https:\/\/i2.wp.com\/tesheshi.com\/wp-content\/uploads\/2017\/06\/4-2-2.jpg?resize=300%2C271\" sizes=\"(max-width: 300px) 100vw, 300px\" srcset=\"https:\/\/i2.wp.com\/tesheshi.com\/wp-content\/uploads\/2017\/06\/4-2-2.jpg?resize=300%2C271 300w, https:\/\/i2.wp.com\/tesheshi.com\/wp-content\/uploads\/2017\/06\/4-2-2.jpg?resize=150%2C135 150w, https:\/\/i2.wp.com\/tesheshi.com\/wp-content\/uploads\/2017\/06\/4-2-2.jpg?w=519 519w\" alt=\"\" width=\"300\" height=\"271\" data-attachment-id=\"136797\" data-permalink=\"http:\/\/tesheshi.com\/kisha-serbe-provokon-shqiptaret-emeron-prift-ne-ulqin-klerikun-qe-u-kap-ruset-ne-shen-stefan\/4-2-2-2\/\" data-orig-file=\"https:\/\/i2.wp.com\/tesheshi.com\/wp-content\/uploads\/2017\/06\/4-2-2.jpg?fit=519%2C468\" data-orig-size=\"519,468\" data-comments-opened=\"0\" data-image-meta=\"{&quot;aperture&quot;:&quot;0&quot;,&quot;credit&quot;:&quot;&quot;,&quot;camera&quot;:&quot;&quot;,&quot;caption&quot;:&quot;&quot;,&quot;created_timestamp&quot;:&quot;0&quot;,&quot;copyright&quot;:&quot;&quot;,&quot;focal_length&quot;:&quot;0&quot;,&quot;iso&quot;:&quot;0&quot;,&quot;shutter_speed&quot;:&quot;0&quot;,&quot;title&quot;:&quot;&quot;,&quot;orientation&quot;:&quot;0&quot;}\" data-image-title=\"4-2 (2)\" data-image-description=\"\" data-medium-file=\"https:\/\/i2.wp.com\/tesheshi.com\/wp-content\/uploads\/2017\/06\/4-2-2.jpg?fit=300%2C271\" data-large-file=\"https:\/\/i2.wp.com\/tesheshi.com\/wp-content\/uploads\/2017\/06\/4-2-2.jpg?fit=519%2C468\" \/><\/p>\n<p>N\u00eb faqen e tij n\u00eb rrjetet sociale, prifti i ri Slilji\u00e7 vendos figurat e njohura t\u00eb shovinizmit serb.<\/p>\n<p>B\u00ebhet fjal\u00eb p\u00ebr personazhe fam\u00ebkeqe si\u00e7 \u00ebsht\u00eb ai i Drazha Mihajlovi\u00e7, nj\u00eb vras\u00ebs i shqiptar\u00ebve.<\/p>\n<p>Prifti i Ulqinit shp\u00ebrndan shkrime q\u00eb flasin p\u00ebr \u00a0p\u00ebr rehabilitimin e \u00e7etnikut Nikolla Kallabi\u00e7 dhe artikullin ku p\u00ebrkujtohet \u201cvrasja\u201d e Slobodan Miloshevi\u00e7it.<\/p>\n<p><img loading=\"lazy\" class=\"alignleft size-medium wp-image-136798 disappear mom_appear\" src=\"https:\/\/i0.wp.com\/tesheshi.com\/wp-content\/uploads\/2017\/06\/1-1-1.jpg?resize=300%2C239\" sizes=\"(max-width: 300px) 100vw, 300px\" srcset=\"https:\/\/i0.wp.com\/tesheshi.com\/wp-content\/uploads\/2017\/06\/1-1-1.jpg?resize=300%2C239 300w, https:\/\/i0.wp.com\/tesheshi.com\/wp-content\/uploads\/2017\/06\/1-1-1.jpg?resize=150%2C120 150w, https:\/\/i0.wp.com\/tesheshi.com\/wp-content\/uploads\/2017\/06\/1-1-1.jpg?w=515 515w\" alt=\"\" width=\"300\" height=\"239\" data-attachment-id=\"136798\" data-permalink=\"http:\/\/tesheshi.com\/kisha-serbe-provokon-shqiptaret-emeron-prift-ne-ulqin-klerikun-qe-u-kap-ruset-ne-shen-stefan\/1-1-13\/\" data-orig-file=\"https:\/\/i0.wp.com\/tesheshi.com\/wp-content\/uploads\/2017\/06\/1-1-1.jpg?fit=515%2C411\" data-orig-size=\"515,411\" data-comments-opened=\"0\" data-image-meta=\"{&quot;aperture&quot;:&quot;0&quot;,&quot;credit&quot;:&quot;&quot;,&quot;camera&quot;:&quot;&quot;,&quot;caption&quot;:&quot;&quot;,&quot;created_timestamp&quot;:&quot;0&quot;,&quot;copyright&quot;:&quot;&quot;,&quot;focal_length&quot;:&quot;0&quot;,&quot;iso&quot;:&quot;0&quot;,&quot;shutter_speed&quot;:&quot;0&quot;,&quot;title&quot;:&quot;&quot;,&quot;orientation&quot;:&quot;0&quot;}\" data-image-title=\"1-1\" data-image-description=\"\" data-medium-file=\"https:\/\/i0.wp.com\/tesheshi.com\/wp-content\/uploads\/2017\/06\/1-1-1.jpg?fit=300%2C239\" data-large-file=\"https:\/\/i0.wp.com\/tesheshi.com\/wp-content\/uploads\/2017\/06\/1-1-1.jpg?fit=515%2C411\" \/><\/p>\n<p>Ai njihet dhe si provokator fetar, q\u00eb e krahason hart\u00ebn e Europ\u00ebs me nj\u00eb musliman duke u falur.\u00a0<strong>\/tesheshi.com\/<\/strong><\/p>\n","protected":false},"excerpt":{"rendered":"<p>Kisha serbe provokon shqiptar\u00ebt: em\u00ebron prift n\u00eb Ulqin klerikun q\u00eb u kap me rus\u00ebt n\u00eb Sh\u00ebn Stefan Patriarku i Kish\u00ebs Ortodokse Serbe, Amfilohije Radovi\u00e7 ka em\u00ebruar si drejtues t\u00eb manastirit ortodoks n\u00eb kryeqendr\u00ebn shqiptare-Ulqin, nj\u00eb serb nga Bosnja q\u00eb \u00ebsht\u00eb adhurues i hapur i \u00e7etnik\u00ebve dhe ekstremist\u00ebve shovinist\u00eb. Sinisa Smilji\u00e7, njihet n\u00eb incidentin ku bashkw [&hellip;]<\/p>\n","protected":false},"author":1,"featured_media":0,"comment_status":"closed","ping_status":"closed","sticky":false,"template":"","format":"standard","meta":{"spay_email":"","jetpack_publicize_message":"","jetpack_is_tweetstorm":false,"jetpack_publicize_feature_enabled":true},"categories":[8],"tags":[],"jetpack_publicize_connections":[],"yoast_head":"<!-- This site is optimized with the Yoast SEO plugin v19.1 - https:\/\/yoast.com\/wordpress\/plugins\/seo\/ -->\n<title>Kisha ortodokse serbe provokon shqiptar\u00ebt e Malit t\u00eb Zi - Lajme nga Ulqini<\/title>\n<meta name=\"description\" content=\"Kisha serbe provokon shqiptar\u00ebt: em\u00ebron prift n\u00eb Ulqin klerikun q\u00eb u kap me rus\u00ebt n\u00eb Sh\u00ebn Stefan Patriarku i Kish\u00ebs Ortodokse Serbe, Amfilohije Radovi\u00e7 ka\" \/>\n<meta name=\"robots\" content=\"index, follow, max-snippet:-1, max-image-preview:large, max-video-preview:-1\" \/>\n<link rel=\"canonical\" href=\"https:\/\/www.visit-ulcinj.com\/blog\/2017\/06\/06\/kisha-ortodokse-serbe-provokon-shqiptaret-e-malit-te-zi\/\" \/>\n<meta property=\"og:locale\" content=\"en_US\" \/>\n<meta property=\"og:type\" content=\"article\" \/>\n<meta property=\"og:title\" content=\"Kisha ortodokse serbe provokon shqiptar\u00ebt e Malit t\u00eb Zi - Lajme nga Ulqini\" \/>\n<meta property=\"og:description\" content=\"Kisha serbe provokon shqiptar\u00ebt: em\u00ebron prift n\u00eb Ulqin klerikun q\u00eb u kap me rus\u00ebt n\u00eb Sh\u00ebn Stefan Patriarku i Kish\u00ebs Ortodokse Serbe, Amfilohije Radovi\u00e7 ka\" \/>\n<meta property=\"og:url\" content=\"https:\/\/www.visit-ulcinj.com\/blog\/2017\/06\/06\/kisha-ortodokse-serbe-provokon-shqiptaret-e-malit-te-zi\/\" \/>\n<meta property=\"og:site_name\" content=\"Lajme nga Ulqini\" \/>\n<meta property=\"article:published_time\" content=\"2017-06-06T14:32:35+00:00\" \/>\n<meta property=\"og:image\" content=\"https:\/\/i2.wp.com\/tesheshi.com\/wp-content\/uploads\/2017\/06\/4-2-2.jpg?resize=300%2C271\" \/>\n<meta name=\"twitter:label1\" content=\"Written by\" \/>\n\t<meta name=\"twitter:data1\" content=\"ulqini\" \/>\n\t<meta name=\"twitter:label2\" content=\"Est. reading time\" \/>\n\t<meta name=\"twitter:data2\" content=\"1 minute\" \/>\n<script type=\"application\/ld+json\" class=\"yoast-schema-graph\">{\"@context\":\"https:\/\/schema.org\",\"@graph\":[{\"@type\":\"WebSite\",\"@id\":\"https:\/\/www.visit-ulcinj.com\/blog\/#website\",\"url\":\"https:\/\/www.visit-ulcinj.com\/blog\/\",\"name\":\"Lajme nga Ulqini\",\"description\":\"Lajme,Vijesti,Ulqini,Ulqin,Crna Gora,Mali i Zi\",\"potentialAction\":[{\"@type\":\"SearchAction\",\"target\":{\"@type\":\"EntryPoint\",\"urlTemplate\":\"https:\/\/www.visit-ulcinj.com\/blog\/?s={search_term_string}\"},\"query-input\":\"required name=search_term_string\"}],\"inLanguage\":\"en-US\"},{\"@type\":\"ImageObject\",\"inLanguage\":\"en-US\",\"@id\":\"https:\/\/www.visit-ulcinj.com\/blog\/2017\/06\/06\/kisha-ortodokse-serbe-provokon-shqiptaret-e-malit-te-zi\/#primaryimage\",\"url\":\"https:\/\/i2.wp.com\/tesheshi.com\/wp-content\/uploads\/2017\/06\/4-2-2.jpg?resize=300%2C271\",\"contentUrl\":\"https:\/\/i2.wp.com\/tesheshi.com\/wp-content\/uploads\/2017\/06\/4-2-2.jpg?resize=300%2C271\"},{\"@type\":\"WebPage\",\"@id\":\"https:\/\/www.visit-ulcinj.com\/blog\/2017\/06\/06\/kisha-ortodokse-serbe-provokon-shqiptaret-e-malit-te-zi\/#webpage\",\"url\":\"https:\/\/www.visit-ulcinj.com\/blog\/2017\/06\/06\/kisha-ortodokse-serbe-provokon-shqiptaret-e-malit-te-zi\/\",\"name\":\"Kisha ortodokse serbe provokon shqiptar\u00ebt e Malit t\u00eb Zi - Lajme nga Ulqini\",\"isPartOf\":{\"@id\":\"https:\/\/www.visit-ulcinj.com\/blog\/#website\"},\"primaryImageOfPage\":{\"@id\":\"https:\/\/www.visit-ulcinj.com\/blog\/2017\/06\/06\/kisha-ortodokse-serbe-provokon-shqiptaret-e-malit-te-zi\/#primaryimage\"},\"datePublished\":\"2017-06-06T14:32:35+00:00\",\"dateModified\":\"2017-06-06T14:32:35+00:00\",\"author\":{\"@id\":\"https:\/\/www.visit-ulcinj.com\/blog\/#\/schema\/person\/dcab619c614d3038751c63bc2aadc06d\"},\"description\":\"Kisha serbe provokon shqiptar\u00ebt: em\u00ebron prift n\u00eb Ulqin klerikun q\u00eb u kap me rus\u00ebt n\u00eb Sh\u00ebn Stefan Patriarku i Kish\u00ebs Ortodokse Serbe, Amfilohije Radovi\u00e7 ka\",\"breadcrumb\":{\"@id\":\"https:\/\/www.visit-ulcinj.com\/blog\/2017\/06\/06\/kisha-ortodokse-serbe-provokon-shqiptaret-e-malit-te-zi\/#breadcrumb\"},\"inLanguage\":\"en-US\",\"potentialAction\":[{\"@type\":\"ReadAction\",\"target\":[\"https:\/\/www.visit-ulcinj.com\/blog\/2017\/06\/06\/kisha-ortodokse-serbe-provokon-shqiptaret-e-malit-te-zi\/\"]}]},{\"@type\":\"BreadcrumbList\",\"@id\":\"https:\/\/www.visit-ulcinj.com\/blog\/2017\/06\/06\/kisha-ortodokse-serbe-provokon-shqiptaret-e-malit-te-zi\/#breadcrumb\",\"itemListElement\":[{\"@type\":\"ListItem\",\"position\":1,\"name\":\"Kisha ortodokse serbe provokon shqiptar\u00ebt e Malit t\u00eb Zi\"}]},{\"@type\":\"Person\",\"@id\":\"https:\/\/www.visit-ulcinj.com\/blog\/#\/schema\/person\/dcab619c614d3038751c63bc2aadc06d\",\"name\":\"ulqini\",\"sameAs\":[\"http:\/\/www.visit-ulcinj.com\"],\"url\":\"https:\/\/www.visit-ulcinj.com\/blog\/author\/admin\/\"}]}<\/script>\n<!-- \/ Yoast SEO plugin. -->","yoast_head_json":{"title":"Kisha ortodokse serbe provokon shqiptar\u00ebt e Malit t\u00eb Zi - Lajme nga Ulqini","description":"Kisha serbe provokon shqiptar\u00ebt: em\u00ebron prift n\u00eb Ulqin klerikun q\u00eb u kap me rus\u00ebt n\u00eb Sh\u00ebn Stefan Patriarku i Kish\u00ebs Ortodokse Serbe, Amfilohije Radovi\u00e7 ka","robots":{"index":"index","follow":"follow","max-snippet":"max-snippet:-1","max-image-preview":"max-image-preview:large","max-video-preview":"max-video-preview:-1"},"canonical":"https:\/\/www.visit-ulcinj.com\/blog\/2017\/06\/06\/kisha-ortodokse-serbe-provokon-shqiptaret-e-malit-te-zi\/","og_locale":"en_US","og_type":"article","og_title":"Kisha ortodokse serbe provokon shqiptar\u00ebt e Malit t\u00eb Zi - Lajme nga Ulqini","og_description":"Kisha serbe provokon shqiptar\u00ebt: em\u00ebron prift n\u00eb Ulqin klerikun q\u00eb u kap me rus\u00ebt n\u00eb Sh\u00ebn Stefan Patriarku i Kish\u00ebs Ortodokse Serbe, Amfilohije Radovi\u00e7 ka","og_url":"https:\/\/www.visit-ulcinj.com\/blog\/2017\/06\/06\/kisha-ortodokse-serbe-provokon-shqiptaret-e-malit-te-zi\/","og_site_name":"Lajme nga Ulqini","article_published_time":"2017-06-06T14:32:35+00:00","og_image":[{"url":"https:\/\/i2.wp.com\/tesheshi.com\/wp-content\/uploads\/2017\/06\/4-2-2.jpg?resize=300%2C271"}],"twitter_misc":{"Written by":"ulqini","Est. reading time":"1 minute"},"schema":{"@context":"https:\/\/schema.org","@graph":[{"@type":"WebSite","@id":"https:\/\/www.visit-ulcinj.com\/blog\/#website","url":"https:\/\/www.visit-ulcinj.com\/blog\/","name":"Lajme nga Ulqini","description":"Lajme,Vijesti,Ulqini,Ulqin,Crna Gora,Mali i Zi","potentialAction":[{"@type":"SearchAction","target":{"@type":"EntryPoint","urlTemplate":"https:\/\/www.visit-ulcinj.com\/blog\/?s={search_term_string}"},"query-input":"required name=search_term_string"}],"inLanguage":"en-US"},{"@type":"ImageObject","inLanguage":"en-US","@id":"https:\/\/www.visit-ulcinj.com\/blog\/2017\/06\/06\/kisha-ortodokse-serbe-provokon-shqiptaret-e-malit-te-zi\/#primaryimage","url":"https:\/\/i2.wp.com\/tesheshi.com\/wp-content\/uploads\/2017\/06\/4-2-2.jpg?resize=300%2C271","contentUrl":"https:\/\/i2.wp.com\/tesheshi.com\/wp-content\/uploads\/2017\/06\/4-2-2.jpg?resize=300%2C271"},{"@type":"WebPage","@id":"https:\/\/www.visit-ulcinj.com\/blog\/2017\/06\/06\/kisha-ortodokse-serbe-provokon-shqiptaret-e-malit-te-zi\/#webpage","url":"https:\/\/www.visit-ulcinj.com\/blog\/2017\/06\/06\/kisha-ortodokse-serbe-provokon-shqiptaret-e-malit-te-zi\/","name":"Kisha ortodokse serbe provokon shqiptar\u00ebt e Malit t\u00eb Zi - Lajme nga Ulqini","isPartOf":{"@id":"https:\/\/www.visit-ulcinj.com\/blog\/#website"},"primaryImageOfPage":{"@id":"https:\/\/www.visit-ulcinj.com\/blog\/2017\/06\/06\/kisha-ortodokse-serbe-provokon-shqiptaret-e-malit-te-zi\/#primaryimage"},"datePublished":"2017-06-06T14:32:35+00:00","dateModified":"2017-06-06T14:32:35+00:00","author":{"@id":"https:\/\/www.visit-ulcinj.com\/blog\/#\/schema\/person\/dcab619c614d3038751c63bc2aadc06d"},"description":"Kisha serbe provokon shqiptar\u00ebt: em\u00ebron prift n\u00eb Ulqin klerikun q\u00eb u kap me rus\u00ebt n\u00eb Sh\u00ebn Stefan Patriarku i Kish\u00ebs Ortodokse Serbe, Amfilohije Radovi\u00e7 ka","breadcrumb":{"@id":"https:\/\/www.visit-ulcinj.com\/blog\/2017\/06\/06\/kisha-ortodokse-serbe-provokon-shqiptaret-e-malit-te-zi\/#breadcrumb"},"inLanguage":"en-US","potentialAction":[{"@type":"ReadAction","target":["https:\/\/www.visit-ulcinj.com\/blog\/2017\/06\/06\/kisha-ortodokse-serbe-provokon-shqiptaret-e-malit-te-zi\/"]}]},{"@type":"BreadcrumbList","@id":"https:\/\/www.visit-ulcinj.com\/blog\/2017\/06\/06\/kisha-ortodokse-serbe-provokon-shqiptaret-e-malit-te-zi\/#breadcrumb","itemListElement":[{"@type":"ListItem","position":1,"name":"Kisha ortodokse serbe provokon shqiptar\u00ebt e Malit t\u00eb Zi"}]},{"@type":"Person","@id":"https:\/\/www.visit-ulcinj.com\/blog\/#\/schema\/person\/dcab619c614d3038751c63bc2aadc06d","name":"ulqini","sameAs":["http:\/\/www.visit-ulcinj.com"],"url":"https:\/\/www.visit-ulcinj.com\/blog\/author\/admin\/"}]}},"jetpack_featured_media_url":"","jetpack_sharing_enabled":true,"jetpack_shortlink":"https:\/\/wp.me\/pe6lTn-rr1","_links":{"self":[{"href":"https:\/\/www.visit-ulcinj.com\/blog\/wp-json\/wp\/v2\/posts\/105463"}],"collection":[{"href":"https:\/\/www.visit-ulcinj.com\/blog\/wp-json\/wp\/v2\/posts"}],"about":[{"href":"https:\/\/www.visit-ulcinj.com\/blog\/wp-json\/wp\/v2\/types\/post"}],"author":[{"embeddable":true,"href":"https:\/\/www.visit-ulcinj.com\/blog\/wp-json\/wp\/v2\/users\/1"}],"replies":[{"embeddable":true,"href":"https:\/\/www.visit-ulcinj.com\/blog\/wp-json\/wp\/v2\/comments?post=105463"}],"version-history":[{"count":2,"href":"https:\/\/www.visit-ulcinj.com\/blog\/wp-json\/wp\/v2\/posts\/105463\/revisions"}],"predecessor-version":[{"id":105465,"href":"https:\/\/www.visit-ulcinj.com\/blog\/wp-json\/wp\/v2\/posts\/105463\/revisions\/105465"}],"wp:attachment":[{"href":"https:\/\/www.visit-ulcinj.com\/blog\/wp-json\/wp\/v2\/media?parent=105463"}],"wp:term":[{"taxonomy":"category","embeddable":true,"href":"https:\/\/www.visit-ulcinj.com\/blog\/wp-json\/wp\/v2\/categories?post=105463"},{"taxonomy":"post_tag","embeddable":true,"href":"https:\/\/www.visit-ulcinj.com\/blog\/wp-json\/wp\/v2\/tags?post=105463"}],"curies":[{"name":"wp","href":"https:\/\/api.w.org\/{rel}","templated":true}]}}