{"id":105466,"date":"2017-06-06T15:43:06","date_gmt":"2017-06-06T14:43:06","guid":{"rendered":"http:\/\/www.visit-ulcinj.com\/blog\/?p=105466"},"modified":"2017-06-06T15:45:00","modified_gmt":"2017-06-06T14:45:00","slug":"mali-zi-ne-nato-rusia-hakmerremi-ndaj-podgorices-video","status":"publish","type":"post","link":"https:\/\/www.visit-ulcinj.com\/blog\/2017\/06\/06\/mali-zi-ne-nato-rusia-hakmerremi-ndaj-podgorices-video\/","title":{"rendered":"Mali i Zi n\u00eb NATO, Rusia: Do hakmerremi ndaj Podgoric\u00ebs &#8211; Video"},"content":{"rendered":"<p><span class=\"arial14 \"><strong><a href=\"http:\/\/www.visit-ulcinj.com\/blog\/wp-content\/uploads\/2017\/06\/Rusia-Do-hakmerremi-ndaj-Podgoric\u00ebs.jpg\"><img loading=\"lazy\" class=\"alignleft wp-image-105467\" src=\"http:\/\/www.visit-ulcinj.com\/blog\/wp-content\/uploads\/2017\/06\/Rusia-Do-hakmerremi-ndaj-Podgoric\u00ebs.jpg\" alt=\"\" width=\"508\" height=\"355\" \/><\/a>Rusia k\u00ebrc\u00ebnon se do t\u00eb hakmerret ndaj Malit t\u00eb Zi p\u00ebr an\u00ebtar\u00ebsimin e tij n\u00eb NATO.<\/strong><\/span><\/p>\n<p>Nj\u00eb dit\u00eb m\u00eb par\u00eb, vendi i vog\u00ebl buz\u00eb Adriatikut u kthye zyrtarisht n\u00eb an\u00ebtarin e 29-t\u00eb t\u00eb Aleanc\u00ebs Veri-Atlantike dhe mori l\u00ebvdatat e Shteteve t\u00eb Bashkuara p\u00ebr ndjekjen e k\u00ebsaj rruge, pavar\u00ebsisht presioneve ruse.<\/p>\n<p>Por nd\u00ebrsa kryeministri malazez Dusko Markovi\u00e7 ndodhej n\u00eb Uashington p\u00ebr ceremonin\u00eb e mbajtur n\u00eb Departamentin e Shtetit me rastin e an\u00ebtar\u00ebsimit, Rusia e d\u00ebnoi ashp\u00ebr at\u00eb q\u00eb e cil\u00ebsoi \u201chisteri anti-ruse\u201d dhe \u201ckurs armiq\u00ebsor\u201d t\u00eb Podgoric\u00ebs.<\/p>\n<p>Ministria e Jashtme n\u00eb Mosk\u00eb\u00a0 konsideron se Mali i Zi mban p\u00ebrgjegj\u00ebsi t\u00eb plot\u00eb p\u00ebr veprimet e veta, duke kujtuar dhe bashkimin e tij me sanksionet e bllokut europian kund\u00ebr Rusis\u00eb n\u00eb 2014-n.<\/p>\n<p>N\u00eb drit\u00ebn e k\u00ebsaj linje armiq\u00ebsore t\u00eb ndjekur nga autoritetet malazeze, pala ruse rezervon \u00e7do t\u00eb drejt\u00eb p\u00ebr t\u00eb marr\u00eb masa shpaguese n\u00eb baz\u00eb reciprociteti. \u201cN\u00eb politik\u00eb, ashtu si dhe n\u00eb fizik\u00eb, ndaj \u00e7do veprimi ka nj\u00eb reagim\u201d thuhet n\u00eb deklarat\u00ebn e ministris\u00eb.<\/p>\n<p>Markovi\u00e7 n\u00eb Uashington nuk u takua me presidentin Trump, por me z\u00ebvend\u00ebsin e tij Mike Pence. Kreu i ekzekutivit malazez\u00a0 i dor\u00ebzoi qeveris\u00eb amerikane dokumentin e an\u00ebtar\u00ebsimit t\u00eb vendit t\u00eb tij n\u00eb NATO.<\/p>\n<p>Sipas marr\u00ebveshjes s\u00eb Atlantikut Verior, qeveria amerikane ka p\u00ebrgjegj\u00ebsin\u00eb e ruajtjes s\u00eb dokumentacionit. NATO-ja n\u00eb k\u00ebt\u00eb m\u00ebnyr\u00eb i zgjeroi s\u00ebrish pas 8 vjet\u00ebsh radh\u00ebt e saj.\u00a0 Ushtria e Malit t\u00eb Zi num\u00ebron vet\u00ebm 2.000 forca, por jan\u00eb portet n\u00eb Adriatik ato q\u00eb konsiderohen t\u00eb nj\u00eb r\u00ebnd\u00ebsie strategjike.<\/p>\n<p>\/ Top Channel<\/p>\n<!--YouTube Error: bad URL entered-->\n","protected":false},"excerpt":{"rendered":"<p>Rusia k\u00ebrc\u00ebnon se do t\u00eb hakmerret ndaj Malit t\u00eb Zi p\u00ebr an\u00ebtar\u00ebsimin e tij n\u00eb NATO. Nj\u00eb dit\u00eb m\u00eb par\u00eb, vendi i vog\u00ebl buz\u00eb Adriatikut u kthye zyrtarisht n\u00eb an\u00ebtarin e 29-t\u00eb t\u00eb Aleanc\u00ebs Veri-Atlantike dhe mori l\u00ebvdatat e Shteteve t\u00eb Bashkuara p\u00ebr ndjekjen e k\u00ebsaj rruge, pavar\u00ebsisht presioneve ruse. Por nd\u00ebrsa kryeministri malazez Dusko [&hellip;]<\/p>\n","protected":false},"author":1,"featured_media":0,"comment_status":"closed","ping_status":"closed","sticky":false,"template":"","format":"standard","meta":{"spay_email":"","jetpack_publicize_message":"","jetpack_is_tweetstorm":false,"jetpack_publicize_feature_enabled":true},"categories":[6950],"tags":[],"jetpack_publicize_connections":[],"yoast_head":"<!-- This site is optimized with the Yoast SEO plugin v19.1 - https:\/\/yoast.com\/wordpress\/plugins\/seo\/ -->\n<title>Mali i Zi n\u00eb NATO, Rusia: Do hakmerremi ndaj Podgoric\u00ebs - Video - Lajme nga Ulqini<\/title>\n<meta name=\"description\" content=\"Rusia k\u00ebrc\u00ebnon se do t\u00eb hakmerret ndaj Malit t\u00eb Zi p\u00ebr an\u00ebtar\u00ebsimin e tij n\u00eb NATO. Nj\u00eb dit\u00eb m\u00eb par\u00eb, vendi i vog\u00ebl buz\u00eb Adriatikut u kthye zyrtarisht n\u00eb\" \/>\n<meta name=\"robots\" content=\"index, follow, max-snippet:-1, max-image-preview:large, max-video-preview:-1\" \/>\n<link rel=\"canonical\" href=\"https:\/\/www.visit-ulcinj.com\/blog\/2017\/06\/06\/mali-zi-ne-nato-rusia-hakmerremi-ndaj-podgorices-video\/\" \/>\n<meta property=\"og:locale\" content=\"en_US\" \/>\n<meta property=\"og:type\" content=\"article\" \/>\n<meta property=\"og:title\" content=\"Mali i Zi n\u00eb NATO, Rusia: Do hakmerremi ndaj Podgoric\u00ebs - Video - Lajme nga Ulqini\" \/>\n<meta property=\"og:description\" content=\"Rusia k\u00ebrc\u00ebnon se do t\u00eb hakmerret ndaj Malit t\u00eb Zi p\u00ebr an\u00ebtar\u00ebsimin e tij n\u00eb NATO. Nj\u00eb dit\u00eb m\u00eb par\u00eb, vendi i vog\u00ebl buz\u00eb Adriatikut u kthye zyrtarisht n\u00eb\" \/>\n<meta property=\"og:url\" content=\"https:\/\/www.visit-ulcinj.com\/blog\/2017\/06\/06\/mali-zi-ne-nato-rusia-hakmerremi-ndaj-podgorices-video\/\" \/>\n<meta property=\"og:site_name\" content=\"Lajme nga Ulqini\" \/>\n<meta property=\"article:published_time\" content=\"2017-06-06T14:43:06+00:00\" \/>\n<meta property=\"article:modified_time\" content=\"2017-06-06T14:45:00+00:00\" \/>\n<meta name=\"twitter:label1\" content=\"Written by\" \/>\n\t<meta name=\"twitter:data1\" content=\"ulqini\" \/>\n\t<meta name=\"twitter:label2\" content=\"Est. reading time\" \/>\n\t<meta name=\"twitter:data2\" content=\"2 minutes\" \/>\n<script type=\"application\/ld+json\" class=\"yoast-schema-graph\">{\"@context\":\"https:\/\/schema.org\",\"@graph\":[{\"@type\":\"WebSite\",\"@id\":\"https:\/\/www.visit-ulcinj.com\/blog\/#website\",\"url\":\"https:\/\/www.visit-ulcinj.com\/blog\/\",\"name\":\"Lajme nga Ulqini\",\"description\":\"Lajme,Vijesti,Ulqini,Ulqin,Crna Gora,Mali i Zi\",\"potentialAction\":[{\"@type\":\"SearchAction\",\"target\":{\"@type\":\"EntryPoint\",\"urlTemplate\":\"https:\/\/www.visit-ulcinj.com\/blog\/?s={search_term_string}\"},\"query-input\":\"required name=search_term_string\"}],\"inLanguage\":\"en-US\"},{\"@type\":\"WebPage\",\"@id\":\"https:\/\/www.visit-ulcinj.com\/blog\/2017\/06\/06\/mali-zi-ne-nato-rusia-hakmerremi-ndaj-podgorices-video\/#webpage\",\"url\":\"https:\/\/www.visit-ulcinj.com\/blog\/2017\/06\/06\/mali-zi-ne-nato-rusia-hakmerremi-ndaj-podgorices-video\/\",\"name\":\"Mali i Zi n\u00eb NATO, Rusia: Do hakmerremi ndaj Podgoric\u00ebs - Video - Lajme nga Ulqini\",\"isPartOf\":{\"@id\":\"https:\/\/www.visit-ulcinj.com\/blog\/#website\"},\"datePublished\":\"2017-06-06T14:43:06+00:00\",\"dateModified\":\"2017-06-06T14:45:00+00:00\",\"author\":{\"@id\":\"https:\/\/www.visit-ulcinj.com\/blog\/#\/schema\/person\/dcab619c614d3038751c63bc2aadc06d\"},\"description\":\"Rusia k\u00ebrc\u00ebnon se do t\u00eb hakmerret ndaj Malit t\u00eb Zi p\u00ebr an\u00ebtar\u00ebsimin e tij n\u00eb NATO. Nj\u00eb dit\u00eb m\u00eb par\u00eb, vendi i vog\u00ebl buz\u00eb Adriatikut u kthye zyrtarisht n\u00eb\",\"breadcrumb\":{\"@id\":\"https:\/\/www.visit-ulcinj.com\/blog\/2017\/06\/06\/mali-zi-ne-nato-rusia-hakmerremi-ndaj-podgorices-video\/#breadcrumb\"},\"inLanguage\":\"en-US\",\"potentialAction\":[{\"@type\":\"ReadAction\",\"target\":[\"https:\/\/www.visit-ulcinj.com\/blog\/2017\/06\/06\/mali-zi-ne-nato-rusia-hakmerremi-ndaj-podgorices-video\/\"]}]},{\"@type\":\"BreadcrumbList\",\"@id\":\"https:\/\/www.visit-ulcinj.com\/blog\/2017\/06\/06\/mali-zi-ne-nato-rusia-hakmerremi-ndaj-podgorices-video\/#breadcrumb\",\"itemListElement\":[{\"@type\":\"ListItem\",\"position\":1,\"name\":\"Mali i Zi n\u00eb NATO, Rusia: Do hakmerremi ndaj Podgoric\u00ebs &#8211; Video\"}]},{\"@type\":\"Person\",\"@id\":\"https:\/\/www.visit-ulcinj.com\/blog\/#\/schema\/person\/dcab619c614d3038751c63bc2aadc06d\",\"name\":\"ulqini\",\"sameAs\":[\"http:\/\/www.visit-ulcinj.com\"],\"url\":\"https:\/\/www.visit-ulcinj.com\/blog\/author\/admin\/\"}]}<\/script>\n<!-- \/ Yoast SEO plugin. -->","yoast_head_json":{"title":"Mali i Zi n\u00eb NATO, Rusia: Do hakmerremi ndaj Podgoric\u00ebs - Video - Lajme nga Ulqini","description":"Rusia k\u00ebrc\u00ebnon se do t\u00eb hakmerret ndaj Malit t\u00eb Zi p\u00ebr an\u00ebtar\u00ebsimin e tij n\u00eb NATO. Nj\u00eb dit\u00eb m\u00eb par\u00eb, vendi i vog\u00ebl buz\u00eb Adriatikut u kthye zyrtarisht n\u00eb","robots":{"index":"index","follow":"follow","max-snippet":"max-snippet:-1","max-image-preview":"max-image-preview:large","max-video-preview":"max-video-preview:-1"},"canonical":"https:\/\/www.visit-ulcinj.com\/blog\/2017\/06\/06\/mali-zi-ne-nato-rusia-hakmerremi-ndaj-podgorices-video\/","og_locale":"en_US","og_type":"article","og_title":"Mali i Zi n\u00eb NATO, Rusia: Do hakmerremi ndaj Podgoric\u00ebs - Video - Lajme nga Ulqini","og_description":"Rusia k\u00ebrc\u00ebnon se do t\u00eb hakmerret ndaj Malit t\u00eb Zi p\u00ebr an\u00ebtar\u00ebsimin e tij n\u00eb NATO. Nj\u00eb dit\u00eb m\u00eb par\u00eb, vendi i vog\u00ebl buz\u00eb Adriatikut u kthye zyrtarisht n\u00eb","og_url":"https:\/\/www.visit-ulcinj.com\/blog\/2017\/06\/06\/mali-zi-ne-nato-rusia-hakmerremi-ndaj-podgorices-video\/","og_site_name":"Lajme nga Ulqini","article_published_time":"2017-06-06T14:43:06+00:00","article_modified_time":"2017-06-06T14:45:00+00:00","twitter_misc":{"Written by":"ulqini","Est. reading time":"2 minutes"},"schema":{"@context":"https:\/\/schema.org","@graph":[{"@type":"WebSite","@id":"https:\/\/www.visit-ulcinj.com\/blog\/#website","url":"https:\/\/www.visit-ulcinj.com\/blog\/","name":"Lajme nga Ulqini","description":"Lajme,Vijesti,Ulqini,Ulqin,Crna Gora,Mali i Zi","potentialAction":[{"@type":"SearchAction","target":{"@type":"EntryPoint","urlTemplate":"https:\/\/www.visit-ulcinj.com\/blog\/?s={search_term_string}"},"query-input":"required name=search_term_string"}],"inLanguage":"en-US"},{"@type":"WebPage","@id":"https:\/\/www.visit-ulcinj.com\/blog\/2017\/06\/06\/mali-zi-ne-nato-rusia-hakmerremi-ndaj-podgorices-video\/#webpage","url":"https:\/\/www.visit-ulcinj.com\/blog\/2017\/06\/06\/mali-zi-ne-nato-rusia-hakmerremi-ndaj-podgorices-video\/","name":"Mali i Zi n\u00eb NATO, Rusia: Do hakmerremi ndaj Podgoric\u00ebs - Video - Lajme nga Ulqini","isPartOf":{"@id":"https:\/\/www.visit-ulcinj.com\/blog\/#website"},"datePublished":"2017-06-06T14:43:06+00:00","dateModified":"2017-06-06T14:45:00+00:00","author":{"@id":"https:\/\/www.visit-ulcinj.com\/blog\/#\/schema\/person\/dcab619c614d3038751c63bc2aadc06d"},"description":"Rusia k\u00ebrc\u00ebnon se do t\u00eb hakmerret ndaj Malit t\u00eb Zi p\u00ebr an\u00ebtar\u00ebsimin e tij n\u00eb NATO. Nj\u00eb dit\u00eb m\u00eb par\u00eb, vendi i vog\u00ebl buz\u00eb Adriatikut u kthye zyrtarisht n\u00eb","breadcrumb":{"@id":"https:\/\/www.visit-ulcinj.com\/blog\/2017\/06\/06\/mali-zi-ne-nato-rusia-hakmerremi-ndaj-podgorices-video\/#breadcrumb"},"inLanguage":"en-US","potentialAction":[{"@type":"ReadAction","target":["https:\/\/www.visit-ulcinj.com\/blog\/2017\/06\/06\/mali-zi-ne-nato-rusia-hakmerremi-ndaj-podgorices-video\/"]}]},{"@type":"BreadcrumbList","@id":"https:\/\/www.visit-ulcinj.com\/blog\/2017\/06\/06\/mali-zi-ne-nato-rusia-hakmerremi-ndaj-podgorices-video\/#breadcrumb","itemListElement":[{"@type":"ListItem","position":1,"name":"Mali i Zi n\u00eb NATO, Rusia: Do hakmerremi ndaj Podgoric\u00ebs &#8211; Video"}]},{"@type":"Person","@id":"https:\/\/www.visit-ulcinj.com\/blog\/#\/schema\/person\/dcab619c614d3038751c63bc2aadc06d","name":"ulqini","sameAs":["http:\/\/www.visit-ulcinj.com"],"url":"https:\/\/www.visit-ulcinj.com\/blog\/author\/admin\/"}]}},"jetpack_featured_media_url":"","jetpack_sharing_enabled":true,"jetpack_shortlink":"https:\/\/wp.me\/pe6lTn-rr4","_links":{"self":[{"href":"https:\/\/www.visit-ulcinj.com\/blog\/wp-json\/wp\/v2\/posts\/105466"}],"collection":[{"href":"https:\/\/www.visit-ulcinj.com\/blog\/wp-json\/wp\/v2\/posts"}],"about":[{"href":"https:\/\/www.visit-ulcinj.com\/blog\/wp-json\/wp\/v2\/types\/post"}],"author":[{"embeddable":true,"href":"https:\/\/www.visit-ulcinj.com\/blog\/wp-json\/wp\/v2\/users\/1"}],"replies":[{"embeddable":true,"href":"https:\/\/www.visit-ulcinj.com\/blog\/wp-json\/wp\/v2\/comments?post=105466"}],"version-history":[{"count":3,"href":"https:\/\/www.visit-ulcinj.com\/blog\/wp-json\/wp\/v2\/posts\/105466\/revisions"}],"predecessor-version":[{"id":105470,"href":"https:\/\/www.visit-ulcinj.com\/blog\/wp-json\/wp\/v2\/posts\/105466\/revisions\/105470"}],"wp:attachment":[{"href":"https:\/\/www.visit-ulcinj.com\/blog\/wp-json\/wp\/v2\/media?parent=105466"}],"wp:term":[{"taxonomy":"category","embeddable":true,"href":"https:\/\/www.visit-ulcinj.com\/blog\/wp-json\/wp\/v2\/categories?post=105466"},{"taxonomy":"post_tag","embeddable":true,"href":"https:\/\/www.visit-ulcinj.com\/blog\/wp-json\/wp\/v2\/tags?post=105466"}],"curies":[{"name":"wp","href":"https:\/\/api.w.org\/{rel}","templated":true}]}}