{"id":105478,"date":"2017-06-07T13:54:05","date_gmt":"2017-06-07T12:54:05","guid":{"rendered":"http:\/\/www.visit-ulcinj.com\/blog\/?p=105478"},"modified":"2017-06-07T13:54:05","modified_gmt":"2017-06-07T12:54:05","slug":"ftese-lancimi-seanema-green-dhe-pre-premiera-boterore-climate","status":"publish","type":"post","link":"https:\/\/www.visit-ulcinj.com\/blog\/2017\/06\/07\/ftese-lancimi-seanema-green-dhe-pre-premiera-boterore-climate\/","title":{"rendered":"FTES\u00cb &#8211; Lan\u00e7imi i Seanema GREEN dhe pre-premiera bot\u00ebrore &#8220;In this climate&#8221;"},"content":{"rendered":"<p><a href=\"http:\/\/www.visit-ulcinj.com\/blog\/wp-content\/uploads\/2017\/06\/FTES\u00cb-Lancimi-i-Seanema-GREEN-dhe-pre-premiera-bot\u00ebrore-In-this-climate.jpg\"><img loading=\"lazy\" class=\"alignleft wp-image-105479\" src=\"http:\/\/www.visit-ulcinj.com\/blog\/wp-content\/uploads\/2017\/06\/FTES\u00cb-Lancimi-i-Seanema-GREEN-dhe-pre-premiera-bot\u00ebrore-In-this-climate.jpg\" alt=\"\" width=\"508\" height=\"202\" \/><\/a>Me rastin e prezantimit t\u00eb \u201cSEANEMA Green\u201d, segmentit t\u00eb ri t\u00eb festivalit t\u00eb filmit \u201cSEANEMA\u201d, si edhe n\u00eb partneritet me Green Culture Montenegro,<\/p>\n<p><strong>Organizata joqeveritare \u201ciACT\u201d Ju<\/strong><\/p>\n<p style=\"text-align: center;\"><strong>FTON<\/strong><\/p>\n<p>N\u00eb pre-premir\u00ebn bot\u00ebrore t\u00eb filmit \u201cIn this climate\u201d, e cila do t\u00eb mbahet m\u00eb date 10 qershor, 2017, me fillim n\u00eb ora 21.00h n\u00eb ishullin Ada pran\u00eb Barban\u00ebs.<\/p>\n<p>Me prezenc\u00ebn e tij do na nderoj\u00eb regjisori i filmit, Tomas Auksas.<\/p>\n<p>Prezenca juaj do e lartesoj\u00eb k\u00ebt\u00eb ngjarje si edhe do t\u00eb perforcoj\u00eb p\u00ebrpjekjen ton\u00eb q\u00eb t\u00eb nd\u00ebrgjegj\u00ebsojm\u00eb rreth r\u00ebndesis\u00eb s\u00eb mbrojtjes s\u00eb mjedisit.<\/p>\n<p>Mir\u00eb se vini!<\/p>\n","protected":false},"excerpt":{"rendered":"<p>Me rastin e prezantimit t\u00eb \u201cSEANEMA Green\u201d, segmentit t\u00eb ri t\u00eb festivalit t\u00eb filmit \u201cSEANEMA\u201d, si edhe n\u00eb partneritet me Green Culture Montenegro, Organizata joqeveritare \u201ciACT\u201d Ju FTON N\u00eb pre-premir\u00ebn bot\u00ebrore t\u00eb filmit \u201cIn this climate\u201d, e cila do t\u00eb mbahet m\u00eb date 10 qershor, 2017, me fillim n\u00eb ora 21.00h n\u00eb ishullin Ada pran\u00eb [&hellip;]<\/p>\n","protected":false},"author":1,"featured_media":0,"comment_status":"closed","ping_status":"closed","sticky":false,"template":"","format":"standard","meta":{"spay_email":"","jetpack_publicize_message":"","jetpack_is_tweetstorm":false,"jetpack_publicize_feature_enabled":true},"categories":[6950],"tags":[],"jetpack_publicize_connections":[],"yoast_head":"<!-- This site is optimized with the Yoast SEO plugin v19.1 - https:\/\/yoast.com\/wordpress\/plugins\/seo\/ -->\n<title>FTES\u00cb - Lan\u00e7imi i Seanema GREEN dhe pre-premiera bot\u00ebrore &quot;In this climate&quot; - Lajme nga Ulqini<\/title>\n<meta name=\"description\" content=\"Me rastin e prezantimit t\u00eb \u201cSEANEMA Green\u201d, segmentit t\u00eb ri t\u00eb festivalit t\u00eb filmit \u201cSEANEMA\u201d, si edhe n\u00eb partneritet me Green Culture Montenegro,\" \/>\n<meta name=\"robots\" content=\"index, follow, max-snippet:-1, max-image-preview:large, max-video-preview:-1\" \/>\n<link rel=\"canonical\" href=\"https:\/\/www.visit-ulcinj.com\/blog\/2017\/06\/07\/ftese-lancimi-seanema-green-dhe-pre-premiera-boterore-climate\/\" \/>\n<meta property=\"og:locale\" content=\"en_US\" \/>\n<meta property=\"og:type\" content=\"article\" \/>\n<meta property=\"og:title\" content=\"FTES\u00cb - Lan\u00e7imi i Seanema GREEN dhe pre-premiera bot\u00ebrore &quot;In this climate&quot; - Lajme nga Ulqini\" \/>\n<meta property=\"og:description\" content=\"Me rastin e prezantimit t\u00eb \u201cSEANEMA Green\u201d, segmentit t\u00eb ri t\u00eb festivalit t\u00eb filmit \u201cSEANEMA\u201d, si edhe n\u00eb partneritet me Green Culture Montenegro,\" \/>\n<meta property=\"og:url\" content=\"https:\/\/www.visit-ulcinj.com\/blog\/2017\/06\/07\/ftese-lancimi-seanema-green-dhe-pre-premiera-boterore-climate\/\" \/>\n<meta property=\"og:site_name\" content=\"Lajme nga Ulqini\" \/>\n<meta property=\"article:published_time\" content=\"2017-06-07T12:54:05+00:00\" \/>\n<meta name=\"twitter:label1\" content=\"Written by\" \/>\n\t<meta name=\"twitter:data1\" content=\"ulqini\" \/>\n\t<meta name=\"twitter:label2\" content=\"Est. reading time\" \/>\n\t<meta name=\"twitter:data2\" content=\"1 minute\" \/>\n<script type=\"application\/ld+json\" class=\"yoast-schema-graph\">{\"@context\":\"https:\/\/schema.org\",\"@graph\":[{\"@type\":\"WebSite\",\"@id\":\"https:\/\/www.visit-ulcinj.com\/blog\/#website\",\"url\":\"https:\/\/www.visit-ulcinj.com\/blog\/\",\"name\":\"Lajme nga Ulqini\",\"description\":\"Lajme,Vijesti,Ulqini,Ulqin,Crna Gora,Mali i Zi\",\"potentialAction\":[{\"@type\":\"SearchAction\",\"target\":{\"@type\":\"EntryPoint\",\"urlTemplate\":\"https:\/\/www.visit-ulcinj.com\/blog\/?s={search_term_string}\"},\"query-input\":\"required name=search_term_string\"}],\"inLanguage\":\"en-US\"},{\"@type\":\"WebPage\",\"@id\":\"https:\/\/www.visit-ulcinj.com\/blog\/2017\/06\/07\/ftese-lancimi-seanema-green-dhe-pre-premiera-boterore-climate\/#webpage\",\"url\":\"https:\/\/www.visit-ulcinj.com\/blog\/2017\/06\/07\/ftese-lancimi-seanema-green-dhe-pre-premiera-boterore-climate\/\",\"name\":\"FTES\u00cb - Lan\u00e7imi i Seanema GREEN dhe pre-premiera bot\u00ebrore \\\"In this climate\\\" - Lajme nga Ulqini\",\"isPartOf\":{\"@id\":\"https:\/\/www.visit-ulcinj.com\/blog\/#website\"},\"datePublished\":\"2017-06-07T12:54:05+00:00\",\"dateModified\":\"2017-06-07T12:54:05+00:00\",\"author\":{\"@id\":\"https:\/\/www.visit-ulcinj.com\/blog\/#\/schema\/person\/dcab619c614d3038751c63bc2aadc06d\"},\"description\":\"Me rastin e prezantimit t\u00eb \u201cSEANEMA Green\u201d, segmentit t\u00eb ri t\u00eb festivalit t\u00eb filmit \u201cSEANEMA\u201d, si edhe n\u00eb partneritet me Green Culture Montenegro,\",\"breadcrumb\":{\"@id\":\"https:\/\/www.visit-ulcinj.com\/blog\/2017\/06\/07\/ftese-lancimi-seanema-green-dhe-pre-premiera-boterore-climate\/#breadcrumb\"},\"inLanguage\":\"en-US\",\"potentialAction\":[{\"@type\":\"ReadAction\",\"target\":[\"https:\/\/www.visit-ulcinj.com\/blog\/2017\/06\/07\/ftese-lancimi-seanema-green-dhe-pre-premiera-boterore-climate\/\"]}]},{\"@type\":\"BreadcrumbList\",\"@id\":\"https:\/\/www.visit-ulcinj.com\/blog\/2017\/06\/07\/ftese-lancimi-seanema-green-dhe-pre-premiera-boterore-climate\/#breadcrumb\",\"itemListElement\":[{\"@type\":\"ListItem\",\"position\":1,\"name\":\"FTES\u00cb &#8211; Lan\u00e7imi i Seanema GREEN dhe pre-premiera bot\u00ebrore &#8220;In this climate&#8221;\"}]},{\"@type\":\"Person\",\"@id\":\"https:\/\/www.visit-ulcinj.com\/blog\/#\/schema\/person\/dcab619c614d3038751c63bc2aadc06d\",\"name\":\"ulqini\",\"sameAs\":[\"http:\/\/www.visit-ulcinj.com\"],\"url\":\"https:\/\/www.visit-ulcinj.com\/blog\/author\/admin\/\"}]}<\/script>\n<!-- \/ Yoast SEO plugin. -->","yoast_head_json":{"title":"FTES\u00cb - Lan\u00e7imi i Seanema GREEN dhe pre-premiera bot\u00ebrore \"In this climate\" - Lajme nga Ulqini","description":"Me rastin e prezantimit t\u00eb \u201cSEANEMA Green\u201d, segmentit t\u00eb ri t\u00eb festivalit t\u00eb filmit \u201cSEANEMA\u201d, si edhe n\u00eb partneritet me Green Culture Montenegro,","robots":{"index":"index","follow":"follow","max-snippet":"max-snippet:-1","max-image-preview":"max-image-preview:large","max-video-preview":"max-video-preview:-1"},"canonical":"https:\/\/www.visit-ulcinj.com\/blog\/2017\/06\/07\/ftese-lancimi-seanema-green-dhe-pre-premiera-boterore-climate\/","og_locale":"en_US","og_type":"article","og_title":"FTES\u00cb - Lan\u00e7imi i Seanema GREEN dhe pre-premiera bot\u00ebrore \"In this climate\" - Lajme nga Ulqini","og_description":"Me rastin e prezantimit t\u00eb \u201cSEANEMA Green\u201d, segmentit t\u00eb ri t\u00eb festivalit t\u00eb filmit \u201cSEANEMA\u201d, si edhe n\u00eb partneritet me Green Culture Montenegro,","og_url":"https:\/\/www.visit-ulcinj.com\/blog\/2017\/06\/07\/ftese-lancimi-seanema-green-dhe-pre-premiera-boterore-climate\/","og_site_name":"Lajme nga Ulqini","article_published_time":"2017-06-07T12:54:05+00:00","twitter_misc":{"Written by":"ulqini","Est. reading time":"1 minute"},"schema":{"@context":"https:\/\/schema.org","@graph":[{"@type":"WebSite","@id":"https:\/\/www.visit-ulcinj.com\/blog\/#website","url":"https:\/\/www.visit-ulcinj.com\/blog\/","name":"Lajme nga Ulqini","description":"Lajme,Vijesti,Ulqini,Ulqin,Crna Gora,Mali i Zi","potentialAction":[{"@type":"SearchAction","target":{"@type":"EntryPoint","urlTemplate":"https:\/\/www.visit-ulcinj.com\/blog\/?s={search_term_string}"},"query-input":"required name=search_term_string"}],"inLanguage":"en-US"},{"@type":"WebPage","@id":"https:\/\/www.visit-ulcinj.com\/blog\/2017\/06\/07\/ftese-lancimi-seanema-green-dhe-pre-premiera-boterore-climate\/#webpage","url":"https:\/\/www.visit-ulcinj.com\/blog\/2017\/06\/07\/ftese-lancimi-seanema-green-dhe-pre-premiera-boterore-climate\/","name":"FTES\u00cb - Lan\u00e7imi i Seanema GREEN dhe pre-premiera bot\u00ebrore \"In this climate\" - Lajme nga Ulqini","isPartOf":{"@id":"https:\/\/www.visit-ulcinj.com\/blog\/#website"},"datePublished":"2017-06-07T12:54:05+00:00","dateModified":"2017-06-07T12:54:05+00:00","author":{"@id":"https:\/\/www.visit-ulcinj.com\/blog\/#\/schema\/person\/dcab619c614d3038751c63bc2aadc06d"},"description":"Me rastin e prezantimit t\u00eb \u201cSEANEMA Green\u201d, segmentit t\u00eb ri t\u00eb festivalit t\u00eb filmit \u201cSEANEMA\u201d, si edhe n\u00eb partneritet me Green Culture Montenegro,","breadcrumb":{"@id":"https:\/\/www.visit-ulcinj.com\/blog\/2017\/06\/07\/ftese-lancimi-seanema-green-dhe-pre-premiera-boterore-climate\/#breadcrumb"},"inLanguage":"en-US","potentialAction":[{"@type":"ReadAction","target":["https:\/\/www.visit-ulcinj.com\/blog\/2017\/06\/07\/ftese-lancimi-seanema-green-dhe-pre-premiera-boterore-climate\/"]}]},{"@type":"BreadcrumbList","@id":"https:\/\/www.visit-ulcinj.com\/blog\/2017\/06\/07\/ftese-lancimi-seanema-green-dhe-pre-premiera-boterore-climate\/#breadcrumb","itemListElement":[{"@type":"ListItem","position":1,"name":"FTES\u00cb &#8211; Lan\u00e7imi i Seanema GREEN dhe pre-premiera bot\u00ebrore &#8220;In this climate&#8221;"}]},{"@type":"Person","@id":"https:\/\/www.visit-ulcinj.com\/blog\/#\/schema\/person\/dcab619c614d3038751c63bc2aadc06d","name":"ulqini","sameAs":["http:\/\/www.visit-ulcinj.com"],"url":"https:\/\/www.visit-ulcinj.com\/blog\/author\/admin\/"}]}},"jetpack_featured_media_url":"","jetpack_sharing_enabled":true,"jetpack_shortlink":"https:\/\/wp.me\/pe6lTn-rrg","_links":{"self":[{"href":"https:\/\/www.visit-ulcinj.com\/blog\/wp-json\/wp\/v2\/posts\/105478"}],"collection":[{"href":"https:\/\/www.visit-ulcinj.com\/blog\/wp-json\/wp\/v2\/posts"}],"about":[{"href":"https:\/\/www.visit-ulcinj.com\/blog\/wp-json\/wp\/v2\/types\/post"}],"author":[{"embeddable":true,"href":"https:\/\/www.visit-ulcinj.com\/blog\/wp-json\/wp\/v2\/users\/1"}],"replies":[{"embeddable":true,"href":"https:\/\/www.visit-ulcinj.com\/blog\/wp-json\/wp\/v2\/comments?post=105478"}],"version-history":[{"count":1,"href":"https:\/\/www.visit-ulcinj.com\/blog\/wp-json\/wp\/v2\/posts\/105478\/revisions"}],"predecessor-version":[{"id":105480,"href":"https:\/\/www.visit-ulcinj.com\/blog\/wp-json\/wp\/v2\/posts\/105478\/revisions\/105480"}],"wp:attachment":[{"href":"https:\/\/www.visit-ulcinj.com\/blog\/wp-json\/wp\/v2\/media?parent=105478"}],"wp:term":[{"taxonomy":"category","embeddable":true,"href":"https:\/\/www.visit-ulcinj.com\/blog\/wp-json\/wp\/v2\/categories?post=105478"},{"taxonomy":"post_tag","embeddable":true,"href":"https:\/\/www.visit-ulcinj.com\/blog\/wp-json\/wp\/v2\/tags?post=105478"}],"curies":[{"name":"wp","href":"https:\/\/api.w.org\/{rel}","templated":true}]}}