{"id":105481,"date":"2017-06-07T13:58:16","date_gmt":"2017-06-07T12:58:16","guid":{"rendered":"http:\/\/www.visit-ulcinj.com\/blog\/?p=105481"},"modified":"2017-06-07T13:58:16","modified_gmt":"2017-06-07T12:58:16","slug":"pozivnica-predstavljanje-seanema-green-svjetska-pred-premijera-filma-climate","status":"publish","type":"post","link":"https:\/\/www.visit-ulcinj.com\/blog\/2017\/06\/07\/pozivnica-predstavljanje-seanema-green-svjetska-pred-premijera-filma-climate\/","title":{"rendered":"POZIVNICA &#8211; Predstavljanje Seanema Green i svjetska pred-premijera filma &#8220;In This Climate&#8221;"},"content":{"rendered":"<p><a href=\"http:\/\/www.visit-ulcinj.com\/blog\/wp-content\/uploads\/2017\/06\/FTES\u00cb-Lancimi-i-Seanema-GREEN-dhe-pre-premiera-bot\u00ebrore-In-this-climate.jpg\"><img loading=\"lazy\" class=\"alignleft wp-image-105479\" src=\"http:\/\/www.visit-ulcinj.com\/blog\/wp-content\/uploads\/2017\/06\/FTES\u00cb-Lancimi-i-Seanema-GREEN-dhe-pre-premiera-bot\u00ebrore-In-this-climate.jpg\" alt=\"\" width=\"508\" height=\"202\" \/><\/a>Povodom predstavljanja <strong>\u201cSEANEMA Green\u201d,<\/strong> novog segmenta <strong>filmskog festivala \u201cSEANEM<\/strong>A\u201d, kao i u partnerstvu sa Green Culture Montenegro<\/p>\n<p><strong>Nevladina organizacija \u201ciACT\u201d Vas<\/strong><\/p>\n<p style=\"text-align: center;\"><strong>POZIVA<\/strong><\/p>\n<p><strong>Na<\/strong> <strong>svjetsku<\/strong> <strong>pred<\/strong><strong>&#8211;<\/strong><strong>premijeru<\/strong> <strong>filma<\/strong><strong> \u201c<\/strong><strong>U<\/strong> <strong>ovoj<\/strong> <strong>klimi<\/strong><strong>\u201d, <\/strong><\/p>\n<p>koja \u0107e se odr\u017eati 10.juna, 2017, sa po\u010detkom u 20. \u010dasova,<\/p>\n<p>na Adi Bojani, kod\u00a0\u201eBarbane\u201c.<\/p>\n<p>Svojim prisustvom \u0107e nas po\u010dastvovati re\u017eiser filma, <strong>Tomas Auksas. <\/strong><\/p>\n<p>Va\u0161e prisustvo \u0107e uveli\u010dati ovaj doga\u0111aj, a ujedno \u0107e osna\u017eiti na\u0161e napore da, pored ostalog, podignemo svijest i o va\u017enosti o\u010duvanja \u017eivotne sredine.<\/p>\n<p>Dobro do\u0161li!<\/p>\n","protected":false},"excerpt":{"rendered":"<p>Povodom predstavljanja \u201cSEANEMA Green\u201d, novog segmenta filmskog festivala \u201cSEANEMA\u201d, kao i u partnerstvu sa Green Culture Montenegro Nevladina organizacija \u201ciACT\u201d Vas POZIVA Na svjetsku pred&#8211;premijeru filma \u201cU ovoj klimi\u201d, koja \u0107e se odr\u017eati 10.juna, 2017, sa po\u010detkom u 20. \u010dasova, na Adi Bojani, kod\u00a0\u201eBarbane\u201c. Svojim prisustvom \u0107e nas po\u010dastvovati re\u017eiser filma, Tomas Auksas. Va\u0161e prisustvo [&hellip;]<\/p>\n","protected":false},"author":1,"featured_media":0,"comment_status":"closed","ping_status":"closed","sticky":false,"template":"","format":"standard","meta":{"spay_email":"","jetpack_publicize_message":"","jetpack_is_tweetstorm":false,"jetpack_publicize_feature_enabled":true},"categories":[8337],"tags":[],"jetpack_publicize_connections":[],"yoast_head":"<!-- This site is optimized with the Yoast SEO plugin v19.1 - https:\/\/yoast.com\/wordpress\/plugins\/seo\/ -->\n<title>POZIVNICA - Predstavljanje Seanema Green i svjetska pred-premijera filma &quot;In This Climate&quot; - Lajme nga Ulqini<\/title>\n<meta name=\"description\" content=\"Povodom predstavljanja \u201cSEANEMA Green\u201d, novog segmenta filmskog festivala \u201cSEANEMA\u201d, kao i u partnerstvu sa Green Culture Montenegro Nevladina\" \/>\n<meta name=\"robots\" content=\"index, follow, max-snippet:-1, max-image-preview:large, max-video-preview:-1\" \/>\n<link rel=\"canonical\" href=\"https:\/\/www.visit-ulcinj.com\/blog\/2017\/06\/07\/pozivnica-predstavljanje-seanema-green-svjetska-pred-premijera-filma-climate\/\" \/>\n<meta property=\"og:locale\" content=\"en_US\" \/>\n<meta property=\"og:type\" content=\"article\" \/>\n<meta property=\"og:title\" content=\"POZIVNICA - Predstavljanje Seanema Green i svjetska pred-premijera filma &quot;In This Climate&quot; - Lajme nga Ulqini\" \/>\n<meta property=\"og:description\" content=\"Povodom predstavljanja \u201cSEANEMA Green\u201d, novog segmenta filmskog festivala \u201cSEANEMA\u201d, kao i u partnerstvu sa Green Culture Montenegro Nevladina\" \/>\n<meta property=\"og:url\" content=\"https:\/\/www.visit-ulcinj.com\/blog\/2017\/06\/07\/pozivnica-predstavljanje-seanema-green-svjetska-pred-premijera-filma-climate\/\" \/>\n<meta property=\"og:site_name\" content=\"Lajme nga Ulqini\" \/>\n<meta property=\"article:published_time\" content=\"2017-06-07T12:58:16+00:00\" \/>\n<meta name=\"twitter:label1\" content=\"Written by\" \/>\n\t<meta name=\"twitter:data1\" content=\"ulqini\" \/>\n<script type=\"application\/ld+json\" class=\"yoast-schema-graph\">{\"@context\":\"https:\/\/schema.org\",\"@graph\":[{\"@type\":\"WebSite\",\"@id\":\"https:\/\/www.visit-ulcinj.com\/blog\/#website\",\"url\":\"https:\/\/www.visit-ulcinj.com\/blog\/\",\"name\":\"Lajme nga Ulqini\",\"description\":\"Lajme,Vijesti,Ulqini,Ulqin,Crna Gora,Mali i Zi\",\"potentialAction\":[{\"@type\":\"SearchAction\",\"target\":{\"@type\":\"EntryPoint\",\"urlTemplate\":\"https:\/\/www.visit-ulcinj.com\/blog\/?s={search_term_string}\"},\"query-input\":\"required name=search_term_string\"}],\"inLanguage\":\"en-US\"},{\"@type\":\"WebPage\",\"@id\":\"https:\/\/www.visit-ulcinj.com\/blog\/2017\/06\/07\/pozivnica-predstavljanje-seanema-green-svjetska-pred-premijera-filma-climate\/#webpage\",\"url\":\"https:\/\/www.visit-ulcinj.com\/blog\/2017\/06\/07\/pozivnica-predstavljanje-seanema-green-svjetska-pred-premijera-filma-climate\/\",\"name\":\"POZIVNICA - Predstavljanje Seanema Green i svjetska pred-premijera filma \\\"In This Climate\\\" - Lajme nga Ulqini\",\"isPartOf\":{\"@id\":\"https:\/\/www.visit-ulcinj.com\/blog\/#website\"},\"datePublished\":\"2017-06-07T12:58:16+00:00\",\"dateModified\":\"2017-06-07T12:58:16+00:00\",\"author\":{\"@id\":\"https:\/\/www.visit-ulcinj.com\/blog\/#\/schema\/person\/dcab619c614d3038751c63bc2aadc06d\"},\"description\":\"Povodom predstavljanja \u201cSEANEMA Green\u201d, novog segmenta filmskog festivala \u201cSEANEMA\u201d, kao i u partnerstvu sa Green Culture Montenegro Nevladina\",\"breadcrumb\":{\"@id\":\"https:\/\/www.visit-ulcinj.com\/blog\/2017\/06\/07\/pozivnica-predstavljanje-seanema-green-svjetska-pred-premijera-filma-climate\/#breadcrumb\"},\"inLanguage\":\"en-US\",\"potentialAction\":[{\"@type\":\"ReadAction\",\"target\":[\"https:\/\/www.visit-ulcinj.com\/blog\/2017\/06\/07\/pozivnica-predstavljanje-seanema-green-svjetska-pred-premijera-filma-climate\/\"]}]},{\"@type\":\"BreadcrumbList\",\"@id\":\"https:\/\/www.visit-ulcinj.com\/blog\/2017\/06\/07\/pozivnica-predstavljanje-seanema-green-svjetska-pred-premijera-filma-climate\/#breadcrumb\",\"itemListElement\":[{\"@type\":\"ListItem\",\"position\":1,\"name\":\"POZIVNICA &#8211; Predstavljanje Seanema Green i svjetska pred-premijera filma &#8220;In This Climate&#8221;\"}]},{\"@type\":\"Person\",\"@id\":\"https:\/\/www.visit-ulcinj.com\/blog\/#\/schema\/person\/dcab619c614d3038751c63bc2aadc06d\",\"name\":\"ulqini\",\"sameAs\":[\"http:\/\/www.visit-ulcinj.com\"],\"url\":\"https:\/\/www.visit-ulcinj.com\/blog\/author\/admin\/\"}]}<\/script>\n<!-- \/ Yoast SEO plugin. -->","yoast_head_json":{"title":"POZIVNICA - Predstavljanje Seanema Green i svjetska pred-premijera filma \"In This Climate\" - Lajme nga Ulqini","description":"Povodom predstavljanja \u201cSEANEMA Green\u201d, novog segmenta filmskog festivala \u201cSEANEMA\u201d, kao i u partnerstvu sa Green Culture Montenegro Nevladina","robots":{"index":"index","follow":"follow","max-snippet":"max-snippet:-1","max-image-preview":"max-image-preview:large","max-video-preview":"max-video-preview:-1"},"canonical":"https:\/\/www.visit-ulcinj.com\/blog\/2017\/06\/07\/pozivnica-predstavljanje-seanema-green-svjetska-pred-premijera-filma-climate\/","og_locale":"en_US","og_type":"article","og_title":"POZIVNICA - Predstavljanje Seanema Green i svjetska pred-premijera filma \"In This Climate\" - Lajme nga Ulqini","og_description":"Povodom predstavljanja \u201cSEANEMA Green\u201d, novog segmenta filmskog festivala \u201cSEANEMA\u201d, kao i u partnerstvu sa Green Culture Montenegro Nevladina","og_url":"https:\/\/www.visit-ulcinj.com\/blog\/2017\/06\/07\/pozivnica-predstavljanje-seanema-green-svjetska-pred-premijera-filma-climate\/","og_site_name":"Lajme nga Ulqini","article_published_time":"2017-06-07T12:58:16+00:00","twitter_misc":{"Written by":"ulqini"},"schema":{"@context":"https:\/\/schema.org","@graph":[{"@type":"WebSite","@id":"https:\/\/www.visit-ulcinj.com\/blog\/#website","url":"https:\/\/www.visit-ulcinj.com\/blog\/","name":"Lajme nga Ulqini","description":"Lajme,Vijesti,Ulqini,Ulqin,Crna Gora,Mali i Zi","potentialAction":[{"@type":"SearchAction","target":{"@type":"EntryPoint","urlTemplate":"https:\/\/www.visit-ulcinj.com\/blog\/?s={search_term_string}"},"query-input":"required name=search_term_string"}],"inLanguage":"en-US"},{"@type":"WebPage","@id":"https:\/\/www.visit-ulcinj.com\/blog\/2017\/06\/07\/pozivnica-predstavljanje-seanema-green-svjetska-pred-premijera-filma-climate\/#webpage","url":"https:\/\/www.visit-ulcinj.com\/blog\/2017\/06\/07\/pozivnica-predstavljanje-seanema-green-svjetska-pred-premijera-filma-climate\/","name":"POZIVNICA - Predstavljanje Seanema Green i svjetska pred-premijera filma \"In This Climate\" - Lajme nga Ulqini","isPartOf":{"@id":"https:\/\/www.visit-ulcinj.com\/blog\/#website"},"datePublished":"2017-06-07T12:58:16+00:00","dateModified":"2017-06-07T12:58:16+00:00","author":{"@id":"https:\/\/www.visit-ulcinj.com\/blog\/#\/schema\/person\/dcab619c614d3038751c63bc2aadc06d"},"description":"Povodom predstavljanja \u201cSEANEMA Green\u201d, novog segmenta filmskog festivala \u201cSEANEMA\u201d, kao i u partnerstvu sa Green Culture Montenegro Nevladina","breadcrumb":{"@id":"https:\/\/www.visit-ulcinj.com\/blog\/2017\/06\/07\/pozivnica-predstavljanje-seanema-green-svjetska-pred-premijera-filma-climate\/#breadcrumb"},"inLanguage":"en-US","potentialAction":[{"@type":"ReadAction","target":["https:\/\/www.visit-ulcinj.com\/blog\/2017\/06\/07\/pozivnica-predstavljanje-seanema-green-svjetska-pred-premijera-filma-climate\/"]}]},{"@type":"BreadcrumbList","@id":"https:\/\/www.visit-ulcinj.com\/blog\/2017\/06\/07\/pozivnica-predstavljanje-seanema-green-svjetska-pred-premijera-filma-climate\/#breadcrumb","itemListElement":[{"@type":"ListItem","position":1,"name":"POZIVNICA &#8211; Predstavljanje Seanema Green i svjetska pred-premijera filma &#8220;In This Climate&#8221;"}]},{"@type":"Person","@id":"https:\/\/www.visit-ulcinj.com\/blog\/#\/schema\/person\/dcab619c614d3038751c63bc2aadc06d","name":"ulqini","sameAs":["http:\/\/www.visit-ulcinj.com"],"url":"https:\/\/www.visit-ulcinj.com\/blog\/author\/admin\/"}]}},"jetpack_featured_media_url":"","jetpack_sharing_enabled":true,"jetpack_shortlink":"https:\/\/wp.me\/pe6lTn-rrj","_links":{"self":[{"href":"https:\/\/www.visit-ulcinj.com\/blog\/wp-json\/wp\/v2\/posts\/105481"}],"collection":[{"href":"https:\/\/www.visit-ulcinj.com\/blog\/wp-json\/wp\/v2\/posts"}],"about":[{"href":"https:\/\/www.visit-ulcinj.com\/blog\/wp-json\/wp\/v2\/types\/post"}],"author":[{"embeddable":true,"href":"https:\/\/www.visit-ulcinj.com\/blog\/wp-json\/wp\/v2\/users\/1"}],"replies":[{"embeddable":true,"href":"https:\/\/www.visit-ulcinj.com\/blog\/wp-json\/wp\/v2\/comments?post=105481"}],"version-history":[{"count":1,"href":"https:\/\/www.visit-ulcinj.com\/blog\/wp-json\/wp\/v2\/posts\/105481\/revisions"}],"predecessor-version":[{"id":105482,"href":"https:\/\/www.visit-ulcinj.com\/blog\/wp-json\/wp\/v2\/posts\/105481\/revisions\/105482"}],"wp:attachment":[{"href":"https:\/\/www.visit-ulcinj.com\/blog\/wp-json\/wp\/v2\/media?parent=105481"}],"wp:term":[{"taxonomy":"category","embeddable":true,"href":"https:\/\/www.visit-ulcinj.com\/blog\/wp-json\/wp\/v2\/categories?post=105481"},{"taxonomy":"post_tag","embeddable":true,"href":"https:\/\/www.visit-ulcinj.com\/blog\/wp-json\/wp\/v2\/tags?post=105481"}],"curies":[{"name":"wp","href":"https:\/\/api.w.org\/{rel}","templated":true}]}}