{"id":105484,"date":"2017-06-07T17:43:34","date_gmt":"2017-06-07T16:43:34","guid":{"rendered":"http:\/\/www.visit-ulcinj.com\/blog\/?p=105484"},"modified":"2017-06-07T17:52:06","modified_gmt":"2017-06-07T16:52:06","slug":"lange-i-kovacevic-se-godinama-bori-da-vrati-njemce-u-crnu-goru","status":"publish","type":"post","link":"https:\/\/www.visit-ulcinj.com\/blog\/2017\/06\/07\/lange-i-kovacevic-se-godinama-bori-da-vrati-njemce-u-crnu-goru\/","title":{"rendered":"Lange i Kovacevic se godinama bori da vrati Njemce u Crnu Goru"},"content":{"rendered":"<p><strong><a href=\"http:\/\/www.visit-ulcinj.com\/blog\/wp-content\/uploads\/2017\/06\/Lange-i-Kovacevic-njemci-crna-gora.jpg\"><img loading=\"lazy\" class=\"alignleft wp-image-105485\" src=\"http:\/\/www.visit-ulcinj.com\/blog\/wp-content\/uploads\/2017\/06\/Lange-i-Kovacevic-njemci-crna-gora.jpg\" alt=\"\" width=\"508\" height=\"308\" srcset=\"https:\/\/www.visit-ulcinj.com\/blog\/wp-content\/uploads\/2017\/06\/Lange-i-Kovacevic-njemci-crna-gora.jpg 1024w, https:\/\/www.visit-ulcinj.com\/blog\/wp-content\/uploads\/2017\/06\/Lange-i-Kovacevic-njemci-crna-gora-300x182.jpg 300w, https:\/\/www.visit-ulcinj.com\/blog\/wp-content\/uploads\/2017\/06\/Lange-i-Kovacevic-njemci-crna-gora-768x465.jpg 768w\" sizes=\"(max-width: 508px) 100vw, 508px\" \/><\/a>Lange i Kova\u010devi\u0107 u misiji vra\u0107anja turista iz Njema\u010dke<\/strong><\/p>\n<p><strong>Bar i Crna Gora su u nekim ranijim vremenima bili atraktivna turisti\u010dka destinacija za plate\u017ene turiste iz Njema\u010dke. Me\u0111utim, u vremenima koja su ostala za nama, zbog prije svega nestabilne situacije, taj trend se izgubio. Dvojica uglednih turisti\u010dkih poslenika iz Berlina, Uwe Frank Lange, vlasnik velike turisti\u010dke agencije \u201cReiseburo Lange\u201d i Ulcinjanin Vebija Kova\u010devi\u0107, koji ve\u0107 \u010detrdeset godina \u017eivi i radi\u00a0u Njema\u010dkoj, do\u0161li su na ideju, da crnogorsko primorje opet u\u010dine interesantnim turistima iz Njema\u010dke.<\/strong><\/p>\n<p>\u201cDugo datira moje\u00a0 poznanstvo sa Langeom, a spojila nas je zajedni\u010dka misija i velika ljubav prema turizmu. Ve\u0107i dio svog \u017eivota sam proveo u Njema\u010dkoj, ali korijene nisam zaboravio. Dugi niz godina, nakon okon\u010danja fudbalske karijere, radio sam u toj zemlji kao menad\u017eer i direktor brojnih eminentnih hotela. Ujedno sam i predava\u010d na Fakultetu za turizam i \u010dlan Komisije za polaganje ispita za ugostitelje. Svoju zemlju nikada nisam zaboravio. Drago mi je \u0161to sam uspio da i brojne turiste iz Njema\u010dke zainteresujem za nju. A Lange je prakti\u010dno op\u010dinjen Crnom Gorom i njenim turisti\u010dkim resursima\u201d \u2013 kazao je u razgovoru za Radio Bar i Bar Info Vebija Kova\u010devi\u0107.<\/p>\n<p><a href=\"http:\/\/www.visit-ulcinj.com\/blog\/wp-content\/uploads\/2017\/06\/vebija-kovacevic.jpg\"><img loading=\"lazy\" class=\"alignleft wp-image-105486\" src=\"http:\/\/www.visit-ulcinj.com\/blog\/wp-content\/uploads\/2017\/06\/vebija-kovacevic.jpg\" alt=\"\" width=\"508\" height=\"308\" srcset=\"https:\/\/www.visit-ulcinj.com\/blog\/wp-content\/uploads\/2017\/06\/vebija-kovacevic.jpg 1024w, https:\/\/www.visit-ulcinj.com\/blog\/wp-content\/uploads\/2017\/06\/vebija-kovacevic-300x182.jpg 300w, https:\/\/www.visit-ulcinj.com\/blog\/wp-content\/uploads\/2017\/06\/vebija-kovacevic-768x465.jpg 768w\" sizes=\"(max-width: 508px) 100vw, 508px\" \/><\/a><\/p>\n<p>A vlasnik ugledne turisti\u010dke agencije Uwe Frank Lange je prvi put boravio u na\u0161oj zemlji 2002. godine. I odmah se zaljubio u nju. Kontrast mora, jezera i planina je op\u010dinio ovog uglednog turisti\u010dkog poslenika, koji je nekoliko godina kasnije u saradnji sa svojim kolegom do\u0161ao na sjajnu ideju.<\/p>\n<p>\u201cOvo je ve\u0107 pomalo zaboravljeno tr\u017ei\u0161te za na\u0161e goste, zbog cjelokupne\u00a0 situacije na ovim prostorima. Svi pamtimo neka pre\u0111a\u0161nja vremena, kada je Crna Gora Njemcima bila omiljena destinacija. Sada se sti\u010du uslovi da se to uzajamno povjerenje ponovo izgradi. Odu\u0161evljen sam onim \u0161to Crna Gora ima da ponudi. Od bogate istorije i tradicije, do prelijepih pla\u017ea, ali i hotelskih kompleksa koji zadovoljavaju sve apetite na\u0161eg probirljivog tr\u017ei\u0161ta. Mnogo toga se sredilo i izgradilo od moje prethodne posjete, i ja sam zaista impresioniran.\u00a0 Napravili smo plan i koncept koji je simboli\u010dno dobio naziv \u2018Kampanja za Crnu Goru 2017\/18\u2019, \u010diji je glavni cilj da pribli\u017eimo turistima ljepote, kulturu i uslugu u Crnoj Gori. Prethodna \u010detiri dana smo obi\u0161li hotele, lokalitete i sve znamenitosti va\u0161e obale. I iskreno vjerujem da ima \u0161ta da se ponudi na\u0161im klijentima. Vrlo je va\u017eno ista\u0107i i da smo dobili punu podr\u0161ku ambasadora Crne Gore u Njema\u010dkoj dr Ranka Vuja\u010di\u0107a\u201d &#8211; isti\u010de Lange.<\/p>\n<p>Cilj ove dvojice turisti\u010dnih pregaoca je jasan. Njihovim klijentima se moraju pribli\u017eiti sve ljepote Crne Gore, a \u201cposebno Bara koji je \u010daroban\u201d.<\/p>\n<p>\u201cObi\u0161li smo sve lokalitete od Ulcinja do Herceg Novog. A Baru smo posvetili posebnu pa\u017enju. Ovo je grad multikulturalnosti, bogate istorije i tradicije i kako vi volite da ka\u017eete \u2018na dvije \u010darobne obale\u2019. Bili smo i u hotelu \u2018Kalamper\u2019 kojim smo odu\u0161evljeni i koji \u0107e vjerovatno ve\u0107 ovog ljeta ugostiti na\u0161e prve klijente. Zaista je izli\u0161no tro\u0161iti rije\u010di o ljepoti obale, kako morske tako i jezerske, o Starom Baru, i brojnim spomenicima kulture. Puni utisaka, ali i odli\u010dne saradnje sa vlasnicima brojnih hotela, direktorima i\u00a0 menad\u017eerima, sa puno entuzijazma putujemo u Berlin\u201d &#8211; isti\u010du u glas Kova\u010devi\u0107 i Lange.<\/p>\n<p>&nbsp;<\/p>\n<p>Na jednostavno pitanje \u0161ta bi to mogla biti prednost na\u0161e zemlje kod turista iz Njema\u010dke, odgovor je bio jasan.<\/p>\n<p>\u201cSve \u0161to imate da ponudite, a nije poznato turistima iz na\u0161e zemlje. Vidite, na\u0161i turisti mnogo vode ra\u010duna o uslovima njihovih godi\u0161njih odmora. Oni se dugo planiraju. Zbog politi\u010dke situacije u Turskoj, kao i u Sjevernoj Africi, a zbog bukiranosti \u0160panije i Italije, ovo je sada prava \u0161ansa za Crnu Goru.Stabilna je situacija u zemlji, uradili ste dosta na infrastrukturi, imate uslugu i za one koji \u017eele luksuz, ali i da manje plate. Njema\u010dki turista je prora\u010dunat. Vjerujte da vi imate sada da ponudite isto \u0161to i oni, ali po povoljnim cijenama. I to mo\u017ee biti jedan od klju\u010dnih faktora u njhovom izboru. Za Crnu Goru zna starija populacija, ali je nama cilj da ovom kampanjom zainteresujemo mla\u0111e. Sada postoji i direktna avio linija Podgorica-Berlin dva puta nedjeljno. Turista je u va\u0161oj zemlji iz Berlina za ne\u0161to vi\u0161e od dva sata. Pa to su sve prednosti kojih ranije nije bilo. Sa ovom kampanjom ciljamo na post sezonu, dakle na dolazak turista ve\u0107 u septembru i oktobru ove godine. Iz prostog razloga \u0161to svi oni koji su \u017eeljeli da na odmor idu u jeku sezone, buking odradili znatno ranije. Ve\u0107 idu\u0107e godine, sa lijepim impresijama koje \u0107e ponijeti nakon ove, vjerujem da \u0107emo povratiti povjerenje turista iz Njema\u010dke\u201d &#8211; zaklju\u010duju razgovor za Radio Bar i Bar Info Kova\u010devi\u0107 i Lange.<\/p>\n<p><strong>Izvor: Bar.info<\/strong><\/p>\n","protected":false},"excerpt":{"rendered":"<p>Lange i Kova\u010devi\u0107 u misiji vra\u0107anja turista iz Njema\u010dke Bar i Crna Gora su u nekim ranijim vremenima bili atraktivna turisti\u010dka destinacija za plate\u017ene turiste iz Njema\u010dke. Me\u0111utim, u vremenima koja su ostala za nama, zbog prije svega nestabilne situacije, taj trend se izgubio. Dvojica uglednih turisti\u010dkih poslenika iz Berlina, Uwe Frank Lange, vlasnik velike [&hellip;]<\/p>\n","protected":false},"author":1,"featured_media":0,"comment_status":"closed","ping_status":"closed","sticky":false,"template":"","format":"standard","meta":{"spay_email":"","jetpack_publicize_message":"","jetpack_is_tweetstorm":false,"jetpack_publicize_feature_enabled":true},"categories":[8337],"tags":[],"jetpack_publicize_connections":[],"yoast_head":"<!-- This site is optimized with the Yoast SEO plugin v19.1 - https:\/\/yoast.com\/wordpress\/plugins\/seo\/ -->\n<title>Lange i Kovacevic se godinama bori da vrati Njemce u Crnu Goru - Lajme nga Ulqini<\/title>\n<meta name=\"description\" content=\"Lange i Kova\u010devi\u0107 u misiji vra\u0107anja turista iz Njema\u010dke Bar i Crna Gora su u nekim ranijim vremenima bili atraktivna turisti\u010dka destinacija za plate\u017ene\" \/>\n<meta name=\"robots\" content=\"index, follow, max-snippet:-1, max-image-preview:large, max-video-preview:-1\" \/>\n<link rel=\"canonical\" href=\"https:\/\/www.visit-ulcinj.com\/blog\/2017\/06\/07\/lange-i-kovacevic-se-godinama-bori-da-vrati-njemce-u-crnu-goru\/\" \/>\n<meta property=\"og:locale\" content=\"en_US\" \/>\n<meta property=\"og:type\" content=\"article\" \/>\n<meta property=\"og:title\" content=\"Lange i Kovacevic se godinama bori da vrati Njemce u Crnu Goru - Lajme nga Ulqini\" \/>\n<meta property=\"og:description\" content=\"Lange i Kova\u010devi\u0107 u misiji vra\u0107anja turista iz Njema\u010dke Bar i Crna Gora su u nekim ranijim vremenima bili atraktivna turisti\u010dka destinacija za plate\u017ene\" \/>\n<meta property=\"og:url\" content=\"https:\/\/www.visit-ulcinj.com\/blog\/2017\/06\/07\/lange-i-kovacevic-se-godinama-bori-da-vrati-njemce-u-crnu-goru\/\" \/>\n<meta property=\"og:site_name\" content=\"Lajme nga Ulqini\" \/>\n<meta property=\"article:published_time\" content=\"2017-06-07T16:43:34+00:00\" \/>\n<meta property=\"article:modified_time\" content=\"2017-06-07T16:52:06+00:00\" \/>\n<meta property=\"og:image\" content=\"http:\/\/www.visit-ulcinj.com\/blog\/wp-content\/uploads\/2017\/06\/Lange-i-Kovacevic-njemci-crna-gora.jpg\" \/>\n<meta name=\"twitter:label1\" content=\"Written by\" \/>\n\t<meta name=\"twitter:data1\" content=\"ulqini\" \/>\n\t<meta name=\"twitter:label2\" content=\"Est. reading time\" \/>\n\t<meta name=\"twitter:data2\" content=\"4 minutes\" \/>\n<script type=\"application\/ld+json\" class=\"yoast-schema-graph\">{\"@context\":\"https:\/\/schema.org\",\"@graph\":[{\"@type\":\"WebSite\",\"@id\":\"https:\/\/www.visit-ulcinj.com\/blog\/#website\",\"url\":\"https:\/\/www.visit-ulcinj.com\/blog\/\",\"name\":\"Lajme nga Ulqini\",\"description\":\"Lajme,Vijesti,Ulqini,Ulqin,Crna Gora,Mali i Zi\",\"potentialAction\":[{\"@type\":\"SearchAction\",\"target\":{\"@type\":\"EntryPoint\",\"urlTemplate\":\"https:\/\/www.visit-ulcinj.com\/blog\/?s={search_term_string}\"},\"query-input\":\"required name=search_term_string\"}],\"inLanguage\":\"en-US\"},{\"@type\":\"ImageObject\",\"inLanguage\":\"en-US\",\"@id\":\"https:\/\/www.visit-ulcinj.com\/blog\/2017\/06\/07\/lange-i-kovacevic-se-godinama-bori-da-vrati-njemce-u-crnu-goru\/#primaryimage\",\"url\":\"https:\/\/www.visit-ulcinj.com\/blog\/wp-content\/uploads\/2017\/06\/Lange-i-Kovacevic-njemci-crna-gora.jpg\",\"contentUrl\":\"https:\/\/www.visit-ulcinj.com\/blog\/wp-content\/uploads\/2017\/06\/Lange-i-Kovacevic-njemci-crna-gora.jpg\",\"width\":1024,\"height\":620},{\"@type\":\"WebPage\",\"@id\":\"https:\/\/www.visit-ulcinj.com\/blog\/2017\/06\/07\/lange-i-kovacevic-se-godinama-bori-da-vrati-njemce-u-crnu-goru\/#webpage\",\"url\":\"https:\/\/www.visit-ulcinj.com\/blog\/2017\/06\/07\/lange-i-kovacevic-se-godinama-bori-da-vrati-njemce-u-crnu-goru\/\",\"name\":\"Lange i Kovacevic se godinama bori da vrati Njemce u Crnu Goru - Lajme nga Ulqini\",\"isPartOf\":{\"@id\":\"https:\/\/www.visit-ulcinj.com\/blog\/#website\"},\"primaryImageOfPage\":{\"@id\":\"https:\/\/www.visit-ulcinj.com\/blog\/2017\/06\/07\/lange-i-kovacevic-se-godinama-bori-da-vrati-njemce-u-crnu-goru\/#primaryimage\"},\"datePublished\":\"2017-06-07T16:43:34+00:00\",\"dateModified\":\"2017-06-07T16:52:06+00:00\",\"author\":{\"@id\":\"https:\/\/www.visit-ulcinj.com\/blog\/#\/schema\/person\/dcab619c614d3038751c63bc2aadc06d\"},\"description\":\"Lange i Kova\u010devi\u0107 u misiji vra\u0107anja turista iz Njema\u010dke Bar i Crna Gora su u nekim ranijim vremenima bili atraktivna turisti\u010dka destinacija za plate\u017ene\",\"breadcrumb\":{\"@id\":\"https:\/\/www.visit-ulcinj.com\/blog\/2017\/06\/07\/lange-i-kovacevic-se-godinama-bori-da-vrati-njemce-u-crnu-goru\/#breadcrumb\"},\"inLanguage\":\"en-US\",\"potentialAction\":[{\"@type\":\"ReadAction\",\"target\":[\"https:\/\/www.visit-ulcinj.com\/blog\/2017\/06\/07\/lange-i-kovacevic-se-godinama-bori-da-vrati-njemce-u-crnu-goru\/\"]}]},{\"@type\":\"BreadcrumbList\",\"@id\":\"https:\/\/www.visit-ulcinj.com\/blog\/2017\/06\/07\/lange-i-kovacevic-se-godinama-bori-da-vrati-njemce-u-crnu-goru\/#breadcrumb\",\"itemListElement\":[{\"@type\":\"ListItem\",\"position\":1,\"name\":\"Lange i Kovacevic se godinama bori da vrati Njemce u Crnu Goru\"}]},{\"@type\":\"Person\",\"@id\":\"https:\/\/www.visit-ulcinj.com\/blog\/#\/schema\/person\/dcab619c614d3038751c63bc2aadc06d\",\"name\":\"ulqini\",\"sameAs\":[\"http:\/\/www.visit-ulcinj.com\"],\"url\":\"https:\/\/www.visit-ulcinj.com\/blog\/author\/admin\/\"}]}<\/script>\n<!-- \/ Yoast SEO plugin. -->","yoast_head_json":{"title":"Lange i Kovacevic se godinama bori da vrati Njemce u Crnu Goru - Lajme nga Ulqini","description":"Lange i Kova\u010devi\u0107 u misiji vra\u0107anja turista iz Njema\u010dke Bar i Crna Gora su u nekim ranijim vremenima bili atraktivna turisti\u010dka destinacija za plate\u017ene","robots":{"index":"index","follow":"follow","max-snippet":"max-snippet:-1","max-image-preview":"max-image-preview:large","max-video-preview":"max-video-preview:-1"},"canonical":"https:\/\/www.visit-ulcinj.com\/blog\/2017\/06\/07\/lange-i-kovacevic-se-godinama-bori-da-vrati-njemce-u-crnu-goru\/","og_locale":"en_US","og_type":"article","og_title":"Lange i Kovacevic se godinama bori da vrati Njemce u Crnu Goru - Lajme nga Ulqini","og_description":"Lange i Kova\u010devi\u0107 u misiji vra\u0107anja turista iz Njema\u010dke Bar i Crna Gora su u nekim ranijim vremenima bili atraktivna turisti\u010dka destinacija za plate\u017ene","og_url":"https:\/\/www.visit-ulcinj.com\/blog\/2017\/06\/07\/lange-i-kovacevic-se-godinama-bori-da-vrati-njemce-u-crnu-goru\/","og_site_name":"Lajme nga Ulqini","article_published_time":"2017-06-07T16:43:34+00:00","article_modified_time":"2017-06-07T16:52:06+00:00","og_image":[{"url":"http:\/\/www.visit-ulcinj.com\/blog\/wp-content\/uploads\/2017\/06\/Lange-i-Kovacevic-njemci-crna-gora.jpg"}],"twitter_misc":{"Written by":"ulqini","Est. reading time":"4 minutes"},"schema":{"@context":"https:\/\/schema.org","@graph":[{"@type":"WebSite","@id":"https:\/\/www.visit-ulcinj.com\/blog\/#website","url":"https:\/\/www.visit-ulcinj.com\/blog\/","name":"Lajme nga Ulqini","description":"Lajme,Vijesti,Ulqini,Ulqin,Crna Gora,Mali i Zi","potentialAction":[{"@type":"SearchAction","target":{"@type":"EntryPoint","urlTemplate":"https:\/\/www.visit-ulcinj.com\/blog\/?s={search_term_string}"},"query-input":"required name=search_term_string"}],"inLanguage":"en-US"},{"@type":"ImageObject","inLanguage":"en-US","@id":"https:\/\/www.visit-ulcinj.com\/blog\/2017\/06\/07\/lange-i-kovacevic-se-godinama-bori-da-vrati-njemce-u-crnu-goru\/#primaryimage","url":"https:\/\/www.visit-ulcinj.com\/blog\/wp-content\/uploads\/2017\/06\/Lange-i-Kovacevic-njemci-crna-gora.jpg","contentUrl":"https:\/\/www.visit-ulcinj.com\/blog\/wp-content\/uploads\/2017\/06\/Lange-i-Kovacevic-njemci-crna-gora.jpg","width":1024,"height":620},{"@type":"WebPage","@id":"https:\/\/www.visit-ulcinj.com\/blog\/2017\/06\/07\/lange-i-kovacevic-se-godinama-bori-da-vrati-njemce-u-crnu-goru\/#webpage","url":"https:\/\/www.visit-ulcinj.com\/blog\/2017\/06\/07\/lange-i-kovacevic-se-godinama-bori-da-vrati-njemce-u-crnu-goru\/","name":"Lange i Kovacevic se godinama bori da vrati Njemce u Crnu Goru - Lajme nga Ulqini","isPartOf":{"@id":"https:\/\/www.visit-ulcinj.com\/blog\/#website"},"primaryImageOfPage":{"@id":"https:\/\/www.visit-ulcinj.com\/blog\/2017\/06\/07\/lange-i-kovacevic-se-godinama-bori-da-vrati-njemce-u-crnu-goru\/#primaryimage"},"datePublished":"2017-06-07T16:43:34+00:00","dateModified":"2017-06-07T16:52:06+00:00","author":{"@id":"https:\/\/www.visit-ulcinj.com\/blog\/#\/schema\/person\/dcab619c614d3038751c63bc2aadc06d"},"description":"Lange i Kova\u010devi\u0107 u misiji vra\u0107anja turista iz Njema\u010dke Bar i Crna Gora su u nekim ranijim vremenima bili atraktivna turisti\u010dka destinacija za plate\u017ene","breadcrumb":{"@id":"https:\/\/www.visit-ulcinj.com\/blog\/2017\/06\/07\/lange-i-kovacevic-se-godinama-bori-da-vrati-njemce-u-crnu-goru\/#breadcrumb"},"inLanguage":"en-US","potentialAction":[{"@type":"ReadAction","target":["https:\/\/www.visit-ulcinj.com\/blog\/2017\/06\/07\/lange-i-kovacevic-se-godinama-bori-da-vrati-njemce-u-crnu-goru\/"]}]},{"@type":"BreadcrumbList","@id":"https:\/\/www.visit-ulcinj.com\/blog\/2017\/06\/07\/lange-i-kovacevic-se-godinama-bori-da-vrati-njemce-u-crnu-goru\/#breadcrumb","itemListElement":[{"@type":"ListItem","position":1,"name":"Lange i Kovacevic se godinama bori da vrati Njemce u Crnu Goru"}]},{"@type":"Person","@id":"https:\/\/www.visit-ulcinj.com\/blog\/#\/schema\/person\/dcab619c614d3038751c63bc2aadc06d","name":"ulqini","sameAs":["http:\/\/www.visit-ulcinj.com"],"url":"https:\/\/www.visit-ulcinj.com\/blog\/author\/admin\/"}]}},"jetpack_featured_media_url":"","jetpack_sharing_enabled":true,"jetpack_shortlink":"https:\/\/wp.me\/pe6lTn-rrm","_links":{"self":[{"href":"https:\/\/www.visit-ulcinj.com\/blog\/wp-json\/wp\/v2\/posts\/105484"}],"collection":[{"href":"https:\/\/www.visit-ulcinj.com\/blog\/wp-json\/wp\/v2\/posts"}],"about":[{"href":"https:\/\/www.visit-ulcinj.com\/blog\/wp-json\/wp\/v2\/types\/post"}],"author":[{"embeddable":true,"href":"https:\/\/www.visit-ulcinj.com\/blog\/wp-json\/wp\/v2\/users\/1"}],"replies":[{"embeddable":true,"href":"https:\/\/www.visit-ulcinj.com\/blog\/wp-json\/wp\/v2\/comments?post=105484"}],"version-history":[{"count":3,"href":"https:\/\/www.visit-ulcinj.com\/blog\/wp-json\/wp\/v2\/posts\/105484\/revisions"}],"predecessor-version":[{"id":105489,"href":"https:\/\/www.visit-ulcinj.com\/blog\/wp-json\/wp\/v2\/posts\/105484\/revisions\/105489"}],"wp:attachment":[{"href":"https:\/\/www.visit-ulcinj.com\/blog\/wp-json\/wp\/v2\/media?parent=105484"}],"wp:term":[{"taxonomy":"category","embeddable":true,"href":"https:\/\/www.visit-ulcinj.com\/blog\/wp-json\/wp\/v2\/categories?post=105484"},{"taxonomy":"post_tag","embeddable":true,"href":"https:\/\/www.visit-ulcinj.com\/blog\/wp-json\/wp\/v2\/tags?post=105484"}],"curies":[{"name":"wp","href":"https:\/\/api.w.org\/{rel}","templated":true}]}}