{"id":105494,"date":"2017-06-08T09:02:59","date_gmt":"2017-06-08T08:02:59","guid":{"rendered":"http:\/\/www.visit-ulcinj.com\/blog\/?p=105494"},"modified":"2017-06-08T09:02:59","modified_gmt":"2017-06-08T08:02:59","slug":"rreth-shkolles-bedri-elezaga-ne-krythe","status":"publish","type":"post","link":"https:\/\/www.visit-ulcinj.com\/blog\/2017\/06\/08\/rreth-shkolles-bedri-elezaga-ne-krythe\/","title":{"rendered":"Rreth Shkoll\u00ebs  &#8220;Bedri Elezaga&#8221; ne Krythe"},"content":{"rendered":"<p><strong><a href=\"http:\/\/www.visit-ulcinj.com\/blog\/wp-content\/uploads\/2017\/06\/Rreth-Shkoll\u00ebs-Bedri-Elezaga-ne-Krythe.jpg\"><img loading=\"lazy\" class=\"alignleft wp-image-105495\" src=\"http:\/\/www.visit-ulcinj.com\/blog\/wp-content\/uploads\/2017\/06\/Rreth-Shkoll\u00ebs-Bedri-Elezaga-ne-Krythe.jpg\" alt=\"\" width=\"508\" height=\"381\" srcset=\"https:\/\/www.visit-ulcinj.com\/blog\/wp-content\/uploads\/2017\/06\/Rreth-Shkoll\u00ebs-Bedri-Elezaga-ne-Krythe.jpg 640w, https:\/\/www.visit-ulcinj.com\/blog\/wp-content\/uploads\/2017\/06\/Rreth-Shkoll\u00ebs-Bedri-Elezaga-ne-Krythe-300x225.jpg 300w\" sizes=\"(max-width: 508px) 100vw, 508px\" \/><\/a>Disa foto rreth e perreth Shkolles tone &#8220;Bedri Elezaga&#8221; ne Krythe.<\/strong><\/p>\n<p><strong><a id=\"js_6y1\" class=\"_hli\" href=\"https:\/\/www.facebook.com\/FshatiKrytheAnaMalitUlqin\/\" data-ft=\"{&quot;tn&quot;:&quot;k&quot;}\" data-hovercard=\"\/ajax\/hovercard\/page.php?id=302994603143572\" data-hovercard-prefer-more-content-show=\"1\">P\u00ebr m\u00eb shum\u00eb Foto: Fshati Kryth\u00eb, Ulqin <\/a>Facebook<\/strong><\/p>\n<p>Kam disa pyetje per juve bashkevendas te Fshatit, per juve baballare te femijeve qe coni femijet e vet ne kete shkolle?<\/p>\n<p>A eshte ne rregull keshtu ne kete gjendje te jete shkolla jona?<span class=\"text_exposed_show\"><br \/>\nA eshte ne rregull keshtu te duket nje shkolle qe femijet tone mesojne shkronjat e para shqipe ?<br \/>\nA eshte ne rregull qe keto &#8220;\u00e7uba&#8221; rreth e perreth kesaj shkolle te duken kshtu?<br \/>\nA eshte ne rregull qe nxensit e kesaj shkolle te frigohen te dalin jashte ne oborr dhe te lozin me top?<br \/>\nA eshte ne rregull qe neser ndonjerit nga keto nxenes qe mesojne ketu &#8220;larg qoft&#8221; mund ti ndodhe dicka e keqe? <\/span><\/p>\n<div class=\"text_exposed_show\">\n<p>Vihet pytja ktu se&#8230;..<\/p>\n<p>Ku janeeeeeee institucionet shtetroreee ne kete vend te kujdesen per pastertin rreth shkolles ????<br \/>\nKu janeeee baballaret tone te flasin dhe te ankohen per keto gjera ???<br \/>\nKu eshte drejtoriii i kesaj shkolle, apo &#8220;drejtori&#8221; e ka vendin ne nje dhome 4 me 4 dhe prej aty i percjell gjitha te rejat ???<\/p>\n<p>Shoku drejtor dil pak jashte dhe percjelli keto gjera, percjelli keto shikime ne te gjitha shkollat e Anes Malit, dhe hape lajmin tek institucionet qe e kan per detyr te marrin masa dhe te bejne pastrimin ne menyren e duhur.<\/p>\n<p>Sic i shihni keto foto nga Shkolla ne Krythe, jam i sigurt qe ne cdo Shkolle te Anes Malit jane te njejta pamje.<\/p>\n<p>Andaj ju lus tanve qe te kontribojne per te miren e femijve tane dhe te ndihmojme qe keto pamje te shuhen dhe te mos duken keshtu ne te ardhmen.<\/p>\n<p>SHKOLLA NE KRYTHE ESHTE E FINANCUAR NGA BASHKEVENDASIT TONE QE JETOJNE NE SHTETET E BASHKUARA TE AMERIKES, NGA VENDASIT QE JETOJNE KETU DHE KANE NDIHMUAR ME TE GJITHA MUNDESITE QE KJO SHKOLLE TE PERFUNDOHET DHE TE VIHET NE PUNIM PER TE MIREN E FEMIJEVE TANE.<\/p>\n<p>Mbasi eshte financuar nga Vendasit.<br \/>\nLind nje pytje e madhe shume &#8221; A KA KU KTU INSTITUCIONE SHTETROREEE TE MARRIN MASA &#8221; ??????<\/p>\n<p id=\"js_2mf\" class=\"_5pbw _5vra\" data-ft=\"{&quot;tn&quot;:&quot;C&quot;}\"><strong><span class=\"fwn fcg\"><span class=\"fcg\"><span class=\"fwb\"><a id=\"js_6lm\" class=\"profileLink\" href=\"https:\/\/www.facebook.com\/FshatiKrytheAnaMalitUlqin\/?hc_ref=NEWSFEED\" data-ft=\"{&quot;tn&quot;:&quot;k&quot;}\" data-hovercard=\"\/ajax\/hovercard\/page.php?id=302994603143572&amp;extragetparams=%7B%22hc_ref%22%3A%22NEWSFEED%22%7D\" data-hovercard-prefer-more-content-show=\"1\" data-hovercard-referer=\"NEWSFEED\">Fshati Kryth\u00eb, Ulqin <\/a><\/span><\/span><\/span>Facebook<\/strong><\/p>\n<\/div>\n","protected":false},"excerpt":{"rendered":"<p>Disa foto rreth e perreth Shkolles tone &#8220;Bedri Elezaga&#8221; ne Krythe. P\u00ebr m\u00eb shum\u00eb Foto: Fshati Kryth\u00eb, Ulqin Facebook Kam disa pyetje per juve bashkevendas te Fshatit, per juve baballare te femijeve qe coni femijet e vet ne kete shkolle? A eshte ne rregull keshtu ne kete gjendje te jete shkolla jona? A eshte ne [&hellip;]<\/p>\n","protected":false},"author":1,"featured_media":0,"comment_status":"closed","ping_status":"closed","sticky":false,"template":"","format":"standard","meta":{"spay_email":"","jetpack_publicize_message":"","jetpack_is_tweetstorm":false,"jetpack_publicize_feature_enabled":true},"categories":[11],"tags":[],"jetpack_publicize_connections":[],"yoast_head":"<!-- This site is optimized with the Yoast SEO plugin v19.1 - https:\/\/yoast.com\/wordpress\/plugins\/seo\/ -->\n<title>Rreth Shkoll\u00ebs &quot;Bedri Elezaga&quot; ne Krythe - Lajme nga Ulqini<\/title>\n<meta name=\"description\" content=\"Disa foto rreth e perreth Shkolles tone &quot;Bedri Elezaga&quot; ne Krythe. P\u00ebr m\u00eb shum\u00eb Foto: Fshati Kryth\u00eb, Ulqin Facebook Kam disa pyetje per juve bashkevendas\" \/>\n<meta name=\"robots\" content=\"index, follow, max-snippet:-1, max-image-preview:large, max-video-preview:-1\" \/>\n<link rel=\"canonical\" href=\"https:\/\/www.visit-ulcinj.com\/blog\/2017\/06\/08\/rreth-shkolles-bedri-elezaga-ne-krythe\/\" \/>\n<meta property=\"og:locale\" content=\"en_US\" \/>\n<meta property=\"og:type\" content=\"article\" \/>\n<meta property=\"og:title\" content=\"Rreth Shkoll\u00ebs &quot;Bedri Elezaga&quot; ne Krythe - Lajme nga Ulqini\" \/>\n<meta property=\"og:description\" content=\"Disa foto rreth e perreth Shkolles tone &quot;Bedri Elezaga&quot; ne Krythe. P\u00ebr m\u00eb shum\u00eb Foto: Fshati Kryth\u00eb, Ulqin Facebook Kam disa pyetje per juve bashkevendas\" \/>\n<meta property=\"og:url\" content=\"https:\/\/www.visit-ulcinj.com\/blog\/2017\/06\/08\/rreth-shkolles-bedri-elezaga-ne-krythe\/\" \/>\n<meta property=\"og:site_name\" content=\"Lajme nga Ulqini\" \/>\n<meta property=\"article:published_time\" content=\"2017-06-08T08:02:59+00:00\" \/>\n<meta name=\"twitter:label1\" content=\"Written by\" \/>\n\t<meta name=\"twitter:data1\" content=\"ulqini\" \/>\n\t<meta name=\"twitter:label2\" content=\"Est. reading time\" \/>\n\t<meta name=\"twitter:data2\" content=\"2 minutes\" \/>\n<script type=\"application\/ld+json\" class=\"yoast-schema-graph\">{\"@context\":\"https:\/\/schema.org\",\"@graph\":[{\"@type\":\"WebSite\",\"@id\":\"https:\/\/www.visit-ulcinj.com\/blog\/#website\",\"url\":\"https:\/\/www.visit-ulcinj.com\/blog\/\",\"name\":\"Lajme nga Ulqini\",\"description\":\"Lajme,Vijesti,Ulqini,Ulqin,Crna Gora,Mali i Zi\",\"potentialAction\":[{\"@type\":\"SearchAction\",\"target\":{\"@type\":\"EntryPoint\",\"urlTemplate\":\"https:\/\/www.visit-ulcinj.com\/blog\/?s={search_term_string}\"},\"query-input\":\"required name=search_term_string\"}],\"inLanguage\":\"en-US\"},{\"@type\":\"WebPage\",\"@id\":\"https:\/\/www.visit-ulcinj.com\/blog\/2017\/06\/08\/rreth-shkolles-bedri-elezaga-ne-krythe\/#webpage\",\"url\":\"https:\/\/www.visit-ulcinj.com\/blog\/2017\/06\/08\/rreth-shkolles-bedri-elezaga-ne-krythe\/\",\"name\":\"Rreth Shkoll\u00ebs \\\"Bedri Elezaga\\\" ne Krythe - Lajme nga Ulqini\",\"isPartOf\":{\"@id\":\"https:\/\/www.visit-ulcinj.com\/blog\/#website\"},\"datePublished\":\"2017-06-08T08:02:59+00:00\",\"dateModified\":\"2017-06-08T08:02:59+00:00\",\"author\":{\"@id\":\"https:\/\/www.visit-ulcinj.com\/blog\/#\/schema\/person\/dcab619c614d3038751c63bc2aadc06d\"},\"description\":\"Disa foto rreth e perreth Shkolles tone \\\"Bedri Elezaga\\\" ne Krythe. P\u00ebr m\u00eb shum\u00eb Foto: Fshati Kryth\u00eb, Ulqin Facebook Kam disa pyetje per juve bashkevendas\",\"breadcrumb\":{\"@id\":\"https:\/\/www.visit-ulcinj.com\/blog\/2017\/06\/08\/rreth-shkolles-bedri-elezaga-ne-krythe\/#breadcrumb\"},\"inLanguage\":\"en-US\",\"potentialAction\":[{\"@type\":\"ReadAction\",\"target\":[\"https:\/\/www.visit-ulcinj.com\/blog\/2017\/06\/08\/rreth-shkolles-bedri-elezaga-ne-krythe\/\"]}]},{\"@type\":\"BreadcrumbList\",\"@id\":\"https:\/\/www.visit-ulcinj.com\/blog\/2017\/06\/08\/rreth-shkolles-bedri-elezaga-ne-krythe\/#breadcrumb\",\"itemListElement\":[{\"@type\":\"ListItem\",\"position\":1,\"name\":\"Rreth Shkoll\u00ebs &#8220;Bedri Elezaga&#8221; ne Krythe\"}]},{\"@type\":\"Person\",\"@id\":\"https:\/\/www.visit-ulcinj.com\/blog\/#\/schema\/person\/dcab619c614d3038751c63bc2aadc06d\",\"name\":\"ulqini\",\"sameAs\":[\"http:\/\/www.visit-ulcinj.com\"],\"url\":\"https:\/\/www.visit-ulcinj.com\/blog\/author\/admin\/\"}]}<\/script>\n<!-- \/ Yoast SEO plugin. -->","yoast_head_json":{"title":"Rreth Shkoll\u00ebs \"Bedri Elezaga\" ne Krythe - Lajme nga Ulqini","description":"Disa foto rreth e perreth Shkolles tone \"Bedri Elezaga\" ne Krythe. P\u00ebr m\u00eb shum\u00eb Foto: Fshati Kryth\u00eb, Ulqin Facebook Kam disa pyetje per juve bashkevendas","robots":{"index":"index","follow":"follow","max-snippet":"max-snippet:-1","max-image-preview":"max-image-preview:large","max-video-preview":"max-video-preview:-1"},"canonical":"https:\/\/www.visit-ulcinj.com\/blog\/2017\/06\/08\/rreth-shkolles-bedri-elezaga-ne-krythe\/","og_locale":"en_US","og_type":"article","og_title":"Rreth Shkoll\u00ebs \"Bedri Elezaga\" ne Krythe - Lajme nga Ulqini","og_description":"Disa foto rreth e perreth Shkolles tone \"Bedri Elezaga\" ne Krythe. P\u00ebr m\u00eb shum\u00eb Foto: Fshati Kryth\u00eb, Ulqin Facebook Kam disa pyetje per juve bashkevendas","og_url":"https:\/\/www.visit-ulcinj.com\/blog\/2017\/06\/08\/rreth-shkolles-bedri-elezaga-ne-krythe\/","og_site_name":"Lajme nga Ulqini","article_published_time":"2017-06-08T08:02:59+00:00","twitter_misc":{"Written by":"ulqini","Est. reading time":"2 minutes"},"schema":{"@context":"https:\/\/schema.org","@graph":[{"@type":"WebSite","@id":"https:\/\/www.visit-ulcinj.com\/blog\/#website","url":"https:\/\/www.visit-ulcinj.com\/blog\/","name":"Lajme nga Ulqini","description":"Lajme,Vijesti,Ulqini,Ulqin,Crna Gora,Mali i Zi","potentialAction":[{"@type":"SearchAction","target":{"@type":"EntryPoint","urlTemplate":"https:\/\/www.visit-ulcinj.com\/blog\/?s={search_term_string}"},"query-input":"required name=search_term_string"}],"inLanguage":"en-US"},{"@type":"WebPage","@id":"https:\/\/www.visit-ulcinj.com\/blog\/2017\/06\/08\/rreth-shkolles-bedri-elezaga-ne-krythe\/#webpage","url":"https:\/\/www.visit-ulcinj.com\/blog\/2017\/06\/08\/rreth-shkolles-bedri-elezaga-ne-krythe\/","name":"Rreth Shkoll\u00ebs \"Bedri Elezaga\" ne Krythe - Lajme nga Ulqini","isPartOf":{"@id":"https:\/\/www.visit-ulcinj.com\/blog\/#website"},"datePublished":"2017-06-08T08:02:59+00:00","dateModified":"2017-06-08T08:02:59+00:00","author":{"@id":"https:\/\/www.visit-ulcinj.com\/blog\/#\/schema\/person\/dcab619c614d3038751c63bc2aadc06d"},"description":"Disa foto rreth e perreth Shkolles tone \"Bedri Elezaga\" ne Krythe. P\u00ebr m\u00eb shum\u00eb Foto: Fshati Kryth\u00eb, Ulqin Facebook Kam disa pyetje per juve bashkevendas","breadcrumb":{"@id":"https:\/\/www.visit-ulcinj.com\/blog\/2017\/06\/08\/rreth-shkolles-bedri-elezaga-ne-krythe\/#breadcrumb"},"inLanguage":"en-US","potentialAction":[{"@type":"ReadAction","target":["https:\/\/www.visit-ulcinj.com\/blog\/2017\/06\/08\/rreth-shkolles-bedri-elezaga-ne-krythe\/"]}]},{"@type":"BreadcrumbList","@id":"https:\/\/www.visit-ulcinj.com\/blog\/2017\/06\/08\/rreth-shkolles-bedri-elezaga-ne-krythe\/#breadcrumb","itemListElement":[{"@type":"ListItem","position":1,"name":"Rreth Shkoll\u00ebs &#8220;Bedri Elezaga&#8221; ne Krythe"}]},{"@type":"Person","@id":"https:\/\/www.visit-ulcinj.com\/blog\/#\/schema\/person\/dcab619c614d3038751c63bc2aadc06d","name":"ulqini","sameAs":["http:\/\/www.visit-ulcinj.com"],"url":"https:\/\/www.visit-ulcinj.com\/blog\/author\/admin\/"}]}},"jetpack_featured_media_url":"","jetpack_sharing_enabled":true,"jetpack_shortlink":"https:\/\/wp.me\/pe6lTn-rrw","_links":{"self":[{"href":"https:\/\/www.visit-ulcinj.com\/blog\/wp-json\/wp\/v2\/posts\/105494"}],"collection":[{"href":"https:\/\/www.visit-ulcinj.com\/blog\/wp-json\/wp\/v2\/posts"}],"about":[{"href":"https:\/\/www.visit-ulcinj.com\/blog\/wp-json\/wp\/v2\/types\/post"}],"author":[{"embeddable":true,"href":"https:\/\/www.visit-ulcinj.com\/blog\/wp-json\/wp\/v2\/users\/1"}],"replies":[{"embeddable":true,"href":"https:\/\/www.visit-ulcinj.com\/blog\/wp-json\/wp\/v2\/comments?post=105494"}],"version-history":[{"count":2,"href":"https:\/\/www.visit-ulcinj.com\/blog\/wp-json\/wp\/v2\/posts\/105494\/revisions"}],"predecessor-version":[{"id":105497,"href":"https:\/\/www.visit-ulcinj.com\/blog\/wp-json\/wp\/v2\/posts\/105494\/revisions\/105497"}],"wp:attachment":[{"href":"https:\/\/www.visit-ulcinj.com\/blog\/wp-json\/wp\/v2\/media?parent=105494"}],"wp:term":[{"taxonomy":"category","embeddable":true,"href":"https:\/\/www.visit-ulcinj.com\/blog\/wp-json\/wp\/v2\/categories?post=105494"},{"taxonomy":"post_tag","embeddable":true,"href":"https:\/\/www.visit-ulcinj.com\/blog\/wp-json\/wp\/v2\/tags?post=105494"}],"curies":[{"name":"wp","href":"https:\/\/api.w.org\/{rel}","templated":true}]}}