{"id":105512,"date":"2017-06-09T17:24:10","date_gmt":"2017-06-09T16:24:10","guid":{"rendered":"http:\/\/www.visit-ulcinj.com\/blog\/?p=105512"},"modified":"2017-06-09T17:24:10","modified_gmt":"2017-06-09T16:24:10","slug":"sot-behet-sperkatja-e-pare-kunder-mushkonjave-per-kete-vit-ne-ulqin","status":"publish","type":"post","link":"https:\/\/www.visit-ulcinj.com\/blog\/2017\/06\/09\/sot-behet-sperkatja-e-pare-kunder-mushkonjave-per-kete-vit-ne-ulqin\/","title":{"rendered":"Sot b\u00ebhet sp\u00ebrkatja e par\u00eb kund\u00ebr mushkonjave p\u00ebr k\u00ebt\u00eb vit n\u00eb Ulqin"},"content":{"rendered":"<p class=\"row-big-title\"><strong><a href=\"http:\/\/www.visit-ulcinj.com\/blog\/wp-content\/uploads\/2017\/06\/sp\u00ebrkatja-e-par\u00eb-kund\u00ebr-mushkonjave-ulqin.jpg\"><img loading=\"lazy\" class=\"alignleft wp-image-105513\" src=\"http:\/\/www.visit-ulcinj.com\/blog\/wp-content\/uploads\/2017\/06\/sp\u00ebrkatja-e-par\u00eb-kund\u00ebr-mushkonjave-ulqin.jpg\" alt=\"\" width=\"508\" height=\"381\" srcset=\"https:\/\/www.visit-ulcinj.com\/blog\/wp-content\/uploads\/2017\/06\/sp\u00ebrkatja-e-par\u00eb-kund\u00ebr-mushkonjave-ulqin.jpg 999w, https:\/\/www.visit-ulcinj.com\/blog\/wp-content\/uploads\/2017\/06\/sp\u00ebrkatja-e-par\u00eb-kund\u00ebr-mushkonjave-ulqin-300x225.jpg 300w, https:\/\/www.visit-ulcinj.com\/blog\/wp-content\/uploads\/2017\/06\/sp\u00ebrkatja-e-par\u00eb-kund\u00ebr-mushkonjave-ulqin-768x576.jpg 768w\" sizes=\"(max-width: 508px) 100vw, 508px\" \/><\/a>Komuna e Ulqinit fillon nj\u00eb s\u00ebr\u00eb aksionesh n\u00eb asgj\u00ebsimin e mushkonjave<\/strong><\/p>\n<p>Sot b\u00ebhet sp\u00ebrkatja e par\u00eb kund\u00ebr mushkonjave p\u00ebr k\u00ebt\u00eb vit n\u00eb komun\u00ebn e Ulqinit. Sekretarijati p\u00ebr veprimtari komunale dhe mrojt\u00ebje t\u00eb ambinetit n\u00eb kuad\u00ebr\u00a0t\u00eb masave\u00a0t\u00eb rritjes dhe\u00a0sigurimit\u00a0t\u00eb cil\u00ebsis\u00eb p\u00ebr sezonin turistik ka zhvilluar\u00a0aksionin e asgj\u00ebsimit t\u00eb mushkonjave n\u00eb gjith\u00eb territorin e komun\u00ebs s\u00eb Ulqinit. Akcioni\u00a0\u00ebsht\u00eb p\u00ebrq\u00ebndruar n\u00eb lokalitetet\u00a0nga Ada n\u00eb Bun\u00eb, p\u00ebrgjat\u00eb gjitha lagjeve t\u00eb Shtojit deri t\u00eb Re\u00e7i, Plazhi i Madh, hap\u00ebsira q\u00eb p\u00ebrfshin\u00eb kompleksin e hoteleve t\u00eb \u201cRivier\u00ebs s\u00eb Ulqinit\u201d, Kanalin Port Milena, hap\u00ebsirat p\u00ebrgjat\u00eb kanalit t\u00eb Kripores deri te moli i Gjeranave, Gjerana 1 dhe 2, Bulevardi Teuta, kanali i Bratic\u00ebs,\u00a0hap\u00ebsira n\u00eb Fush\u00eb t\u00eb Ulqinit, Kodrat, rruga \u201cN\u00ebna Terez\u00eb\u201d, Bul. \u201cSami Frash\u00ebri\u201d, lokaliteti Totoshi, hap\u00ebsira p\u00ebrgjat\u00eb rrug\u00ebs nga nd\u00ebrmarrja\u00a0Lali Commerce drejt\u00eb Kollomz\u00ebs deri te Ura e Sarajit, Pistull e Zogaj p\u00ebrgjat\u00eb rrug\u00ebs deri te rrethrrotullimi te nd\u00ebrmarrja Komunale, Rruga \u201cKosova\u201d, Pinjeshi, shetitorja n\u00eb Ran\u00eb\u00a0deri te hoteli Albatros, Meteriz,Lagja Mahalla e Re, rruga p\u00ebr Valdanos dhe n\u00eb Valdanos, qendra e qytetit, Bulevardi Gj.K.Skenderbeu dhe lokaliteti Mali i Bardh\u00eb.<\/p>\n<p>St\u00ebrpikja \u00ebsht\u00eb b\u00ebr\u00eb\u00a0me metod\u00ebn e tymosjes\u00a0me preparatin DELTAMETHRIN 2,5EC nga ana e Nd\u00ebrmarrjes\u00a0sanitare &#8211; ekologjike DISSAN nga Podgorica. Ky ka qen\u00eb trajtimi i tret\u00eb,nd\u00ebrkoh\u00eb q\u00eb me kontrat\u00eb parashihet\u00a0q\u00eb t\u00eb realizohen\u00a0 dhe kat\u00ebr\u00a0 trajtime t\u00eb reja.<\/p>\n","protected":false},"excerpt":{"rendered":"<p>Komuna e Ulqinit fillon nj\u00eb s\u00ebr\u00eb aksionesh n\u00eb asgj\u00ebsimin e mushkonjave Sot b\u00ebhet sp\u00ebrkatja e par\u00eb kund\u00ebr mushkonjave p\u00ebr k\u00ebt\u00eb vit n\u00eb komun\u00ebn e Ulqinit. Sekretarijati p\u00ebr veprimtari komunale dhe mrojt\u00ebje t\u00eb ambinetit n\u00eb kuad\u00ebr\u00a0t\u00eb masave\u00a0t\u00eb rritjes dhe\u00a0sigurimit\u00a0t\u00eb cil\u00ebsis\u00eb p\u00ebr sezonin turistik ka zhvilluar\u00a0aksionin e asgj\u00ebsimit t\u00eb mushkonjave n\u00eb gjith\u00eb territorin e komun\u00ebs s\u00eb Ulqinit. [&hellip;]<\/p>\n","protected":false},"author":1,"featured_media":0,"comment_status":"closed","ping_status":"closed","sticky":false,"template":"","format":"standard","meta":{"spay_email":"","jetpack_publicize_message":"","jetpack_is_tweetstorm":false,"jetpack_publicize_feature_enabled":true},"categories":[6950],"tags":[],"jetpack_publicize_connections":[],"yoast_head":"<!-- This site is optimized with the Yoast SEO plugin v19.1 - https:\/\/yoast.com\/wordpress\/plugins\/seo\/ -->\n<title>Sot b\u00ebhet sp\u00ebrkatja e par\u00eb kund\u00ebr mushkonjave p\u00ebr k\u00ebt\u00eb vit n\u00eb Ulqin - Lajme nga Ulqini<\/title>\n<meta name=\"description\" content=\"Komuna e Ulqinit fillon nj\u00eb s\u00ebr\u00eb aksionesh n\u00eb asgj\u00ebsimin e mushkonjave Sot b\u00ebhet sp\u00ebrkatja e par\u00eb kund\u00ebr mushkonjave p\u00ebr k\u00ebt\u00eb vit n\u00eb komun\u00ebn e Ulqinit.\" \/>\n<meta name=\"robots\" content=\"index, follow, max-snippet:-1, max-image-preview:large, max-video-preview:-1\" \/>\n<link rel=\"canonical\" href=\"https:\/\/www.visit-ulcinj.com\/blog\/2017\/06\/09\/sot-behet-sperkatja-e-pare-kunder-mushkonjave-per-kete-vit-ne-ulqin\/\" \/>\n<meta property=\"og:locale\" content=\"en_US\" \/>\n<meta property=\"og:type\" content=\"article\" \/>\n<meta property=\"og:title\" content=\"Sot b\u00ebhet sp\u00ebrkatja e par\u00eb kund\u00ebr mushkonjave p\u00ebr k\u00ebt\u00eb vit n\u00eb Ulqin - Lajme nga Ulqini\" \/>\n<meta property=\"og:description\" content=\"Komuna e Ulqinit fillon nj\u00eb s\u00ebr\u00eb aksionesh n\u00eb asgj\u00ebsimin e mushkonjave Sot b\u00ebhet sp\u00ebrkatja e par\u00eb kund\u00ebr mushkonjave p\u00ebr k\u00ebt\u00eb vit n\u00eb komun\u00ebn e Ulqinit.\" \/>\n<meta property=\"og:url\" content=\"https:\/\/www.visit-ulcinj.com\/blog\/2017\/06\/09\/sot-behet-sperkatja-e-pare-kunder-mushkonjave-per-kete-vit-ne-ulqin\/\" \/>\n<meta property=\"og:site_name\" content=\"Lajme nga Ulqini\" \/>\n<meta property=\"article:published_time\" content=\"2017-06-09T16:24:10+00:00\" \/>\n<meta name=\"twitter:label1\" content=\"Written by\" \/>\n\t<meta name=\"twitter:data1\" content=\"ulqini\" \/>\n\t<meta name=\"twitter:label2\" content=\"Est. reading time\" \/>\n\t<meta name=\"twitter:data2\" content=\"1 minute\" \/>\n<script type=\"application\/ld+json\" class=\"yoast-schema-graph\">{\"@context\":\"https:\/\/schema.org\",\"@graph\":[{\"@type\":\"WebSite\",\"@id\":\"https:\/\/www.visit-ulcinj.com\/blog\/#website\",\"url\":\"https:\/\/www.visit-ulcinj.com\/blog\/\",\"name\":\"Lajme nga Ulqini\",\"description\":\"Lajme,Vijesti,Ulqini,Ulqin,Crna Gora,Mali i Zi\",\"potentialAction\":[{\"@type\":\"SearchAction\",\"target\":{\"@type\":\"EntryPoint\",\"urlTemplate\":\"https:\/\/www.visit-ulcinj.com\/blog\/?s={search_term_string}\"},\"query-input\":\"required name=search_term_string\"}],\"inLanguage\":\"en-US\"},{\"@type\":\"WebPage\",\"@id\":\"https:\/\/www.visit-ulcinj.com\/blog\/2017\/06\/09\/sot-behet-sperkatja-e-pare-kunder-mushkonjave-per-kete-vit-ne-ulqin\/#webpage\",\"url\":\"https:\/\/www.visit-ulcinj.com\/blog\/2017\/06\/09\/sot-behet-sperkatja-e-pare-kunder-mushkonjave-per-kete-vit-ne-ulqin\/\",\"name\":\"Sot b\u00ebhet sp\u00ebrkatja e par\u00eb kund\u00ebr mushkonjave p\u00ebr k\u00ebt\u00eb vit n\u00eb Ulqin - Lajme nga Ulqini\",\"isPartOf\":{\"@id\":\"https:\/\/www.visit-ulcinj.com\/blog\/#website\"},\"datePublished\":\"2017-06-09T16:24:10+00:00\",\"dateModified\":\"2017-06-09T16:24:10+00:00\",\"author\":{\"@id\":\"https:\/\/www.visit-ulcinj.com\/blog\/#\/schema\/person\/dcab619c614d3038751c63bc2aadc06d\"},\"description\":\"Komuna e Ulqinit fillon nj\u00eb s\u00ebr\u00eb aksionesh n\u00eb asgj\u00ebsimin e mushkonjave Sot b\u00ebhet sp\u00ebrkatja e par\u00eb kund\u00ebr mushkonjave p\u00ebr k\u00ebt\u00eb vit n\u00eb komun\u00ebn e Ulqinit.\",\"breadcrumb\":{\"@id\":\"https:\/\/www.visit-ulcinj.com\/blog\/2017\/06\/09\/sot-behet-sperkatja-e-pare-kunder-mushkonjave-per-kete-vit-ne-ulqin\/#breadcrumb\"},\"inLanguage\":\"en-US\",\"potentialAction\":[{\"@type\":\"ReadAction\",\"target\":[\"https:\/\/www.visit-ulcinj.com\/blog\/2017\/06\/09\/sot-behet-sperkatja-e-pare-kunder-mushkonjave-per-kete-vit-ne-ulqin\/\"]}]},{\"@type\":\"BreadcrumbList\",\"@id\":\"https:\/\/www.visit-ulcinj.com\/blog\/2017\/06\/09\/sot-behet-sperkatja-e-pare-kunder-mushkonjave-per-kete-vit-ne-ulqin\/#breadcrumb\",\"itemListElement\":[{\"@type\":\"ListItem\",\"position\":1,\"name\":\"Sot b\u00ebhet sp\u00ebrkatja e par\u00eb kund\u00ebr mushkonjave p\u00ebr k\u00ebt\u00eb vit n\u00eb Ulqin\"}]},{\"@type\":\"Person\",\"@id\":\"https:\/\/www.visit-ulcinj.com\/blog\/#\/schema\/person\/dcab619c614d3038751c63bc2aadc06d\",\"name\":\"ulqini\",\"sameAs\":[\"http:\/\/www.visit-ulcinj.com\"],\"url\":\"https:\/\/www.visit-ulcinj.com\/blog\/author\/admin\/\"}]}<\/script>\n<!-- \/ Yoast SEO plugin. -->","yoast_head_json":{"title":"Sot b\u00ebhet sp\u00ebrkatja e par\u00eb kund\u00ebr mushkonjave p\u00ebr k\u00ebt\u00eb vit n\u00eb Ulqin - Lajme nga Ulqini","description":"Komuna e Ulqinit fillon nj\u00eb s\u00ebr\u00eb aksionesh n\u00eb asgj\u00ebsimin e mushkonjave Sot b\u00ebhet sp\u00ebrkatja e par\u00eb kund\u00ebr mushkonjave p\u00ebr k\u00ebt\u00eb vit n\u00eb komun\u00ebn e Ulqinit.","robots":{"index":"index","follow":"follow","max-snippet":"max-snippet:-1","max-image-preview":"max-image-preview:large","max-video-preview":"max-video-preview:-1"},"canonical":"https:\/\/www.visit-ulcinj.com\/blog\/2017\/06\/09\/sot-behet-sperkatja-e-pare-kunder-mushkonjave-per-kete-vit-ne-ulqin\/","og_locale":"en_US","og_type":"article","og_title":"Sot b\u00ebhet sp\u00ebrkatja e par\u00eb kund\u00ebr mushkonjave p\u00ebr k\u00ebt\u00eb vit n\u00eb Ulqin - Lajme nga Ulqini","og_description":"Komuna e Ulqinit fillon nj\u00eb s\u00ebr\u00eb aksionesh n\u00eb asgj\u00ebsimin e mushkonjave Sot b\u00ebhet sp\u00ebrkatja e par\u00eb kund\u00ebr mushkonjave p\u00ebr k\u00ebt\u00eb vit n\u00eb komun\u00ebn e Ulqinit.","og_url":"https:\/\/www.visit-ulcinj.com\/blog\/2017\/06\/09\/sot-behet-sperkatja-e-pare-kunder-mushkonjave-per-kete-vit-ne-ulqin\/","og_site_name":"Lajme nga Ulqini","article_published_time":"2017-06-09T16:24:10+00:00","twitter_misc":{"Written by":"ulqini","Est. reading time":"1 minute"},"schema":{"@context":"https:\/\/schema.org","@graph":[{"@type":"WebSite","@id":"https:\/\/www.visit-ulcinj.com\/blog\/#website","url":"https:\/\/www.visit-ulcinj.com\/blog\/","name":"Lajme nga Ulqini","description":"Lajme,Vijesti,Ulqini,Ulqin,Crna Gora,Mali i Zi","potentialAction":[{"@type":"SearchAction","target":{"@type":"EntryPoint","urlTemplate":"https:\/\/www.visit-ulcinj.com\/blog\/?s={search_term_string}"},"query-input":"required name=search_term_string"}],"inLanguage":"en-US"},{"@type":"WebPage","@id":"https:\/\/www.visit-ulcinj.com\/blog\/2017\/06\/09\/sot-behet-sperkatja-e-pare-kunder-mushkonjave-per-kete-vit-ne-ulqin\/#webpage","url":"https:\/\/www.visit-ulcinj.com\/blog\/2017\/06\/09\/sot-behet-sperkatja-e-pare-kunder-mushkonjave-per-kete-vit-ne-ulqin\/","name":"Sot b\u00ebhet sp\u00ebrkatja e par\u00eb kund\u00ebr mushkonjave p\u00ebr k\u00ebt\u00eb vit n\u00eb Ulqin - Lajme nga Ulqini","isPartOf":{"@id":"https:\/\/www.visit-ulcinj.com\/blog\/#website"},"datePublished":"2017-06-09T16:24:10+00:00","dateModified":"2017-06-09T16:24:10+00:00","author":{"@id":"https:\/\/www.visit-ulcinj.com\/blog\/#\/schema\/person\/dcab619c614d3038751c63bc2aadc06d"},"description":"Komuna e Ulqinit fillon nj\u00eb s\u00ebr\u00eb aksionesh n\u00eb asgj\u00ebsimin e mushkonjave Sot b\u00ebhet sp\u00ebrkatja e par\u00eb kund\u00ebr mushkonjave p\u00ebr k\u00ebt\u00eb vit n\u00eb komun\u00ebn e Ulqinit.","breadcrumb":{"@id":"https:\/\/www.visit-ulcinj.com\/blog\/2017\/06\/09\/sot-behet-sperkatja-e-pare-kunder-mushkonjave-per-kete-vit-ne-ulqin\/#breadcrumb"},"inLanguage":"en-US","potentialAction":[{"@type":"ReadAction","target":["https:\/\/www.visit-ulcinj.com\/blog\/2017\/06\/09\/sot-behet-sperkatja-e-pare-kunder-mushkonjave-per-kete-vit-ne-ulqin\/"]}]},{"@type":"BreadcrumbList","@id":"https:\/\/www.visit-ulcinj.com\/blog\/2017\/06\/09\/sot-behet-sperkatja-e-pare-kunder-mushkonjave-per-kete-vit-ne-ulqin\/#breadcrumb","itemListElement":[{"@type":"ListItem","position":1,"name":"Sot b\u00ebhet sp\u00ebrkatja e par\u00eb kund\u00ebr mushkonjave p\u00ebr k\u00ebt\u00eb vit n\u00eb Ulqin"}]},{"@type":"Person","@id":"https:\/\/www.visit-ulcinj.com\/blog\/#\/schema\/person\/dcab619c614d3038751c63bc2aadc06d","name":"ulqini","sameAs":["http:\/\/www.visit-ulcinj.com"],"url":"https:\/\/www.visit-ulcinj.com\/blog\/author\/admin\/"}]}},"jetpack_featured_media_url":"","jetpack_sharing_enabled":true,"jetpack_shortlink":"https:\/\/wp.me\/pe6lTn-rrO","_links":{"self":[{"href":"https:\/\/www.visit-ulcinj.com\/blog\/wp-json\/wp\/v2\/posts\/105512"}],"collection":[{"href":"https:\/\/www.visit-ulcinj.com\/blog\/wp-json\/wp\/v2\/posts"}],"about":[{"href":"https:\/\/www.visit-ulcinj.com\/blog\/wp-json\/wp\/v2\/types\/post"}],"author":[{"embeddable":true,"href":"https:\/\/www.visit-ulcinj.com\/blog\/wp-json\/wp\/v2\/users\/1"}],"replies":[{"embeddable":true,"href":"https:\/\/www.visit-ulcinj.com\/blog\/wp-json\/wp\/v2\/comments?post=105512"}],"version-history":[{"count":1,"href":"https:\/\/www.visit-ulcinj.com\/blog\/wp-json\/wp\/v2\/posts\/105512\/revisions"}],"predecessor-version":[{"id":105514,"href":"https:\/\/www.visit-ulcinj.com\/blog\/wp-json\/wp\/v2\/posts\/105512\/revisions\/105514"}],"wp:attachment":[{"href":"https:\/\/www.visit-ulcinj.com\/blog\/wp-json\/wp\/v2\/media?parent=105512"}],"wp:term":[{"taxonomy":"category","embeddable":true,"href":"https:\/\/www.visit-ulcinj.com\/blog\/wp-json\/wp\/v2\/categories?post=105512"},{"taxonomy":"post_tag","embeddable":true,"href":"https:\/\/www.visit-ulcinj.com\/blog\/wp-json\/wp\/v2\/tags?post=105512"}],"curies":[{"name":"wp","href":"https:\/\/api.w.org\/{rel}","templated":true}]}}