{"id":105522,"date":"2017-06-11T17:13:18","date_gmt":"2017-06-11T16:13:18","guid":{"rendered":"http:\/\/www.visit-ulcinj.com\/blog\/?p=105522"},"modified":"2017-06-11T17:15:25","modified_gmt":"2017-06-11T16:15:25","slug":"mz-kruce-opstina-ulcinj-nema-saglasnost-da-na-hije-odlaze-otpad","status":"publish","type":"post","link":"https:\/\/www.visit-ulcinj.com\/blog\/2017\/06\/11\/mz-kruce-opstina-ulcinj-nema-saglasnost-da-na-hije-odlaze-otpad\/","title":{"rendered":"MZ Kru\u010de: Op\u0161tina Ulcinj nema saglasnost da na Hije odla\u017ee otpad"},"content":{"rendered":"<p><strong><a href=\"http:\/\/www.visit-ulcinj.com\/blog\/wp-content\/uploads\/2017\/06\/Deponija-Hije-Kruce-Ulcinj.jpg\"><img loading=\"lazy\" class=\"alignleft wp-image-105523\" src=\"http:\/\/www.visit-ulcinj.com\/blog\/wp-content\/uploads\/2017\/06\/Deponija-Hije-Kruce-Ulcinj.jpg\" alt=\"\" width=\"508\" height=\"236\" srcset=\"https:\/\/www.visit-ulcinj.com\/blog\/wp-content\/uploads\/2017\/06\/Deponija-Hije-Kruce-Ulcinj.jpg 635w, https:\/\/www.visit-ulcinj.com\/blog\/wp-content\/uploads\/2017\/06\/Deponija-Hije-Kruce-Ulcinj-300x139.jpg 300w\" sizes=\"(max-width: 508px) 100vw, 508px\" \/><\/a>Ulcinj: Sme\u0107e sti\u017ee bez znanja mje\u0161tana<\/strong><\/p>\n<p class=\"lead\">Odbor Mjesne zajednice navodno dao saglasnost, mje\u0161tani \u0107e se ipak sastati u nedjelju&#8230;<\/p>\n<p class=\"lead\"><span class=\"credits__author\"> <strong>Autor: <a href=\"http:\/\/www.vijesti.me\/autori\/samir-adrovic-85\/profil\">Samir Adrovi\u0107<\/a> <\/strong><\/span><\/p>\n<p>Lokalna vlast namjerava da tokom ljetnje sezone otpad odla\u017ee na nekada\u0161njoj deponiji Hije, u Kru\u010dama kod Ulcinja.<\/p>\n<p>Mje\u0161tani i vikenda\u0161i navodno nijesu upoznati sa namjerom da se na nekada\u0161njoj deponiji \u00a0sme\u0107e \u00a0odla\u017ee sljede\u0107ih 100 dana i u nedjelju \u0107e odlu\u010diti da li \u0107e dati zeleno svjetlo.<\/p>\n<p>\u201cDo nedjelje ne mogu da govorim o tome\u201d, kazao je potpredsjednik Odbora Mjesne zajednice Kru\u010de Pavle Vu\u010deti\u0107.<\/p>\n<p>Ve\u0107inom glasova, Odbor je, me\u0111utim, ve\u0107 donio odluku o tome, o \u010demu svjedo\u010di i pisana saglasnost ekolo\u0161ke inspektorke Vesne Vu\u010dini\u0107 koja u obrazlo\u017eenju zaklju\u010dka isti\u010de odluku MZ Kru\u010de.<\/p>\n<p>Vu\u010dini\u0107eva je zaklju\u010dkom prolongirala rok Op\u0161tini za odlaganje biootpada u mjestu Ga\u010d prema Vladimiru, zbog toga \u0161to je Skup\u0161tina odluku o dono\u0161enju lokalnog plana upravljana komunalnim i neopasnim gra\u0111evinskim otpadom usvojila tek krajem marta ove godine. Pobjednik tendera ima zadatak da pro\u0161iri put do novog smetli\u0161ta, \u0161to mo\u017ee trajati do kraja jula ili du\u017ee.<\/p>\n<p>Deponijna Hije zvani\u010dno je zatvorena krajem 2011. godine, ali su se i nakon toga \u201csme\u0107are\u201d iz Ulcinja i jo\u0161 nekih primorskih gradova mogle vidjeti na strmoj uzbrdici koja vodi do jedne od najatraktivinjih lokacija na primorju.<\/p>\n<p>\u010clan Odbora MZ Kru\u010de Pero Junkovi\u0107 glasao je protiv toga da se ponovo aktivira deponija Hije.<\/p>\n<p>\u201cNiko nije pitao narod koji \u017eivi ovdje. Nijesmo neprijatelji grada ako \u017eelimo da sa\u010duvamo okolinu i prostor u kome \u017eivimo\u201d.<\/p>\n<p>Dogovor o odlaganju otpada izdejstvovao je predsjednik Op\u0161tine Nazif Cungu.<\/p>\n<p>\u201cTu \u0107emo odlagati \u010dvrsti otpad dok ne otvorimo Ga\u010d. Kasnije \u0107emo sve izmjestiti na novu deponiju i tu ni\u0161ta nije sporno jer imamo saglasnost i MZ i inspekcije\u201d, kazao je Cungu, lider Force, partije koja je na vlasti u Ulcinju.<\/p>\n<p><a href=\"http:\/\/www.visit-ulcinj.com\/blog\/wp-content\/uploads\/2017\/06\/Nazif-Cungu-Deponija-Hije.jpg\"><img loading=\"lazy\" class=\"alignleft wp-image-105527\" src=\"http:\/\/www.visit-ulcinj.com\/blog\/wp-content\/uploads\/2017\/06\/Nazif-Cungu-Deponija-Hije.jpg\" alt=\"\" width=\"508\" height=\"382\" srcset=\"https:\/\/www.visit-ulcinj.com\/blog\/wp-content\/uploads\/2017\/06\/Nazif-Cungu-Deponija-Hije.jpg 477w, https:\/\/www.visit-ulcinj.com\/blog\/wp-content\/uploads\/2017\/06\/Nazif-Cungu-Deponija-Hije-300x226.jpg 300w\" sizes=\"(max-width: 508px) 100vw, 508px\" \/><\/a><\/p>\n<p><strong>Cungu se predomislio, Forca se zalagala da Hije budu \u010diste<\/strong><\/p>\n<p>Nekoliko godina ranije, kada je budvansko Komunalno odlagalo otpad u Hijama, \u00a0Cungu \u00a0je bio druga\u010dijeg mi\u0161ljenja.<\/p>\n<p>\u201cForca se uvijek zalagala za trajnu zabranu odlaganja bilo kakvog otpada u mjestu Hije, kao i za revitalizaciju tog podru\u010dja. Ugovor o odlaganju otpadnog mulja iz postrojenja za pre\u010di\u0161\u0107avanje otpadnih voda iz Budve, koji je potpisao Fatmir \u0110eka, za nas je neprihvatljiv\u201d, saop\u0161tili su tada iz Force.<\/p>\n<p><strong>Izvor: Vijesti Online<\/strong><\/p>\n<p>&nbsp;<\/p>\n","protected":false},"excerpt":{"rendered":"<p>Ulcinj: Sme\u0107e sti\u017ee bez znanja mje\u0161tana Odbor Mjesne zajednice navodno dao saglasnost, mje\u0161tani \u0107e se ipak sastati u nedjelju&#8230; Autor: Samir Adrovi\u0107 Lokalna vlast namjerava da tokom ljetnje sezone otpad odla\u017ee na nekada\u0161njoj deponiji Hije, u Kru\u010dama kod Ulcinja. Mje\u0161tani i vikenda\u0161i navodno nijesu upoznati sa namjerom da se na nekada\u0161njoj deponiji \u00a0sme\u0107e \u00a0odla\u017ee sljede\u0107ih [&hellip;]<\/p>\n","protected":false},"author":1,"featured_media":0,"comment_status":"closed","ping_status":"closed","sticky":false,"template":"","format":"standard","meta":{"spay_email":"","jetpack_publicize_message":"","jetpack_is_tweetstorm":false,"jetpack_publicize_feature_enabled":true},"categories":[8337],"tags":[],"jetpack_publicize_connections":[],"yoast_head":"<!-- This site is optimized with the Yoast SEO plugin v19.1 - https:\/\/yoast.com\/wordpress\/plugins\/seo\/ -->\n<title>MZ Kru\u010de: Op\u0161tina Ulcinj nema saglasnost da na Hije odla\u017ee otpad - Lajme nga Ulqini<\/title>\n<meta name=\"description\" content=\"Ulcinj: Sme\u0107e sti\u017ee bez znanja mje\u0161tana Odbor Mjesne zajednice navodno dao saglasnost, mje\u0161tani \u0107e se ipak sastati u nedjelju... Autor: Samir Adrovi\u0107\" \/>\n<meta name=\"robots\" content=\"index, follow, max-snippet:-1, max-image-preview:large, max-video-preview:-1\" \/>\n<link rel=\"canonical\" href=\"https:\/\/www.visit-ulcinj.com\/blog\/2017\/06\/11\/mz-kruce-opstina-ulcinj-nema-saglasnost-da-na-hije-odlaze-otpad\/\" \/>\n<meta property=\"og:locale\" content=\"en_US\" \/>\n<meta property=\"og:type\" content=\"article\" \/>\n<meta property=\"og:title\" content=\"MZ Kru\u010de: Op\u0161tina Ulcinj nema saglasnost da na Hije odla\u017ee otpad - Lajme nga Ulqini\" \/>\n<meta property=\"og:description\" content=\"Ulcinj: Sme\u0107e sti\u017ee bez znanja mje\u0161tana Odbor Mjesne zajednice navodno dao saglasnost, mje\u0161tani \u0107e se ipak sastati u nedjelju... Autor: Samir Adrovi\u0107\" \/>\n<meta property=\"og:url\" content=\"https:\/\/www.visit-ulcinj.com\/blog\/2017\/06\/11\/mz-kruce-opstina-ulcinj-nema-saglasnost-da-na-hije-odlaze-otpad\/\" \/>\n<meta property=\"og:site_name\" content=\"Lajme nga Ulqini\" \/>\n<meta property=\"article:published_time\" content=\"2017-06-11T16:13:18+00:00\" \/>\n<meta property=\"article:modified_time\" content=\"2017-06-11T16:15:25+00:00\" \/>\n<meta property=\"og:image\" content=\"http:\/\/www.visit-ulcinj.com\/blog\/wp-content\/uploads\/2017\/06\/Deponija-Hije-Kruce-Ulcinj.jpg\" \/>\n<meta name=\"twitter:label1\" content=\"Written by\" \/>\n\t<meta name=\"twitter:data1\" content=\"ulqini\" \/>\n\t<meta name=\"twitter:label2\" content=\"Est. reading time\" \/>\n\t<meta name=\"twitter:data2\" content=\"2 minutes\" \/>\n<script type=\"application\/ld+json\" class=\"yoast-schema-graph\">{\"@context\":\"https:\/\/schema.org\",\"@graph\":[{\"@type\":\"WebSite\",\"@id\":\"https:\/\/www.visit-ulcinj.com\/blog\/#website\",\"url\":\"https:\/\/www.visit-ulcinj.com\/blog\/\",\"name\":\"Lajme nga Ulqini\",\"description\":\"Lajme,Vijesti,Ulqini,Ulqin,Crna Gora,Mali i Zi\",\"potentialAction\":[{\"@type\":\"SearchAction\",\"target\":{\"@type\":\"EntryPoint\",\"urlTemplate\":\"https:\/\/www.visit-ulcinj.com\/blog\/?s={search_term_string}\"},\"query-input\":\"required name=search_term_string\"}],\"inLanguage\":\"en-US\"},{\"@type\":\"ImageObject\",\"inLanguage\":\"en-US\",\"@id\":\"https:\/\/www.visit-ulcinj.com\/blog\/2017\/06\/11\/mz-kruce-opstina-ulcinj-nema-saglasnost-da-na-hije-odlaze-otpad\/#primaryimage\",\"url\":\"https:\/\/www.visit-ulcinj.com\/blog\/wp-content\/uploads\/2017\/06\/Deponija-Hije-Kruce-Ulcinj.jpg\",\"contentUrl\":\"https:\/\/www.visit-ulcinj.com\/blog\/wp-content\/uploads\/2017\/06\/Deponija-Hije-Kruce-Ulcinj.jpg\",\"width\":635,\"height\":295},{\"@type\":\"WebPage\",\"@id\":\"https:\/\/www.visit-ulcinj.com\/blog\/2017\/06\/11\/mz-kruce-opstina-ulcinj-nema-saglasnost-da-na-hije-odlaze-otpad\/#webpage\",\"url\":\"https:\/\/www.visit-ulcinj.com\/blog\/2017\/06\/11\/mz-kruce-opstina-ulcinj-nema-saglasnost-da-na-hije-odlaze-otpad\/\",\"name\":\"MZ Kru\u010de: Op\u0161tina Ulcinj nema saglasnost da na Hije odla\u017ee otpad - Lajme nga Ulqini\",\"isPartOf\":{\"@id\":\"https:\/\/www.visit-ulcinj.com\/blog\/#website\"},\"primaryImageOfPage\":{\"@id\":\"https:\/\/www.visit-ulcinj.com\/blog\/2017\/06\/11\/mz-kruce-opstina-ulcinj-nema-saglasnost-da-na-hije-odlaze-otpad\/#primaryimage\"},\"datePublished\":\"2017-06-11T16:13:18+00:00\",\"dateModified\":\"2017-06-11T16:15:25+00:00\",\"author\":{\"@id\":\"https:\/\/www.visit-ulcinj.com\/blog\/#\/schema\/person\/dcab619c614d3038751c63bc2aadc06d\"},\"description\":\"Ulcinj: Sme\u0107e sti\u017ee bez znanja mje\u0161tana Odbor Mjesne zajednice navodno dao saglasnost, mje\u0161tani \u0107e se ipak sastati u nedjelju... Autor: Samir Adrovi\u0107\",\"breadcrumb\":{\"@id\":\"https:\/\/www.visit-ulcinj.com\/blog\/2017\/06\/11\/mz-kruce-opstina-ulcinj-nema-saglasnost-da-na-hije-odlaze-otpad\/#breadcrumb\"},\"inLanguage\":\"en-US\",\"potentialAction\":[{\"@type\":\"ReadAction\",\"target\":[\"https:\/\/www.visit-ulcinj.com\/blog\/2017\/06\/11\/mz-kruce-opstina-ulcinj-nema-saglasnost-da-na-hije-odlaze-otpad\/\"]}]},{\"@type\":\"BreadcrumbList\",\"@id\":\"https:\/\/www.visit-ulcinj.com\/blog\/2017\/06\/11\/mz-kruce-opstina-ulcinj-nema-saglasnost-da-na-hije-odlaze-otpad\/#breadcrumb\",\"itemListElement\":[{\"@type\":\"ListItem\",\"position\":1,\"name\":\"MZ Kru\u010de: Op\u0161tina Ulcinj nema saglasnost da na Hije odla\u017ee otpad\"}]},{\"@type\":\"Person\",\"@id\":\"https:\/\/www.visit-ulcinj.com\/blog\/#\/schema\/person\/dcab619c614d3038751c63bc2aadc06d\",\"name\":\"ulqini\",\"sameAs\":[\"http:\/\/www.visit-ulcinj.com\"],\"url\":\"https:\/\/www.visit-ulcinj.com\/blog\/author\/admin\/\"}]}<\/script>\n<!-- \/ Yoast SEO plugin. -->","yoast_head_json":{"title":"MZ Kru\u010de: Op\u0161tina Ulcinj nema saglasnost da na Hije odla\u017ee otpad - Lajme nga Ulqini","description":"Ulcinj: Sme\u0107e sti\u017ee bez znanja mje\u0161tana Odbor Mjesne zajednice navodno dao saglasnost, mje\u0161tani \u0107e se ipak sastati u nedjelju... Autor: Samir Adrovi\u0107","robots":{"index":"index","follow":"follow","max-snippet":"max-snippet:-1","max-image-preview":"max-image-preview:large","max-video-preview":"max-video-preview:-1"},"canonical":"https:\/\/www.visit-ulcinj.com\/blog\/2017\/06\/11\/mz-kruce-opstina-ulcinj-nema-saglasnost-da-na-hije-odlaze-otpad\/","og_locale":"en_US","og_type":"article","og_title":"MZ Kru\u010de: Op\u0161tina Ulcinj nema saglasnost da na Hije odla\u017ee otpad - Lajme nga Ulqini","og_description":"Ulcinj: Sme\u0107e sti\u017ee bez znanja mje\u0161tana Odbor Mjesne zajednice navodno dao saglasnost, mje\u0161tani \u0107e se ipak sastati u nedjelju... Autor: Samir Adrovi\u0107","og_url":"https:\/\/www.visit-ulcinj.com\/blog\/2017\/06\/11\/mz-kruce-opstina-ulcinj-nema-saglasnost-da-na-hije-odlaze-otpad\/","og_site_name":"Lajme nga Ulqini","article_published_time":"2017-06-11T16:13:18+00:00","article_modified_time":"2017-06-11T16:15:25+00:00","og_image":[{"url":"http:\/\/www.visit-ulcinj.com\/blog\/wp-content\/uploads\/2017\/06\/Deponija-Hije-Kruce-Ulcinj.jpg"}],"twitter_misc":{"Written by":"ulqini","Est. reading time":"2 minutes"},"schema":{"@context":"https:\/\/schema.org","@graph":[{"@type":"WebSite","@id":"https:\/\/www.visit-ulcinj.com\/blog\/#website","url":"https:\/\/www.visit-ulcinj.com\/blog\/","name":"Lajme nga Ulqini","description":"Lajme,Vijesti,Ulqini,Ulqin,Crna Gora,Mali i Zi","potentialAction":[{"@type":"SearchAction","target":{"@type":"EntryPoint","urlTemplate":"https:\/\/www.visit-ulcinj.com\/blog\/?s={search_term_string}"},"query-input":"required name=search_term_string"}],"inLanguage":"en-US"},{"@type":"ImageObject","inLanguage":"en-US","@id":"https:\/\/www.visit-ulcinj.com\/blog\/2017\/06\/11\/mz-kruce-opstina-ulcinj-nema-saglasnost-da-na-hije-odlaze-otpad\/#primaryimage","url":"https:\/\/www.visit-ulcinj.com\/blog\/wp-content\/uploads\/2017\/06\/Deponija-Hije-Kruce-Ulcinj.jpg","contentUrl":"https:\/\/www.visit-ulcinj.com\/blog\/wp-content\/uploads\/2017\/06\/Deponija-Hije-Kruce-Ulcinj.jpg","width":635,"height":295},{"@type":"WebPage","@id":"https:\/\/www.visit-ulcinj.com\/blog\/2017\/06\/11\/mz-kruce-opstina-ulcinj-nema-saglasnost-da-na-hije-odlaze-otpad\/#webpage","url":"https:\/\/www.visit-ulcinj.com\/blog\/2017\/06\/11\/mz-kruce-opstina-ulcinj-nema-saglasnost-da-na-hije-odlaze-otpad\/","name":"MZ Kru\u010de: Op\u0161tina Ulcinj nema saglasnost da na Hije odla\u017ee otpad - Lajme nga Ulqini","isPartOf":{"@id":"https:\/\/www.visit-ulcinj.com\/blog\/#website"},"primaryImageOfPage":{"@id":"https:\/\/www.visit-ulcinj.com\/blog\/2017\/06\/11\/mz-kruce-opstina-ulcinj-nema-saglasnost-da-na-hije-odlaze-otpad\/#primaryimage"},"datePublished":"2017-06-11T16:13:18+00:00","dateModified":"2017-06-11T16:15:25+00:00","author":{"@id":"https:\/\/www.visit-ulcinj.com\/blog\/#\/schema\/person\/dcab619c614d3038751c63bc2aadc06d"},"description":"Ulcinj: Sme\u0107e sti\u017ee bez znanja mje\u0161tana Odbor Mjesne zajednice navodno dao saglasnost, mje\u0161tani \u0107e se ipak sastati u nedjelju... Autor: Samir Adrovi\u0107","breadcrumb":{"@id":"https:\/\/www.visit-ulcinj.com\/blog\/2017\/06\/11\/mz-kruce-opstina-ulcinj-nema-saglasnost-da-na-hije-odlaze-otpad\/#breadcrumb"},"inLanguage":"en-US","potentialAction":[{"@type":"ReadAction","target":["https:\/\/www.visit-ulcinj.com\/blog\/2017\/06\/11\/mz-kruce-opstina-ulcinj-nema-saglasnost-da-na-hije-odlaze-otpad\/"]}]},{"@type":"BreadcrumbList","@id":"https:\/\/www.visit-ulcinj.com\/blog\/2017\/06\/11\/mz-kruce-opstina-ulcinj-nema-saglasnost-da-na-hije-odlaze-otpad\/#breadcrumb","itemListElement":[{"@type":"ListItem","position":1,"name":"MZ Kru\u010de: Op\u0161tina Ulcinj nema saglasnost da na Hije odla\u017ee otpad"}]},{"@type":"Person","@id":"https:\/\/www.visit-ulcinj.com\/blog\/#\/schema\/person\/dcab619c614d3038751c63bc2aadc06d","name":"ulqini","sameAs":["http:\/\/www.visit-ulcinj.com"],"url":"https:\/\/www.visit-ulcinj.com\/blog\/author\/admin\/"}]}},"jetpack_featured_media_url":"","jetpack_sharing_enabled":true,"jetpack_shortlink":"https:\/\/wp.me\/pe6lTn-rrY","_links":{"self":[{"href":"https:\/\/www.visit-ulcinj.com\/blog\/wp-json\/wp\/v2\/posts\/105522"}],"collection":[{"href":"https:\/\/www.visit-ulcinj.com\/blog\/wp-json\/wp\/v2\/posts"}],"about":[{"href":"https:\/\/www.visit-ulcinj.com\/blog\/wp-json\/wp\/v2\/types\/post"}],"author":[{"embeddable":true,"href":"https:\/\/www.visit-ulcinj.com\/blog\/wp-json\/wp\/v2\/users\/1"}],"replies":[{"embeddable":true,"href":"https:\/\/www.visit-ulcinj.com\/blog\/wp-json\/wp\/v2\/comments?post=105522"}],"version-history":[{"count":3,"href":"https:\/\/www.visit-ulcinj.com\/blog\/wp-json\/wp\/v2\/posts\/105522\/revisions"}],"predecessor-version":[{"id":105530,"href":"https:\/\/www.visit-ulcinj.com\/blog\/wp-json\/wp\/v2\/posts\/105522\/revisions\/105530"}],"wp:attachment":[{"href":"https:\/\/www.visit-ulcinj.com\/blog\/wp-json\/wp\/v2\/media?parent=105522"}],"wp:term":[{"taxonomy":"category","embeddable":true,"href":"https:\/\/www.visit-ulcinj.com\/blog\/wp-json\/wp\/v2\/categories?post=105522"},{"taxonomy":"post_tag","embeddable":true,"href":"https:\/\/www.visit-ulcinj.com\/blog\/wp-json\/wp\/v2\/tags?post=105522"}],"curies":[{"name":"wp","href":"https:\/\/api.w.org\/{rel}","templated":true}]}}