{"id":105539,"date":"2017-06-12T17:59:29","date_gmt":"2017-06-12T16:59:29","guid":{"rendered":"http:\/\/www.visit-ulcinj.com\/blog\/?p=105539"},"modified":"2017-06-15T06:56:59","modified_gmt":"2017-06-15T05:56:59","slug":"elvis-naci-pritet-nga-shume-qytetare-ne-ulqin","status":"publish","type":"post","link":"https:\/\/www.visit-ulcinj.com\/blog\/2017\/06\/12\/elvis-naci-pritet-nga-shume-qytetare-ne-ulqin\/","title":{"rendered":"Elvis Na\u00e7i pritet nga shum\u00eb qytetar\u00eb n\u00eb Ulqin &#8211; Video"},"content":{"rendered":"<p><strong><a href=\"http:\/\/www.visit-ulcinj.com\/blog\/wp-content\/uploads\/2017\/06\/Elvis-Na\u00e7i-pritet-nga-shum\u00eb-qytetar\u00eb-n\u00eb-Ulqin.jpg\"><img loading=\"lazy\" class=\"alignleft wp-image-105540\" src=\"http:\/\/www.visit-ulcinj.com\/blog\/wp-content\/uploads\/2017\/06\/Elvis-Na\u00e7i-pritet-nga-shum\u00eb-qytetar\u00eb-n\u00eb-Ulqin.jpg\" alt=\"\" width=\"508\" height=\"339\" srcset=\"https:\/\/www.visit-ulcinj.com\/blog\/wp-content\/uploads\/2017\/06\/Elvis-Na\u00e7i-pritet-nga-shum\u00eb-qytetar\u00eb-n\u00eb-Ulqin.jpg 960w, https:\/\/www.visit-ulcinj.com\/blog\/wp-content\/uploads\/2017\/06\/Elvis-Na\u00e7i-pritet-nga-shum\u00eb-qytetar\u00eb-n\u00eb-Ulqin-300x200.jpg 300w, https:\/\/www.visit-ulcinj.com\/blog\/wp-content\/uploads\/2017\/06\/Elvis-Na\u00e7i-pritet-nga-shum\u00eb-qytetar\u00eb-n\u00eb-Ulqin-768x512.jpg 768w\" sizes=\"(max-width: 508px) 100vw, 508px\" \/><\/a>Elvis Na\u00e7i n\u00eb Ulqin pritet nga mij\u00ebra besimtar\u00eb<\/strong><\/p>\n<p><strong>Elvis Na\u00e7i \u00a0\u00ebsht\u00eb pritur nga nj\u00eb num\u00ebr tejet i madh i qytetar\u00ebve n\u00eb Ulqin. Teologu i mir\u00ebnjohur i trojeve shqiptare Elvis Na\u00e7i me k\u00ebt\u00eb rast\u00a0ka fal\u00ebnderuar t\u00eb gjith\u00eb qytetar\u00ebt e Ulqinit p\u00ebr p\u00ebrkrahjen e pafundme q\u00eb ia kan\u00eb dh\u00ebn\u00eb, transmeton portali i Bashk\u00ebsis\u00eb islame n\u00eb Ulqin\u00a0 islam-ul.com.<br \/>\n<\/strong><\/p>\n<p>T\u00eb shtun\u00ebn n\u00eb mbr\u00ebmje n\u00eb Qendr\u00ebn p\u00ebr kultur\u00eb n\u00eb Ulqin ishte n\u00eb programin fetar t\u00eb Ramazannit ishte i ftuar teologu i mir\u00ebnjohur i trojeve shqiptare Elvis Na\u00e7i.<\/p>\n<p>Bashk\u00ebsia islame n\u00eb Ulqin organizoi program fetar ku s\u00eb pari p\u00ebrformuan f\u00ebmijet e kop\u00ebshtit Xix\u00ebllonjat ndersa pastaj nx\u00ebn\u00ebsit e medreses\u00eb Mehmed Fatih n\u00eb Podgoric\u00eb me pik\u00ebn e tyre teatrale.<\/p>\n<p><a href=\"http:\/\/www.visit-ulcinj.com\/blog\/wp-content\/uploads\/2017\/06\/Elvis-Na\u00e7i-pritet-nga-shum\u00eb-qytetar\u00eb-n\u00eb-Ulqin-2.jpg\"><img loading=\"lazy\" class=\"alignleft wp-image-105542\" src=\"http:\/\/www.visit-ulcinj.com\/blog\/wp-content\/uploads\/2017\/06\/Elvis-Na\u00e7i-pritet-nga-shum\u00eb-qytetar\u00eb-n\u00eb-Ulqin-2.jpg\" alt=\"\" width=\"508\" height=\"339\" srcset=\"https:\/\/www.visit-ulcinj.com\/blog\/wp-content\/uploads\/2017\/06\/Elvis-Na\u00e7i-pritet-nga-shum\u00eb-qytetar\u00eb-n\u00eb-Ulqin-2.jpg 960w, https:\/\/www.visit-ulcinj.com\/blog\/wp-content\/uploads\/2017\/06\/Elvis-Na\u00e7i-pritet-nga-shum\u00eb-qytetar\u00eb-n\u00eb-Ulqin-2-300x200.jpg 300w, https:\/\/www.visit-ulcinj.com\/blog\/wp-content\/uploads\/2017\/06\/Elvis-Na\u00e7i-pritet-nga-shum\u00eb-qytetar\u00eb-n\u00eb-Ulqin-2-768x512.jpg 768w\" sizes=\"(max-width: 508px) 100vw, 508px\" \/><\/a><\/p>\n<p>Kryeimami i Ulqinit mr. Ali ef. Bardhi n\u00eb fjal\u00ebn e tij p\u00ebrshendet\u00ebse\u00a0p\u00ebrmendi gjith\u00eb aktivitetet e Bashk\u00ebsis\u00eb islam\u00eb n\u00eb Ulqin duke falenderuar posa\u00e7erisht t\u00eb rinjt\u00eb p\u00ebr organizimin e k\u00ebsaj nate t\u00eb bekuar. N\u00eb em\u00ebr t\u00eb Myftinis\u00eb s\u00eb Shkodr\u00ebs tubimin e p\u00ebrshendeti teologu Arben Halluni duke potencuar af\u00ebrsin\u00eb e qytet\u00ebve shqiptare dhe bashk\u00ebpunimin e ngusht\u00eb.<\/p>\n<p>Teologu Elvis Na\u00e7i foli p\u00ebr interpretimin e drejt\u00eb t\u00eb islamit dhe nevoj\u00ebn e k\u00ebtij interpretimi n\u00eb kohen moderne. Islami \u00ebsht\u00eb paqe e mir\u00ebsi dhe \u00e7do tentim p\u00ebr ta paraqitur ndryshe \u00ebsht\u00eb devijim nga natyra e tij e vertet\u00eb. Ai poashtu tha se nuk duhet t\u00eb gjykojm\u00eb islamin nga veprimet e musliman\u00ebve por duhet t\u00eb gjykojm\u00eb musliman\u00ebt n\u00eb baz\u00eb parimeve t\u00eb v\u00ebrteta t\u00eb islamit. Gjith\u00ebashtu foli edhe p\u00ebr bot\u00ebn q\u00eb na rrethon si pik\u00ebnisje p\u00ebr t\u00eb forcuar bindjen ndaj Krijuesit t\u00eb gjith\u00ebsis\u00eb.<\/p>\n<p><a href=\"http:\/\/www.visit-ulcinj.com\/blog\/wp-content\/uploads\/2017\/06\/Elvis-Na\u00e7i-pritet-nga-shum\u00eb-qytetar\u00eb-n\u00eb-Ulqin-1.jpg\"><img loading=\"lazy\" class=\"alignleft wp-image-105541\" src=\"http:\/\/www.visit-ulcinj.com\/blog\/wp-content\/uploads\/2017\/06\/Elvis-Na\u00e7i-pritet-nga-shum\u00eb-qytetar\u00eb-n\u00eb-Ulqin-1.jpg\" alt=\"\" width=\"508\" height=\"339\" srcset=\"https:\/\/www.visit-ulcinj.com\/blog\/wp-content\/uploads\/2017\/06\/Elvis-Na\u00e7i-pritet-nga-shum\u00eb-qytetar\u00eb-n\u00eb-Ulqin-1.jpg 960w, https:\/\/www.visit-ulcinj.com\/blog\/wp-content\/uploads\/2017\/06\/Elvis-Na\u00e7i-pritet-nga-shum\u00eb-qytetar\u00eb-n\u00eb-Ulqin-1-300x200.jpg 300w, https:\/\/www.visit-ulcinj.com\/blog\/wp-content\/uploads\/2017\/06\/Elvis-Na\u00e7i-pritet-nga-shum\u00eb-qytetar\u00eb-n\u00eb-Ulqin-1-768x512.jpg 768w\" sizes=\"(max-width: 508px) 100vw, 508px\" \/><\/a><\/p>\n<p>Elvis Na\u00e7i \u00ebsht\u00eb modeli i teologut shqiptar i cili promovon vlerat e bukura t\u00eb islamit dhe \u00ebsht\u00eb shum\u00eb i dashur dhe i popullarizuar n\u00eb mesin e musliman\u00ebve shqiptar. Disa her\u00eb u nderpre me duartrokitje t\u00eb fuqishme nga publiku gjat\u00eb ligjerat\u00ebs s\u00eb tij. Salla e Qendr\u00ebs p\u00ebr kultur\u00eb ishte v\u00ebrtet\u00eb e vog\u00ebl p\u00ebr t\u00eb pranuar t\u00eb gjith\u00eb q\u00eb erdhen p\u00ebr t\u00eb ndjekur programin fetar t\u00eb cilin e b\u00ebri madheshtor pik\u00ebrisht prania e Elvis Na\u00e7it. As Galeria e Qendr\u00ebs p\u00ebr kultur\u00eb nuk mjafoti p\u00ebr t\u00eb akomoduar t\u00eb gjith\u00eb t\u00eb interesuarit.<\/p>\n<p>M\u00eb k\u00ebt\u00eb rast Bashk\u00ebsia islame n\u00eb Ulqin i falenderohet t\u00eb gjith\u00ebve q\u00eb mor\u00ebn pjes\u00eb n\u00eb program.<\/p>\n<!--YouTube Error: bad URL entered-->\n<p><a href=\"http:\/\/www.visit-ulcinj.com\/blog\/wp-content\/uploads\/2017\/06\/Elvis-Na\u00e7i-pritet-nga-shum\u00eb-qytetar\u00eb-n\u00eb-Ulqin-3.jpg\"><img loading=\"lazy\" class=\"alignleft wp-image-105543\" src=\"http:\/\/www.visit-ulcinj.com\/blog\/wp-content\/uploads\/2017\/06\/Elvis-Na\u00e7i-pritet-nga-shum\u00eb-qytetar\u00eb-n\u00eb-Ulqin-3.jpg\" alt=\"\" width=\"508\" height=\"343\" srcset=\"https:\/\/www.visit-ulcinj.com\/blog\/wp-content\/uploads\/2017\/06\/Elvis-Na\u00e7i-pritet-nga-shum\u00eb-qytetar\u00eb-n\u00eb-Ulqin-3.jpg 960w, https:\/\/www.visit-ulcinj.com\/blog\/wp-content\/uploads\/2017\/06\/Elvis-Na\u00e7i-pritet-nga-shum\u00eb-qytetar\u00eb-n\u00eb-Ulqin-3-300x203.jpg 300w, https:\/\/www.visit-ulcinj.com\/blog\/wp-content\/uploads\/2017\/06\/Elvis-Na\u00e7i-pritet-nga-shum\u00eb-qytetar\u00eb-n\u00eb-Ulqin-3-768x518.jpg 768w\" sizes=\"(max-width: 508px) 100vw, 508px\" \/><\/a> <a href=\"http:\/\/www.visit-ulcinj.com\/blog\/wp-content\/uploads\/2017\/06\/Elvis-Na\u00e7i-pritet-nga-shum\u00eb-qytetar\u00eb-n\u00eb-Ulqin-4.jpg\"><img loading=\"lazy\" class=\"alignleft wp-image-105544\" src=\"http:\/\/www.visit-ulcinj.com\/blog\/wp-content\/uploads\/2017\/06\/Elvis-Na\u00e7i-pritet-nga-shum\u00eb-qytetar\u00eb-n\u00eb-Ulqin-4.jpg\" alt=\"\" width=\"508\" height=\"286\" srcset=\"https:\/\/www.visit-ulcinj.com\/blog\/wp-content\/uploads\/2017\/06\/Elvis-Na\u00e7i-pritet-nga-shum\u00eb-qytetar\u00eb-n\u00eb-Ulqin-4.jpg 960w, https:\/\/www.visit-ulcinj.com\/blog\/wp-content\/uploads\/2017\/06\/Elvis-Na\u00e7i-pritet-nga-shum\u00eb-qytetar\u00eb-n\u00eb-Ulqin-4-300x169.jpg 300w, https:\/\/www.visit-ulcinj.com\/blog\/wp-content\/uploads\/2017\/06\/Elvis-Na\u00e7i-pritet-nga-shum\u00eb-qytetar\u00eb-n\u00eb-Ulqin-4-768x432.jpg 768w\" sizes=\"(max-width: 508px) 100vw, 508px\" \/><\/a><\/p>\n","protected":false},"excerpt":{"rendered":"<p>Elvis Na\u00e7i n\u00eb Ulqin pritet nga mij\u00ebra besimtar\u00eb Elvis Na\u00e7i \u00a0\u00ebsht\u00eb pritur nga nj\u00eb num\u00ebr tejet i madh i qytetar\u00ebve n\u00eb Ulqin. Teologu i mir\u00ebnjohur i trojeve shqiptare Elvis Na\u00e7i me k\u00ebt\u00eb rast\u00a0ka fal\u00ebnderuar t\u00eb gjith\u00eb qytetar\u00ebt e Ulqinit p\u00ebr p\u00ebrkrahjen e pafundme q\u00eb ia kan\u00eb dh\u00ebn\u00eb, transmeton portali i Bashk\u00ebsis\u00eb islame n\u00eb Ulqin\u00a0 islam-ul.com. [&hellip;]<\/p>\n","protected":false},"author":1,"featured_media":0,"comment_status":"closed","ping_status":"closed","sticky":false,"template":"","format":"standard","meta":{"spay_email":"","jetpack_publicize_message":"","jetpack_is_tweetstorm":false,"jetpack_publicize_feature_enabled":true},"categories":[1,12],"tags":[],"jetpack_publicize_connections":[],"yoast_head":"<!-- This site is optimized with the Yoast SEO plugin v19.1 - https:\/\/yoast.com\/wordpress\/plugins\/seo\/ -->\n<title>Elvis Na\u00e7i pritet nga shum\u00eb qytetar\u00eb n\u00eb Ulqin - Video - Lajme nga Ulqini<\/title>\n<meta name=\"description\" content=\"Elvis Na\u00e7i n\u00eb Ulqin pritet nga mij\u00ebra besimtar\u00eb Elvis Na\u00e7i \u00a0\u00ebsht\u00eb pritur nga nj\u00eb num\u00ebr tejet i madh i qytetar\u00ebve n\u00eb Ulqin. Teologu i mir\u00ebnjohur i trojeve\" \/>\n<meta name=\"robots\" content=\"index, follow, max-snippet:-1, max-image-preview:large, max-video-preview:-1\" \/>\n<link rel=\"canonical\" href=\"https:\/\/www.visit-ulcinj.com\/blog\/2017\/06\/12\/elvis-naci-pritet-nga-shume-qytetare-ne-ulqin\/\" \/>\n<meta property=\"og:locale\" content=\"en_US\" \/>\n<meta property=\"og:type\" content=\"article\" \/>\n<meta property=\"og:title\" content=\"Elvis Na\u00e7i pritet nga shum\u00eb qytetar\u00eb n\u00eb Ulqin - Video - Lajme nga Ulqini\" \/>\n<meta property=\"og:description\" content=\"Elvis Na\u00e7i n\u00eb Ulqin pritet nga mij\u00ebra besimtar\u00eb Elvis Na\u00e7i \u00a0\u00ebsht\u00eb pritur nga nj\u00eb num\u00ebr tejet i madh i qytetar\u00ebve n\u00eb Ulqin. Teologu i mir\u00ebnjohur i trojeve\" \/>\n<meta property=\"og:url\" content=\"https:\/\/www.visit-ulcinj.com\/blog\/2017\/06\/12\/elvis-naci-pritet-nga-shume-qytetare-ne-ulqin\/\" \/>\n<meta property=\"og:site_name\" content=\"Lajme nga Ulqini\" \/>\n<meta property=\"article:published_time\" content=\"2017-06-12T16:59:29+00:00\" \/>\n<meta property=\"article:modified_time\" content=\"2017-06-15T05:56:59+00:00\" \/>\n<meta name=\"twitter:label1\" content=\"Written by\" \/>\n\t<meta name=\"twitter:data1\" content=\"ulqini\" \/>\n\t<meta name=\"twitter:label2\" content=\"Est. reading time\" \/>\n\t<meta name=\"twitter:data2\" content=\"2 minutes\" \/>\n<script type=\"application\/ld+json\" class=\"yoast-schema-graph\">{\"@context\":\"https:\/\/schema.org\",\"@graph\":[{\"@type\":\"WebSite\",\"@id\":\"https:\/\/www.visit-ulcinj.com\/blog\/#website\",\"url\":\"https:\/\/www.visit-ulcinj.com\/blog\/\",\"name\":\"Lajme nga Ulqini\",\"description\":\"Lajme,Vijesti,Ulqini,Ulqin,Crna Gora,Mali i Zi\",\"potentialAction\":[{\"@type\":\"SearchAction\",\"target\":{\"@type\":\"EntryPoint\",\"urlTemplate\":\"https:\/\/www.visit-ulcinj.com\/blog\/?s={search_term_string}\"},\"query-input\":\"required name=search_term_string\"}],\"inLanguage\":\"en-US\"},{\"@type\":\"WebPage\",\"@id\":\"https:\/\/www.visit-ulcinj.com\/blog\/2017\/06\/12\/elvis-naci-pritet-nga-shume-qytetare-ne-ulqin\/#webpage\",\"url\":\"https:\/\/www.visit-ulcinj.com\/blog\/2017\/06\/12\/elvis-naci-pritet-nga-shume-qytetare-ne-ulqin\/\",\"name\":\"Elvis Na\u00e7i pritet nga shum\u00eb qytetar\u00eb n\u00eb Ulqin - Video - Lajme nga Ulqini\",\"isPartOf\":{\"@id\":\"https:\/\/www.visit-ulcinj.com\/blog\/#website\"},\"datePublished\":\"2017-06-12T16:59:29+00:00\",\"dateModified\":\"2017-06-15T05:56:59+00:00\",\"author\":{\"@id\":\"https:\/\/www.visit-ulcinj.com\/blog\/#\/schema\/person\/dcab619c614d3038751c63bc2aadc06d\"},\"description\":\"Elvis Na\u00e7i n\u00eb Ulqin pritet nga mij\u00ebra besimtar\u00eb Elvis Na\u00e7i \u00a0\u00ebsht\u00eb pritur nga nj\u00eb num\u00ebr tejet i madh i qytetar\u00ebve n\u00eb Ulqin. Teologu i mir\u00ebnjohur i trojeve\",\"breadcrumb\":{\"@id\":\"https:\/\/www.visit-ulcinj.com\/blog\/2017\/06\/12\/elvis-naci-pritet-nga-shume-qytetare-ne-ulqin\/#breadcrumb\"},\"inLanguage\":\"en-US\",\"potentialAction\":[{\"@type\":\"ReadAction\",\"target\":[\"https:\/\/www.visit-ulcinj.com\/blog\/2017\/06\/12\/elvis-naci-pritet-nga-shume-qytetare-ne-ulqin\/\"]}]},{\"@type\":\"BreadcrumbList\",\"@id\":\"https:\/\/www.visit-ulcinj.com\/blog\/2017\/06\/12\/elvis-naci-pritet-nga-shume-qytetare-ne-ulqin\/#breadcrumb\",\"itemListElement\":[{\"@type\":\"ListItem\",\"position\":1,\"name\":\"Elvis Na\u00e7i pritet nga shum\u00eb qytetar\u00eb n\u00eb Ulqin &#8211; Video\"}]},{\"@type\":\"Person\",\"@id\":\"https:\/\/www.visit-ulcinj.com\/blog\/#\/schema\/person\/dcab619c614d3038751c63bc2aadc06d\",\"name\":\"ulqini\",\"sameAs\":[\"http:\/\/www.visit-ulcinj.com\"],\"url\":\"https:\/\/www.visit-ulcinj.com\/blog\/author\/admin\/\"}]}<\/script>\n<!-- \/ Yoast SEO plugin. -->","yoast_head_json":{"title":"Elvis Na\u00e7i pritet nga shum\u00eb qytetar\u00eb n\u00eb Ulqin - Video - Lajme nga Ulqini","description":"Elvis Na\u00e7i n\u00eb Ulqin pritet nga mij\u00ebra besimtar\u00eb Elvis Na\u00e7i \u00a0\u00ebsht\u00eb pritur nga nj\u00eb num\u00ebr tejet i madh i qytetar\u00ebve n\u00eb Ulqin. Teologu i mir\u00ebnjohur i trojeve","robots":{"index":"index","follow":"follow","max-snippet":"max-snippet:-1","max-image-preview":"max-image-preview:large","max-video-preview":"max-video-preview:-1"},"canonical":"https:\/\/www.visit-ulcinj.com\/blog\/2017\/06\/12\/elvis-naci-pritet-nga-shume-qytetare-ne-ulqin\/","og_locale":"en_US","og_type":"article","og_title":"Elvis Na\u00e7i pritet nga shum\u00eb qytetar\u00eb n\u00eb Ulqin - Video - Lajme nga Ulqini","og_description":"Elvis Na\u00e7i n\u00eb Ulqin pritet nga mij\u00ebra besimtar\u00eb Elvis Na\u00e7i \u00a0\u00ebsht\u00eb pritur nga nj\u00eb num\u00ebr tejet i madh i qytetar\u00ebve n\u00eb Ulqin. Teologu i mir\u00ebnjohur i trojeve","og_url":"https:\/\/www.visit-ulcinj.com\/blog\/2017\/06\/12\/elvis-naci-pritet-nga-shume-qytetare-ne-ulqin\/","og_site_name":"Lajme nga Ulqini","article_published_time":"2017-06-12T16:59:29+00:00","article_modified_time":"2017-06-15T05:56:59+00:00","twitter_misc":{"Written by":"ulqini","Est. reading time":"2 minutes"},"schema":{"@context":"https:\/\/schema.org","@graph":[{"@type":"WebSite","@id":"https:\/\/www.visit-ulcinj.com\/blog\/#website","url":"https:\/\/www.visit-ulcinj.com\/blog\/","name":"Lajme nga Ulqini","description":"Lajme,Vijesti,Ulqini,Ulqin,Crna Gora,Mali i Zi","potentialAction":[{"@type":"SearchAction","target":{"@type":"EntryPoint","urlTemplate":"https:\/\/www.visit-ulcinj.com\/blog\/?s={search_term_string}"},"query-input":"required name=search_term_string"}],"inLanguage":"en-US"},{"@type":"WebPage","@id":"https:\/\/www.visit-ulcinj.com\/blog\/2017\/06\/12\/elvis-naci-pritet-nga-shume-qytetare-ne-ulqin\/#webpage","url":"https:\/\/www.visit-ulcinj.com\/blog\/2017\/06\/12\/elvis-naci-pritet-nga-shume-qytetare-ne-ulqin\/","name":"Elvis Na\u00e7i pritet nga shum\u00eb qytetar\u00eb n\u00eb Ulqin - Video - Lajme nga Ulqini","isPartOf":{"@id":"https:\/\/www.visit-ulcinj.com\/blog\/#website"},"datePublished":"2017-06-12T16:59:29+00:00","dateModified":"2017-06-15T05:56:59+00:00","author":{"@id":"https:\/\/www.visit-ulcinj.com\/blog\/#\/schema\/person\/dcab619c614d3038751c63bc2aadc06d"},"description":"Elvis Na\u00e7i n\u00eb Ulqin pritet nga mij\u00ebra besimtar\u00eb Elvis Na\u00e7i \u00a0\u00ebsht\u00eb pritur nga nj\u00eb num\u00ebr tejet i madh i qytetar\u00ebve n\u00eb Ulqin. Teologu i mir\u00ebnjohur i trojeve","breadcrumb":{"@id":"https:\/\/www.visit-ulcinj.com\/blog\/2017\/06\/12\/elvis-naci-pritet-nga-shume-qytetare-ne-ulqin\/#breadcrumb"},"inLanguage":"en-US","potentialAction":[{"@type":"ReadAction","target":["https:\/\/www.visit-ulcinj.com\/blog\/2017\/06\/12\/elvis-naci-pritet-nga-shume-qytetare-ne-ulqin\/"]}]},{"@type":"BreadcrumbList","@id":"https:\/\/www.visit-ulcinj.com\/blog\/2017\/06\/12\/elvis-naci-pritet-nga-shume-qytetare-ne-ulqin\/#breadcrumb","itemListElement":[{"@type":"ListItem","position":1,"name":"Elvis Na\u00e7i pritet nga shum\u00eb qytetar\u00eb n\u00eb Ulqin &#8211; Video"}]},{"@type":"Person","@id":"https:\/\/www.visit-ulcinj.com\/blog\/#\/schema\/person\/dcab619c614d3038751c63bc2aadc06d","name":"ulqini","sameAs":["http:\/\/www.visit-ulcinj.com"],"url":"https:\/\/www.visit-ulcinj.com\/blog\/author\/admin\/"}]}},"jetpack_featured_media_url":"","jetpack_sharing_enabled":true,"jetpack_shortlink":"https:\/\/wp.me\/pe6lTn-rsf","_links":{"self":[{"href":"https:\/\/www.visit-ulcinj.com\/blog\/wp-json\/wp\/v2\/posts\/105539"}],"collection":[{"href":"https:\/\/www.visit-ulcinj.com\/blog\/wp-json\/wp\/v2\/posts"}],"about":[{"href":"https:\/\/www.visit-ulcinj.com\/blog\/wp-json\/wp\/v2\/types\/post"}],"author":[{"embeddable":true,"href":"https:\/\/www.visit-ulcinj.com\/blog\/wp-json\/wp\/v2\/users\/1"}],"replies":[{"embeddable":true,"href":"https:\/\/www.visit-ulcinj.com\/blog\/wp-json\/wp\/v2\/comments?post=105539"}],"version-history":[{"count":2,"href":"https:\/\/www.visit-ulcinj.com\/blog\/wp-json\/wp\/v2\/posts\/105539\/revisions"}],"predecessor-version":[{"id":105581,"href":"https:\/\/www.visit-ulcinj.com\/blog\/wp-json\/wp\/v2\/posts\/105539\/revisions\/105581"}],"wp:attachment":[{"href":"https:\/\/www.visit-ulcinj.com\/blog\/wp-json\/wp\/v2\/media?parent=105539"}],"wp:term":[{"taxonomy":"category","embeddable":true,"href":"https:\/\/www.visit-ulcinj.com\/blog\/wp-json\/wp\/v2\/categories?post=105539"},{"taxonomy":"post_tag","embeddable":true,"href":"https:\/\/www.visit-ulcinj.com\/blog\/wp-json\/wp\/v2\/tags?post=105539"}],"curies":[{"name":"wp","href":"https:\/\/api.w.org\/{rel}","templated":true}]}}