{"id":105546,"date":"2017-06-12T18:28:49","date_gmt":"2017-06-12T17:28:49","guid":{"rendered":"http:\/\/www.visit-ulcinj.com\/blog\/?p=105546"},"modified":"2017-06-12T18:28:49","modified_gmt":"2017-06-12T17:28:49","slug":"ku-mbeti-ulqini-mbasi-nisen-punimet-e-rruges-se-velipojes-deri-ne-shkoder","status":"publish","type":"post","link":"https:\/\/www.visit-ulcinj.com\/blog\/2017\/06\/12\/ku-mbeti-ulqini-mbasi-nisen-punimet-e-rruges-se-velipojes-deri-ne-shkoder\/","title":{"rendered":"Ku mbeti Ulqini, mbasi nisen punimet e rruges se Velipojes deri n\u00eb Shkod\u00ebr"},"content":{"rendered":"<p class=\"name post-title entry-title\"><strong><a href=\"http:\/\/www.visit-ulcinj.com\/blog\/wp-content\/uploads\/2017\/06\/RAMA-INSPEKTON-NISJEN-E-PUNIMEVE-TE-RRUGES-SE-VELIPOJES.jpg\"><img loading=\"lazy\" class=\"alignleft wp-image-105547\" src=\"http:\/\/www.visit-ulcinj.com\/blog\/wp-content\/uploads\/2017\/06\/RAMA-INSPEKTON-NISJEN-E-PUNIMEVE-TE-RRUGES-SE-VELIPOJES.jpg\" alt=\"\" width=\"508\" height=\"254\" srcset=\"https:\/\/www.visit-ulcinj.com\/blog\/wp-content\/uploads\/2017\/06\/RAMA-INSPEKTON-NISJEN-E-PUNIMEVE-TE-RRUGES-SE-VELIPOJES.jpg 660w, https:\/\/www.visit-ulcinj.com\/blog\/wp-content\/uploads\/2017\/06\/RAMA-INSPEKTON-NISJEN-E-PUNIMEVE-TE-RRUGES-SE-VELIPOJES-300x150.jpg 300w\" sizes=\"(max-width: 508px) 100vw, 508px\" \/><\/a>KRYEMINISTRI RAMA INSPEKTON NISJEN E PUNIMEVE TE RRUGES SE VELIPOJES<\/strong><\/p>\n<div>\n<div>\n<div>Kryeministri Edi Rama ka inspektuar fillimin e punimeve ne aksin e rruges Shkoder-Velipoje, nje investim qe do kryhet ne 3 faza nga Fondi Shqiptar i Zhvillimit qe eshte dhe investuesi i kesaj vepre ne infrastrukture. 20 milione euro do jete investimi i rreth 47 km rruge qe do perfshije jo vetem asfaltim, trotuare dhe ndricim, vepra arti si ura e tombone, por ne nje faze te dyte dhe gjelberimin ne te dy akset, per te krijuar nje nga rruget me bashkekohore te Shqiperise.<\/div>\n<\/div>\n<p>Sic u shpreh dhe kryeministri Rama ne ndalesen e prezantimit te nje tjeter projekti ate te rehabilitimit te liqenit te Shkodres, rruga Shkoder-Velipoje do i jape nje tjeter impakt zhvillimi zones<\/p>\n<\/div>\n<p>Rruga Shkoder-Velipoje do te perfundoje brenda 18 muajve, ku punimet do kryhen nga firma Albftienbau. Projekti eshte hartuar nga Fondi Shqiptar i Zhvillimit me ekperte vendas dhe te huaj, teksa\u00a0 rruga do gezoje te gjitha parametrat e nje rruge nacionale me nje gjeresi rreth 60 metra.<\/p>\n<p><strong>Tv Rozafa<\/strong><\/p>\n<p><a href=\"http:\/\/www.visit-ulcinj.com\/blog\/wp-content\/uploads\/2017\/06\/Korridori-i-Kalt\u00ebr-edhe-Ulqini.jpg\"><img loading=\"lazy\" class=\"alignleft wp-image-105548\" src=\"http:\/\/www.visit-ulcinj.com\/blog\/wp-content\/uploads\/2017\/06\/Korridori-i-Kalt\u00ebr-edhe-Ulqini.jpg\" alt=\"\" width=\"508\" height=\"286\" srcset=\"https:\/\/www.visit-ulcinj.com\/blog\/wp-content\/uploads\/2017\/06\/Korridori-i-Kalt\u00ebr-edhe-Ulqini.jpg 780w, https:\/\/www.visit-ulcinj.com\/blog\/wp-content\/uploads\/2017\/06\/Korridori-i-Kalt\u00ebr-edhe-Ulqini-300x169.jpg 300w, https:\/\/www.visit-ulcinj.com\/blog\/wp-content\/uploads\/2017\/06\/Korridori-i-Kalt\u00ebr-edhe-Ulqini-768x432.jpg 768w\" sizes=\"(max-width: 508px) 100vw, 508px\" \/><\/a><\/p>\n<p>&nbsp;<\/p>\n<p><strong>Para ca koh\u00ebve Edi Rama ka kund\u00ebrshtuar k\u00ebt\u00eb itinerar duke ngulmuar kalimin nga Ulqini. Si\u00e7 m\u00ebsohet, Rama u ka th\u00ebn\u00eb se nuk b\u00ebhet fjal\u00eb aspak p\u00ebr nacionaliz\u00ebm, por k\u00ebshtu justifikohet korridori bregdetar, pasi kalon nga vija bregdetare: Ulqin-Velipoj\u00eb e m\u00eb pas n\u00eb Sh\u00ebngjin-Patok e k\u00ebshtu me radh\u00eb. Nd\u00ebrsa, versioni nga Podgorica e b\u00ebn autostrad\u00ebn malore.<\/strong><\/p>\n<p>Qeveria e Malit t\u00eb Zi k\u00ebrkon q\u00eb \u201cKorridori i Kalt\u00ebr\u201d t\u00eb kaloj\u00eb n\u00ebp\u00ebr aksin aktual t\u00eb autostrad\u00ebs s\u00eb Podgoric\u00ebs, gj\u00eb q\u00eb e \u00e7on rrug\u00ebn n\u00eb Han t\u00eb Hotit, duke kaluar nga Mal\u00ebsia e Madhe.<\/p>\n<p>Ky detaj \u00ebsht\u00eb i r\u00ebnd\u00ebsish\u00ebm, pasi do t\u00eb duhet t\u00eb vendoset tani nga kompania kineze \u201cPacifik\u201d e cila do t\u00eb b\u00ebj\u00eb studimin e fizibilitetit.<\/p>\n<p>Kjo betej\u00eb q\u00eb po zhvillohet nd\u00ebrmjet qeverive t\u00eb Shqip\u00ebris\u00eb dhe Malit t\u00eb Zi, \u00ebsht\u00eb shum\u00eb e r\u00ebnd\u00ebsishme p\u00ebr qytetin e Ulqinit, i cili \u00ebsht\u00eb l\u00ebn\u00eb n\u00eb xhep t\u00eb gjith\u00eb autostrad\u00ebs q\u00eb lidh bregdetin dalmat me pjes\u00ebn e Adriatikut t\u00eb Ulqinit dhe derdhjes s\u00eb lumit Buna.<\/p>\n<p>Podgorica synon q\u00eb t\u00eb mos e transferoj\u00eb n\u00eb Ulqin rrug\u00ebn q\u00eb pritet t\u00eb derdh\u00eb n\u00eb qytetin shqiptar nj\u00eb num\u00ebr t\u00eb madh turist\u00ebsh, t\u00eb cil\u00ebt tani dynden vet\u00ebm n\u00eb Budv\u00eb, duke i siguruar qytetit t\u00eb madh malazez nj\u00eb shif\u00ebr marramend\u00ebse fitimesh nga industria e turizmit.<\/p>\n<p>Deri tani nuk ka pasur as nj\u00eb mobilizim p\u00ebr k\u00ebt\u00eb \u00e7\u00ebshtje nga ana e partive politike shqiptare n\u00eb Mal t\u00eb Zi, kryesisht ata t\u00eb Ulqinit, pasi ata jan\u00eb t\u00eb z\u00ebna n\u00eb p\u00ebrplasjen mes vetes dhe sherrin p\u00ebr ashensorin n\u00eb kala.<\/p>\n<p class=\"name post-title entry-title\">\n","protected":false},"excerpt":{"rendered":"<p>KRYEMINISTRI RAMA INSPEKTON NISJEN E PUNIMEVE TE RRUGES SE VELIPOJES Kryeministri Edi Rama ka inspektuar fillimin e punimeve ne aksin e rruges Shkoder-Velipoje, nje investim qe do kryhet ne 3 faza nga Fondi Shqiptar i Zhvillimit qe eshte dhe investuesi i kesaj vepre ne infrastrukture. 20 milione euro do jete investimi i rreth 47 km [&hellip;]<\/p>\n","protected":false},"author":1,"featured_media":0,"comment_status":"closed","ping_status":"closed","sticky":false,"template":"","format":"standard","meta":{"spay_email":"","jetpack_publicize_message":"","jetpack_is_tweetstorm":false,"jetpack_publicize_feature_enabled":true},"categories":[14],"tags":[],"jetpack_publicize_connections":[],"yoast_head":"<!-- This site is optimized with the Yoast SEO plugin v19.1 - https:\/\/yoast.com\/wordpress\/plugins\/seo\/ -->\n<title>Ku mbeti Ulqini, mbasi nisen punimet e rruges se Velipojes deri n\u00eb Shkod\u00ebr - Lajme nga Ulqini<\/title>\n<meta name=\"description\" content=\"KRYEMINISTRI RAMA INSPEKTON NISJEN E PUNIMEVE TE RRUGES SE VELIPOJES Kryeministri Edi Rama ka inspektuar fillimin e punimeve ne aksin e rruges\" \/>\n<meta name=\"robots\" content=\"index, follow, max-snippet:-1, max-image-preview:large, max-video-preview:-1\" \/>\n<link rel=\"canonical\" href=\"https:\/\/www.visit-ulcinj.com\/blog\/2017\/06\/12\/ku-mbeti-ulqini-mbasi-nisen-punimet-e-rruges-se-velipojes-deri-ne-shkoder\/\" \/>\n<meta property=\"og:locale\" content=\"en_US\" \/>\n<meta property=\"og:type\" content=\"article\" \/>\n<meta property=\"og:title\" content=\"Ku mbeti Ulqini, mbasi nisen punimet e rruges se Velipojes deri n\u00eb Shkod\u00ebr - Lajme nga Ulqini\" \/>\n<meta property=\"og:description\" content=\"KRYEMINISTRI RAMA INSPEKTON NISJEN E PUNIMEVE TE RRUGES SE VELIPOJES Kryeministri Edi Rama ka inspektuar fillimin e punimeve ne aksin e rruges\" \/>\n<meta property=\"og:url\" content=\"https:\/\/www.visit-ulcinj.com\/blog\/2017\/06\/12\/ku-mbeti-ulqini-mbasi-nisen-punimet-e-rruges-se-velipojes-deri-ne-shkoder\/\" \/>\n<meta property=\"og:site_name\" content=\"Lajme nga Ulqini\" \/>\n<meta property=\"article:published_time\" content=\"2017-06-12T17:28:49+00:00\" \/>\n<meta property=\"og:image\" content=\"http:\/\/www.visit-ulcinj.com\/blog\/wp-content\/uploads\/2017\/06\/RAMA-INSPEKTON-NISJEN-E-PUNIMEVE-TE-RRUGES-SE-VELIPOJES.jpg\" \/>\n<meta name=\"twitter:label1\" content=\"Written by\" \/>\n\t<meta name=\"twitter:data1\" content=\"ulqini\" \/>\n\t<meta name=\"twitter:label2\" content=\"Est. reading time\" \/>\n\t<meta name=\"twitter:data2\" content=\"2 minutes\" \/>\n<script type=\"application\/ld+json\" class=\"yoast-schema-graph\">{\"@context\":\"https:\/\/schema.org\",\"@graph\":[{\"@type\":\"WebSite\",\"@id\":\"https:\/\/www.visit-ulcinj.com\/blog\/#website\",\"url\":\"https:\/\/www.visit-ulcinj.com\/blog\/\",\"name\":\"Lajme nga Ulqini\",\"description\":\"Lajme,Vijesti,Ulqini,Ulqin,Crna Gora,Mali i Zi\",\"potentialAction\":[{\"@type\":\"SearchAction\",\"target\":{\"@type\":\"EntryPoint\",\"urlTemplate\":\"https:\/\/www.visit-ulcinj.com\/blog\/?s={search_term_string}\"},\"query-input\":\"required name=search_term_string\"}],\"inLanguage\":\"en-US\"},{\"@type\":\"ImageObject\",\"inLanguage\":\"en-US\",\"@id\":\"https:\/\/www.visit-ulcinj.com\/blog\/2017\/06\/12\/ku-mbeti-ulqini-mbasi-nisen-punimet-e-rruges-se-velipojes-deri-ne-shkoder\/#primaryimage\",\"url\":\"https:\/\/www.visit-ulcinj.com\/blog\/wp-content\/uploads\/2017\/06\/RAMA-INSPEKTON-NISJEN-E-PUNIMEVE-TE-RRUGES-SE-VELIPOJES.jpg\",\"contentUrl\":\"https:\/\/www.visit-ulcinj.com\/blog\/wp-content\/uploads\/2017\/06\/RAMA-INSPEKTON-NISJEN-E-PUNIMEVE-TE-RRUGES-SE-VELIPOJES.jpg\",\"width\":660,\"height\":330},{\"@type\":\"WebPage\",\"@id\":\"https:\/\/www.visit-ulcinj.com\/blog\/2017\/06\/12\/ku-mbeti-ulqini-mbasi-nisen-punimet-e-rruges-se-velipojes-deri-ne-shkoder\/#webpage\",\"url\":\"https:\/\/www.visit-ulcinj.com\/blog\/2017\/06\/12\/ku-mbeti-ulqini-mbasi-nisen-punimet-e-rruges-se-velipojes-deri-ne-shkoder\/\",\"name\":\"Ku mbeti Ulqini, mbasi nisen punimet e rruges se Velipojes deri n\u00eb Shkod\u00ebr - Lajme nga Ulqini\",\"isPartOf\":{\"@id\":\"https:\/\/www.visit-ulcinj.com\/blog\/#website\"},\"primaryImageOfPage\":{\"@id\":\"https:\/\/www.visit-ulcinj.com\/blog\/2017\/06\/12\/ku-mbeti-ulqini-mbasi-nisen-punimet-e-rruges-se-velipojes-deri-ne-shkoder\/#primaryimage\"},\"datePublished\":\"2017-06-12T17:28:49+00:00\",\"dateModified\":\"2017-06-12T17:28:49+00:00\",\"author\":{\"@id\":\"https:\/\/www.visit-ulcinj.com\/blog\/#\/schema\/person\/dcab619c614d3038751c63bc2aadc06d\"},\"description\":\"KRYEMINISTRI RAMA INSPEKTON NISJEN E PUNIMEVE TE RRUGES SE VELIPOJES Kryeministri Edi Rama ka inspektuar fillimin e punimeve ne aksin e rruges\",\"breadcrumb\":{\"@id\":\"https:\/\/www.visit-ulcinj.com\/blog\/2017\/06\/12\/ku-mbeti-ulqini-mbasi-nisen-punimet-e-rruges-se-velipojes-deri-ne-shkoder\/#breadcrumb\"},\"inLanguage\":\"en-US\",\"potentialAction\":[{\"@type\":\"ReadAction\",\"target\":[\"https:\/\/www.visit-ulcinj.com\/blog\/2017\/06\/12\/ku-mbeti-ulqini-mbasi-nisen-punimet-e-rruges-se-velipojes-deri-ne-shkoder\/\"]}]},{\"@type\":\"BreadcrumbList\",\"@id\":\"https:\/\/www.visit-ulcinj.com\/blog\/2017\/06\/12\/ku-mbeti-ulqini-mbasi-nisen-punimet-e-rruges-se-velipojes-deri-ne-shkoder\/#breadcrumb\",\"itemListElement\":[{\"@type\":\"ListItem\",\"position\":1,\"name\":\"Ku mbeti Ulqini, mbasi nisen punimet e rruges se Velipojes deri n\u00eb Shkod\u00ebr\"}]},{\"@type\":\"Person\",\"@id\":\"https:\/\/www.visit-ulcinj.com\/blog\/#\/schema\/person\/dcab619c614d3038751c63bc2aadc06d\",\"name\":\"ulqini\",\"sameAs\":[\"http:\/\/www.visit-ulcinj.com\"],\"url\":\"https:\/\/www.visit-ulcinj.com\/blog\/author\/admin\/\"}]}<\/script>\n<!-- \/ Yoast SEO plugin. -->","yoast_head_json":{"title":"Ku mbeti Ulqini, mbasi nisen punimet e rruges se Velipojes deri n\u00eb Shkod\u00ebr - Lajme nga Ulqini","description":"KRYEMINISTRI RAMA INSPEKTON NISJEN E PUNIMEVE TE RRUGES SE VELIPOJES Kryeministri Edi Rama ka inspektuar fillimin e punimeve ne aksin e rruges","robots":{"index":"index","follow":"follow","max-snippet":"max-snippet:-1","max-image-preview":"max-image-preview:large","max-video-preview":"max-video-preview:-1"},"canonical":"https:\/\/www.visit-ulcinj.com\/blog\/2017\/06\/12\/ku-mbeti-ulqini-mbasi-nisen-punimet-e-rruges-se-velipojes-deri-ne-shkoder\/","og_locale":"en_US","og_type":"article","og_title":"Ku mbeti Ulqini, mbasi nisen punimet e rruges se Velipojes deri n\u00eb Shkod\u00ebr - Lajme nga Ulqini","og_description":"KRYEMINISTRI RAMA INSPEKTON NISJEN E PUNIMEVE TE RRUGES SE VELIPOJES Kryeministri Edi Rama ka inspektuar fillimin e punimeve ne aksin e rruges","og_url":"https:\/\/www.visit-ulcinj.com\/blog\/2017\/06\/12\/ku-mbeti-ulqini-mbasi-nisen-punimet-e-rruges-se-velipojes-deri-ne-shkoder\/","og_site_name":"Lajme nga Ulqini","article_published_time":"2017-06-12T17:28:49+00:00","og_image":[{"url":"http:\/\/www.visit-ulcinj.com\/blog\/wp-content\/uploads\/2017\/06\/RAMA-INSPEKTON-NISJEN-E-PUNIMEVE-TE-RRUGES-SE-VELIPOJES.jpg"}],"twitter_misc":{"Written by":"ulqini","Est. reading time":"2 minutes"},"schema":{"@context":"https:\/\/schema.org","@graph":[{"@type":"WebSite","@id":"https:\/\/www.visit-ulcinj.com\/blog\/#website","url":"https:\/\/www.visit-ulcinj.com\/blog\/","name":"Lajme nga Ulqini","description":"Lajme,Vijesti,Ulqini,Ulqin,Crna Gora,Mali i Zi","potentialAction":[{"@type":"SearchAction","target":{"@type":"EntryPoint","urlTemplate":"https:\/\/www.visit-ulcinj.com\/blog\/?s={search_term_string}"},"query-input":"required name=search_term_string"}],"inLanguage":"en-US"},{"@type":"ImageObject","inLanguage":"en-US","@id":"https:\/\/www.visit-ulcinj.com\/blog\/2017\/06\/12\/ku-mbeti-ulqini-mbasi-nisen-punimet-e-rruges-se-velipojes-deri-ne-shkoder\/#primaryimage","url":"https:\/\/www.visit-ulcinj.com\/blog\/wp-content\/uploads\/2017\/06\/RAMA-INSPEKTON-NISJEN-E-PUNIMEVE-TE-RRUGES-SE-VELIPOJES.jpg","contentUrl":"https:\/\/www.visit-ulcinj.com\/blog\/wp-content\/uploads\/2017\/06\/RAMA-INSPEKTON-NISJEN-E-PUNIMEVE-TE-RRUGES-SE-VELIPOJES.jpg","width":660,"height":330},{"@type":"WebPage","@id":"https:\/\/www.visit-ulcinj.com\/blog\/2017\/06\/12\/ku-mbeti-ulqini-mbasi-nisen-punimet-e-rruges-se-velipojes-deri-ne-shkoder\/#webpage","url":"https:\/\/www.visit-ulcinj.com\/blog\/2017\/06\/12\/ku-mbeti-ulqini-mbasi-nisen-punimet-e-rruges-se-velipojes-deri-ne-shkoder\/","name":"Ku mbeti Ulqini, mbasi nisen punimet e rruges se Velipojes deri n\u00eb Shkod\u00ebr - Lajme nga Ulqini","isPartOf":{"@id":"https:\/\/www.visit-ulcinj.com\/blog\/#website"},"primaryImageOfPage":{"@id":"https:\/\/www.visit-ulcinj.com\/blog\/2017\/06\/12\/ku-mbeti-ulqini-mbasi-nisen-punimet-e-rruges-se-velipojes-deri-ne-shkoder\/#primaryimage"},"datePublished":"2017-06-12T17:28:49+00:00","dateModified":"2017-06-12T17:28:49+00:00","author":{"@id":"https:\/\/www.visit-ulcinj.com\/blog\/#\/schema\/person\/dcab619c614d3038751c63bc2aadc06d"},"description":"KRYEMINISTRI RAMA INSPEKTON NISJEN E PUNIMEVE TE RRUGES SE VELIPOJES Kryeministri Edi Rama ka inspektuar fillimin e punimeve ne aksin e rruges","breadcrumb":{"@id":"https:\/\/www.visit-ulcinj.com\/blog\/2017\/06\/12\/ku-mbeti-ulqini-mbasi-nisen-punimet-e-rruges-se-velipojes-deri-ne-shkoder\/#breadcrumb"},"inLanguage":"en-US","potentialAction":[{"@type":"ReadAction","target":["https:\/\/www.visit-ulcinj.com\/blog\/2017\/06\/12\/ku-mbeti-ulqini-mbasi-nisen-punimet-e-rruges-se-velipojes-deri-ne-shkoder\/"]}]},{"@type":"BreadcrumbList","@id":"https:\/\/www.visit-ulcinj.com\/blog\/2017\/06\/12\/ku-mbeti-ulqini-mbasi-nisen-punimet-e-rruges-se-velipojes-deri-ne-shkoder\/#breadcrumb","itemListElement":[{"@type":"ListItem","position":1,"name":"Ku mbeti Ulqini, mbasi nisen punimet e rruges se Velipojes deri n\u00eb Shkod\u00ebr"}]},{"@type":"Person","@id":"https:\/\/www.visit-ulcinj.com\/blog\/#\/schema\/person\/dcab619c614d3038751c63bc2aadc06d","name":"ulqini","sameAs":["http:\/\/www.visit-ulcinj.com"],"url":"https:\/\/www.visit-ulcinj.com\/blog\/author\/admin\/"}]}},"jetpack_featured_media_url":"","jetpack_sharing_enabled":true,"jetpack_shortlink":"https:\/\/wp.me\/pe6lTn-rsm","_links":{"self":[{"href":"https:\/\/www.visit-ulcinj.com\/blog\/wp-json\/wp\/v2\/posts\/105546"}],"collection":[{"href":"https:\/\/www.visit-ulcinj.com\/blog\/wp-json\/wp\/v2\/posts"}],"about":[{"href":"https:\/\/www.visit-ulcinj.com\/blog\/wp-json\/wp\/v2\/types\/post"}],"author":[{"embeddable":true,"href":"https:\/\/www.visit-ulcinj.com\/blog\/wp-json\/wp\/v2\/users\/1"}],"replies":[{"embeddable":true,"href":"https:\/\/www.visit-ulcinj.com\/blog\/wp-json\/wp\/v2\/comments?post=105546"}],"version-history":[{"count":1,"href":"https:\/\/www.visit-ulcinj.com\/blog\/wp-json\/wp\/v2\/posts\/105546\/revisions"}],"predecessor-version":[{"id":105549,"href":"https:\/\/www.visit-ulcinj.com\/blog\/wp-json\/wp\/v2\/posts\/105546\/revisions\/105549"}],"wp:attachment":[{"href":"https:\/\/www.visit-ulcinj.com\/blog\/wp-json\/wp\/v2\/media?parent=105546"}],"wp:term":[{"taxonomy":"category","embeddable":true,"href":"https:\/\/www.visit-ulcinj.com\/blog\/wp-json\/wp\/v2\/categories?post=105546"},{"taxonomy":"post_tag","embeddable":true,"href":"https:\/\/www.visit-ulcinj.com\/blog\/wp-json\/wp\/v2\/tags?post=105546"}],"curies":[{"name":"wp","href":"https:\/\/api.w.org\/{rel}","templated":true}]}}