{"id":105550,"date":"2017-06-12T18:50:52","date_gmt":"2017-06-12T17:50:52","guid":{"rendered":"http:\/\/www.visit-ulcinj.com\/blog\/?p=105550"},"modified":"2017-06-12T19:17:30","modified_gmt":"2017-06-12T18:17:30","slug":"ulqini-destinacioni-preferuar-per-turizem","status":"publish","type":"post","link":"https:\/\/www.visit-ulcinj.com\/blog\/2017\/06\/12\/ulqini-destinacioni-preferuar-per-turizem\/","title":{"rendered":"Ulqini, destinacioni m\u00eb i preferuar p\u00ebr turiz\u00ebm"},"content":{"rendered":"<h4><a href=\"http:\/\/www.visit-ulcinj.com\/blog\/wp-content\/uploads\/2015\/09\/Plazhi-i-Ulqinit-nga-Rexha.jpg\"><img loading=\"lazy\" class=\"alignleft wp-image-92201\" src=\"http:\/\/www.visit-ulcinj.com\/blog\/wp-content\/uploads\/2015\/09\/Plazhi-i-Ulqinit-nga-Rexha.jpg\" alt=\"\" width=\"508\" height=\"339\" srcset=\"https:\/\/www.visit-ulcinj.com\/blog\/wp-content\/uploads\/2015\/09\/Plazhi-i-Ulqinit-nga-Rexha.jpg 960w, https:\/\/www.visit-ulcinj.com\/blog\/wp-content\/uploads\/2015\/09\/Plazhi-i-Ulqinit-nga-Rexha-300x200.jpg 300w\" sizes=\"(max-width: 508px) 100vw, 508px\" \/><\/a>Organizatat turistike t\u00eb qyteteve n\u00eb Mal t\u00eb Zi konsiderojn\u00eb se ka nj\u00eb rritje t\u00eb numrit t\u00eb turist\u00ebve n\u00eb krahasim me t\u00eb nj\u00ebjt\u00ebn periudh\u00eb t\u00eb vitit t\u00eb kaluar. Deri m\u00eb tani m\u00eb s\u00eb shumti vizitor\u00eb jan\u00eb regjistruar n\u00eb Budva me 8500\u00a0 dhe Herceg Novi me 4400, t\u00eb ndjekur nga Ulqini me 3000, dhe qytetet e tjera bregdetare me nj\u00eb num\u00ebr m\u00eb t\u00eb vog\u00ebl.<\/h4>\n<p>Nga Organizata turistike nacionale thon\u00eb se k\u00ebt\u00eb vit presin rritje t\u00eb konsiderueshme t\u00eb turist\u00ebve nga Gjermania, Britania e Madhe dhe Franca, por edhe nga Kina, Izraeli apo Japonia.<\/p>\n<p><a href=\"http:\/\/www.visit-ulcinj.com\/blog\/wp-content\/uploads\/2017\/06\/Isat-Dragovoja-Hatixhe-Nelaj.jpg\"><img loading=\"lazy\" class=\"alignleft wp-image-105560\" src=\"http:\/\/www.visit-ulcinj.com\/blog\/wp-content\/uploads\/2017\/06\/Isat-Dragovoja-Hatixhe-Nelaj.jpg\" alt=\"\" width=\"508\" height=\"243\" srcset=\"https:\/\/www.visit-ulcinj.com\/blog\/wp-content\/uploads\/2017\/06\/Isat-Dragovoja-Hatixhe-Nelaj.jpg 702w, https:\/\/www.visit-ulcinj.com\/blog\/wp-content\/uploads\/2017\/06\/Isat-Dragovoja-Hatixhe-Nelaj-300x144.jpg 300w\" sizes=\"(max-width: 508px) 100vw, 508px\" \/><\/a><\/p>\n<p>N\u00eb an\u00ebn tjet\u00ebr drejtuesi i \u201cRivier\u00ebs s\u00eb Ulqinit\u201d Isat Dragovoja i ka th\u00ebn\u00eb televizionit Teuta n\u00eb Ulqin se n\u00eb hotelet e k\u00ebsaj kompanie aktualisht jan\u00eb duke pushuar rreth 400 mysafir, q\u00eb \u00ebsht\u00eb rreth 20% m\u00eb shum\u00eb se vitin e kaluar n\u00eb t\u00eb nj\u00ebjt\u00ebn periudh\u00eb kohore.<\/p>\n<p>\u201cK\u00ebt\u00eb vit kemi nj\u00eb vizitueshm\u00ebri m\u00eb t\u00eb madhe se vitin e kaluar, andaj mund t\u00eb konkludoi se sezoni turistik ka nisur i mbar\u00eb, shpresoi q\u00eb k\u00ebshtu t\u00eb jet\u00eb deri n\u00eb mbarim t\u00eb sezonit\u201d, tha Dragovoja, transmeton Gazeta e Re.<\/p>\n<p>Drejtori i Albatros, Xhemal Bushati n\u00eb Ulqin e prezanton si shqet\u00ebsim rritjen e taks\u00ebs s\u00eb banimit p\u00ebr 40% e cila mund t\u00eb ndikoj\u00eb tek \u00e7mimet p\u00ebr turist\u00ebt.<\/p>\n<p>\u201cAjo \u00e7far\u00eb m\u00eb brengos \u00ebsht\u00eb rritja e taks\u00ebs s\u00eb banimit p\u00ebr 40%. Kjo nuk \u00ebsht\u00eb dashur t\u00eb ndodh\u00eb, sepse nuk ofrojm\u00eb di\u00e7ka m\u00eb mire se viteve tjera, andaj mendoj se kjo rritje do t\u00eb ndikoj\u00eb negativisht tek mysafir\u00ebt\u201d- mes tjerash ka th\u00ebn\u00eb Bushati.<\/p>\n<p>Kujtojm\u00eb se edhe p\u00ebr turist\u00ebt nga Kosova, Ulqini ngelet destinacion i preferuar p\u00ebr turiz\u00ebm.<\/p>\n<p><strong>Gazeta e re<\/strong><\/p>\n","protected":false},"excerpt":{"rendered":"<p>Organizatat turistike t\u00eb qyteteve n\u00eb Mal t\u00eb Zi konsiderojn\u00eb se ka nj\u00eb rritje t\u00eb numrit t\u00eb turist\u00ebve n\u00eb krahasim me t\u00eb nj\u00ebjt\u00ebn periudh\u00eb t\u00eb vitit t\u00eb kaluar. Deri m\u00eb tani m\u00eb s\u00eb shumti vizitor\u00eb jan\u00eb regjistruar n\u00eb Budva me 8500\u00a0 dhe Herceg Novi me 4400, t\u00eb ndjekur nga Ulqini me 3000, dhe qytetet e tjera [&hellip;]<\/p>\n","protected":false},"author":1,"featured_media":0,"comment_status":"closed","ping_status":"closed","sticky":false,"template":"","format":"standard","meta":{"spay_email":"","jetpack_publicize_message":"","jetpack_is_tweetstorm":false,"jetpack_publicize_feature_enabled":true},"categories":[15],"tags":[],"jetpack_publicize_connections":[],"yoast_head":"<!-- This site is optimized with the Yoast SEO plugin v19.1 - https:\/\/yoast.com\/wordpress\/plugins\/seo\/ -->\n<title>Ulqini, destinacioni m\u00eb i preferuar p\u00ebr turiz\u00ebm - Lajme nga Ulqini<\/title>\n<meta name=\"description\" content=\"Organizatat turistike t\u00eb qyteteve n\u00eb Mal t\u00eb Zi konsiderojn\u00eb se ka nj\u00eb rritje t\u00eb numrit t\u00eb turist\u00ebve n\u00eb krahasim me t\u00eb nj\u00ebjt\u00ebn periudh\u00eb t\u00eb vitit t\u00eb kaluar.\" \/>\n<meta name=\"robots\" content=\"index, follow, max-snippet:-1, max-image-preview:large, max-video-preview:-1\" \/>\n<link rel=\"canonical\" href=\"https:\/\/www.visit-ulcinj.com\/blog\/2017\/06\/12\/ulqini-destinacioni-preferuar-per-turizem\/\" \/>\n<meta property=\"og:locale\" content=\"en_US\" \/>\n<meta property=\"og:type\" content=\"article\" \/>\n<meta property=\"og:title\" content=\"Ulqini, destinacioni m\u00eb i preferuar p\u00ebr turiz\u00ebm - Lajme nga Ulqini\" \/>\n<meta property=\"og:description\" content=\"Organizatat turistike t\u00eb qyteteve n\u00eb Mal t\u00eb Zi konsiderojn\u00eb se ka nj\u00eb rritje t\u00eb numrit t\u00eb turist\u00ebve n\u00eb krahasim me t\u00eb nj\u00ebjt\u00ebn periudh\u00eb t\u00eb vitit t\u00eb kaluar.\" \/>\n<meta property=\"og:url\" content=\"https:\/\/www.visit-ulcinj.com\/blog\/2017\/06\/12\/ulqini-destinacioni-preferuar-per-turizem\/\" \/>\n<meta property=\"og:site_name\" content=\"Lajme nga Ulqini\" \/>\n<meta property=\"article:published_time\" content=\"2017-06-12T17:50:52+00:00\" \/>\n<meta property=\"article:modified_time\" content=\"2017-06-12T18:17:30+00:00\" \/>\n<meta property=\"og:image\" content=\"http:\/\/www.visit-ulcinj.com\/blog\/wp-content\/uploads\/2015\/09\/Plazhi-i-Ulqinit-nga-Rexha.jpg\" \/>\n<meta name=\"twitter:label1\" content=\"Written by\" \/>\n\t<meta name=\"twitter:data1\" content=\"ulqini\" \/>\n\t<meta name=\"twitter:label2\" content=\"Est. reading time\" \/>\n\t<meta name=\"twitter:data2\" content=\"1 minute\" \/>\n<script type=\"application\/ld+json\" class=\"yoast-schema-graph\">{\"@context\":\"https:\/\/schema.org\",\"@graph\":[{\"@type\":\"WebSite\",\"@id\":\"https:\/\/www.visit-ulcinj.com\/blog\/#website\",\"url\":\"https:\/\/www.visit-ulcinj.com\/blog\/\",\"name\":\"Lajme nga Ulqini\",\"description\":\"Lajme,Vijesti,Ulqini,Ulqin,Crna Gora,Mali i Zi\",\"potentialAction\":[{\"@type\":\"SearchAction\",\"target\":{\"@type\":\"EntryPoint\",\"urlTemplate\":\"https:\/\/www.visit-ulcinj.com\/blog\/?s={search_term_string}\"},\"query-input\":\"required name=search_term_string\"}],\"inLanguage\":\"en-US\"},{\"@type\":\"ImageObject\",\"inLanguage\":\"en-US\",\"@id\":\"https:\/\/www.visit-ulcinj.com\/blog\/2017\/06\/12\/ulqini-destinacioni-preferuar-per-turizem\/#primaryimage\",\"url\":\"https:\/\/www.visit-ulcinj.com\/blog\/wp-content\/uploads\/2015\/09\/Plazhi-i-Ulqinit-nga-Rexha.jpg\",\"contentUrl\":\"https:\/\/www.visit-ulcinj.com\/blog\/wp-content\/uploads\/2015\/09\/Plazhi-i-Ulqinit-nga-Rexha.jpg\",\"width\":960,\"height\":640},{\"@type\":\"WebPage\",\"@id\":\"https:\/\/www.visit-ulcinj.com\/blog\/2017\/06\/12\/ulqini-destinacioni-preferuar-per-turizem\/#webpage\",\"url\":\"https:\/\/www.visit-ulcinj.com\/blog\/2017\/06\/12\/ulqini-destinacioni-preferuar-per-turizem\/\",\"name\":\"Ulqini, destinacioni m\u00eb i preferuar p\u00ebr turiz\u00ebm - Lajme nga Ulqini\",\"isPartOf\":{\"@id\":\"https:\/\/www.visit-ulcinj.com\/blog\/#website\"},\"primaryImageOfPage\":{\"@id\":\"https:\/\/www.visit-ulcinj.com\/blog\/2017\/06\/12\/ulqini-destinacioni-preferuar-per-turizem\/#primaryimage\"},\"datePublished\":\"2017-06-12T17:50:52+00:00\",\"dateModified\":\"2017-06-12T18:17:30+00:00\",\"author\":{\"@id\":\"https:\/\/www.visit-ulcinj.com\/blog\/#\/schema\/person\/dcab619c614d3038751c63bc2aadc06d\"},\"description\":\"Organizatat turistike t\u00eb qyteteve n\u00eb Mal t\u00eb Zi konsiderojn\u00eb se ka nj\u00eb rritje t\u00eb numrit t\u00eb turist\u00ebve n\u00eb krahasim me t\u00eb nj\u00ebjt\u00ebn periudh\u00eb t\u00eb vitit t\u00eb kaluar.\",\"breadcrumb\":{\"@id\":\"https:\/\/www.visit-ulcinj.com\/blog\/2017\/06\/12\/ulqini-destinacioni-preferuar-per-turizem\/#breadcrumb\"},\"inLanguage\":\"en-US\",\"potentialAction\":[{\"@type\":\"ReadAction\",\"target\":[\"https:\/\/www.visit-ulcinj.com\/blog\/2017\/06\/12\/ulqini-destinacioni-preferuar-per-turizem\/\"]}]},{\"@type\":\"BreadcrumbList\",\"@id\":\"https:\/\/www.visit-ulcinj.com\/blog\/2017\/06\/12\/ulqini-destinacioni-preferuar-per-turizem\/#breadcrumb\",\"itemListElement\":[{\"@type\":\"ListItem\",\"position\":1,\"name\":\"Ulqini, destinacioni m\u00eb i preferuar p\u00ebr turiz\u00ebm\"}]},{\"@type\":\"Person\",\"@id\":\"https:\/\/www.visit-ulcinj.com\/blog\/#\/schema\/person\/dcab619c614d3038751c63bc2aadc06d\",\"name\":\"ulqini\",\"sameAs\":[\"http:\/\/www.visit-ulcinj.com\"],\"url\":\"https:\/\/www.visit-ulcinj.com\/blog\/author\/admin\/\"}]}<\/script>\n<!-- \/ Yoast SEO plugin. -->","yoast_head_json":{"title":"Ulqini, destinacioni m\u00eb i preferuar p\u00ebr turiz\u00ebm - Lajme nga Ulqini","description":"Organizatat turistike t\u00eb qyteteve n\u00eb Mal t\u00eb Zi konsiderojn\u00eb se ka nj\u00eb rritje t\u00eb numrit t\u00eb turist\u00ebve n\u00eb krahasim me t\u00eb nj\u00ebjt\u00ebn periudh\u00eb t\u00eb vitit t\u00eb kaluar.","robots":{"index":"index","follow":"follow","max-snippet":"max-snippet:-1","max-image-preview":"max-image-preview:large","max-video-preview":"max-video-preview:-1"},"canonical":"https:\/\/www.visit-ulcinj.com\/blog\/2017\/06\/12\/ulqini-destinacioni-preferuar-per-turizem\/","og_locale":"en_US","og_type":"article","og_title":"Ulqini, destinacioni m\u00eb i preferuar p\u00ebr turiz\u00ebm - Lajme nga Ulqini","og_description":"Organizatat turistike t\u00eb qyteteve n\u00eb Mal t\u00eb Zi konsiderojn\u00eb se ka nj\u00eb rritje t\u00eb numrit t\u00eb turist\u00ebve n\u00eb krahasim me t\u00eb nj\u00ebjt\u00ebn periudh\u00eb t\u00eb vitit t\u00eb kaluar.","og_url":"https:\/\/www.visit-ulcinj.com\/blog\/2017\/06\/12\/ulqini-destinacioni-preferuar-per-turizem\/","og_site_name":"Lajme nga Ulqini","article_published_time":"2017-06-12T17:50:52+00:00","article_modified_time":"2017-06-12T18:17:30+00:00","og_image":[{"url":"http:\/\/www.visit-ulcinj.com\/blog\/wp-content\/uploads\/2015\/09\/Plazhi-i-Ulqinit-nga-Rexha.jpg"}],"twitter_misc":{"Written by":"ulqini","Est. reading time":"1 minute"},"schema":{"@context":"https:\/\/schema.org","@graph":[{"@type":"WebSite","@id":"https:\/\/www.visit-ulcinj.com\/blog\/#website","url":"https:\/\/www.visit-ulcinj.com\/blog\/","name":"Lajme nga Ulqini","description":"Lajme,Vijesti,Ulqini,Ulqin,Crna Gora,Mali i Zi","potentialAction":[{"@type":"SearchAction","target":{"@type":"EntryPoint","urlTemplate":"https:\/\/www.visit-ulcinj.com\/blog\/?s={search_term_string}"},"query-input":"required name=search_term_string"}],"inLanguage":"en-US"},{"@type":"ImageObject","inLanguage":"en-US","@id":"https:\/\/www.visit-ulcinj.com\/blog\/2017\/06\/12\/ulqini-destinacioni-preferuar-per-turizem\/#primaryimage","url":"https:\/\/www.visit-ulcinj.com\/blog\/wp-content\/uploads\/2015\/09\/Plazhi-i-Ulqinit-nga-Rexha.jpg","contentUrl":"https:\/\/www.visit-ulcinj.com\/blog\/wp-content\/uploads\/2015\/09\/Plazhi-i-Ulqinit-nga-Rexha.jpg","width":960,"height":640},{"@type":"WebPage","@id":"https:\/\/www.visit-ulcinj.com\/blog\/2017\/06\/12\/ulqini-destinacioni-preferuar-per-turizem\/#webpage","url":"https:\/\/www.visit-ulcinj.com\/blog\/2017\/06\/12\/ulqini-destinacioni-preferuar-per-turizem\/","name":"Ulqini, destinacioni m\u00eb i preferuar p\u00ebr turiz\u00ebm - Lajme nga Ulqini","isPartOf":{"@id":"https:\/\/www.visit-ulcinj.com\/blog\/#website"},"primaryImageOfPage":{"@id":"https:\/\/www.visit-ulcinj.com\/blog\/2017\/06\/12\/ulqini-destinacioni-preferuar-per-turizem\/#primaryimage"},"datePublished":"2017-06-12T17:50:52+00:00","dateModified":"2017-06-12T18:17:30+00:00","author":{"@id":"https:\/\/www.visit-ulcinj.com\/blog\/#\/schema\/person\/dcab619c614d3038751c63bc2aadc06d"},"description":"Organizatat turistike t\u00eb qyteteve n\u00eb Mal t\u00eb Zi konsiderojn\u00eb se ka nj\u00eb rritje t\u00eb numrit t\u00eb turist\u00ebve n\u00eb krahasim me t\u00eb nj\u00ebjt\u00ebn periudh\u00eb t\u00eb vitit t\u00eb kaluar.","breadcrumb":{"@id":"https:\/\/www.visit-ulcinj.com\/blog\/2017\/06\/12\/ulqini-destinacioni-preferuar-per-turizem\/#breadcrumb"},"inLanguage":"en-US","potentialAction":[{"@type":"ReadAction","target":["https:\/\/www.visit-ulcinj.com\/blog\/2017\/06\/12\/ulqini-destinacioni-preferuar-per-turizem\/"]}]},{"@type":"BreadcrumbList","@id":"https:\/\/www.visit-ulcinj.com\/blog\/2017\/06\/12\/ulqini-destinacioni-preferuar-per-turizem\/#breadcrumb","itemListElement":[{"@type":"ListItem","position":1,"name":"Ulqini, destinacioni m\u00eb i preferuar p\u00ebr turiz\u00ebm"}]},{"@type":"Person","@id":"https:\/\/www.visit-ulcinj.com\/blog\/#\/schema\/person\/dcab619c614d3038751c63bc2aadc06d","name":"ulqini","sameAs":["http:\/\/www.visit-ulcinj.com"],"url":"https:\/\/www.visit-ulcinj.com\/blog\/author\/admin\/"}]}},"jetpack_featured_media_url":"","jetpack_sharing_enabled":true,"jetpack_shortlink":"https:\/\/wp.me\/pe6lTn-rsq","_links":{"self":[{"href":"https:\/\/www.visit-ulcinj.com\/blog\/wp-json\/wp\/v2\/posts\/105550"}],"collection":[{"href":"https:\/\/www.visit-ulcinj.com\/blog\/wp-json\/wp\/v2\/posts"}],"about":[{"href":"https:\/\/www.visit-ulcinj.com\/blog\/wp-json\/wp\/v2\/types\/post"}],"author":[{"embeddable":true,"href":"https:\/\/www.visit-ulcinj.com\/blog\/wp-json\/wp\/v2\/users\/1"}],"replies":[{"embeddable":true,"href":"https:\/\/www.visit-ulcinj.com\/blog\/wp-json\/wp\/v2\/comments?post=105550"}],"version-history":[{"count":3,"href":"https:\/\/www.visit-ulcinj.com\/blog\/wp-json\/wp\/v2\/posts\/105550\/revisions"}],"predecessor-version":[{"id":105561,"href":"https:\/\/www.visit-ulcinj.com\/blog\/wp-json\/wp\/v2\/posts\/105550\/revisions\/105561"}],"wp:attachment":[{"href":"https:\/\/www.visit-ulcinj.com\/blog\/wp-json\/wp\/v2\/media?parent=105550"}],"wp:term":[{"taxonomy":"category","embeddable":true,"href":"https:\/\/www.visit-ulcinj.com\/blog\/wp-json\/wp\/v2\/categories?post=105550"},{"taxonomy":"post_tag","embeddable":true,"href":"https:\/\/www.visit-ulcinj.com\/blog\/wp-json\/wp\/v2\/tags?post=105550"}],"curies":[{"name":"wp","href":"https:\/\/api.w.org\/{rel}","templated":true}]}}