{"id":105562,"date":"2017-06-12T19:19:56","date_gmt":"2017-06-12T18:19:56","guid":{"rendered":"http:\/\/www.visit-ulcinj.com\/blog\/?p=105562"},"modified":"2017-06-12T19:19:56","modified_gmt":"2017-06-12T18:19:56","slug":"naser-resulbegovic-predsjednik-oo-sdp-ulcinj","status":"publish","type":"post","link":"https:\/\/www.visit-ulcinj.com\/blog\/2017\/06\/12\/naser-resulbegovic-predsjednik-oo-sdp-ulcinj\/","title":{"rendered":"Naser Resulbegovi\u0107 predsjednik OO SDP Ulcinj"},"content":{"rendered":"<p><a href=\"http:\/\/www.visit-ulcinj.com\/blog\/wp-content\/uploads\/2017\/06\/Nj\u00eb-shqiptar-n\u00eb-krye-t\u00eb-PSD-Ulqin-Naser-Rasulbegoviq.jpg\"><img loading=\"lazy\" class=\"alignleft wp-image-105558\" src=\"http:\/\/www.visit-ulcinj.com\/blog\/wp-content\/uploads\/2017\/06\/Nj\u00eb-shqiptar-n\u00eb-krye-t\u00eb-PSD-Ulqin-Naser-Rasulbegoviq.jpg\" alt=\"\" width=\"508\" height=\"243\" srcset=\"https:\/\/www.visit-ulcinj.com\/blog\/wp-content\/uploads\/2017\/06\/Nj\u00eb-shqiptar-n\u00eb-krye-t\u00eb-PSD-Ulqin-Naser-Rasulbegoviq.jpg 702w, https:\/\/www.visit-ulcinj.com\/blog\/wp-content\/uploads\/2017\/06\/Nj\u00eb-shqiptar-n\u00eb-krye-t\u00eb-PSD-Ulqin-Naser-Rasulbegoviq-300x144.jpg 300w\" sizes=\"(max-width: 508px) 100vw, 508px\" \/><\/a>Op\u0161tinski odbor Socijaldemokratske partije Ulcinja na ju\u010dera\u0161njoj sjednici izabrao je Nasera Resulebovi\u0107a za novog predsjednika Op\u0161tinskog odbora te partije u narednom \u010detvorogodi\u0161njem periodu.<\/p>\n<p>Sjednici su prisustvovali\u00a0predsjednik SDP Ranko Krivokapi\u0107 i potpredsjednici Ra\u0161ko Konjevi\u0107 i Almir Rebronja.<\/p>\n<p>Kako je saop\u0161teno iz te partije tokom sjednice je nagla\u0161eno da ulcinjski odbor od po\u010detka devedesetih predstavlja jedan od najstabilnijih i najboljih u Crnoj Gori sa jasnom lokalnom profilacijom koja je zbog toga i dobila podr\u0161ku gra\u0111ana.<\/p>\n<p>&#8220;Op\u0161tinski odbor je na sjednici za predsjednika izabrao Nasera Resulbegovi\u0107a koji je istakao da \u0107e djelima i radom poku\u0161ati da opravda povjerenje kolega. Naveo je da \u0107e SDP u narednom periodu gra\u0111anima Ulcinja ponuditi koncept razvoja koji \u0107e se dominantno oslanjati na vlastite snage, mlade i \u0161kolovane ljude koje treba vratiti kako bi ga izgra\u0111ivali kao moderan i evropski grad. Poru\u010dio je svim politi\u010dkim snagama u Ulcinju ali i pojedincima, koji ne \u017eele da se partijski svrstavaju, ali \u017eele da daju doprinos za izlazak iz stanja u kome se Ulcinj trenutno nalazi, da \u0107e u SDP-u imati iskrenog i istrajnog partnera&#8221;, navodi se u saop\u0161tenju.<\/p>\n<p>kako se dodaje, dosada\u0161nji predsjednik Op\u0161tinskog odbora Skender Elezagi\u0107, je istakao da je odlu\u010dio da prepusti mjesto prvog u Odboru prevashodno zbog \u017eelje da otvori prostor za mla\u0111e ljude kako bi zajedni\u010dkim, timskim, radom doprinijeli \u0161to boljem rezultatu SDP-a na sljede\u0107im lokalnim izborima.<\/p>\n<p>&#8220;Naglasio je\u00a0 da \u0107e\u00a0 i novo rukovodstvo, predvo\u0111eno Naserom Resulbegovi\u0107em nastaviti put koji je trasiran devedesetih i da \u0107e SDP kao i svih godina okupljati gra\u0111anske snage koje \u017eele prosperitet i razvoj grada.<br \/>\nElezagi\u0107 je tako\u0111e istakao da se snaga i zna\u010daj jedne politi\u010dke ideje ne mjere \u010desto brojevima, ali da je SDP ostala vode\u0107a gra\u0111anska, proevropska i progresivna snaga Ulcinja&#8221;, saop\u0161teno je.<\/p>\n<p>Predsjednik SDP-a Ranko Krivokapi\u0107 je istakao da je Ulcinj bio grad koji se razvijao kao grad pomoraca koji su donosili znanje i vje\u0161tine i da je bio mjesto stvarala\u0161tva brojnih civilizacija i naroda.<\/p>\n<p>&#8220;U dana\u0161njem periodu mora opet onakava kakav je bio kad je bio najrazvijeniji &#8211; otvoren, evropski i svjetski i upravo je to ponuda koju SDP daje Ulcinjanima&#8221;, zaklju\u010duje se u saop\u0161tenju.<\/p>\n<p>RTCG<\/p>\n","protected":false},"excerpt":{"rendered":"<p>Op\u0161tinski odbor Socijaldemokratske partije Ulcinja na ju\u010dera\u0161njoj sjednici izabrao je Nasera Resulebovi\u0107a za novog predsjednika Op\u0161tinskog odbora te partije u narednom \u010detvorogodi\u0161njem periodu. Sjednici su prisustvovali\u00a0predsjednik SDP Ranko Krivokapi\u0107 i potpredsjednici Ra\u0161ko Konjevi\u0107 i Almir Rebronja. Kako je saop\u0161teno iz te partije tokom sjednice je nagla\u0161eno da ulcinjski odbor od po\u010detka devedesetih predstavlja jedan od [&hellip;]<\/p>\n","protected":false},"author":1,"featured_media":0,"comment_status":"closed","ping_status":"closed","sticky":false,"template":"","format":"standard","meta":{"spay_email":"","jetpack_publicize_message":"","jetpack_is_tweetstorm":false,"jetpack_publicize_feature_enabled":true},"categories":[6950],"tags":[],"jetpack_publicize_connections":[],"yoast_head":"<!-- This site is optimized with the Yoast SEO plugin v19.1 - https:\/\/yoast.com\/wordpress\/plugins\/seo\/ -->\n<title>Naser Resulbegovi\u0107 predsjednik OO SDP Ulcinj - Lajme nga Ulqini<\/title>\n<meta name=\"description\" content=\"Op\u0161tinski odbor Socijaldemokratske partije Ulcinja na ju\u010dera\u0161njoj sjednici izabrao je Nasera Resulebovi\u0107a za novog predsjednika Op\u0161tinskog odbora te\" \/>\n<meta name=\"robots\" content=\"index, follow, max-snippet:-1, max-image-preview:large, max-video-preview:-1\" \/>\n<link rel=\"canonical\" href=\"https:\/\/www.visit-ulcinj.com\/blog\/2017\/06\/12\/naser-resulbegovic-predsjednik-oo-sdp-ulcinj\/\" \/>\n<meta property=\"og:locale\" content=\"en_US\" \/>\n<meta property=\"og:type\" content=\"article\" \/>\n<meta property=\"og:title\" content=\"Naser Resulbegovi\u0107 predsjednik OO SDP Ulcinj - Lajme nga Ulqini\" \/>\n<meta property=\"og:description\" content=\"Op\u0161tinski odbor Socijaldemokratske partije Ulcinja na ju\u010dera\u0161njoj sjednici izabrao je Nasera Resulebovi\u0107a za novog predsjednika Op\u0161tinskog odbora te\" \/>\n<meta property=\"og:url\" content=\"https:\/\/www.visit-ulcinj.com\/blog\/2017\/06\/12\/naser-resulbegovic-predsjednik-oo-sdp-ulcinj\/\" \/>\n<meta property=\"og:site_name\" content=\"Lajme nga Ulqini\" \/>\n<meta property=\"article:published_time\" content=\"2017-06-12T18:19:56+00:00\" \/>\n<meta name=\"twitter:label1\" content=\"Written by\" \/>\n\t<meta name=\"twitter:data1\" content=\"ulqini\" \/>\n\t<meta name=\"twitter:label2\" content=\"Est. reading time\" \/>\n\t<meta name=\"twitter:data2\" content=\"2 minutes\" \/>\n<script type=\"application\/ld+json\" class=\"yoast-schema-graph\">{\"@context\":\"https:\/\/schema.org\",\"@graph\":[{\"@type\":\"WebSite\",\"@id\":\"https:\/\/www.visit-ulcinj.com\/blog\/#website\",\"url\":\"https:\/\/www.visit-ulcinj.com\/blog\/\",\"name\":\"Lajme nga Ulqini\",\"description\":\"Lajme,Vijesti,Ulqini,Ulqin,Crna Gora,Mali i Zi\",\"potentialAction\":[{\"@type\":\"SearchAction\",\"target\":{\"@type\":\"EntryPoint\",\"urlTemplate\":\"https:\/\/www.visit-ulcinj.com\/blog\/?s={search_term_string}\"},\"query-input\":\"required name=search_term_string\"}],\"inLanguage\":\"en-US\"},{\"@type\":\"WebPage\",\"@id\":\"https:\/\/www.visit-ulcinj.com\/blog\/2017\/06\/12\/naser-resulbegovic-predsjednik-oo-sdp-ulcinj\/#webpage\",\"url\":\"https:\/\/www.visit-ulcinj.com\/blog\/2017\/06\/12\/naser-resulbegovic-predsjednik-oo-sdp-ulcinj\/\",\"name\":\"Naser Resulbegovi\u0107 predsjednik OO SDP Ulcinj - Lajme nga Ulqini\",\"isPartOf\":{\"@id\":\"https:\/\/www.visit-ulcinj.com\/blog\/#website\"},\"datePublished\":\"2017-06-12T18:19:56+00:00\",\"dateModified\":\"2017-06-12T18:19:56+00:00\",\"author\":{\"@id\":\"https:\/\/www.visit-ulcinj.com\/blog\/#\/schema\/person\/dcab619c614d3038751c63bc2aadc06d\"},\"description\":\"Op\u0161tinski odbor Socijaldemokratske partije Ulcinja na ju\u010dera\u0161njoj sjednici izabrao je Nasera Resulebovi\u0107a za novog predsjednika Op\u0161tinskog odbora te\",\"breadcrumb\":{\"@id\":\"https:\/\/www.visit-ulcinj.com\/blog\/2017\/06\/12\/naser-resulbegovic-predsjednik-oo-sdp-ulcinj\/#breadcrumb\"},\"inLanguage\":\"en-US\",\"potentialAction\":[{\"@type\":\"ReadAction\",\"target\":[\"https:\/\/www.visit-ulcinj.com\/blog\/2017\/06\/12\/naser-resulbegovic-predsjednik-oo-sdp-ulcinj\/\"]}]},{\"@type\":\"BreadcrumbList\",\"@id\":\"https:\/\/www.visit-ulcinj.com\/blog\/2017\/06\/12\/naser-resulbegovic-predsjednik-oo-sdp-ulcinj\/#breadcrumb\",\"itemListElement\":[{\"@type\":\"ListItem\",\"position\":1,\"name\":\"Naser Resulbegovi\u0107 predsjednik OO SDP Ulcinj\"}]},{\"@type\":\"Person\",\"@id\":\"https:\/\/www.visit-ulcinj.com\/blog\/#\/schema\/person\/dcab619c614d3038751c63bc2aadc06d\",\"name\":\"ulqini\",\"sameAs\":[\"http:\/\/www.visit-ulcinj.com\"],\"url\":\"https:\/\/www.visit-ulcinj.com\/blog\/author\/admin\/\"}]}<\/script>\n<!-- \/ Yoast SEO plugin. -->","yoast_head_json":{"title":"Naser Resulbegovi\u0107 predsjednik OO SDP Ulcinj - Lajme nga Ulqini","description":"Op\u0161tinski odbor Socijaldemokratske partije Ulcinja na ju\u010dera\u0161njoj sjednici izabrao je Nasera Resulebovi\u0107a za novog predsjednika Op\u0161tinskog odbora te","robots":{"index":"index","follow":"follow","max-snippet":"max-snippet:-1","max-image-preview":"max-image-preview:large","max-video-preview":"max-video-preview:-1"},"canonical":"https:\/\/www.visit-ulcinj.com\/blog\/2017\/06\/12\/naser-resulbegovic-predsjednik-oo-sdp-ulcinj\/","og_locale":"en_US","og_type":"article","og_title":"Naser Resulbegovi\u0107 predsjednik OO SDP Ulcinj - Lajme nga Ulqini","og_description":"Op\u0161tinski odbor Socijaldemokratske partije Ulcinja na ju\u010dera\u0161njoj sjednici izabrao je Nasera Resulebovi\u0107a za novog predsjednika Op\u0161tinskog odbora te","og_url":"https:\/\/www.visit-ulcinj.com\/blog\/2017\/06\/12\/naser-resulbegovic-predsjednik-oo-sdp-ulcinj\/","og_site_name":"Lajme nga Ulqini","article_published_time":"2017-06-12T18:19:56+00:00","twitter_misc":{"Written by":"ulqini","Est. reading time":"2 minutes"},"schema":{"@context":"https:\/\/schema.org","@graph":[{"@type":"WebSite","@id":"https:\/\/www.visit-ulcinj.com\/blog\/#website","url":"https:\/\/www.visit-ulcinj.com\/blog\/","name":"Lajme nga Ulqini","description":"Lajme,Vijesti,Ulqini,Ulqin,Crna Gora,Mali i Zi","potentialAction":[{"@type":"SearchAction","target":{"@type":"EntryPoint","urlTemplate":"https:\/\/www.visit-ulcinj.com\/blog\/?s={search_term_string}"},"query-input":"required name=search_term_string"}],"inLanguage":"en-US"},{"@type":"WebPage","@id":"https:\/\/www.visit-ulcinj.com\/blog\/2017\/06\/12\/naser-resulbegovic-predsjednik-oo-sdp-ulcinj\/#webpage","url":"https:\/\/www.visit-ulcinj.com\/blog\/2017\/06\/12\/naser-resulbegovic-predsjednik-oo-sdp-ulcinj\/","name":"Naser Resulbegovi\u0107 predsjednik OO SDP Ulcinj - Lajme nga Ulqini","isPartOf":{"@id":"https:\/\/www.visit-ulcinj.com\/blog\/#website"},"datePublished":"2017-06-12T18:19:56+00:00","dateModified":"2017-06-12T18:19:56+00:00","author":{"@id":"https:\/\/www.visit-ulcinj.com\/blog\/#\/schema\/person\/dcab619c614d3038751c63bc2aadc06d"},"description":"Op\u0161tinski odbor Socijaldemokratske partije Ulcinja na ju\u010dera\u0161njoj sjednici izabrao je Nasera Resulebovi\u0107a za novog predsjednika Op\u0161tinskog odbora te","breadcrumb":{"@id":"https:\/\/www.visit-ulcinj.com\/blog\/2017\/06\/12\/naser-resulbegovic-predsjednik-oo-sdp-ulcinj\/#breadcrumb"},"inLanguage":"en-US","potentialAction":[{"@type":"ReadAction","target":["https:\/\/www.visit-ulcinj.com\/blog\/2017\/06\/12\/naser-resulbegovic-predsjednik-oo-sdp-ulcinj\/"]}]},{"@type":"BreadcrumbList","@id":"https:\/\/www.visit-ulcinj.com\/blog\/2017\/06\/12\/naser-resulbegovic-predsjednik-oo-sdp-ulcinj\/#breadcrumb","itemListElement":[{"@type":"ListItem","position":1,"name":"Naser Resulbegovi\u0107 predsjednik OO SDP Ulcinj"}]},{"@type":"Person","@id":"https:\/\/www.visit-ulcinj.com\/blog\/#\/schema\/person\/dcab619c614d3038751c63bc2aadc06d","name":"ulqini","sameAs":["http:\/\/www.visit-ulcinj.com"],"url":"https:\/\/www.visit-ulcinj.com\/blog\/author\/admin\/"}]}},"jetpack_featured_media_url":"","jetpack_sharing_enabled":true,"jetpack_shortlink":"https:\/\/wp.me\/pe6lTn-rsC","_links":{"self":[{"href":"https:\/\/www.visit-ulcinj.com\/blog\/wp-json\/wp\/v2\/posts\/105562"}],"collection":[{"href":"https:\/\/www.visit-ulcinj.com\/blog\/wp-json\/wp\/v2\/posts"}],"about":[{"href":"https:\/\/www.visit-ulcinj.com\/blog\/wp-json\/wp\/v2\/types\/post"}],"author":[{"embeddable":true,"href":"https:\/\/www.visit-ulcinj.com\/blog\/wp-json\/wp\/v2\/users\/1"}],"replies":[{"embeddable":true,"href":"https:\/\/www.visit-ulcinj.com\/blog\/wp-json\/wp\/v2\/comments?post=105562"}],"version-history":[{"count":1,"href":"https:\/\/www.visit-ulcinj.com\/blog\/wp-json\/wp\/v2\/posts\/105562\/revisions"}],"predecessor-version":[{"id":105563,"href":"https:\/\/www.visit-ulcinj.com\/blog\/wp-json\/wp\/v2\/posts\/105562\/revisions\/105563"}],"wp:attachment":[{"href":"https:\/\/www.visit-ulcinj.com\/blog\/wp-json\/wp\/v2\/media?parent=105562"}],"wp:term":[{"taxonomy":"category","embeddable":true,"href":"https:\/\/www.visit-ulcinj.com\/blog\/wp-json\/wp\/v2\/categories?post=105562"},{"taxonomy":"post_tag","embeddable":true,"href":"https:\/\/www.visit-ulcinj.com\/blog\/wp-json\/wp\/v2\/tags?post=105562"}],"curies":[{"name":"wp","href":"https:\/\/api.w.org\/{rel}","templated":true}]}}