{"id":105564,"date":"2017-06-13T18:29:40","date_gmt":"2017-06-13T17:29:40","guid":{"rendered":"http:\/\/www.visit-ulcinj.com\/blog\/?p=105564"},"modified":"2017-06-14T17:35:17","modified_gmt":"2017-06-14T16:35:17","slug":"komuna-e-ulqinit-akuzon-fatmir-gjeken","status":"publish","type":"post","link":"https:\/\/www.visit-ulcinj.com\/blog\/2017\/06\/13\/komuna-e-ulqinit-akuzon-fatmir-gjeken\/","title":{"rendered":"Komuna e Ulqinit akuzon Fatmir Gjek\u00ebn"},"content":{"rendered":"<p id=\":110\" class=\"hP\" tabindex=\"-1\"><strong><a href=\"http:\/\/www.visit-ulcinj.com\/blog\/wp-content\/uploads\/2016\/02\/Fatmir-Gjeka-.jpg\"><img loading=\"lazy\" class=\"alignleft wp-image-94529\" src=\"http:\/\/www.visit-ulcinj.com\/blog\/wp-content\/uploads\/2016\/02\/Fatmir-Gjeka-.jpg\" alt=\"\" width=\"508\" height=\"356\" srcset=\"https:\/\/www.visit-ulcinj.com\/blog\/wp-content\/uploads\/2016\/02\/Fatmir-Gjeka-.jpg 720w, https:\/\/www.visit-ulcinj.com\/blog\/wp-content\/uploads\/2016\/02\/Fatmir-Gjeka--300x210.jpg 300w\" sizes=\"(max-width: 508px) 100vw, 508px\" \/><\/a>Kumtese: Kabineti i Kryetarit t\u00eb Komun\u00ebs s\u00eb Ulqinit<\/strong><\/p>\n<p>Njohtojm\u00eb opinionin se m\u00eb dat\u00ebn\u00a0 12.06.2017,\u00a0me vendim t\u00eb\u00a0 Gjykat\u00ebs s\u00eb Apelit t\u00eb Malit t\u00eb Zi,\u00a0nga\u00a0 llogaria\u00a0 rrjedh\u00ebse e Komun\u00ebs s\u00eb Ulqinit\u00a0 jan\u00eb hequr\u00a0 mjete\u00a0 n\u00eb vler\u00ebn e p\u00ebrgjithshme\u00a0 rreth 68.000 nga ana e SHPK Milki Way , p\u00ebr\u00a0 mospages\u00ebn\u00a0 e mjeteve p\u00ebr grumbullimin e\u00a0 qumshtit\u00a0 n\u00eb vitet 2008,2009,2010 dhe llogaritjen e kamat\u00ebs deri n\u00eb dit\u00ebn e sotme.<\/p>\n<p>Kjo nuk \u00ebsht\u00eb hera e par\u00eb q\u00eb n\u00eb k\u00ebt\u00eb m\u00ebnyr\u00eb d\u00ebmtohet\u00a0 buxheti\u00a0 i Komun\u00ebs s\u00eb Ulqinit , por k\u00ebt\u00eb her\u00eb\u00a0 k\u00ebsaj me\u00a0 pun\u00ebn e tyre\u00a0 joligjore\u00a0 i kan\u00eb kontribuar\u00a0 dhe\u00a0 n\u00ebnpun\u00ebs\u00a0 t\u00eb Komun\u00ebs. Fjala \u00ebsht\u00eb\u00a0 p\u00ebr ish Sekretarin\u00a0 p\u00ebr buxhet\u00a0 dhe financa Fatmir Gjeka\u00a0 i cili gjat\u00eb viteve\u00a0 2008-2010 pa autorizim\u00a0 ka pranuar\u00a0 fakturat p\u00ebr\u00a0 grumbullimin e qumshtit\u00a0 p\u00ebr nd\u00ebrmarrjen n\u00eb fjal\u00eb, \u00a0 dhe pastaj n\u00eb vitin 2010 ka nenshkuar formularin per vertetimin e borxhit,\u00a0ku si borxh i ka pranuar edhe fakturat\u00a0 q\u00eb nuk kan\u00eb qen\u00eb t\u00eb pranuara nga ana e\u00a0 Sekretariatit.<\/p>\n<p>Komuna e Ulqinit p\u00ebr t\u00eb gjitha k\u00ebto\u00a0 do t\u00eb njoftoj\u00eb\u00a0 organet p\u00ebrkat\u00ebse, kurse opinioni duhet t\u00eb dij\u00eb\u00a0 q\u00eb p\u00ebr shkak t\u00eb\u00a0 rasteve t\u00eb tilla\u00a0 komuna\u00a0 nuk\u00a0 ka sukses q\u00eb t\u00eb dal\u00eb\u00a0 nga kriza e r\u00ebnd\u00eb\u00a0 financiare, edhe p\u00ebrkundrejt\u00eb\u00a0 p\u00ebrpjekjeve\u00a0 t\u00eb p\u00ebrdit\u00ebshme\u00a0 dhe\u00a0 angazhimit p\u00ebr\u00a0 zvog\u00eblimin e borxheve\u00a0 dhe rritjen e t\u00eb ardhurave.<\/p>\n","protected":false},"excerpt":{"rendered":"<p>Kumtese: Kabineti i Kryetarit t\u00eb Komun\u00ebs s\u00eb Ulqinit Njohtojm\u00eb opinionin se m\u00eb dat\u00ebn\u00a0 12.06.2017,\u00a0me vendim t\u00eb\u00a0 Gjykat\u00ebs s\u00eb Apelit t\u00eb Malit t\u00eb Zi,\u00a0nga\u00a0 llogaria\u00a0 rrjedh\u00ebse e Komun\u00ebs s\u00eb Ulqinit\u00a0 jan\u00eb hequr\u00a0 mjete\u00a0 n\u00eb vler\u00ebn e p\u00ebrgjithshme\u00a0 rreth 68.000 nga ana e SHPK Milki Way , p\u00ebr\u00a0 mospages\u00ebn\u00a0 e mjeteve p\u00ebr grumbullimin e\u00a0 qumshtit\u00a0 n\u00eb vitet [&hellip;]<\/p>\n","protected":false},"author":1,"featured_media":0,"comment_status":"closed","ping_status":"closed","sticky":false,"template":"","format":"standard","meta":{"spay_email":"","jetpack_publicize_message":"","jetpack_is_tweetstorm":false,"jetpack_publicize_feature_enabled":true},"categories":[10,1],"tags":[],"jetpack_publicize_connections":[],"yoast_head":"<!-- This site is optimized with the Yoast SEO plugin v19.1 - https:\/\/yoast.com\/wordpress\/plugins\/seo\/ -->\n<title>Komuna e Ulqinit akuzon Fatmir Gjek\u00ebn - Lajme nga Ulqini<\/title>\n<meta name=\"description\" content=\"Kumtese: Kabineti i Kryetarit t\u00eb Komun\u00ebs s\u00eb Ulqinit Njohtojm\u00eb opinionin se m\u00eb dat\u00ebn\u00a0 12.06.2017,\u00a0me vendim t\u00eb\u00a0 Gjykat\u00ebs s\u00eb Apelit t\u00eb Malit t\u00eb Zi,\u00a0nga\u00a0\" \/>\n<meta name=\"robots\" content=\"index, follow, max-snippet:-1, max-image-preview:large, max-video-preview:-1\" \/>\n<link rel=\"canonical\" href=\"https:\/\/www.visit-ulcinj.com\/blog\/2017\/06\/13\/komuna-e-ulqinit-akuzon-fatmir-gjeken\/\" \/>\n<meta property=\"og:locale\" content=\"en_US\" \/>\n<meta property=\"og:type\" content=\"article\" \/>\n<meta property=\"og:title\" content=\"Komuna e Ulqinit akuzon Fatmir Gjek\u00ebn - Lajme nga Ulqini\" \/>\n<meta property=\"og:description\" content=\"Kumtese: Kabineti i Kryetarit t\u00eb Komun\u00ebs s\u00eb Ulqinit Njohtojm\u00eb opinionin se m\u00eb dat\u00ebn\u00a0 12.06.2017,\u00a0me vendim t\u00eb\u00a0 Gjykat\u00ebs s\u00eb Apelit t\u00eb Malit t\u00eb Zi,\u00a0nga\u00a0\" \/>\n<meta property=\"og:url\" content=\"https:\/\/www.visit-ulcinj.com\/blog\/2017\/06\/13\/komuna-e-ulqinit-akuzon-fatmir-gjeken\/\" \/>\n<meta property=\"og:site_name\" content=\"Lajme nga Ulqini\" \/>\n<meta property=\"article:published_time\" content=\"2017-06-13T17:29:40+00:00\" \/>\n<meta property=\"article:modified_time\" content=\"2017-06-14T16:35:17+00:00\" \/>\n<meta property=\"og:image\" content=\"http:\/\/www.visit-ulcinj.com\/blog\/wp-content\/uploads\/2016\/02\/Fatmir-Gjeka-.jpg\" \/>\n<meta name=\"twitter:label1\" content=\"Written by\" \/>\n\t<meta name=\"twitter:data1\" content=\"ulqini\" \/>\n\t<meta name=\"twitter:label2\" content=\"Est. reading time\" \/>\n\t<meta name=\"twitter:data2\" content=\"1 minute\" \/>\n<script type=\"application\/ld+json\" class=\"yoast-schema-graph\">{\"@context\":\"https:\/\/schema.org\",\"@graph\":[{\"@type\":\"WebSite\",\"@id\":\"https:\/\/www.visit-ulcinj.com\/blog\/#website\",\"url\":\"https:\/\/www.visit-ulcinj.com\/blog\/\",\"name\":\"Lajme nga Ulqini\",\"description\":\"Lajme,Vijesti,Ulqini,Ulqin,Crna Gora,Mali i Zi\",\"potentialAction\":[{\"@type\":\"SearchAction\",\"target\":{\"@type\":\"EntryPoint\",\"urlTemplate\":\"https:\/\/www.visit-ulcinj.com\/blog\/?s={search_term_string}\"},\"query-input\":\"required name=search_term_string\"}],\"inLanguage\":\"en-US\"},{\"@type\":\"ImageObject\",\"inLanguage\":\"en-US\",\"@id\":\"https:\/\/www.visit-ulcinj.com\/blog\/2017\/06\/13\/komuna-e-ulqinit-akuzon-fatmir-gjeken\/#primaryimage\",\"url\":\"https:\/\/www.visit-ulcinj.com\/blog\/wp-content\/uploads\/2016\/02\/Fatmir-Gjeka-.jpg\",\"contentUrl\":\"https:\/\/www.visit-ulcinj.com\/blog\/wp-content\/uploads\/2016\/02\/Fatmir-Gjeka-.jpg\",\"width\":720,\"height\":505},{\"@type\":\"WebPage\",\"@id\":\"https:\/\/www.visit-ulcinj.com\/blog\/2017\/06\/13\/komuna-e-ulqinit-akuzon-fatmir-gjeken\/#webpage\",\"url\":\"https:\/\/www.visit-ulcinj.com\/blog\/2017\/06\/13\/komuna-e-ulqinit-akuzon-fatmir-gjeken\/\",\"name\":\"Komuna e Ulqinit akuzon Fatmir Gjek\u00ebn - Lajme nga Ulqini\",\"isPartOf\":{\"@id\":\"https:\/\/www.visit-ulcinj.com\/blog\/#website\"},\"primaryImageOfPage\":{\"@id\":\"https:\/\/www.visit-ulcinj.com\/blog\/2017\/06\/13\/komuna-e-ulqinit-akuzon-fatmir-gjeken\/#primaryimage\"},\"datePublished\":\"2017-06-13T17:29:40+00:00\",\"dateModified\":\"2017-06-14T16:35:17+00:00\",\"author\":{\"@id\":\"https:\/\/www.visit-ulcinj.com\/blog\/#\/schema\/person\/dcab619c614d3038751c63bc2aadc06d\"},\"description\":\"Kumtese: Kabineti i Kryetarit t\u00eb Komun\u00ebs s\u00eb Ulqinit Njohtojm\u00eb opinionin se m\u00eb dat\u00ebn\u00a0 12.06.2017,\u00a0me vendim t\u00eb\u00a0 Gjykat\u00ebs s\u00eb Apelit t\u00eb Malit t\u00eb Zi,\u00a0nga\u00a0\",\"breadcrumb\":{\"@id\":\"https:\/\/www.visit-ulcinj.com\/blog\/2017\/06\/13\/komuna-e-ulqinit-akuzon-fatmir-gjeken\/#breadcrumb\"},\"inLanguage\":\"en-US\",\"potentialAction\":[{\"@type\":\"ReadAction\",\"target\":[\"https:\/\/www.visit-ulcinj.com\/blog\/2017\/06\/13\/komuna-e-ulqinit-akuzon-fatmir-gjeken\/\"]}]},{\"@type\":\"BreadcrumbList\",\"@id\":\"https:\/\/www.visit-ulcinj.com\/blog\/2017\/06\/13\/komuna-e-ulqinit-akuzon-fatmir-gjeken\/#breadcrumb\",\"itemListElement\":[{\"@type\":\"ListItem\",\"position\":1,\"name\":\"Komuna e Ulqinit akuzon Fatmir Gjek\u00ebn\"}]},{\"@type\":\"Person\",\"@id\":\"https:\/\/www.visit-ulcinj.com\/blog\/#\/schema\/person\/dcab619c614d3038751c63bc2aadc06d\",\"name\":\"ulqini\",\"sameAs\":[\"http:\/\/www.visit-ulcinj.com\"],\"url\":\"https:\/\/www.visit-ulcinj.com\/blog\/author\/admin\/\"}]}<\/script>\n<!-- \/ Yoast SEO plugin. -->","yoast_head_json":{"title":"Komuna e Ulqinit akuzon Fatmir Gjek\u00ebn - Lajme nga Ulqini","description":"Kumtese: Kabineti i Kryetarit t\u00eb Komun\u00ebs s\u00eb Ulqinit Njohtojm\u00eb opinionin se m\u00eb dat\u00ebn\u00a0 12.06.2017,\u00a0me vendim t\u00eb\u00a0 Gjykat\u00ebs s\u00eb Apelit t\u00eb Malit t\u00eb Zi,\u00a0nga\u00a0","robots":{"index":"index","follow":"follow","max-snippet":"max-snippet:-1","max-image-preview":"max-image-preview:large","max-video-preview":"max-video-preview:-1"},"canonical":"https:\/\/www.visit-ulcinj.com\/blog\/2017\/06\/13\/komuna-e-ulqinit-akuzon-fatmir-gjeken\/","og_locale":"en_US","og_type":"article","og_title":"Komuna e Ulqinit akuzon Fatmir Gjek\u00ebn - Lajme nga Ulqini","og_description":"Kumtese: Kabineti i Kryetarit t\u00eb Komun\u00ebs s\u00eb Ulqinit Njohtojm\u00eb opinionin se m\u00eb dat\u00ebn\u00a0 12.06.2017,\u00a0me vendim t\u00eb\u00a0 Gjykat\u00ebs s\u00eb Apelit t\u00eb Malit t\u00eb Zi,\u00a0nga\u00a0","og_url":"https:\/\/www.visit-ulcinj.com\/blog\/2017\/06\/13\/komuna-e-ulqinit-akuzon-fatmir-gjeken\/","og_site_name":"Lajme nga Ulqini","article_published_time":"2017-06-13T17:29:40+00:00","article_modified_time":"2017-06-14T16:35:17+00:00","og_image":[{"url":"http:\/\/www.visit-ulcinj.com\/blog\/wp-content\/uploads\/2016\/02\/Fatmir-Gjeka-.jpg"}],"twitter_misc":{"Written by":"ulqini","Est. reading time":"1 minute"},"schema":{"@context":"https:\/\/schema.org","@graph":[{"@type":"WebSite","@id":"https:\/\/www.visit-ulcinj.com\/blog\/#website","url":"https:\/\/www.visit-ulcinj.com\/blog\/","name":"Lajme nga Ulqini","description":"Lajme,Vijesti,Ulqini,Ulqin,Crna Gora,Mali i Zi","potentialAction":[{"@type":"SearchAction","target":{"@type":"EntryPoint","urlTemplate":"https:\/\/www.visit-ulcinj.com\/blog\/?s={search_term_string}"},"query-input":"required name=search_term_string"}],"inLanguage":"en-US"},{"@type":"ImageObject","inLanguage":"en-US","@id":"https:\/\/www.visit-ulcinj.com\/blog\/2017\/06\/13\/komuna-e-ulqinit-akuzon-fatmir-gjeken\/#primaryimage","url":"https:\/\/www.visit-ulcinj.com\/blog\/wp-content\/uploads\/2016\/02\/Fatmir-Gjeka-.jpg","contentUrl":"https:\/\/www.visit-ulcinj.com\/blog\/wp-content\/uploads\/2016\/02\/Fatmir-Gjeka-.jpg","width":720,"height":505},{"@type":"WebPage","@id":"https:\/\/www.visit-ulcinj.com\/blog\/2017\/06\/13\/komuna-e-ulqinit-akuzon-fatmir-gjeken\/#webpage","url":"https:\/\/www.visit-ulcinj.com\/blog\/2017\/06\/13\/komuna-e-ulqinit-akuzon-fatmir-gjeken\/","name":"Komuna e Ulqinit akuzon Fatmir Gjek\u00ebn - Lajme nga Ulqini","isPartOf":{"@id":"https:\/\/www.visit-ulcinj.com\/blog\/#website"},"primaryImageOfPage":{"@id":"https:\/\/www.visit-ulcinj.com\/blog\/2017\/06\/13\/komuna-e-ulqinit-akuzon-fatmir-gjeken\/#primaryimage"},"datePublished":"2017-06-13T17:29:40+00:00","dateModified":"2017-06-14T16:35:17+00:00","author":{"@id":"https:\/\/www.visit-ulcinj.com\/blog\/#\/schema\/person\/dcab619c614d3038751c63bc2aadc06d"},"description":"Kumtese: Kabineti i Kryetarit t\u00eb Komun\u00ebs s\u00eb Ulqinit Njohtojm\u00eb opinionin se m\u00eb dat\u00ebn\u00a0 12.06.2017,\u00a0me vendim t\u00eb\u00a0 Gjykat\u00ebs s\u00eb Apelit t\u00eb Malit t\u00eb Zi,\u00a0nga\u00a0","breadcrumb":{"@id":"https:\/\/www.visit-ulcinj.com\/blog\/2017\/06\/13\/komuna-e-ulqinit-akuzon-fatmir-gjeken\/#breadcrumb"},"inLanguage":"en-US","potentialAction":[{"@type":"ReadAction","target":["https:\/\/www.visit-ulcinj.com\/blog\/2017\/06\/13\/komuna-e-ulqinit-akuzon-fatmir-gjeken\/"]}]},{"@type":"BreadcrumbList","@id":"https:\/\/www.visit-ulcinj.com\/blog\/2017\/06\/13\/komuna-e-ulqinit-akuzon-fatmir-gjeken\/#breadcrumb","itemListElement":[{"@type":"ListItem","position":1,"name":"Komuna e Ulqinit akuzon Fatmir Gjek\u00ebn"}]},{"@type":"Person","@id":"https:\/\/www.visit-ulcinj.com\/blog\/#\/schema\/person\/dcab619c614d3038751c63bc2aadc06d","name":"ulqini","sameAs":["http:\/\/www.visit-ulcinj.com"],"url":"https:\/\/www.visit-ulcinj.com\/blog\/author\/admin\/"}]}},"jetpack_featured_media_url":"","jetpack_sharing_enabled":true,"jetpack_shortlink":"https:\/\/wp.me\/pe6lTn-rsE","_links":{"self":[{"href":"https:\/\/www.visit-ulcinj.com\/blog\/wp-json\/wp\/v2\/posts\/105564"}],"collection":[{"href":"https:\/\/www.visit-ulcinj.com\/blog\/wp-json\/wp\/v2\/posts"}],"about":[{"href":"https:\/\/www.visit-ulcinj.com\/blog\/wp-json\/wp\/v2\/types\/post"}],"author":[{"embeddable":true,"href":"https:\/\/www.visit-ulcinj.com\/blog\/wp-json\/wp\/v2\/users\/1"}],"replies":[{"embeddable":true,"href":"https:\/\/www.visit-ulcinj.com\/blog\/wp-json\/wp\/v2\/comments?post=105564"}],"version-history":[{"count":1,"href":"https:\/\/www.visit-ulcinj.com\/blog\/wp-json\/wp\/v2\/posts\/105564\/revisions"}],"predecessor-version":[{"id":105565,"href":"https:\/\/www.visit-ulcinj.com\/blog\/wp-json\/wp\/v2\/posts\/105564\/revisions\/105565"}],"wp:attachment":[{"href":"https:\/\/www.visit-ulcinj.com\/blog\/wp-json\/wp\/v2\/media?parent=105564"}],"wp:term":[{"taxonomy":"category","embeddable":true,"href":"https:\/\/www.visit-ulcinj.com\/blog\/wp-json\/wp\/v2\/categories?post=105564"},{"taxonomy":"post_tag","embeddable":true,"href":"https:\/\/www.visit-ulcinj.com\/blog\/wp-json\/wp\/v2\/tags?post=105564"}],"curies":[{"name":"wp","href":"https:\/\/api.w.org\/{rel}","templated":true}]}}