{"id":105568,"date":"2017-06-13T18:43:48","date_gmt":"2017-06-13T17:43:48","guid":{"rendered":"http:\/\/www.visit-ulcinj.com\/blog\/?p=105568"},"modified":"2017-06-13T18:43:48","modified_gmt":"2017-06-13T17:43:48","slug":"kksh-vazhdon-dhurimin-e-lektyrave-shkollore-per-shkollat-e-mesme","status":"publish","type":"post","link":"https:\/\/www.visit-ulcinj.com\/blog\/2017\/06\/13\/kksh-vazhdon-dhurimin-e-lektyrave-shkollore-per-shkollat-e-mesme\/","title":{"rendered":"KKSH- Vazhdon me dhurimin e lektyrave shkollore per shkollat e mesme"},"content":{"rendered":"<p><strong><a href=\"http:\/\/www.visit-ulcinj.com\/blog\/wp-content\/uploads\/2017\/06\/KKSH-Vazhdon-me-dhurimin-e-lektyrave-shkollore-1.jpg\"><img loading=\"lazy\" class=\"alignleft wp-image-105569\" src=\"http:\/\/www.visit-ulcinj.com\/blog\/wp-content\/uploads\/2017\/06\/KKSH-Vazhdon-me-dhurimin-e-lektyrave-shkollore-1.jpg\" alt=\"\" width=\"508\" height=\"381\" srcset=\"https:\/\/www.visit-ulcinj.com\/blog\/wp-content\/uploads\/2017\/06\/KKSH-Vazhdon-me-dhurimin-e-lektyrave-shkollore-1.jpg 823w, https:\/\/www.visit-ulcinj.com\/blog\/wp-content\/uploads\/2017\/06\/KKSH-Vazhdon-me-dhurimin-e-lektyrave-shkollore-1-300x225.jpg 300w, https:\/\/www.visit-ulcinj.com\/blog\/wp-content\/uploads\/2017\/06\/KKSH-Vazhdon-me-dhurimin-e-lektyrave-shkollore-1-768x576.jpg 768w\" sizes=\"(max-width: 508px) 100vw, 508px\" \/><\/a>Kumtes\u00eb p\u00ebr Opinion<\/strong><\/p>\n<p>&nbsp;<\/p>\n<p>K\u00ebshilli Komb\u00ebtar i Shqiptar\u00ebve n\u00eb Mal t\u00eb Zi, t\u00eb h\u00ebn\u00ebn m\u00eb 12 qershor 2017, e ka filluar aksionin e dhurimit t\u00eb lekturave p\u00ebr shkollat e mesme me m\u00ebsim n\u00eb gjuh\u00ebn shqipe n\u00eb MZ.<br \/>\nDelegacioni i KKSh-s\u00eb: Genci Nimanbegu, kryetar, Faik Nika, sekretar dhe Ismet Kallaba kryetari i Komisionit p\u00ebr Arsim t\u00eb KKSh-s\u00eb u kan\u00eb dor\u00ebzuar drejtor\u00ebve t\u00eb shkollave \u00a0\u201cV\u00ebllaz\u00ebrim Bashkim\u201d- Ulqin dhe gjimnazit privat \u201cDrita\u201d \u2013 Ulqin, nga 45 tituj me gjithsej 630 kopje, pjesa m\u00eb e madhe lektura shkollore dhe vepra tjera letrare.<br \/>\nDrejtori e shkoll\u00ebs s\u00eb mesme te p\u00ebrgjithshme \u201cV\u00ebllaz\u00ebrim Bashkim\u201d, z Hysein Katana ka shprehur fal\u00ebnderime p\u00ebr donacionin e KKSH-s\u00eb me m\u00eb se 450 vepra, duke e vler\u00ebsuar donacionin si tejet t\u00eb dobish\u00ebm p\u00ebr zbutjen e munges\u00ebs s\u00eb lekturave n\u00eb gjuh\u00ebn shqipe. Duke p\u00ebrkujtuar se nj\u00eb pjes\u00eb e konsiderueshme fondit t\u00eb bibliotek\u00ebs s\u00eb tyre \u00ebsht\u00eb d\u00ebmtuar me v\u00ebrshimet e vitit t\u00eb kaluar.<\/p>\n<p><a href=\"http:\/\/www.visit-ulcinj.com\/blog\/wp-content\/uploads\/2017\/06\/KKSH-Vazhdon-me-dhurimin-e-lektyrave-shkollore-2.jpg\"><img loading=\"lazy\" class=\"alignleft wp-image-105570\" src=\"http:\/\/www.visit-ulcinj.com\/blog\/wp-content\/uploads\/2017\/06\/KKSH-Vazhdon-me-dhurimin-e-lektyrave-shkollore-2.jpg\" alt=\"\" width=\"508\" height=\"381\" srcset=\"https:\/\/www.visit-ulcinj.com\/blog\/wp-content\/uploads\/2017\/06\/KKSH-Vazhdon-me-dhurimin-e-lektyrave-shkollore-2.jpg 823w, https:\/\/www.visit-ulcinj.com\/blog\/wp-content\/uploads\/2017\/06\/KKSH-Vazhdon-me-dhurimin-e-lektyrave-shkollore-2-300x225.jpg 300w, https:\/\/www.visit-ulcinj.com\/blog\/wp-content\/uploads\/2017\/06\/KKSH-Vazhdon-me-dhurimin-e-lektyrave-shkollore-2-768x576.jpg 768w\" sizes=\"(max-width: 508px) 100vw, 508px\" \/><\/a><\/p>\n<p>Edhe Drejtori i Gjimnazit privat \u201cDrita\u201d, z Fejzo Hoxha ka fal\u00ebnderuar p\u00ebr donacionin e marr\u00eb.<\/p>\n<p>&nbsp;<\/p>\n<p>Dhurimi i librave b\u00ebhet n\u00eb kuad\u00ebr t\u00eb projektit t\u00eb cilin e realizon K\u00ebshilli Komb\u00ebtar, e q\u00eb financohet nga Fondit p\u00ebr Mbrojtjen dhe Realizimin e t\u00eb Drejtave t\u00eb Pakicave. N\u00eb kuad\u00ebr t\u00eb k\u00ebtij projekti K\u00ebshilli Komb\u00ebtar ka arritur t\u00eb siguroj\u00eb 45 tituj t\u00eb lekturave dhe veprave letrare n\u00eb nj\u00eb total prej 1800 kopje.<\/p>\n<p>KKSH-ja\u00a0 ka vazhduar ndarjen e lekturave dhe veprave letrare pasi q\u00eb vitin e kaluar \u00ebsht\u00eb realizuar projekti i dhurimit t\u00eb lekturave shkollore p\u00ebr Shkollat fillore n\u00eb MZ kur jan\u00eb ndar\u00eb mbi 4000 libra por edhe Abetarja mbar\u00ebkomb\u00ebtare.<\/p>\n<p><a href=\"http:\/\/www.visit-ulcinj.com\/blog\/wp-content\/uploads\/2017\/06\/KKSH-Vazhdon-me-dhurimin-e-lektyrave-shkollore.jpg\"><img loading=\"lazy\" class=\"alignleft wp-image-105571\" src=\"http:\/\/www.visit-ulcinj.com\/blog\/wp-content\/uploads\/2017\/06\/KKSH-Vazhdon-me-dhurimin-e-lektyrave-shkollore.jpg\" alt=\"\" width=\"508\" height=\"381\" srcset=\"https:\/\/www.visit-ulcinj.com\/blog\/wp-content\/uploads\/2017\/06\/KKSH-Vazhdon-me-dhurimin-e-lektyrave-shkollore.jpg 640w, https:\/\/www.visit-ulcinj.com\/blog\/wp-content\/uploads\/2017\/06\/KKSH-Vazhdon-me-dhurimin-e-lektyrave-shkollore-300x225.jpg 300w\" sizes=\"(max-width: 508px) 100vw, 508px\" \/><\/a><\/p>\n<p>Aksioni i dhurimit t\u00eb librave ka filluar dhe do t\u00eb vazhdoj\u00eb edhe n\u00eb shkollat e mesme n\u00eb Tuz-Mal\u00ebsi dhe Plav\u00eb. Pasurimi i bibliotekave shkollore me lektura dhe literatur\u00eb tjet\u00ebr t\u00eb domosdoshme p\u00ebr nx\u00ebn\u00ebsit \u00ebsht\u00eb nj\u00ebri nga objektivat e K\u00ebshillit n\u00eb fush\u00ebn e arsimit.<\/p>\n","protected":false},"excerpt":{"rendered":"<p>Kumtes\u00eb p\u00ebr Opinion &nbsp; K\u00ebshilli Komb\u00ebtar i Shqiptar\u00ebve n\u00eb Mal t\u00eb Zi, t\u00eb h\u00ebn\u00ebn m\u00eb 12 qershor 2017, e ka filluar aksionin e dhurimit t\u00eb lekturave p\u00ebr shkollat e mesme me m\u00ebsim n\u00eb gjuh\u00ebn shqipe n\u00eb MZ. Delegacioni i KKSh-s\u00eb: Genci Nimanbegu, kryetar, Faik Nika, sekretar dhe Ismet Kallaba kryetari i Komisionit p\u00ebr Arsim t\u00eb [&hellip;]<\/p>\n","protected":false},"author":1,"featured_media":0,"comment_status":"closed","ping_status":"closed","sticky":false,"template":"","format":"standard","meta":{"spay_email":"","jetpack_publicize_message":"","jetpack_is_tweetstorm":false,"jetpack_publicize_feature_enabled":true},"categories":[4],"tags":[],"jetpack_publicize_connections":[],"yoast_head":"<!-- This site is optimized with the Yoast SEO plugin v19.1 - https:\/\/yoast.com\/wordpress\/plugins\/seo\/ -->\n<title>KKSH- Vazhdon me dhurimin e lektyrave shkollore per shkollat e mesme - Lajme nga Ulqini<\/title>\n<meta name=\"description\" content=\"Kumtes\u00eb p\u00ebr Opinion &nbsp; K\u00ebshilli Komb\u00ebtar i Shqiptar\u00ebve n\u00eb Mal t\u00eb Zi, t\u00eb h\u00ebn\u00ebn m\u00eb 12 qershor 2017, e ka filluar aksionin e dhurimit t\u00eb lekturave p\u00ebr\" \/>\n<meta name=\"robots\" content=\"index, follow, max-snippet:-1, max-image-preview:large, max-video-preview:-1\" \/>\n<link rel=\"canonical\" href=\"https:\/\/www.visit-ulcinj.com\/blog\/2017\/06\/13\/kksh-vazhdon-dhurimin-e-lektyrave-shkollore-per-shkollat-e-mesme\/\" \/>\n<meta property=\"og:locale\" content=\"en_US\" \/>\n<meta property=\"og:type\" content=\"article\" \/>\n<meta property=\"og:title\" content=\"KKSH- Vazhdon me dhurimin e lektyrave shkollore per shkollat e mesme - Lajme nga Ulqini\" \/>\n<meta property=\"og:description\" content=\"Kumtes\u00eb p\u00ebr Opinion &nbsp; K\u00ebshilli Komb\u00ebtar i Shqiptar\u00ebve n\u00eb Mal t\u00eb Zi, t\u00eb h\u00ebn\u00ebn m\u00eb 12 qershor 2017, e ka filluar aksionin e dhurimit t\u00eb lekturave p\u00ebr\" \/>\n<meta property=\"og:url\" content=\"https:\/\/www.visit-ulcinj.com\/blog\/2017\/06\/13\/kksh-vazhdon-dhurimin-e-lektyrave-shkollore-per-shkollat-e-mesme\/\" \/>\n<meta property=\"og:site_name\" content=\"Lajme nga Ulqini\" \/>\n<meta property=\"article:published_time\" content=\"2017-06-13T17:43:48+00:00\" \/>\n<meta property=\"og:image\" content=\"http:\/\/www.visit-ulcinj.com\/blog\/wp-content\/uploads\/2017\/06\/KKSH-Vazhdon-me-dhurimin-e-lektyrave-shkollore-1.jpg\" \/>\n<meta name=\"twitter:label1\" content=\"Written by\" \/>\n\t<meta name=\"twitter:data1\" content=\"ulqini\" \/>\n\t<meta name=\"twitter:label2\" content=\"Est. reading time\" \/>\n\t<meta name=\"twitter:data2\" content=\"2 minutes\" \/>\n<script type=\"application\/ld+json\" class=\"yoast-schema-graph\">{\"@context\":\"https:\/\/schema.org\",\"@graph\":[{\"@type\":\"WebSite\",\"@id\":\"https:\/\/www.visit-ulcinj.com\/blog\/#website\",\"url\":\"https:\/\/www.visit-ulcinj.com\/blog\/\",\"name\":\"Lajme nga Ulqini\",\"description\":\"Lajme,Vijesti,Ulqini,Ulqin,Crna Gora,Mali i Zi\",\"potentialAction\":[{\"@type\":\"SearchAction\",\"target\":{\"@type\":\"EntryPoint\",\"urlTemplate\":\"https:\/\/www.visit-ulcinj.com\/blog\/?s={search_term_string}\"},\"query-input\":\"required name=search_term_string\"}],\"inLanguage\":\"en-US\"},{\"@type\":\"ImageObject\",\"inLanguage\":\"en-US\",\"@id\":\"https:\/\/www.visit-ulcinj.com\/blog\/2017\/06\/13\/kksh-vazhdon-dhurimin-e-lektyrave-shkollore-per-shkollat-e-mesme\/#primaryimage\",\"url\":\"https:\/\/www.visit-ulcinj.com\/blog\/wp-content\/uploads\/2017\/06\/KKSH-Vazhdon-me-dhurimin-e-lektyrave-shkollore-1.jpg\",\"contentUrl\":\"https:\/\/www.visit-ulcinj.com\/blog\/wp-content\/uploads\/2017\/06\/KKSH-Vazhdon-me-dhurimin-e-lektyrave-shkollore-1.jpg\",\"width\":823,\"height\":617},{\"@type\":\"WebPage\",\"@id\":\"https:\/\/www.visit-ulcinj.com\/blog\/2017\/06\/13\/kksh-vazhdon-dhurimin-e-lektyrave-shkollore-per-shkollat-e-mesme\/#webpage\",\"url\":\"https:\/\/www.visit-ulcinj.com\/blog\/2017\/06\/13\/kksh-vazhdon-dhurimin-e-lektyrave-shkollore-per-shkollat-e-mesme\/\",\"name\":\"KKSH- Vazhdon me dhurimin e lektyrave shkollore per shkollat e mesme - Lajme nga Ulqini\",\"isPartOf\":{\"@id\":\"https:\/\/www.visit-ulcinj.com\/blog\/#website\"},\"primaryImageOfPage\":{\"@id\":\"https:\/\/www.visit-ulcinj.com\/blog\/2017\/06\/13\/kksh-vazhdon-dhurimin-e-lektyrave-shkollore-per-shkollat-e-mesme\/#primaryimage\"},\"datePublished\":\"2017-06-13T17:43:48+00:00\",\"dateModified\":\"2017-06-13T17:43:48+00:00\",\"author\":{\"@id\":\"https:\/\/www.visit-ulcinj.com\/blog\/#\/schema\/person\/dcab619c614d3038751c63bc2aadc06d\"},\"description\":\"Kumtes\u00eb p\u00ebr Opinion &nbsp; K\u00ebshilli Komb\u00ebtar i Shqiptar\u00ebve n\u00eb Mal t\u00eb Zi, t\u00eb h\u00ebn\u00ebn m\u00eb 12 qershor 2017, e ka filluar aksionin e dhurimit t\u00eb lekturave p\u00ebr\",\"breadcrumb\":{\"@id\":\"https:\/\/www.visit-ulcinj.com\/blog\/2017\/06\/13\/kksh-vazhdon-dhurimin-e-lektyrave-shkollore-per-shkollat-e-mesme\/#breadcrumb\"},\"inLanguage\":\"en-US\",\"potentialAction\":[{\"@type\":\"ReadAction\",\"target\":[\"https:\/\/www.visit-ulcinj.com\/blog\/2017\/06\/13\/kksh-vazhdon-dhurimin-e-lektyrave-shkollore-per-shkollat-e-mesme\/\"]}]},{\"@type\":\"BreadcrumbList\",\"@id\":\"https:\/\/www.visit-ulcinj.com\/blog\/2017\/06\/13\/kksh-vazhdon-dhurimin-e-lektyrave-shkollore-per-shkollat-e-mesme\/#breadcrumb\",\"itemListElement\":[{\"@type\":\"ListItem\",\"position\":1,\"name\":\"KKSH- Vazhdon me dhurimin e lektyrave shkollore per shkollat e mesme\"}]},{\"@type\":\"Person\",\"@id\":\"https:\/\/www.visit-ulcinj.com\/blog\/#\/schema\/person\/dcab619c614d3038751c63bc2aadc06d\",\"name\":\"ulqini\",\"sameAs\":[\"http:\/\/www.visit-ulcinj.com\"],\"url\":\"https:\/\/www.visit-ulcinj.com\/blog\/author\/admin\/\"}]}<\/script>\n<!-- \/ Yoast SEO plugin. -->","yoast_head_json":{"title":"KKSH- Vazhdon me dhurimin e lektyrave shkollore per shkollat e mesme - Lajme nga Ulqini","description":"Kumtes\u00eb p\u00ebr Opinion &nbsp; K\u00ebshilli Komb\u00ebtar i Shqiptar\u00ebve n\u00eb Mal t\u00eb Zi, t\u00eb h\u00ebn\u00ebn m\u00eb 12 qershor 2017, e ka filluar aksionin e dhurimit t\u00eb lekturave p\u00ebr","robots":{"index":"index","follow":"follow","max-snippet":"max-snippet:-1","max-image-preview":"max-image-preview:large","max-video-preview":"max-video-preview:-1"},"canonical":"https:\/\/www.visit-ulcinj.com\/blog\/2017\/06\/13\/kksh-vazhdon-dhurimin-e-lektyrave-shkollore-per-shkollat-e-mesme\/","og_locale":"en_US","og_type":"article","og_title":"KKSH- Vazhdon me dhurimin e lektyrave shkollore per shkollat e mesme - Lajme nga Ulqini","og_description":"Kumtes\u00eb p\u00ebr Opinion &nbsp; K\u00ebshilli Komb\u00ebtar i Shqiptar\u00ebve n\u00eb Mal t\u00eb Zi, t\u00eb h\u00ebn\u00ebn m\u00eb 12 qershor 2017, e ka filluar aksionin e dhurimit t\u00eb lekturave p\u00ebr","og_url":"https:\/\/www.visit-ulcinj.com\/blog\/2017\/06\/13\/kksh-vazhdon-dhurimin-e-lektyrave-shkollore-per-shkollat-e-mesme\/","og_site_name":"Lajme nga Ulqini","article_published_time":"2017-06-13T17:43:48+00:00","og_image":[{"url":"http:\/\/www.visit-ulcinj.com\/blog\/wp-content\/uploads\/2017\/06\/KKSH-Vazhdon-me-dhurimin-e-lektyrave-shkollore-1.jpg"}],"twitter_misc":{"Written by":"ulqini","Est. reading time":"2 minutes"},"schema":{"@context":"https:\/\/schema.org","@graph":[{"@type":"WebSite","@id":"https:\/\/www.visit-ulcinj.com\/blog\/#website","url":"https:\/\/www.visit-ulcinj.com\/blog\/","name":"Lajme nga Ulqini","description":"Lajme,Vijesti,Ulqini,Ulqin,Crna Gora,Mali i Zi","potentialAction":[{"@type":"SearchAction","target":{"@type":"EntryPoint","urlTemplate":"https:\/\/www.visit-ulcinj.com\/blog\/?s={search_term_string}"},"query-input":"required name=search_term_string"}],"inLanguage":"en-US"},{"@type":"ImageObject","inLanguage":"en-US","@id":"https:\/\/www.visit-ulcinj.com\/blog\/2017\/06\/13\/kksh-vazhdon-dhurimin-e-lektyrave-shkollore-per-shkollat-e-mesme\/#primaryimage","url":"https:\/\/www.visit-ulcinj.com\/blog\/wp-content\/uploads\/2017\/06\/KKSH-Vazhdon-me-dhurimin-e-lektyrave-shkollore-1.jpg","contentUrl":"https:\/\/www.visit-ulcinj.com\/blog\/wp-content\/uploads\/2017\/06\/KKSH-Vazhdon-me-dhurimin-e-lektyrave-shkollore-1.jpg","width":823,"height":617},{"@type":"WebPage","@id":"https:\/\/www.visit-ulcinj.com\/blog\/2017\/06\/13\/kksh-vazhdon-dhurimin-e-lektyrave-shkollore-per-shkollat-e-mesme\/#webpage","url":"https:\/\/www.visit-ulcinj.com\/blog\/2017\/06\/13\/kksh-vazhdon-dhurimin-e-lektyrave-shkollore-per-shkollat-e-mesme\/","name":"KKSH- Vazhdon me dhurimin e lektyrave shkollore per shkollat e mesme - Lajme nga Ulqini","isPartOf":{"@id":"https:\/\/www.visit-ulcinj.com\/blog\/#website"},"primaryImageOfPage":{"@id":"https:\/\/www.visit-ulcinj.com\/blog\/2017\/06\/13\/kksh-vazhdon-dhurimin-e-lektyrave-shkollore-per-shkollat-e-mesme\/#primaryimage"},"datePublished":"2017-06-13T17:43:48+00:00","dateModified":"2017-06-13T17:43:48+00:00","author":{"@id":"https:\/\/www.visit-ulcinj.com\/blog\/#\/schema\/person\/dcab619c614d3038751c63bc2aadc06d"},"description":"Kumtes\u00eb p\u00ebr Opinion &nbsp; K\u00ebshilli Komb\u00ebtar i Shqiptar\u00ebve n\u00eb Mal t\u00eb Zi, t\u00eb h\u00ebn\u00ebn m\u00eb 12 qershor 2017, e ka filluar aksionin e dhurimit t\u00eb lekturave p\u00ebr","breadcrumb":{"@id":"https:\/\/www.visit-ulcinj.com\/blog\/2017\/06\/13\/kksh-vazhdon-dhurimin-e-lektyrave-shkollore-per-shkollat-e-mesme\/#breadcrumb"},"inLanguage":"en-US","potentialAction":[{"@type":"ReadAction","target":["https:\/\/www.visit-ulcinj.com\/blog\/2017\/06\/13\/kksh-vazhdon-dhurimin-e-lektyrave-shkollore-per-shkollat-e-mesme\/"]}]},{"@type":"BreadcrumbList","@id":"https:\/\/www.visit-ulcinj.com\/blog\/2017\/06\/13\/kksh-vazhdon-dhurimin-e-lektyrave-shkollore-per-shkollat-e-mesme\/#breadcrumb","itemListElement":[{"@type":"ListItem","position":1,"name":"KKSH- Vazhdon me dhurimin e lektyrave shkollore per shkollat e mesme"}]},{"@type":"Person","@id":"https:\/\/www.visit-ulcinj.com\/blog\/#\/schema\/person\/dcab619c614d3038751c63bc2aadc06d","name":"ulqini","sameAs":["http:\/\/www.visit-ulcinj.com"],"url":"https:\/\/www.visit-ulcinj.com\/blog\/author\/admin\/"}]}},"jetpack_featured_media_url":"","jetpack_sharing_enabled":true,"jetpack_shortlink":"https:\/\/wp.me\/pe6lTn-rsI","_links":{"self":[{"href":"https:\/\/www.visit-ulcinj.com\/blog\/wp-json\/wp\/v2\/posts\/105568"}],"collection":[{"href":"https:\/\/www.visit-ulcinj.com\/blog\/wp-json\/wp\/v2\/posts"}],"about":[{"href":"https:\/\/www.visit-ulcinj.com\/blog\/wp-json\/wp\/v2\/types\/post"}],"author":[{"embeddable":true,"href":"https:\/\/www.visit-ulcinj.com\/blog\/wp-json\/wp\/v2\/users\/1"}],"replies":[{"embeddable":true,"href":"https:\/\/www.visit-ulcinj.com\/blog\/wp-json\/wp\/v2\/comments?post=105568"}],"version-history":[{"count":1,"href":"https:\/\/www.visit-ulcinj.com\/blog\/wp-json\/wp\/v2\/posts\/105568\/revisions"}],"predecessor-version":[{"id":105572,"href":"https:\/\/www.visit-ulcinj.com\/blog\/wp-json\/wp\/v2\/posts\/105568\/revisions\/105572"}],"wp:attachment":[{"href":"https:\/\/www.visit-ulcinj.com\/blog\/wp-json\/wp\/v2\/media?parent=105568"}],"wp:term":[{"taxonomy":"category","embeddable":true,"href":"https:\/\/www.visit-ulcinj.com\/blog\/wp-json\/wp\/v2\/categories?post=105568"},{"taxonomy":"post_tag","embeddable":true,"href":"https:\/\/www.visit-ulcinj.com\/blog\/wp-json\/wp\/v2\/tags?post=105568"}],"curies":[{"name":"wp","href":"https:\/\/api.w.org\/{rel}","templated":true}]}}