{"id":105573,"date":"2017-06-14T12:34:52","date_gmt":"2017-06-14T11:34:52","guid":{"rendered":"http:\/\/www.visit-ulcinj.com\/blog\/?p=105573"},"modified":"2017-06-14T12:34:52","modified_gmt":"2017-06-14T11:34:52","slug":"nika-shkojme-te-marri-e-hajme-petulla-qe-nje-lajm-te-jete-plote","status":"publish","type":"post","link":"https:\/\/www.visit-ulcinj.com\/blog\/2017\/06\/14\/nika-shkojme-te-marri-e-hajme-petulla-qe-nje-lajm-te-jete-plote\/","title":{"rendered":"Nika: Shkojm\u00eb te i marri e hajm\u00eb petulla?! Q\u00eb nj\u00eb lajm t\u00eb jet\u00eb i plot\u00eb"},"content":{"rendered":"<p><strong><em><a href=\"http:\/\/www.visit-ulcinj.com\/blog\/wp-content\/uploads\/2014\/11\/Muhamet-Nika.jpg\"><img loading=\"lazy\" class=\"alignleft wp-image-86143 size-full\" src=\"http:\/\/www.visit-ulcinj.com\/blog\/wp-content\/uploads\/2014\/11\/Muhamet-Nika.jpg\" alt=\"\" width=\"256\" height=\"319\" srcset=\"https:\/\/www.visit-ulcinj.com\/blog\/wp-content\/uploads\/2014\/11\/Muhamet-Nika.jpg 256w, https:\/\/www.visit-ulcinj.com\/blog\/wp-content\/uploads\/2014\/11\/Muhamet-Nika-240x300.jpg 240w\" sizes=\"(max-width: 256px) 100vw, 256px\" \/><\/a>\u00a0Shkruan Muhamet\u00a0 Nika<\/em><\/strong><\/p>\n<p><strong><em>\u00a0<\/em><\/strong>N\u00eb lidhje\u00a0 me njoftimin e kabinetit t\u00eb kryetarit t\u00eb komun\u00ebs\u00a0 Cungu, se Komuna e Ulqinit , \u00ebsht\u00eb n\u00eb bllokad\u00eb\u00a0 p\u00ebr nj\u00eb borrxh prej 68 mij\u00eb euro t\u00eb firm\u00ebs SHPK MILKI&#8230;, si rezultat i mos pages\u00ebs s\u00eb nj\u00eb borxhi p\u00ebr subvencion\u00a0 qumshti t\u00eb pranuar nga ish\u00a0 sekretari p\u00ebr buxhet-Gjeka , p\u00ebr periudh\u00ebn 2008 , 2009, 2010, kemi p\u00ebr t\u00eb shtuar se ky borxh nuk iu prezantua kuvendit t\u00eb Ulqinit kur vet\u00eb isha kryetar kuvendi dhe p\u00ebr k\u00ebt\u00eb del t\u00eb jet\u00eb i pa ligjsh\u00ebm?!<\/p>\n<p>SEPSE VET\u00cbM \u00a0KUVENDI \u00a0KA\u00a0 TAG\u00cbR\u00a0 T\u00cb\u00a0 P\u00cbRFAQ\u00cbSOJ\u00cb\u00a0 QYTETAR\u00cbT , T\u00cb NXJERR\u00cb\u00a0 VENDIME\u00a0 T\u00cb K\u00cbTILLA \u00a0\u00a0DHE T\u00cb KONTROLLOJ\u00cb\u00a0 ZBATIMIN E TYRE \u00a0E \u00a0AS KUSH TJET\u00cbR \u00a0TI\u00a0 B\u00cbJ\u00cb\u00a0 OSE TI ZHB\u00cbJ\u00cb\u00a0 ATO\u00a0 N\u00cb EM\u00cbR T\u00cb TIJ&#8230;?!!! Por ka edhe shum\u00eb e shum\u00eb borxhe tjera t\u00eb k\u00ebsaj natyre \u2013 inekzistente , bile edhe m\u00eb t\u00eb m\u00ebdhaja\u00a0 q\u00eb po e hedhin komun\u00ebn n\u00eb bankrot milionash&#8230;.?!!<\/p>\n<p>Sipas neve do duhej t\u00eb shtohej edhe kjo: kush i mbron k\u00ebto\u00a0 procese gjyqsore \u00a0\u00a0n\u00eb \u00a0\u00a0gjykat\u00eb\u00a0 nga komuna ( a i mron avokati\u00a0 i zgjedhur dhe i besuar nga kuvendi) dhe a ceket \u00a0nga mbrojtja\u00a0 e \u00a0komun\u00ebs n\u00eb gjykat se k\u00ebto borxhe jan\u00eb t\u00eb pa ligjsh\u00ebm \u00a0nga se nuk kan\u00eb\u00a0 mbules\u00eb kuvendi si n\u00eb rastin konkret. Dhe \u00a0tjet\u00ebr , si i lijon gjykata \u201c po slu\u017ebenoj du\u017enosti&#8230;\u201c ekzekutimin e borxheve t\u00eb tilla t\u00eb \u00a0pa qena e t\u00eb d\u00ebmshme?!<\/p>\n<p>Andaj pyesim, \u00a0a mos \u00ebsht\u00eb edhe kjo krim i organizuar ekonomik?! Sipas asaj t\u00eb xhindve(gjindve) n\u00eb udh\u00ebkryq\u00a0 n\u00eb mesnat\u00eb : \u201c<strong><em>Nj\u00eb p\u00ebr mua , nj\u00eb p\u00ebr ty , nj\u00eb p\u00ebr ate \u2013 p\u00ebr te ty&#8230;\u201d?!!!<\/em><\/strong><\/p>\n<p>Nd\u00ebrsa p\u00ebr rastitn , po shtojm\u00eb edhe k\u00ebt\u00eb, n\u00eb se \u00a0mjetet\u00a0 ishin si ndihm\u00eb qumshtor\u00ebs p\u00ebr prodhues t\u00eb qumshtit p\u00ebr \u00a0refundim dhe qumshtorja\u00a0 ka \u00a0falimentuar &#8230;?! Kush garanton se mjetet e destinuara p\u00ebr k\u00ebt\u00eb q\u00ebllim do t\u2019i marrin\u00a0 fermer\u00ebt koperant\u00eb t\u00eb ish- \u00a0qumshtores&#8230;?! Dhe si b\u00ebhet pagesa p\u00ebr persona t\u00eb till\u00eb fizik\u00eb&#8230;.?!<\/p>\n<p>Andaj shikuar n\u00eb shum\u00eb dimensione a mos do t\u00eb thot\u00eb \u00a0kjo \u00a0sipas asaj \u00a0popullores : \u201c Shkojm\u00eb te i marri e hajm\u00eb petulla\u201d&#8230;.?!! Mbase\u00a0 do duhej q\u00eb koperant\u00ebt t\u00eb organizonin edhe nj\u00eb protest\u00eb para qumshtor\u00ebs s\u00eb falimentuar.\u00a0 Nj\u00eb fjal\u00eb e urt\u00eb thot\u00eb: Mos k\u00ebrko t\u00eb te mbrojn\u00eb t\u00eb tjer\u00ebt , pa i dal\u00eb fillimisht\u00a0 T i , Zot vet\u00ebs &#8230;?!!!<\/p>\n<p>Mendimi im \u00ebsht\u00eb se me k\u00ebt\u00eb\u00a0 kumtes\u00eb dhe asaj t\u00eb PD-s\u00eb pak m\u00eb par\u00eb\u00a0 filloi sulmi i\u00a0 fushat\u00ebs s\u00eb\u00a0\u00a0 \u00a0koalicionit\u00a0 t\u00eb gj\u00ebr\u00eb.<\/p>\n<p>Por \u00a0ama \u00a0kujdes \u00a0p\u00ebr\u00a0 gjuetin\u00eb\u00a0 e \u00a0nisur\u00a0 nga partit\u00eb, sepse \u00a0thojn\u00eb\u00a0 q\u00eb prej \u00e7ub\u00ebs s\u00eb madhe \u00a0del gjithmon\u00eb\u00a0 ujku\u00a0 e jo lepuri&#8230;.?!! Besoj kuptohemi&#8230;?!!!<\/p>\n","protected":false},"excerpt":{"rendered":"<p>\u00a0Shkruan Muhamet\u00a0 Nika \u00a0N\u00eb lidhje\u00a0 me njoftimin e kabinetit t\u00eb kryetarit t\u00eb komun\u00ebs\u00a0 Cungu, se Komuna e Ulqinit , \u00ebsht\u00eb n\u00eb bllokad\u00eb\u00a0 p\u00ebr nj\u00eb borrxh prej 68 mij\u00eb euro t\u00eb firm\u00ebs SHPK MILKI&#8230;, si rezultat i mos pages\u00ebs s\u00eb nj\u00eb borxhi p\u00ebr subvencion\u00a0 qumshti t\u00eb pranuar nga ish\u00a0 sekretari p\u00ebr buxhet-Gjeka , p\u00ebr periudh\u00ebn 2008 [&hellip;]<\/p>\n","protected":false},"author":1,"featured_media":0,"comment_status":"closed","ping_status":"closed","sticky":false,"template":"","format":"standard","meta":{"spay_email":"","jetpack_publicize_message":"","jetpack_is_tweetstorm":false,"jetpack_publicize_feature_enabled":true},"categories":[14249],"tags":[],"jetpack_publicize_connections":[],"yoast_head":"<!-- This site is optimized with the Yoast SEO plugin v19.1 - https:\/\/yoast.com\/wordpress\/plugins\/seo\/ -->\n<title>Nika: Shkojm\u00eb te i marri e hajm\u00eb petulla?! Q\u00eb nj\u00eb lajm t\u00eb jet\u00eb i plot\u00eb - Lajme nga Ulqini<\/title>\n<meta name=\"description\" content=\"\u00a0Shkruan Muhamet\u00a0 Nika \u00a0N\u00eb lidhje\u00a0 me njoftimin e kabinetit t\u00eb kryetarit t\u00eb komun\u00ebs\u00a0 Cungu, se Komuna e Ulqinit , \u00ebsht\u00eb n\u00eb bllokad\u00eb\u00a0 p\u00ebr nj\u00eb borrxh prej\" \/>\n<meta name=\"robots\" content=\"index, follow, max-snippet:-1, max-image-preview:large, max-video-preview:-1\" \/>\n<link rel=\"canonical\" href=\"https:\/\/www.visit-ulcinj.com\/blog\/2017\/06\/14\/nika-shkojme-te-marri-e-hajme-petulla-qe-nje-lajm-te-jete-plote\/\" \/>\n<meta property=\"og:locale\" content=\"en_US\" \/>\n<meta property=\"og:type\" content=\"article\" \/>\n<meta property=\"og:title\" content=\"Nika: Shkojm\u00eb te i marri e hajm\u00eb petulla?! Q\u00eb nj\u00eb lajm t\u00eb jet\u00eb i plot\u00eb - Lajme nga Ulqini\" \/>\n<meta property=\"og:description\" content=\"\u00a0Shkruan Muhamet\u00a0 Nika \u00a0N\u00eb lidhje\u00a0 me njoftimin e kabinetit t\u00eb kryetarit t\u00eb komun\u00ebs\u00a0 Cungu, se Komuna e Ulqinit , \u00ebsht\u00eb n\u00eb bllokad\u00eb\u00a0 p\u00ebr nj\u00eb borrxh prej\" \/>\n<meta property=\"og:url\" content=\"https:\/\/www.visit-ulcinj.com\/blog\/2017\/06\/14\/nika-shkojme-te-marri-e-hajme-petulla-qe-nje-lajm-te-jete-plote\/\" \/>\n<meta property=\"og:site_name\" content=\"Lajme nga Ulqini\" \/>\n<meta property=\"article:published_time\" content=\"2017-06-14T11:34:52+00:00\" \/>\n<meta property=\"og:image\" content=\"http:\/\/www.visit-ulcinj.com\/blog\/wp-content\/uploads\/2014\/11\/Muhamet-Nika.jpg\" \/>\n<meta name=\"twitter:label1\" content=\"Written by\" \/>\n\t<meta name=\"twitter:data1\" content=\"ulqini\" \/>\n\t<meta name=\"twitter:label2\" content=\"Est. reading time\" \/>\n\t<meta name=\"twitter:data2\" content=\"2 minutes\" \/>\n<script type=\"application\/ld+json\" class=\"yoast-schema-graph\">{\"@context\":\"https:\/\/schema.org\",\"@graph\":[{\"@type\":\"WebSite\",\"@id\":\"https:\/\/www.visit-ulcinj.com\/blog\/#website\",\"url\":\"https:\/\/www.visit-ulcinj.com\/blog\/\",\"name\":\"Lajme nga Ulqini\",\"description\":\"Lajme,Vijesti,Ulqini,Ulqin,Crna Gora,Mali i Zi\",\"potentialAction\":[{\"@type\":\"SearchAction\",\"target\":{\"@type\":\"EntryPoint\",\"urlTemplate\":\"https:\/\/www.visit-ulcinj.com\/blog\/?s={search_term_string}\"},\"query-input\":\"required name=search_term_string\"}],\"inLanguage\":\"en-US\"},{\"@type\":\"ImageObject\",\"inLanguage\":\"en-US\",\"@id\":\"https:\/\/www.visit-ulcinj.com\/blog\/2017\/06\/14\/nika-shkojme-te-marri-e-hajme-petulla-qe-nje-lajm-te-jete-plote\/#primaryimage\",\"url\":\"https:\/\/www.visit-ulcinj.com\/blog\/wp-content\/uploads\/2014\/11\/Muhamet-Nika.jpg\",\"contentUrl\":\"https:\/\/www.visit-ulcinj.com\/blog\/wp-content\/uploads\/2014\/11\/Muhamet-Nika.jpg\",\"width\":256,\"height\":319},{\"@type\":\"WebPage\",\"@id\":\"https:\/\/www.visit-ulcinj.com\/blog\/2017\/06\/14\/nika-shkojme-te-marri-e-hajme-petulla-qe-nje-lajm-te-jete-plote\/#webpage\",\"url\":\"https:\/\/www.visit-ulcinj.com\/blog\/2017\/06\/14\/nika-shkojme-te-marri-e-hajme-petulla-qe-nje-lajm-te-jete-plote\/\",\"name\":\"Nika: Shkojm\u00eb te i marri e hajm\u00eb petulla?! Q\u00eb nj\u00eb lajm t\u00eb jet\u00eb i plot\u00eb - Lajme nga Ulqini\",\"isPartOf\":{\"@id\":\"https:\/\/www.visit-ulcinj.com\/blog\/#website\"},\"primaryImageOfPage\":{\"@id\":\"https:\/\/www.visit-ulcinj.com\/blog\/2017\/06\/14\/nika-shkojme-te-marri-e-hajme-petulla-qe-nje-lajm-te-jete-plote\/#primaryimage\"},\"datePublished\":\"2017-06-14T11:34:52+00:00\",\"dateModified\":\"2017-06-14T11:34:52+00:00\",\"author\":{\"@id\":\"https:\/\/www.visit-ulcinj.com\/blog\/#\/schema\/person\/dcab619c614d3038751c63bc2aadc06d\"},\"description\":\"\u00a0Shkruan Muhamet\u00a0 Nika \u00a0N\u00eb lidhje\u00a0 me njoftimin e kabinetit t\u00eb kryetarit t\u00eb komun\u00ebs\u00a0 Cungu, se Komuna e Ulqinit , \u00ebsht\u00eb n\u00eb bllokad\u00eb\u00a0 p\u00ebr nj\u00eb borrxh prej\",\"breadcrumb\":{\"@id\":\"https:\/\/www.visit-ulcinj.com\/blog\/2017\/06\/14\/nika-shkojme-te-marri-e-hajme-petulla-qe-nje-lajm-te-jete-plote\/#breadcrumb\"},\"inLanguage\":\"en-US\",\"potentialAction\":[{\"@type\":\"ReadAction\",\"target\":[\"https:\/\/www.visit-ulcinj.com\/blog\/2017\/06\/14\/nika-shkojme-te-marri-e-hajme-petulla-qe-nje-lajm-te-jete-plote\/\"]}]},{\"@type\":\"BreadcrumbList\",\"@id\":\"https:\/\/www.visit-ulcinj.com\/blog\/2017\/06\/14\/nika-shkojme-te-marri-e-hajme-petulla-qe-nje-lajm-te-jete-plote\/#breadcrumb\",\"itemListElement\":[{\"@type\":\"ListItem\",\"position\":1,\"name\":\"Nika: Shkojm\u00eb te i marri e hajm\u00eb petulla?! Q\u00eb nj\u00eb lajm t\u00eb jet\u00eb i plot\u00eb\"}]},{\"@type\":\"Person\",\"@id\":\"https:\/\/www.visit-ulcinj.com\/blog\/#\/schema\/person\/dcab619c614d3038751c63bc2aadc06d\",\"name\":\"ulqini\",\"sameAs\":[\"http:\/\/www.visit-ulcinj.com\"],\"url\":\"https:\/\/www.visit-ulcinj.com\/blog\/author\/admin\/\"}]}<\/script>\n<!-- \/ Yoast SEO plugin. -->","yoast_head_json":{"title":"Nika: Shkojm\u00eb te i marri e hajm\u00eb petulla?! Q\u00eb nj\u00eb lajm t\u00eb jet\u00eb i plot\u00eb - Lajme nga Ulqini","description":"\u00a0Shkruan Muhamet\u00a0 Nika \u00a0N\u00eb lidhje\u00a0 me njoftimin e kabinetit t\u00eb kryetarit t\u00eb komun\u00ebs\u00a0 Cungu, se Komuna e Ulqinit , \u00ebsht\u00eb n\u00eb bllokad\u00eb\u00a0 p\u00ebr nj\u00eb borrxh prej","robots":{"index":"index","follow":"follow","max-snippet":"max-snippet:-1","max-image-preview":"max-image-preview:large","max-video-preview":"max-video-preview:-1"},"canonical":"https:\/\/www.visit-ulcinj.com\/blog\/2017\/06\/14\/nika-shkojme-te-marri-e-hajme-petulla-qe-nje-lajm-te-jete-plote\/","og_locale":"en_US","og_type":"article","og_title":"Nika: Shkojm\u00eb te i marri e hajm\u00eb petulla?! Q\u00eb nj\u00eb lajm t\u00eb jet\u00eb i plot\u00eb - Lajme nga Ulqini","og_description":"\u00a0Shkruan Muhamet\u00a0 Nika \u00a0N\u00eb lidhje\u00a0 me njoftimin e kabinetit t\u00eb kryetarit t\u00eb komun\u00ebs\u00a0 Cungu, se Komuna e Ulqinit , \u00ebsht\u00eb n\u00eb bllokad\u00eb\u00a0 p\u00ebr nj\u00eb borrxh prej","og_url":"https:\/\/www.visit-ulcinj.com\/blog\/2017\/06\/14\/nika-shkojme-te-marri-e-hajme-petulla-qe-nje-lajm-te-jete-plote\/","og_site_name":"Lajme nga Ulqini","article_published_time":"2017-06-14T11:34:52+00:00","og_image":[{"url":"http:\/\/www.visit-ulcinj.com\/blog\/wp-content\/uploads\/2014\/11\/Muhamet-Nika.jpg"}],"twitter_misc":{"Written by":"ulqini","Est. reading time":"2 minutes"},"schema":{"@context":"https:\/\/schema.org","@graph":[{"@type":"WebSite","@id":"https:\/\/www.visit-ulcinj.com\/blog\/#website","url":"https:\/\/www.visit-ulcinj.com\/blog\/","name":"Lajme nga Ulqini","description":"Lajme,Vijesti,Ulqini,Ulqin,Crna Gora,Mali i Zi","potentialAction":[{"@type":"SearchAction","target":{"@type":"EntryPoint","urlTemplate":"https:\/\/www.visit-ulcinj.com\/blog\/?s={search_term_string}"},"query-input":"required name=search_term_string"}],"inLanguage":"en-US"},{"@type":"ImageObject","inLanguage":"en-US","@id":"https:\/\/www.visit-ulcinj.com\/blog\/2017\/06\/14\/nika-shkojme-te-marri-e-hajme-petulla-qe-nje-lajm-te-jete-plote\/#primaryimage","url":"https:\/\/www.visit-ulcinj.com\/blog\/wp-content\/uploads\/2014\/11\/Muhamet-Nika.jpg","contentUrl":"https:\/\/www.visit-ulcinj.com\/blog\/wp-content\/uploads\/2014\/11\/Muhamet-Nika.jpg","width":256,"height":319},{"@type":"WebPage","@id":"https:\/\/www.visit-ulcinj.com\/blog\/2017\/06\/14\/nika-shkojme-te-marri-e-hajme-petulla-qe-nje-lajm-te-jete-plote\/#webpage","url":"https:\/\/www.visit-ulcinj.com\/blog\/2017\/06\/14\/nika-shkojme-te-marri-e-hajme-petulla-qe-nje-lajm-te-jete-plote\/","name":"Nika: Shkojm\u00eb te i marri e hajm\u00eb petulla?! Q\u00eb nj\u00eb lajm t\u00eb jet\u00eb i plot\u00eb - Lajme nga Ulqini","isPartOf":{"@id":"https:\/\/www.visit-ulcinj.com\/blog\/#website"},"primaryImageOfPage":{"@id":"https:\/\/www.visit-ulcinj.com\/blog\/2017\/06\/14\/nika-shkojme-te-marri-e-hajme-petulla-qe-nje-lajm-te-jete-plote\/#primaryimage"},"datePublished":"2017-06-14T11:34:52+00:00","dateModified":"2017-06-14T11:34:52+00:00","author":{"@id":"https:\/\/www.visit-ulcinj.com\/blog\/#\/schema\/person\/dcab619c614d3038751c63bc2aadc06d"},"description":"\u00a0Shkruan Muhamet\u00a0 Nika \u00a0N\u00eb lidhje\u00a0 me njoftimin e kabinetit t\u00eb kryetarit t\u00eb komun\u00ebs\u00a0 Cungu, se Komuna e Ulqinit , \u00ebsht\u00eb n\u00eb bllokad\u00eb\u00a0 p\u00ebr nj\u00eb borrxh prej","breadcrumb":{"@id":"https:\/\/www.visit-ulcinj.com\/blog\/2017\/06\/14\/nika-shkojme-te-marri-e-hajme-petulla-qe-nje-lajm-te-jete-plote\/#breadcrumb"},"inLanguage":"en-US","potentialAction":[{"@type":"ReadAction","target":["https:\/\/www.visit-ulcinj.com\/blog\/2017\/06\/14\/nika-shkojme-te-marri-e-hajme-petulla-qe-nje-lajm-te-jete-plote\/"]}]},{"@type":"BreadcrumbList","@id":"https:\/\/www.visit-ulcinj.com\/blog\/2017\/06\/14\/nika-shkojme-te-marri-e-hajme-petulla-qe-nje-lajm-te-jete-plote\/#breadcrumb","itemListElement":[{"@type":"ListItem","position":1,"name":"Nika: Shkojm\u00eb te i marri e hajm\u00eb petulla?! Q\u00eb nj\u00eb lajm t\u00eb jet\u00eb i plot\u00eb"}]},{"@type":"Person","@id":"https:\/\/www.visit-ulcinj.com\/blog\/#\/schema\/person\/dcab619c614d3038751c63bc2aadc06d","name":"ulqini","sameAs":["http:\/\/www.visit-ulcinj.com"],"url":"https:\/\/www.visit-ulcinj.com\/blog\/author\/admin\/"}]}},"jetpack_featured_media_url":"","jetpack_sharing_enabled":true,"jetpack_shortlink":"https:\/\/wp.me\/pe6lTn-rsN","_links":{"self":[{"href":"https:\/\/www.visit-ulcinj.com\/blog\/wp-json\/wp\/v2\/posts\/105573"}],"collection":[{"href":"https:\/\/www.visit-ulcinj.com\/blog\/wp-json\/wp\/v2\/posts"}],"about":[{"href":"https:\/\/www.visit-ulcinj.com\/blog\/wp-json\/wp\/v2\/types\/post"}],"author":[{"embeddable":true,"href":"https:\/\/www.visit-ulcinj.com\/blog\/wp-json\/wp\/v2\/users\/1"}],"replies":[{"embeddable":true,"href":"https:\/\/www.visit-ulcinj.com\/blog\/wp-json\/wp\/v2\/comments?post=105573"}],"version-history":[{"count":1,"href":"https:\/\/www.visit-ulcinj.com\/blog\/wp-json\/wp\/v2\/posts\/105573\/revisions"}],"predecessor-version":[{"id":105574,"href":"https:\/\/www.visit-ulcinj.com\/blog\/wp-json\/wp\/v2\/posts\/105573\/revisions\/105574"}],"wp:attachment":[{"href":"https:\/\/www.visit-ulcinj.com\/blog\/wp-json\/wp\/v2\/media?parent=105573"}],"wp:term":[{"taxonomy":"category","embeddable":true,"href":"https:\/\/www.visit-ulcinj.com\/blog\/wp-json\/wp\/v2\/categories?post=105573"},{"taxonomy":"post_tag","embeddable":true,"href":"https:\/\/www.visit-ulcinj.com\/blog\/wp-json\/wp\/v2\/tags?post=105573"}],"curies":[{"name":"wp","href":"https:\/\/api.w.org\/{rel}","templated":true}]}}