{"id":105575,"date":"2017-06-14T17:28:33","date_gmt":"2017-06-14T16:28:33","guid":{"rendered":"http:\/\/www.visit-ulcinj.com\/blog\/?p=105575"},"modified":"2017-06-15T20:03:48","modified_gmt":"2017-06-15T19:03:48","slug":"pd-eshte-mire-mos-me-u-fut-ne-bela-z-cungu-struku-nazif-ne-bela-te-madhe-je-z-cungu","status":"publish","type":"post","link":"https:\/\/www.visit-ulcinj.com\/blog\/2017\/06\/14\/pd-eshte-mire-mos-me-u-fut-ne-bela-z-cungu-struku-nazif-ne-bela-te-madhe-je-z-cungu\/","title":{"rendered":"PD: \u00cbsht\u00eb mir\u00eb mos me u fut n\u00eb bela z.Cungu, Struku Nazif, n\u00eb bela t\u00eb madhe je!"},"content":{"rendered":"<p><strong><a href=\"http:\/\/www.visit-ulcinj.com\/blog\/wp-content\/uploads\/2016\/08\/Gezim-Hajdinaga-Fatmir-Gjeka-Ulqin-1.jpg\"><img loading=\"lazy\" class=\"alignleft wp-image-99052\" src=\"http:\/\/www.visit-ulcinj.com\/blog\/wp-content\/uploads\/2016\/08\/Gezim-Hajdinaga-Fatmir-Gjeka-Ulqin-1.jpg\" alt=\"\" width=\"508\" height=\"338\" srcset=\"https:\/\/www.visit-ulcinj.com\/blog\/wp-content\/uploads\/2016\/08\/Gezim-Hajdinaga-Fatmir-Gjeka-Ulqin-1.jpg 960w, https:\/\/www.visit-ulcinj.com\/blog\/wp-content\/uploads\/2016\/08\/Gezim-Hajdinaga-Fatmir-Gjeka-Ulqin-1-300x199.jpg 300w, https:\/\/www.visit-ulcinj.com\/blog\/wp-content\/uploads\/2016\/08\/Gezim-Hajdinaga-Fatmir-Gjeka-Ulqin-1-768x510.jpg 768w\" sizes=\"(max-width: 508px) 100vw, 508px\" \/><\/a>Kumtes\u00eb p\u00ebr opinion i Partis\u00eb demokratike, transmeton portali Ul.info<br \/>\n<\/strong><\/p>\n<p>Jan\u00eb qesharak\u00eb denoncuesit e vegj\u00ebl nga i ashtuquajturi kabinet. Edhe m\u00eb qesharak shefi i tyre. I z\u00ebn\u00eb me pun\u00ebt e turbullta rreth Studimit t\u00eb lokacionit n\u00eb Shtoj (rasti \u201cShasi 2\u201d), padit\u00eb penale rreth procedur\u00ebs s\u00eb qiradh\u00ebnies s\u00eb objekteve t\u00eb p\u00ebrkohshme, nd\u00ebrtimin ilegal n\u00eb kulm, asgj\u00eb nuk punon p\u00ebr p\u00ebrgatitjen e sezonit turistik, na pret kollapsi, por atij i p\u00eblqen t\u00eb merret me Fatmir Gjek\u00ebn. M\u00eb sakt\u00eb, p\u00ebrpiqet n\u00eb panik\u00eb q\u00eb t\u00eb pakt\u00ebn pak t\u00eb t\u00ebrheq\u00eb v\u00ebmendjen nga problemet e m\u00ebdha q\u00eb i ka krijuar vetes nga lakmia dhe padituria e madhe.<\/p>\n<p>Struku Nazif, n\u00eb bela t\u00eb madhe je!<\/p>\n<p>P\u00ebr hir t\u00eb opinionit sqarojm\u00eb se kompania Milky Way dhe z. Mavriq kan\u00eb pasur t\u00eb drejt\u00eb n\u00eb mjetet financiare, gjegj\u00ebsisht subvencionet n\u00eb baz\u00eb t\u00eb p\u00ebrfundimit t\u00eb qeveris\u00eb dhe raportit t\u00eb Ministris\u00eb s\u00eb bujq\u00ebsis\u00eb.<\/p>\n<p>N\u00eb vend q\u00eb t\u2019i fitoj\u00eb me koh\u00eb k\u00ebto mjete dhe t\u00eb shp\u00ebtoj\u00eb nga falimentimi i kompanis\u00eb s\u00eb tij, si dhe t\u2019iu paguaj furnitor\u00ebve obligimet, ju e keni shtyr\u00eb pages\u00ebn e parave, prandaj me vendimin e gjygjit ka p\u00ebrfituar edhe kamat\u00ebn prej m\u00eb shum\u00eb se 25 mij\u00eb euro. Kaq p\u00ebr shqet\u00ebsimin tuaj p\u00ebr buxhetin e Komun\u00ebs.<\/p>\n<p>Shpejt keni harruar se vet\u00ebm dy jav\u00eb m\u00eb par\u00eb keni n\u00ebnshkruar dokumentin me t\u00eb cilin pranoni p\u00ebrgjegj\u00ebsin\u00eb tuaj p\u00ebr Llogarin\u00eb p\u00ebrfundimtare t\u00eb buxhetit p\u00ebr vitin e kaluar. T\u00eb gjith\u00eb q\u00eb din\u00eb di\u00e7ka p\u00ebr kontabilitetin dhe ekonomin\u00eb, do ta kuptojn\u00eb \u00e7ka n\u00ebnkupton ajo gj\u00eb. Por, ju iu duhen manipulime, g\u00ebnjeshtra dhe mashtrime t\u00eb reja.<\/p>\n<p>Dhe z. Cungu: hapeni port\u00ebn q\u00eb keni vendosur n\u00eb pron\u00ebn e komun\u00ebs! Mos veproni m\u00eb si f\u00ebmij\u00eb. Mos lejoni q\u00eb p\u00ebrpos si denoncues dhe mashtrues, t\u2019iu mbajm\u00eb mend edhe si uzurpator.<\/p>\n","protected":false},"excerpt":{"rendered":"<p>Kumtes\u00eb p\u00ebr opinion i Partis\u00eb demokratike, transmeton portali Ul.info Jan\u00eb qesharak\u00eb denoncuesit e vegj\u00ebl nga i ashtuquajturi kabinet. Edhe m\u00eb qesharak shefi i tyre. I z\u00ebn\u00eb me pun\u00ebt e turbullta rreth Studimit t\u00eb lokacionit n\u00eb Shtoj (rasti \u201cShasi 2\u201d), padit\u00eb penale rreth procedur\u00ebs s\u00eb qiradh\u00ebnies s\u00eb objekteve t\u00eb p\u00ebrkohshme, nd\u00ebrtimin ilegal n\u00eb kulm, asgj\u00eb nuk [&hellip;]<\/p>\n","protected":false},"author":1,"featured_media":0,"comment_status":"closed","ping_status":"closed","sticky":false,"template":"","format":"standard","meta":{"spay_email":"","jetpack_publicize_message":"","jetpack_is_tweetstorm":false,"jetpack_publicize_feature_enabled":true},"categories":[1,6],"tags":[],"jetpack_publicize_connections":[],"yoast_head":"<!-- This site is optimized with the Yoast SEO plugin v19.1 - https:\/\/yoast.com\/wordpress\/plugins\/seo\/ -->\n<title>PD: \u00cbsht\u00eb mir\u00eb mos me u fut n\u00eb bela z.Cungu, Struku Nazif, n\u00eb bela t\u00eb madhe je! - Lajme nga Ulqini<\/title>\n<meta name=\"description\" content=\"Kumtes\u00eb p\u00ebr opinion i Partis\u00eb demokratike, transmeton portali Ul.info Jan\u00eb qesharak\u00eb denoncuesit e vegj\u00ebl nga i ashtuquajturi kabinet. Edhe m\u00eb qesharak\" \/>\n<meta name=\"robots\" content=\"index, follow, max-snippet:-1, max-image-preview:large, max-video-preview:-1\" \/>\n<link rel=\"canonical\" href=\"https:\/\/www.visit-ulcinj.com\/blog\/2017\/06\/14\/pd-eshte-mire-mos-me-u-fut-ne-bela-z-cungu-struku-nazif-ne-bela-te-madhe-je-z-cungu\/\" \/>\n<meta property=\"og:locale\" content=\"en_US\" \/>\n<meta property=\"og:type\" content=\"article\" \/>\n<meta property=\"og:title\" content=\"PD: \u00cbsht\u00eb mir\u00eb mos me u fut n\u00eb bela z.Cungu, Struku Nazif, n\u00eb bela t\u00eb madhe je! - Lajme nga Ulqini\" \/>\n<meta property=\"og:description\" content=\"Kumtes\u00eb p\u00ebr opinion i Partis\u00eb demokratike, transmeton portali Ul.info Jan\u00eb qesharak\u00eb denoncuesit e vegj\u00ebl nga i ashtuquajturi kabinet. Edhe m\u00eb qesharak\" \/>\n<meta property=\"og:url\" content=\"https:\/\/www.visit-ulcinj.com\/blog\/2017\/06\/14\/pd-eshte-mire-mos-me-u-fut-ne-bela-z-cungu-struku-nazif-ne-bela-te-madhe-je-z-cungu\/\" \/>\n<meta property=\"og:site_name\" content=\"Lajme nga Ulqini\" \/>\n<meta property=\"article:published_time\" content=\"2017-06-14T16:28:33+00:00\" \/>\n<meta property=\"article:modified_time\" content=\"2017-06-15T19:03:48+00:00\" \/>\n<meta property=\"og:image\" content=\"http:\/\/www.visit-ulcinj.com\/blog\/wp-content\/uploads\/2016\/08\/Gezim-Hajdinaga-Fatmir-Gjeka-Ulqin-1.jpg\" \/>\n<meta name=\"twitter:label1\" content=\"Written by\" \/>\n\t<meta name=\"twitter:data1\" content=\"ulqini\" \/>\n\t<meta name=\"twitter:label2\" content=\"Est. reading time\" \/>\n\t<meta name=\"twitter:data2\" content=\"2 minutes\" \/>\n<script type=\"application\/ld+json\" class=\"yoast-schema-graph\">{\"@context\":\"https:\/\/schema.org\",\"@graph\":[{\"@type\":\"WebSite\",\"@id\":\"https:\/\/www.visit-ulcinj.com\/blog\/#website\",\"url\":\"https:\/\/www.visit-ulcinj.com\/blog\/\",\"name\":\"Lajme nga Ulqini\",\"description\":\"Lajme,Vijesti,Ulqini,Ulqin,Crna Gora,Mali i Zi\",\"potentialAction\":[{\"@type\":\"SearchAction\",\"target\":{\"@type\":\"EntryPoint\",\"urlTemplate\":\"https:\/\/www.visit-ulcinj.com\/blog\/?s={search_term_string}\"},\"query-input\":\"required name=search_term_string\"}],\"inLanguage\":\"en-US\"},{\"@type\":\"ImageObject\",\"inLanguage\":\"en-US\",\"@id\":\"https:\/\/www.visit-ulcinj.com\/blog\/2017\/06\/14\/pd-eshte-mire-mos-me-u-fut-ne-bela-z-cungu-struku-nazif-ne-bela-te-madhe-je-z-cungu\/#primaryimage\",\"url\":\"https:\/\/www.visit-ulcinj.com\/blog\/wp-content\/uploads\/2016\/08\/Gezim-Hajdinaga-Fatmir-Gjeka-Ulqin-1.jpg\",\"contentUrl\":\"https:\/\/www.visit-ulcinj.com\/blog\/wp-content\/uploads\/2016\/08\/Gezim-Hajdinaga-Fatmir-Gjeka-Ulqin-1.jpg\",\"width\":960,\"height\":638},{\"@type\":\"WebPage\",\"@id\":\"https:\/\/www.visit-ulcinj.com\/blog\/2017\/06\/14\/pd-eshte-mire-mos-me-u-fut-ne-bela-z-cungu-struku-nazif-ne-bela-te-madhe-je-z-cungu\/#webpage\",\"url\":\"https:\/\/www.visit-ulcinj.com\/blog\/2017\/06\/14\/pd-eshte-mire-mos-me-u-fut-ne-bela-z-cungu-struku-nazif-ne-bela-te-madhe-je-z-cungu\/\",\"name\":\"PD: \u00cbsht\u00eb mir\u00eb mos me u fut n\u00eb bela z.Cungu, Struku Nazif, n\u00eb bela t\u00eb madhe je! - Lajme nga Ulqini\",\"isPartOf\":{\"@id\":\"https:\/\/www.visit-ulcinj.com\/blog\/#website\"},\"primaryImageOfPage\":{\"@id\":\"https:\/\/www.visit-ulcinj.com\/blog\/2017\/06\/14\/pd-eshte-mire-mos-me-u-fut-ne-bela-z-cungu-struku-nazif-ne-bela-te-madhe-je-z-cungu\/#primaryimage\"},\"datePublished\":\"2017-06-14T16:28:33+00:00\",\"dateModified\":\"2017-06-15T19:03:48+00:00\",\"author\":{\"@id\":\"https:\/\/www.visit-ulcinj.com\/blog\/#\/schema\/person\/dcab619c614d3038751c63bc2aadc06d\"},\"description\":\"Kumtes\u00eb p\u00ebr opinion i Partis\u00eb demokratike, transmeton portali Ul.info Jan\u00eb qesharak\u00eb denoncuesit e vegj\u00ebl nga i ashtuquajturi kabinet. Edhe m\u00eb qesharak\",\"breadcrumb\":{\"@id\":\"https:\/\/www.visit-ulcinj.com\/blog\/2017\/06\/14\/pd-eshte-mire-mos-me-u-fut-ne-bela-z-cungu-struku-nazif-ne-bela-te-madhe-je-z-cungu\/#breadcrumb\"},\"inLanguage\":\"en-US\",\"potentialAction\":[{\"@type\":\"ReadAction\",\"target\":[\"https:\/\/www.visit-ulcinj.com\/blog\/2017\/06\/14\/pd-eshte-mire-mos-me-u-fut-ne-bela-z-cungu-struku-nazif-ne-bela-te-madhe-je-z-cungu\/\"]}]},{\"@type\":\"BreadcrumbList\",\"@id\":\"https:\/\/www.visit-ulcinj.com\/blog\/2017\/06\/14\/pd-eshte-mire-mos-me-u-fut-ne-bela-z-cungu-struku-nazif-ne-bela-te-madhe-je-z-cungu\/#breadcrumb\",\"itemListElement\":[{\"@type\":\"ListItem\",\"position\":1,\"name\":\"PD: \u00cbsht\u00eb mir\u00eb mos me u fut n\u00eb bela z.Cungu, Struku Nazif, n\u00eb bela t\u00eb madhe je!\"}]},{\"@type\":\"Person\",\"@id\":\"https:\/\/www.visit-ulcinj.com\/blog\/#\/schema\/person\/dcab619c614d3038751c63bc2aadc06d\",\"name\":\"ulqini\",\"sameAs\":[\"http:\/\/www.visit-ulcinj.com\"],\"url\":\"https:\/\/www.visit-ulcinj.com\/blog\/author\/admin\/\"}]}<\/script>\n<!-- \/ Yoast SEO plugin. -->","yoast_head_json":{"title":"PD: \u00cbsht\u00eb mir\u00eb mos me u fut n\u00eb bela z.Cungu, Struku Nazif, n\u00eb bela t\u00eb madhe je! - Lajme nga Ulqini","description":"Kumtes\u00eb p\u00ebr opinion i Partis\u00eb demokratike, transmeton portali Ul.info Jan\u00eb qesharak\u00eb denoncuesit e vegj\u00ebl nga i ashtuquajturi kabinet. Edhe m\u00eb qesharak","robots":{"index":"index","follow":"follow","max-snippet":"max-snippet:-1","max-image-preview":"max-image-preview:large","max-video-preview":"max-video-preview:-1"},"canonical":"https:\/\/www.visit-ulcinj.com\/blog\/2017\/06\/14\/pd-eshte-mire-mos-me-u-fut-ne-bela-z-cungu-struku-nazif-ne-bela-te-madhe-je-z-cungu\/","og_locale":"en_US","og_type":"article","og_title":"PD: \u00cbsht\u00eb mir\u00eb mos me u fut n\u00eb bela z.Cungu, Struku Nazif, n\u00eb bela t\u00eb madhe je! - Lajme nga Ulqini","og_description":"Kumtes\u00eb p\u00ebr opinion i Partis\u00eb demokratike, transmeton portali Ul.info Jan\u00eb qesharak\u00eb denoncuesit e vegj\u00ebl nga i ashtuquajturi kabinet. Edhe m\u00eb qesharak","og_url":"https:\/\/www.visit-ulcinj.com\/blog\/2017\/06\/14\/pd-eshte-mire-mos-me-u-fut-ne-bela-z-cungu-struku-nazif-ne-bela-te-madhe-je-z-cungu\/","og_site_name":"Lajme nga Ulqini","article_published_time":"2017-06-14T16:28:33+00:00","article_modified_time":"2017-06-15T19:03:48+00:00","og_image":[{"url":"http:\/\/www.visit-ulcinj.com\/blog\/wp-content\/uploads\/2016\/08\/Gezim-Hajdinaga-Fatmir-Gjeka-Ulqin-1.jpg"}],"twitter_misc":{"Written by":"ulqini","Est. reading time":"2 minutes"},"schema":{"@context":"https:\/\/schema.org","@graph":[{"@type":"WebSite","@id":"https:\/\/www.visit-ulcinj.com\/blog\/#website","url":"https:\/\/www.visit-ulcinj.com\/blog\/","name":"Lajme nga Ulqini","description":"Lajme,Vijesti,Ulqini,Ulqin,Crna Gora,Mali i Zi","potentialAction":[{"@type":"SearchAction","target":{"@type":"EntryPoint","urlTemplate":"https:\/\/www.visit-ulcinj.com\/blog\/?s={search_term_string}"},"query-input":"required name=search_term_string"}],"inLanguage":"en-US"},{"@type":"ImageObject","inLanguage":"en-US","@id":"https:\/\/www.visit-ulcinj.com\/blog\/2017\/06\/14\/pd-eshte-mire-mos-me-u-fut-ne-bela-z-cungu-struku-nazif-ne-bela-te-madhe-je-z-cungu\/#primaryimage","url":"https:\/\/www.visit-ulcinj.com\/blog\/wp-content\/uploads\/2016\/08\/Gezim-Hajdinaga-Fatmir-Gjeka-Ulqin-1.jpg","contentUrl":"https:\/\/www.visit-ulcinj.com\/blog\/wp-content\/uploads\/2016\/08\/Gezim-Hajdinaga-Fatmir-Gjeka-Ulqin-1.jpg","width":960,"height":638},{"@type":"WebPage","@id":"https:\/\/www.visit-ulcinj.com\/blog\/2017\/06\/14\/pd-eshte-mire-mos-me-u-fut-ne-bela-z-cungu-struku-nazif-ne-bela-te-madhe-je-z-cungu\/#webpage","url":"https:\/\/www.visit-ulcinj.com\/blog\/2017\/06\/14\/pd-eshte-mire-mos-me-u-fut-ne-bela-z-cungu-struku-nazif-ne-bela-te-madhe-je-z-cungu\/","name":"PD: \u00cbsht\u00eb mir\u00eb mos me u fut n\u00eb bela z.Cungu, Struku Nazif, n\u00eb bela t\u00eb madhe je! - Lajme nga Ulqini","isPartOf":{"@id":"https:\/\/www.visit-ulcinj.com\/blog\/#website"},"primaryImageOfPage":{"@id":"https:\/\/www.visit-ulcinj.com\/blog\/2017\/06\/14\/pd-eshte-mire-mos-me-u-fut-ne-bela-z-cungu-struku-nazif-ne-bela-te-madhe-je-z-cungu\/#primaryimage"},"datePublished":"2017-06-14T16:28:33+00:00","dateModified":"2017-06-15T19:03:48+00:00","author":{"@id":"https:\/\/www.visit-ulcinj.com\/blog\/#\/schema\/person\/dcab619c614d3038751c63bc2aadc06d"},"description":"Kumtes\u00eb p\u00ebr opinion i Partis\u00eb demokratike, transmeton portali Ul.info Jan\u00eb qesharak\u00eb denoncuesit e vegj\u00ebl nga i ashtuquajturi kabinet. Edhe m\u00eb qesharak","breadcrumb":{"@id":"https:\/\/www.visit-ulcinj.com\/blog\/2017\/06\/14\/pd-eshte-mire-mos-me-u-fut-ne-bela-z-cungu-struku-nazif-ne-bela-te-madhe-je-z-cungu\/#breadcrumb"},"inLanguage":"en-US","potentialAction":[{"@type":"ReadAction","target":["https:\/\/www.visit-ulcinj.com\/blog\/2017\/06\/14\/pd-eshte-mire-mos-me-u-fut-ne-bela-z-cungu-struku-nazif-ne-bela-te-madhe-je-z-cungu\/"]}]},{"@type":"BreadcrumbList","@id":"https:\/\/www.visit-ulcinj.com\/blog\/2017\/06\/14\/pd-eshte-mire-mos-me-u-fut-ne-bela-z-cungu-struku-nazif-ne-bela-te-madhe-je-z-cungu\/#breadcrumb","itemListElement":[{"@type":"ListItem","position":1,"name":"PD: \u00cbsht\u00eb mir\u00eb mos me u fut n\u00eb bela z.Cungu, Struku Nazif, n\u00eb bela t\u00eb madhe je!"}]},{"@type":"Person","@id":"https:\/\/www.visit-ulcinj.com\/blog\/#\/schema\/person\/dcab619c614d3038751c63bc2aadc06d","name":"ulqini","sameAs":["http:\/\/www.visit-ulcinj.com"],"url":"https:\/\/www.visit-ulcinj.com\/blog\/author\/admin\/"}]}},"jetpack_featured_media_url":"","jetpack_sharing_enabled":true,"jetpack_shortlink":"https:\/\/wp.me\/pe6lTn-rsP","_links":{"self":[{"href":"https:\/\/www.visit-ulcinj.com\/blog\/wp-json\/wp\/v2\/posts\/105575"}],"collection":[{"href":"https:\/\/www.visit-ulcinj.com\/blog\/wp-json\/wp\/v2\/posts"}],"about":[{"href":"https:\/\/www.visit-ulcinj.com\/blog\/wp-json\/wp\/v2\/types\/post"}],"author":[{"embeddable":true,"href":"https:\/\/www.visit-ulcinj.com\/blog\/wp-json\/wp\/v2\/users\/1"}],"replies":[{"embeddable":true,"href":"https:\/\/www.visit-ulcinj.com\/blog\/wp-json\/wp\/v2\/comments?post=105575"}],"version-history":[{"count":2,"href":"https:\/\/www.visit-ulcinj.com\/blog\/wp-json\/wp\/v2\/posts\/105575\/revisions"}],"predecessor-version":[{"id":105577,"href":"https:\/\/www.visit-ulcinj.com\/blog\/wp-json\/wp\/v2\/posts\/105575\/revisions\/105577"}],"wp:attachment":[{"href":"https:\/\/www.visit-ulcinj.com\/blog\/wp-json\/wp\/v2\/media?parent=105575"}],"wp:term":[{"taxonomy":"category","embeddable":true,"href":"https:\/\/www.visit-ulcinj.com\/blog\/wp-json\/wp\/v2\/categories?post=105575"},{"taxonomy":"post_tag","embeddable":true,"href":"https:\/\/www.visit-ulcinj.com\/blog\/wp-json\/wp\/v2\/tags?post=105575"}],"curies":[{"name":"wp","href":"https:\/\/api.w.org\/{rel}","templated":true}]}}