{"id":105578,"date":"2017-06-14T17:38:44","date_gmt":"2017-06-14T16:38:44","guid":{"rendered":"http:\/\/www.visit-ulcinj.com\/blog\/?p=105578"},"modified":"2017-06-14T17:38:44","modified_gmt":"2017-06-14T16:38:44","slug":"ura-ulcinj-ima-najgoru-vlast-u-svojoj-istoriji","status":"publish","type":"post","link":"https:\/\/www.visit-ulcinj.com\/blog\/2017\/06\/14\/ura-ulcinj-ima-najgoru-vlast-u-svojoj-istoriji\/","title":{"rendered":"URA: Ulcinj ima najgoru vlast u svojoj istoriji"},"content":{"rendered":"<p><strong><a href=\"http:\/\/www.visit-ulcinj.com\/blog\/wp-content\/uploads\/2017\/06\/URA-ULCINJ.jpg\"><img loading=\"lazy\" class=\"alignleft wp-image-105579\" src=\"http:\/\/www.visit-ulcinj.com\/blog\/wp-content\/uploads\/2017\/06\/URA-ULCINJ.jpg\" alt=\"\" width=\"508\" height=\"319\" srcset=\"https:\/\/www.visit-ulcinj.com\/blog\/wp-content\/uploads\/2017\/06\/URA-ULCINJ.jpg 560w, https:\/\/www.visit-ulcinj.com\/blog\/wp-content\/uploads\/2017\/06\/URA-ULCINJ-300x189.jpg 300w\" sizes=\"(max-width: 508px) 100vw, 508px\" \/><\/a>Iz Op\u0161tinskog odbora URA Ulcinj pitaju Cungua &#8220;da li je pobijedio njegov favorit na izborima na Kosovu i u Francuskoj<\/strong><\/p>\n<p><span class=\"credits__author\"> <strong>Autor: <a href=\"http:\/\/www.vijesti.me\/autori\/vijesti-online-1\/profil\">Vijesti online<\/a> <\/strong><\/span><\/p>\n<p>\u201cIako je Gra\u0111anski pokret URA nebrojano puta ranije isticao da je aktuelna garnitura vlasti u Ulcinju \u00a0najgora lokalna vlast u pro\u0161losti najju\u017enijeg crnogorskog grada, ipak nije ni slutio koliko ona lo\u0161a mo\u017ee biti. Aktuelna vlast u Ulcinju to potvr\u0111uje na po\u010detku turisti\u010dke sezone u gradu u kojem je, na\u017ealost, jedino preostalo da od sezone i \u017eivi\u201d navodi se u saop\u0161tenju Op\u0161tinskog odbora URA Ulcinj.<\/p>\n<p>Oni isti\u010du \u201cda nikom ne bi po\u0161lo za rukom da poka\u017ee toliku dozu nesposobnosti i indiferentnosti prema problemima u \u00a0op\u0161tini kao g. Cunguu \u00a0zajedno sa DPS-om \u00a0i to za nepunu godinu \u00a0i po mandata\u201d. Navode i da je aktuelna vlast u Ulcinju\u00a0 \u201cuspjela \u00a0da uvede totalnu anarhiju u gradskoj upravi u kojoj ne funkcioni\u0161e ni\u0161ta drugo osim la\u017ei i manipulacija, koje plasiraju gospoda iz vlasti kako bi za\u0161titili svoje pozicije\u201d.<\/p>\n<p>\u201cRadi javnosti \u017eelimo da nabrojimo samo neke probleme op\u0161tine koji su direktno povezani sa instaliranom ve\u0107inom i to u turisti\u010dkoj sezoni: nezakonita aktivacija deponije Hija, nesposobnost vo\u0111enja postupka za izdavanje privremenih objekata i lokacija na na\u010din \u0161to gra\u0111ani ne mogu po\u010deti da rade, problem pasa lutalica i pored izgra\u0111enog azila za pse, de\u017ea vi divlja gradnja usred zabrane gra\u0111evinskih radova, kolaps javnih finansija \u00a0i to u vrijeme kada bi trebalo da su prihodi na najve\u0107em nivou, investicije u infrastrukturu ne postoje, krivolov koji funkcioni\u0161e u tri smjene, turisti\u010dka organizacija koja postoji samo na papiru, blokada ra\u010duna Vodovoda usljed \u010dega prijete restrikcije vodom, vi\u0161egodi\u0161nji problem parkinga zbog nepostojanja preduze\u0107a Parking servis, iako su se stekli uslovi za njegovo osnivanje&#8230;\u201d<\/p>\n<p>Iz\u00a0Op\u0161tinskog odbora URA Ulcinj zaklju\u010duju da svaki dodatni komentar na samo ove nabrojane probleme nije potreban i pitaju\u00a0Cungua &#8220;da li je pobijedio njegov favorit na izborima na Kosovu i u Francuskoj&#8221;.<\/p>\n<p><strong>Izvor:<\/strong> <span class=\"credits__author\"><strong><a href=\"http:\/\/www.vijesti.me\/autori\/vijesti-online-1\/profil\">Vijesti online<\/a><\/strong><\/span><\/p>\n","protected":false},"excerpt":{"rendered":"<p>Iz Op\u0161tinskog odbora URA Ulcinj pitaju Cungua &#8220;da li je pobijedio njegov favorit na izborima na Kosovu i u Francuskoj Autor: Vijesti online \u201cIako je Gra\u0111anski pokret URA nebrojano puta ranije isticao da je aktuelna garnitura vlasti u Ulcinju \u00a0najgora lokalna vlast u pro\u0161losti najju\u017enijeg crnogorskog grada, ipak nije ni slutio koliko ona lo\u0161a mo\u017ee [&hellip;]<\/p>\n","protected":false},"author":1,"featured_media":0,"comment_status":"closed","ping_status":"closed","sticky":false,"template":"","format":"standard","meta":{"spay_email":"","jetpack_publicize_message":"","jetpack_is_tweetstorm":false,"jetpack_publicize_feature_enabled":true},"categories":[8337],"tags":[],"jetpack_publicize_connections":[],"yoast_head":"<!-- This site is optimized with the Yoast SEO plugin v19.1 - https:\/\/yoast.com\/wordpress\/plugins\/seo\/ -->\n<title>URA: Ulcinj ima najgoru vlast u svojoj istoriji - Lajme nga Ulqini<\/title>\n<meta name=\"description\" content=\"Iz Op\u0161tinskog odbora URA Ulcinj pitaju Cungua &quot;da li je pobijedio njegov favorit na izborima na Kosovu i u Francuskoj Autor: Vijesti online \u201cIako je\" \/>\n<meta name=\"robots\" content=\"index, follow, max-snippet:-1, max-image-preview:large, max-video-preview:-1\" \/>\n<link rel=\"canonical\" href=\"https:\/\/www.visit-ulcinj.com\/blog\/2017\/06\/14\/ura-ulcinj-ima-najgoru-vlast-u-svojoj-istoriji\/\" \/>\n<meta property=\"og:locale\" content=\"en_US\" \/>\n<meta property=\"og:type\" content=\"article\" \/>\n<meta property=\"og:title\" content=\"URA: Ulcinj ima najgoru vlast u svojoj istoriji - Lajme nga Ulqini\" \/>\n<meta property=\"og:description\" content=\"Iz Op\u0161tinskog odbora URA Ulcinj pitaju Cungua &quot;da li je pobijedio njegov favorit na izborima na Kosovu i u Francuskoj Autor: Vijesti online \u201cIako je\" \/>\n<meta property=\"og:url\" content=\"https:\/\/www.visit-ulcinj.com\/blog\/2017\/06\/14\/ura-ulcinj-ima-najgoru-vlast-u-svojoj-istoriji\/\" \/>\n<meta property=\"og:site_name\" content=\"Lajme nga Ulqini\" \/>\n<meta property=\"article:published_time\" content=\"2017-06-14T16:38:44+00:00\" \/>\n<meta property=\"og:image\" content=\"http:\/\/www.visit-ulcinj.com\/blog\/wp-content\/uploads\/2017\/06\/URA-ULCINJ.jpg\" \/>\n<meta name=\"twitter:label1\" content=\"Written by\" \/>\n\t<meta name=\"twitter:data1\" content=\"ulqini\" \/>\n\t<meta name=\"twitter:label2\" content=\"Est. reading time\" \/>\n\t<meta name=\"twitter:data2\" content=\"2 minutes\" \/>\n<script type=\"application\/ld+json\" class=\"yoast-schema-graph\">{\"@context\":\"https:\/\/schema.org\",\"@graph\":[{\"@type\":\"WebSite\",\"@id\":\"https:\/\/www.visit-ulcinj.com\/blog\/#website\",\"url\":\"https:\/\/www.visit-ulcinj.com\/blog\/\",\"name\":\"Lajme nga Ulqini\",\"description\":\"Lajme,Vijesti,Ulqini,Ulqin,Crna Gora,Mali i Zi\",\"potentialAction\":[{\"@type\":\"SearchAction\",\"target\":{\"@type\":\"EntryPoint\",\"urlTemplate\":\"https:\/\/www.visit-ulcinj.com\/blog\/?s={search_term_string}\"},\"query-input\":\"required name=search_term_string\"}],\"inLanguage\":\"en-US\"},{\"@type\":\"ImageObject\",\"inLanguage\":\"en-US\",\"@id\":\"https:\/\/www.visit-ulcinj.com\/blog\/2017\/06\/14\/ura-ulcinj-ima-najgoru-vlast-u-svojoj-istoriji\/#primaryimage\",\"url\":\"https:\/\/www.visit-ulcinj.com\/blog\/wp-content\/uploads\/2017\/06\/URA-ULCINJ.jpg\",\"contentUrl\":\"https:\/\/www.visit-ulcinj.com\/blog\/wp-content\/uploads\/2017\/06\/URA-ULCINJ.jpg\",\"width\":560,\"height\":352},{\"@type\":\"WebPage\",\"@id\":\"https:\/\/www.visit-ulcinj.com\/blog\/2017\/06\/14\/ura-ulcinj-ima-najgoru-vlast-u-svojoj-istoriji\/#webpage\",\"url\":\"https:\/\/www.visit-ulcinj.com\/blog\/2017\/06\/14\/ura-ulcinj-ima-najgoru-vlast-u-svojoj-istoriji\/\",\"name\":\"URA: Ulcinj ima najgoru vlast u svojoj istoriji - Lajme nga Ulqini\",\"isPartOf\":{\"@id\":\"https:\/\/www.visit-ulcinj.com\/blog\/#website\"},\"primaryImageOfPage\":{\"@id\":\"https:\/\/www.visit-ulcinj.com\/blog\/2017\/06\/14\/ura-ulcinj-ima-najgoru-vlast-u-svojoj-istoriji\/#primaryimage\"},\"datePublished\":\"2017-06-14T16:38:44+00:00\",\"dateModified\":\"2017-06-14T16:38:44+00:00\",\"author\":{\"@id\":\"https:\/\/www.visit-ulcinj.com\/blog\/#\/schema\/person\/dcab619c614d3038751c63bc2aadc06d\"},\"description\":\"Iz Op\u0161tinskog odbora URA Ulcinj pitaju Cungua \\\"da li je pobijedio njegov favorit na izborima na Kosovu i u Francuskoj Autor: Vijesti online \u201cIako je\",\"breadcrumb\":{\"@id\":\"https:\/\/www.visit-ulcinj.com\/blog\/2017\/06\/14\/ura-ulcinj-ima-najgoru-vlast-u-svojoj-istoriji\/#breadcrumb\"},\"inLanguage\":\"en-US\",\"potentialAction\":[{\"@type\":\"ReadAction\",\"target\":[\"https:\/\/www.visit-ulcinj.com\/blog\/2017\/06\/14\/ura-ulcinj-ima-najgoru-vlast-u-svojoj-istoriji\/\"]}]},{\"@type\":\"BreadcrumbList\",\"@id\":\"https:\/\/www.visit-ulcinj.com\/blog\/2017\/06\/14\/ura-ulcinj-ima-najgoru-vlast-u-svojoj-istoriji\/#breadcrumb\",\"itemListElement\":[{\"@type\":\"ListItem\",\"position\":1,\"name\":\"URA: Ulcinj ima najgoru vlast u svojoj istoriji\"}]},{\"@type\":\"Person\",\"@id\":\"https:\/\/www.visit-ulcinj.com\/blog\/#\/schema\/person\/dcab619c614d3038751c63bc2aadc06d\",\"name\":\"ulqini\",\"sameAs\":[\"http:\/\/www.visit-ulcinj.com\"],\"url\":\"https:\/\/www.visit-ulcinj.com\/blog\/author\/admin\/\"}]}<\/script>\n<!-- \/ Yoast SEO plugin. -->","yoast_head_json":{"title":"URA: Ulcinj ima najgoru vlast u svojoj istoriji - Lajme nga Ulqini","description":"Iz Op\u0161tinskog odbora URA Ulcinj pitaju Cungua \"da li je pobijedio njegov favorit na izborima na Kosovu i u Francuskoj Autor: Vijesti online \u201cIako je","robots":{"index":"index","follow":"follow","max-snippet":"max-snippet:-1","max-image-preview":"max-image-preview:large","max-video-preview":"max-video-preview:-1"},"canonical":"https:\/\/www.visit-ulcinj.com\/blog\/2017\/06\/14\/ura-ulcinj-ima-najgoru-vlast-u-svojoj-istoriji\/","og_locale":"en_US","og_type":"article","og_title":"URA: Ulcinj ima najgoru vlast u svojoj istoriji - Lajme nga Ulqini","og_description":"Iz Op\u0161tinskog odbora URA Ulcinj pitaju Cungua \"da li je pobijedio njegov favorit na izborima na Kosovu i u Francuskoj Autor: Vijesti online \u201cIako je","og_url":"https:\/\/www.visit-ulcinj.com\/blog\/2017\/06\/14\/ura-ulcinj-ima-najgoru-vlast-u-svojoj-istoriji\/","og_site_name":"Lajme nga Ulqini","article_published_time":"2017-06-14T16:38:44+00:00","og_image":[{"url":"http:\/\/www.visit-ulcinj.com\/blog\/wp-content\/uploads\/2017\/06\/URA-ULCINJ.jpg"}],"twitter_misc":{"Written by":"ulqini","Est. reading time":"2 minutes"},"schema":{"@context":"https:\/\/schema.org","@graph":[{"@type":"WebSite","@id":"https:\/\/www.visit-ulcinj.com\/blog\/#website","url":"https:\/\/www.visit-ulcinj.com\/blog\/","name":"Lajme nga Ulqini","description":"Lajme,Vijesti,Ulqini,Ulqin,Crna Gora,Mali i Zi","potentialAction":[{"@type":"SearchAction","target":{"@type":"EntryPoint","urlTemplate":"https:\/\/www.visit-ulcinj.com\/blog\/?s={search_term_string}"},"query-input":"required name=search_term_string"}],"inLanguage":"en-US"},{"@type":"ImageObject","inLanguage":"en-US","@id":"https:\/\/www.visit-ulcinj.com\/blog\/2017\/06\/14\/ura-ulcinj-ima-najgoru-vlast-u-svojoj-istoriji\/#primaryimage","url":"https:\/\/www.visit-ulcinj.com\/blog\/wp-content\/uploads\/2017\/06\/URA-ULCINJ.jpg","contentUrl":"https:\/\/www.visit-ulcinj.com\/blog\/wp-content\/uploads\/2017\/06\/URA-ULCINJ.jpg","width":560,"height":352},{"@type":"WebPage","@id":"https:\/\/www.visit-ulcinj.com\/blog\/2017\/06\/14\/ura-ulcinj-ima-najgoru-vlast-u-svojoj-istoriji\/#webpage","url":"https:\/\/www.visit-ulcinj.com\/blog\/2017\/06\/14\/ura-ulcinj-ima-najgoru-vlast-u-svojoj-istoriji\/","name":"URA: Ulcinj ima najgoru vlast u svojoj istoriji - Lajme nga Ulqini","isPartOf":{"@id":"https:\/\/www.visit-ulcinj.com\/blog\/#website"},"primaryImageOfPage":{"@id":"https:\/\/www.visit-ulcinj.com\/blog\/2017\/06\/14\/ura-ulcinj-ima-najgoru-vlast-u-svojoj-istoriji\/#primaryimage"},"datePublished":"2017-06-14T16:38:44+00:00","dateModified":"2017-06-14T16:38:44+00:00","author":{"@id":"https:\/\/www.visit-ulcinj.com\/blog\/#\/schema\/person\/dcab619c614d3038751c63bc2aadc06d"},"description":"Iz Op\u0161tinskog odbora URA Ulcinj pitaju Cungua \"da li je pobijedio njegov favorit na izborima na Kosovu i u Francuskoj Autor: Vijesti online \u201cIako je","breadcrumb":{"@id":"https:\/\/www.visit-ulcinj.com\/blog\/2017\/06\/14\/ura-ulcinj-ima-najgoru-vlast-u-svojoj-istoriji\/#breadcrumb"},"inLanguage":"en-US","potentialAction":[{"@type":"ReadAction","target":["https:\/\/www.visit-ulcinj.com\/blog\/2017\/06\/14\/ura-ulcinj-ima-najgoru-vlast-u-svojoj-istoriji\/"]}]},{"@type":"BreadcrumbList","@id":"https:\/\/www.visit-ulcinj.com\/blog\/2017\/06\/14\/ura-ulcinj-ima-najgoru-vlast-u-svojoj-istoriji\/#breadcrumb","itemListElement":[{"@type":"ListItem","position":1,"name":"URA: Ulcinj ima najgoru vlast u svojoj istoriji"}]},{"@type":"Person","@id":"https:\/\/www.visit-ulcinj.com\/blog\/#\/schema\/person\/dcab619c614d3038751c63bc2aadc06d","name":"ulqini","sameAs":["http:\/\/www.visit-ulcinj.com"],"url":"https:\/\/www.visit-ulcinj.com\/blog\/author\/admin\/"}]}},"jetpack_featured_media_url":"","jetpack_sharing_enabled":true,"jetpack_shortlink":"https:\/\/wp.me\/pe6lTn-rsS","_links":{"self":[{"href":"https:\/\/www.visit-ulcinj.com\/blog\/wp-json\/wp\/v2\/posts\/105578"}],"collection":[{"href":"https:\/\/www.visit-ulcinj.com\/blog\/wp-json\/wp\/v2\/posts"}],"about":[{"href":"https:\/\/www.visit-ulcinj.com\/blog\/wp-json\/wp\/v2\/types\/post"}],"author":[{"embeddable":true,"href":"https:\/\/www.visit-ulcinj.com\/blog\/wp-json\/wp\/v2\/users\/1"}],"replies":[{"embeddable":true,"href":"https:\/\/www.visit-ulcinj.com\/blog\/wp-json\/wp\/v2\/comments?post=105578"}],"version-history":[{"count":1,"href":"https:\/\/www.visit-ulcinj.com\/blog\/wp-json\/wp\/v2\/posts\/105578\/revisions"}],"predecessor-version":[{"id":105580,"href":"https:\/\/www.visit-ulcinj.com\/blog\/wp-json\/wp\/v2\/posts\/105578\/revisions\/105580"}],"wp:attachment":[{"href":"https:\/\/www.visit-ulcinj.com\/blog\/wp-json\/wp\/v2\/media?parent=105578"}],"wp:term":[{"taxonomy":"category","embeddable":true,"href":"https:\/\/www.visit-ulcinj.com\/blog\/wp-json\/wp\/v2\/categories?post=105578"},{"taxonomy":"post_tag","embeddable":true,"href":"https:\/\/www.visit-ulcinj.com\/blog\/wp-json\/wp\/v2\/tags?post=105578"}],"curies":[{"name":"wp","href":"https:\/\/api.w.org\/{rel}","templated":true}]}}