{"id":105582,"date":"2017-06-15T07:23:08","date_gmt":"2017-06-15T06:23:08","guid":{"rendered":"http:\/\/www.visit-ulcinj.com\/blog\/?p=105582"},"modified":"2017-06-15T07:23:08","modified_gmt":"2017-06-15T06:23:08","slug":"art-club-boton-romanin-pertej-shprese-te-autorit-deme-mulliqi","status":"publish","type":"post","link":"https:\/\/www.visit-ulcinj.com\/blog\/2017\/06\/15\/art-club-boton-romanin-pertej-shprese-te-autorit-deme-mulliqi\/","title":{"rendered":"Art Club boton romanin \u201cP\u00ebrtej shprese\u201d t\u00eb autorit Dem\u00eb Mulliqi"},"content":{"rendered":"<p><a href=\"http:\/\/www.visit-ulcinj.com\/blog\/wp-content\/uploads\/2017\/06\/P\u00ebrtej-shprese-Dem\u00eb-Mulliqi.jpg\"><img loading=\"lazy\" class=\"alignleft wp-image-105583\" src=\"http:\/\/www.visit-ulcinj.com\/blog\/wp-content\/uploads\/2017\/06\/P\u00ebrtej-shprese-Dem\u00eb-Mulliqi.jpg\" alt=\"\" width=\"508\" height=\"365\" srcset=\"https:\/\/www.visit-ulcinj.com\/blog\/wp-content\/uploads\/2017\/06\/P\u00ebrtej-shprese-Dem\u00eb-Mulliqi.jpg 858w, https:\/\/www.visit-ulcinj.com\/blog\/wp-content\/uploads\/2017\/06\/P\u00ebrtej-shprese-Dem\u00eb-Mulliqi-300x216.jpg 300w, https:\/\/www.visit-ulcinj.com\/blog\/wp-content\/uploads\/2017\/06\/P\u00ebrtej-shprese-Dem\u00eb-Mulliqi-768x552.jpg 768w\" sizes=\"(max-width: 508px) 100vw, 508px\" \/><\/a>N\u00eb kuad\u00ebr t\u00eb edicionit botues t\u00eb Shoqat\u00ebs s\u00eb Artist\u00ebve dhe Intelektual\u00ebve \u201cArt Club\u201d, k\u00ebto dit\u00eb doli nga shtypi romani \u201cP\u00ebrtej shprese\u201d i m\u00ebsuesit dhe veprimtarit t\u00eb njohur t\u00eb arsimit dhe \u00e7\u00ebshtjes komb\u00ebtare nga Peja, Dem\u00eb Mulliqi.<\/p>\n<p>Libri p\u00ebrb\u00ebn sprov\u00ebn e par\u00eb t\u00eb k\u00ebtij autori n\u00eb fush\u00ebn e krijimtaris\u00eb letrare. Historia e nj\u00eb familjeje n\u00eb Kosov\u00eb, marr\u00ebdh\u00ebniet fisnore dhe me popujt tjer\u00eb, problemet e p\u00ebrditshm\u00ebris\u00eb etj. jan\u00eb tema ku autori e bazon romanin e tij. Ai ndahet n\u00eb 23 kapituj, \u00ebsht\u00eb shkruar me nj\u00eb gjuh\u00eb t\u00eb qart\u00eb dhe t\u00eb zhd\u00ebrvjell\u00ebt, nd\u00ebrsa p\u00ebr nd\u00ebrtimin e dialogjeve autori ka p\u00ebrdorur t\u00eb folmen e Kosov\u00ebs.<\/p>\n<p>Redaktor i librit \u00ebsht\u00eb Ali Salaj, recensent Prend Buzhalla, lektor Osman Grabovci, kurse p\u00ebrgatitja teknike \u00ebsht\u00eb b\u00ebr\u00eb nga Qazim Muja. Libri \u00ebsht\u00eb shtypur n\u00eb Shtypshkronj\u00ebn \u201eIVPE\u201c \u2013 Cetin\u00eb.<\/p>\n<p>Dem\u00eb Mulliqi ka botuar m\u00eb par\u00eb librat: \u201cSk\u00ebnderbeu, edukator i kombit shqiptar\u201d, \u201cShkollat e mesme t\u00eb Pej\u00ebs n\u00ebn okupim (1990\/91-1997\/98)\u201d, \u201cRrug\u00ebtimi i shkoll\u00ebs dhe arsimit n\u00eb komun\u00ebn e Pej\u00ebs deri n\u00eb vitin 1945\u201d, \u201cZilja e thyer &#8211; Shkolla fillore kosovare n\u00eb Mal t\u00eb Zi (1998-1999)\u201d dhe \u201cRaushiqi mbi themelet e ankikitetit (monografi)\u201d. Romani \u201cP\u00ebrtej shprese\u201d \u00ebsht\u00eb libri i tret\u00eb q\u00eb autori boton me firm\u00ebn e SHAI \u201eArt Club\u201c.<\/p>\n<p>P\u00ebr kontributin n\u00eb fush\u00ebn e arsimit dhe \u00e7\u00ebshtjes komb\u00ebtare, Dem\u00eb Mulliqit i jan\u00eb ndar\u00eb shum\u00eb mir\u00ebnjohje nga institucionet arsimore dhe shtet\u00ebrore.<\/p>\n<p>N\u00eb kuad\u00ebr t\u00eb veprimtaris\u00eb s\u00eb tij botuese \u201cArt Club\u201d, botuesi m\u00eb i madh nd\u00ebr shqiptar\u00ebt n\u00eb Malin e Zi, ka botuar deri tani mbi 110 libra, kryesisht t\u00eb autor\u00ebve shqiptar\u00eb n\u00eb Malin e Zi.<\/p>\n<p><em>\u00a0<\/em><\/p>\n<p><em>\u00a0\u00a0\u00a0\u00a0 Ulqin, m\u00eb 15. 06. 2017<\/em> \u00a0\u00a0\u00a0\u00a0\u00a0\u00a0\u00a0\u00a0\u00a0\u00a0\u00a0\u00a0\u00a0\u00a0\u00a0\u00a0\u00a0\u00a0\u00a0\u00a0\u00a0\u00a0\u00a0\u00a0\u00a0\u00a0\u00a0\u00a0\u00a0\u00a0\u00a0\u00a0\u00a0\u00a0\u00a0\u00a0\u00a0\u00a0\u00a0\u00a0\u00a0\u00a0\u00a0\u00a0\u00a0\u00a0\u00a0\u00a0\u00a0\u00a0\u00a0\u00a0\u00a0\u00a0\u00a0\u00a0\u00a0\u00a0\u00a0\u00a0\u00a0\u00a0 \u00a0\u00a0\u00a0\u00a0\u00a0\u00a0<strong>SHAI \u201cArt Club\u201d <\/strong><\/p>\n","protected":false},"excerpt":{"rendered":"<p>N\u00eb kuad\u00ebr t\u00eb edicionit botues t\u00eb Shoqat\u00ebs s\u00eb Artist\u00ebve dhe Intelektual\u00ebve \u201cArt Club\u201d, k\u00ebto dit\u00eb doli nga shtypi romani \u201cP\u00ebrtej shprese\u201d i m\u00ebsuesit dhe veprimtarit t\u00eb njohur t\u00eb arsimit dhe \u00e7\u00ebshtjes komb\u00ebtare nga Peja, Dem\u00eb Mulliqi. Libri p\u00ebrb\u00ebn sprov\u00ebn e par\u00eb t\u00eb k\u00ebtij autori n\u00eb fush\u00ebn e krijimtaris\u00eb letrare. Historia e nj\u00eb familjeje n\u00eb Kosov\u00eb, [&hellip;]<\/p>\n","protected":false},"author":1,"featured_media":0,"comment_status":"closed","ping_status":"closed","sticky":false,"template":"","format":"standard","meta":{"spay_email":"","jetpack_publicize_message":"","jetpack_is_tweetstorm":false,"jetpack_publicize_feature_enabled":true},"categories":[4],"tags":[],"jetpack_publicize_connections":[],"yoast_head":"<!-- This site is optimized with the Yoast SEO plugin v19.1 - https:\/\/yoast.com\/wordpress\/plugins\/seo\/ -->\n<title>Art Club boton romanin \u201cP\u00ebrtej shprese\u201d t\u00eb autorit Dem\u00eb Mulliqi - Lajme nga Ulqini<\/title>\n<meta name=\"description\" content=\"N\u00eb kuad\u00ebr t\u00eb edicionit botues t\u00eb Shoqat\u00ebs s\u00eb Artist\u00ebve dhe Intelektual\u00ebve \u201cArt Club\u201d, k\u00ebto dit\u00eb doli nga shtypi romani \u201cP\u00ebrtej shprese\u201d i m\u00ebsuesit dhe\" \/>\n<meta name=\"robots\" content=\"index, follow, max-snippet:-1, max-image-preview:large, max-video-preview:-1\" \/>\n<link rel=\"canonical\" href=\"https:\/\/www.visit-ulcinj.com\/blog\/2017\/06\/15\/art-club-boton-romanin-pertej-shprese-te-autorit-deme-mulliqi\/\" \/>\n<meta property=\"og:locale\" content=\"en_US\" \/>\n<meta property=\"og:type\" content=\"article\" \/>\n<meta property=\"og:title\" content=\"Art Club boton romanin \u201cP\u00ebrtej shprese\u201d t\u00eb autorit Dem\u00eb Mulliqi - Lajme nga Ulqini\" \/>\n<meta property=\"og:description\" content=\"N\u00eb kuad\u00ebr t\u00eb edicionit botues t\u00eb Shoqat\u00ebs s\u00eb Artist\u00ebve dhe Intelektual\u00ebve \u201cArt Club\u201d, k\u00ebto dit\u00eb doli nga shtypi romani \u201cP\u00ebrtej shprese\u201d i m\u00ebsuesit dhe\" \/>\n<meta property=\"og:url\" content=\"https:\/\/www.visit-ulcinj.com\/blog\/2017\/06\/15\/art-club-boton-romanin-pertej-shprese-te-autorit-deme-mulliqi\/\" \/>\n<meta property=\"og:site_name\" content=\"Lajme nga Ulqini\" \/>\n<meta property=\"article:published_time\" content=\"2017-06-15T06:23:08+00:00\" \/>\n<meta name=\"twitter:label1\" content=\"Written by\" \/>\n\t<meta name=\"twitter:data1\" content=\"ulqini\" \/>\n\t<meta name=\"twitter:label2\" content=\"Est. reading time\" \/>\n\t<meta name=\"twitter:data2\" content=\"1 minute\" \/>\n<script type=\"application\/ld+json\" class=\"yoast-schema-graph\">{\"@context\":\"https:\/\/schema.org\",\"@graph\":[{\"@type\":\"WebSite\",\"@id\":\"https:\/\/www.visit-ulcinj.com\/blog\/#website\",\"url\":\"https:\/\/www.visit-ulcinj.com\/blog\/\",\"name\":\"Lajme nga Ulqini\",\"description\":\"Lajme,Vijesti,Ulqini,Ulqin,Crna Gora,Mali i Zi\",\"potentialAction\":[{\"@type\":\"SearchAction\",\"target\":{\"@type\":\"EntryPoint\",\"urlTemplate\":\"https:\/\/www.visit-ulcinj.com\/blog\/?s={search_term_string}\"},\"query-input\":\"required name=search_term_string\"}],\"inLanguage\":\"en-US\"},{\"@type\":\"WebPage\",\"@id\":\"https:\/\/www.visit-ulcinj.com\/blog\/2017\/06\/15\/art-club-boton-romanin-pertej-shprese-te-autorit-deme-mulliqi\/#webpage\",\"url\":\"https:\/\/www.visit-ulcinj.com\/blog\/2017\/06\/15\/art-club-boton-romanin-pertej-shprese-te-autorit-deme-mulliqi\/\",\"name\":\"Art Club boton romanin \u201cP\u00ebrtej shprese\u201d t\u00eb autorit Dem\u00eb Mulliqi - Lajme nga Ulqini\",\"isPartOf\":{\"@id\":\"https:\/\/www.visit-ulcinj.com\/blog\/#website\"},\"datePublished\":\"2017-06-15T06:23:08+00:00\",\"dateModified\":\"2017-06-15T06:23:08+00:00\",\"author\":{\"@id\":\"https:\/\/www.visit-ulcinj.com\/blog\/#\/schema\/person\/dcab619c614d3038751c63bc2aadc06d\"},\"description\":\"N\u00eb kuad\u00ebr t\u00eb edicionit botues t\u00eb Shoqat\u00ebs s\u00eb Artist\u00ebve dhe Intelektual\u00ebve \u201cArt Club\u201d, k\u00ebto dit\u00eb doli nga shtypi romani \u201cP\u00ebrtej shprese\u201d i m\u00ebsuesit dhe\",\"breadcrumb\":{\"@id\":\"https:\/\/www.visit-ulcinj.com\/blog\/2017\/06\/15\/art-club-boton-romanin-pertej-shprese-te-autorit-deme-mulliqi\/#breadcrumb\"},\"inLanguage\":\"en-US\",\"potentialAction\":[{\"@type\":\"ReadAction\",\"target\":[\"https:\/\/www.visit-ulcinj.com\/blog\/2017\/06\/15\/art-club-boton-romanin-pertej-shprese-te-autorit-deme-mulliqi\/\"]}]},{\"@type\":\"BreadcrumbList\",\"@id\":\"https:\/\/www.visit-ulcinj.com\/blog\/2017\/06\/15\/art-club-boton-romanin-pertej-shprese-te-autorit-deme-mulliqi\/#breadcrumb\",\"itemListElement\":[{\"@type\":\"ListItem\",\"position\":1,\"name\":\"Art Club boton romanin \u201cP\u00ebrtej shprese\u201d t\u00eb autorit Dem\u00eb Mulliqi\"}]},{\"@type\":\"Person\",\"@id\":\"https:\/\/www.visit-ulcinj.com\/blog\/#\/schema\/person\/dcab619c614d3038751c63bc2aadc06d\",\"name\":\"ulqini\",\"sameAs\":[\"http:\/\/www.visit-ulcinj.com\"],\"url\":\"https:\/\/www.visit-ulcinj.com\/blog\/author\/admin\/\"}]}<\/script>\n<!-- \/ Yoast SEO plugin. -->","yoast_head_json":{"title":"Art Club boton romanin \u201cP\u00ebrtej shprese\u201d t\u00eb autorit Dem\u00eb Mulliqi - Lajme nga Ulqini","description":"N\u00eb kuad\u00ebr t\u00eb edicionit botues t\u00eb Shoqat\u00ebs s\u00eb Artist\u00ebve dhe Intelektual\u00ebve \u201cArt Club\u201d, k\u00ebto dit\u00eb doli nga shtypi romani \u201cP\u00ebrtej shprese\u201d i m\u00ebsuesit dhe","robots":{"index":"index","follow":"follow","max-snippet":"max-snippet:-1","max-image-preview":"max-image-preview:large","max-video-preview":"max-video-preview:-1"},"canonical":"https:\/\/www.visit-ulcinj.com\/blog\/2017\/06\/15\/art-club-boton-romanin-pertej-shprese-te-autorit-deme-mulliqi\/","og_locale":"en_US","og_type":"article","og_title":"Art Club boton romanin \u201cP\u00ebrtej shprese\u201d t\u00eb autorit Dem\u00eb Mulliqi - Lajme nga Ulqini","og_description":"N\u00eb kuad\u00ebr t\u00eb edicionit botues t\u00eb Shoqat\u00ebs s\u00eb Artist\u00ebve dhe Intelektual\u00ebve \u201cArt Club\u201d, k\u00ebto dit\u00eb doli nga shtypi romani \u201cP\u00ebrtej shprese\u201d i m\u00ebsuesit dhe","og_url":"https:\/\/www.visit-ulcinj.com\/blog\/2017\/06\/15\/art-club-boton-romanin-pertej-shprese-te-autorit-deme-mulliqi\/","og_site_name":"Lajme nga Ulqini","article_published_time":"2017-06-15T06:23:08+00:00","twitter_misc":{"Written by":"ulqini","Est. reading time":"1 minute"},"schema":{"@context":"https:\/\/schema.org","@graph":[{"@type":"WebSite","@id":"https:\/\/www.visit-ulcinj.com\/blog\/#website","url":"https:\/\/www.visit-ulcinj.com\/blog\/","name":"Lajme nga Ulqini","description":"Lajme,Vijesti,Ulqini,Ulqin,Crna Gora,Mali i Zi","potentialAction":[{"@type":"SearchAction","target":{"@type":"EntryPoint","urlTemplate":"https:\/\/www.visit-ulcinj.com\/blog\/?s={search_term_string}"},"query-input":"required name=search_term_string"}],"inLanguage":"en-US"},{"@type":"WebPage","@id":"https:\/\/www.visit-ulcinj.com\/blog\/2017\/06\/15\/art-club-boton-romanin-pertej-shprese-te-autorit-deme-mulliqi\/#webpage","url":"https:\/\/www.visit-ulcinj.com\/blog\/2017\/06\/15\/art-club-boton-romanin-pertej-shprese-te-autorit-deme-mulliqi\/","name":"Art Club boton romanin \u201cP\u00ebrtej shprese\u201d t\u00eb autorit Dem\u00eb Mulliqi - Lajme nga Ulqini","isPartOf":{"@id":"https:\/\/www.visit-ulcinj.com\/blog\/#website"},"datePublished":"2017-06-15T06:23:08+00:00","dateModified":"2017-06-15T06:23:08+00:00","author":{"@id":"https:\/\/www.visit-ulcinj.com\/blog\/#\/schema\/person\/dcab619c614d3038751c63bc2aadc06d"},"description":"N\u00eb kuad\u00ebr t\u00eb edicionit botues t\u00eb Shoqat\u00ebs s\u00eb Artist\u00ebve dhe Intelektual\u00ebve \u201cArt Club\u201d, k\u00ebto dit\u00eb doli nga shtypi romani \u201cP\u00ebrtej shprese\u201d i m\u00ebsuesit dhe","breadcrumb":{"@id":"https:\/\/www.visit-ulcinj.com\/blog\/2017\/06\/15\/art-club-boton-romanin-pertej-shprese-te-autorit-deme-mulliqi\/#breadcrumb"},"inLanguage":"en-US","potentialAction":[{"@type":"ReadAction","target":["https:\/\/www.visit-ulcinj.com\/blog\/2017\/06\/15\/art-club-boton-romanin-pertej-shprese-te-autorit-deme-mulliqi\/"]}]},{"@type":"BreadcrumbList","@id":"https:\/\/www.visit-ulcinj.com\/blog\/2017\/06\/15\/art-club-boton-romanin-pertej-shprese-te-autorit-deme-mulliqi\/#breadcrumb","itemListElement":[{"@type":"ListItem","position":1,"name":"Art Club boton romanin \u201cP\u00ebrtej shprese\u201d t\u00eb autorit Dem\u00eb Mulliqi"}]},{"@type":"Person","@id":"https:\/\/www.visit-ulcinj.com\/blog\/#\/schema\/person\/dcab619c614d3038751c63bc2aadc06d","name":"ulqini","sameAs":["http:\/\/www.visit-ulcinj.com"],"url":"https:\/\/www.visit-ulcinj.com\/blog\/author\/admin\/"}]}},"jetpack_featured_media_url":"","jetpack_sharing_enabled":true,"jetpack_shortlink":"https:\/\/wp.me\/pe6lTn-rsW","_links":{"self":[{"href":"https:\/\/www.visit-ulcinj.com\/blog\/wp-json\/wp\/v2\/posts\/105582"}],"collection":[{"href":"https:\/\/www.visit-ulcinj.com\/blog\/wp-json\/wp\/v2\/posts"}],"about":[{"href":"https:\/\/www.visit-ulcinj.com\/blog\/wp-json\/wp\/v2\/types\/post"}],"author":[{"embeddable":true,"href":"https:\/\/www.visit-ulcinj.com\/blog\/wp-json\/wp\/v2\/users\/1"}],"replies":[{"embeddable":true,"href":"https:\/\/www.visit-ulcinj.com\/blog\/wp-json\/wp\/v2\/comments?post=105582"}],"version-history":[{"count":1,"href":"https:\/\/www.visit-ulcinj.com\/blog\/wp-json\/wp\/v2\/posts\/105582\/revisions"}],"predecessor-version":[{"id":105584,"href":"https:\/\/www.visit-ulcinj.com\/blog\/wp-json\/wp\/v2\/posts\/105582\/revisions\/105584"}],"wp:attachment":[{"href":"https:\/\/www.visit-ulcinj.com\/blog\/wp-json\/wp\/v2\/media?parent=105582"}],"wp:term":[{"taxonomy":"category","embeddable":true,"href":"https:\/\/www.visit-ulcinj.com\/blog\/wp-json\/wp\/v2\/categories?post=105582"},{"taxonomy":"post_tag","embeddable":true,"href":"https:\/\/www.visit-ulcinj.com\/blog\/wp-json\/wp\/v2\/tags?post=105582"}],"curies":[{"name":"wp","href":"https:\/\/api.w.org\/{rel}","templated":true}]}}