{"id":105585,"date":"2017-06-15T12:54:16","date_gmt":"2017-06-15T11:54:16","guid":{"rendered":"http:\/\/www.visit-ulcinj.com\/blog\/?p=105585"},"modified":"2017-06-15T12:54:16","modified_gmt":"2017-06-15T11:54:16","slug":"gjonaj-kinemate-e-vdekura-te-ulqinit","status":"publish","type":"post","link":"https:\/\/www.visit-ulcinj.com\/blog\/2017\/06\/15\/gjonaj-kinemate-e-vdekura-te-ulqinit\/","title":{"rendered":"Gjonaj: Kinemat\u00eb e  vdekura t\u00eb  Ulqinit"},"content":{"rendered":"<p><strong><a href=\"http:\/\/www.visit-ulcinj.com\/blog\/wp-content\/uploads\/2015\/06\/Ulqini-pa-kinema-.jpg\"><img loading=\"lazy\" class=\"alignleft wp-image-90819\" src=\"http:\/\/www.visit-ulcinj.com\/blog\/wp-content\/uploads\/2015\/06\/Ulqini-pa-kinema-.jpg\" alt=\"\" width=\"508\" height=\"305\" srcset=\"https:\/\/www.visit-ulcinj.com\/blog\/wp-content\/uploads\/2015\/06\/Ulqini-pa-kinema-.jpg 960w, https:\/\/www.visit-ulcinj.com\/blog\/wp-content\/uploads\/2015\/06\/Ulqini-pa-kinema--300x180.jpg 300w\" sizes=\"(max-width: 508px) 100vw, 508px\" \/><\/a>Gjek\u00eb Gjonaj<\/strong><\/p>\n<p>N\u00eb vitet\u00a0 gjasht\u00ebdhjet\u00eb-shtat\u00ebdhjet\u00eb \u00a0t\u00eb shekullit t\u00eb kaluar\u00a0 kinemat\u00eb\u00a0 kan\u00eb qen\u00eb pik\u00eb q\u00ebndrore n\u00eb jet\u00ebn kulturore t\u00eb Ulqinit. Ato kan\u00eb p\u00ebrfaq\u00ebsuar kujtes\u00ebn e p\u00ebrbashk\u00ebt dhe identitetin kulturor t\u00eb banor\u00ebve t\u00eb k\u00ebtij qyteti, respektivisht \u00a0\u00a0kan\u00eb qen\u00eb dhe kan\u00eb mbetur pjes\u00eb e kujtes\u00ebs\u00a0 kolektive t\u00eb qytetar\u00ebve t\u00eb tij. Me nj\u00eb fjal\u00eb ishin simbol krenarie t\u00eb k\u00ebtij qyteti. \u00a0N\u00eb ato vite t\u00eb shekullit t\u00eb kaluar, n\u00eb k\u00ebto objekte ishte e v\u00ebshtir\u00eb t\u00eb gjendej nj\u00eb bilet\u00eb nga interesimi i madh q\u00eb mbret\u00ebronte p\u00ebr t\u00eb par\u00eb vepra t\u00eb r\u00ebnd\u00ebsishme kinematografike nga vendi, rajoni dhe bota, meq\u00eb kinemaja \u00ebsht\u00eb univers, p\u00ebrtej flamujve dhe kufijve . Nostalgjik\u00ebt, q\u00eb mendojn\u00eb se kinemaja nuk duhet t\u00eb vdes\u00eb, \u00a0\u00a0me mall e kujtojn\u00eb\u00a0 grimcimin e \u00a0farave t\u00eb\u00a0 bardha apo t\u00eb \u00a0lulediellit para dyerve t\u00eb kinemave.<\/p>\n<p>P\u00ebr fat t\u00eb keq t\u00eb gjitha\u00a0 kinemat\u00eb e k\u00ebtushme, n\u00eb qytet dhe \u00a0n\u00eb fshat n\u00eb \u00a0Kat\u00ebrkoll\u00eb tashm\u00eb jan\u00eb \u00a0degraduar. K\u00ebto pasuri t\u00eb p\u00ebrbashk\u00ebta kulturore q\u00eb ekzistonin \u00a0dhe frekuentoheshin nga popullata vendase dhe vizitor\u00ebt n\u00eb koh\u00ebn e monizmit, pas demokratizimit t\u00eb vendit\u00a0 u mbyll\u00ebn, p\u00ebr t\u00eb mos u hapur\u00a0 deri n\u00eb dit\u00ebt e sotme. \u00a0\u00a0\u00a0Shkat\u00ebrrimin e kinemave artist\u00ebt e qytetit e cil\u00ebsojn\u00eb nj\u00eb bjerrje t\u00eb kultur\u00ebs. Nj\u00eb ng\u00ebr\u00e7\u00a0 t\u00eb madh kulturor. \u00a0Nj\u00eb shenj\u00eb t\u00eb humbjes s\u00eb identitetit kulturor mbase jan\u00eb t\u00eb vet\u00ebdijsh\u00ebm se ky segment i kultur\u00ebs \u00ebsht\u00eb shpirti q\u00eb i jep frym\u00eb dhe identitetit.<\/p>\n<p>Objektet e ish- kinemave\u00a0 t\u00eb Ulqinit jan\u00eb\u00a0 \u00a0\u00a0\u00a0n\u00eb gjendje t\u00eb\u00a0\u00a0 mjerueshme.\u00a0\u00a0 Pamjet e tyre ( rr\u00ebnojat)\u00a0 tregojn\u00eb momente t\u00eb trishta. Panoramat e gjendjes trishtuese\u00a0 t\u00eb \u00a0kinemave t\u00eb vdekura t\u00eb Ulqinit shqet\u00ebsojn\u00eb dhe trondisin t\u00eb gjith\u00eb kultur\u00ebdash\u00ebsit e k\u00ebtush\u00ebm, t\u00eb cil\u00ebt shprehen se \u00ebsht\u00eb\u00a0 p\u00ebr t\u00eb ardhur keq \u00a0\u00a0q\u00eb n\u00eb k\u00ebt\u00eb epok\u00eb t\u00eb zhvillimit teknologjik vizioni i autoriteteve vendore dhe q\u00ebndrore \u00a0t\u00eb jet\u00eb kaq primitiv, duke mos e kuptuar se kultura nuk \u00ebsht\u00eb luks, por domosdoshm\u00ebri.<\/p>\n<p>Dashamir\u00ebt e k\u00ebtush\u00ebm t\u00eb\u00a0 kultur\u00ebs jan\u00eb t\u00eb nj\u00eb mendimi se mungojn\u00eb politikat\u00a0 e zhvillimit t\u00eb kinemas\u00eb. Sipas tyre \u00a0qeverisja lokale n\u00eb periudh\u00ebn e tranzicionit\u00a0 gjithnj\u00eb\u00a0 \u00ebsht\u00eb treguar \u00a0indiferente, e paaft\u00eb dhe e painteresuar t\u00eb stimuloj\u00eb kultur\u00ebn \u00a0\u00a0n\u00eb k\u00ebt\u00eb qytet, i cili bart\u00eb n\u00eb vetvete kulturat dhe historin\u00eb e mij\u00ebra viteve civilizim dhe i cili pretendon \u00a0t\u00eb hyj\u00eb n\u00eb list\u00ebn e trash\u00ebgimimis\u00eb kulturore t\u00eb\u00a0 UNESKO-s\u00eb .\u00a0 Ngecja n\u00eb zhvillimin e kultur\u00ebs justifikohet me munges\u00ebn e mjeteve buxhetore.\u00a0 Ky fakt q\u00ebndron. Por, ka edhe v\u00ebshtir\u00ebsi t\u00eb tjera t\u00eb cilat\u00a0 kan\u00eb b\u00ebr\u00eb q\u00eb kultura n\u00eb k\u00ebt\u00eb qytet\u00a0\u00a0 t\u00eb ket\u00eb ngelur n\u00eb margjina. Shkakun e ngecjeve n\u00eb fush\u00ebn e kultur\u00ebs duhet ta k\u00ebrkojm\u00eb\u00a0 n\u00eb munges\u00ebn e nj\u00eb strategjie p\u00ebr \u00a0zhvillimin e kultur\u00ebs n\u00eb k\u00ebt\u00eb qytet,\u00a0 t\u00eb cil\u00ebn\u00a0 \u00ebsht\u00eb dashur ta ken\u00eb q\u00eb moti autoritetet vendore dhe ato t\u00eb Minsitris\u00eb s\u00eb Kultur\u00ebs. Normalisht, kur mungon strategjia,\u00a0 at\u00ebher\u00eb mungon\u00a0 edhe zhvillimi. \u00a0Pa sajimin e nj\u00eb strategjie p\u00ebr kultur\u00ebn \u00e7do gj\u00eb tjet\u00ebr \u00ebsht\u00eb e padobishme. Ky \u00ebsht\u00eb hapi i par\u00eb\u00a0 i ndryshimit t\u00eb politikave dhe qasjes ndaj institucioneve kulturore n\u00eb k\u00ebt\u00eb qytet. N\u00eb k\u00ebt\u00eb rrafsh institucionet vendore dhe q\u00ebndrore duhet t\u00eb punojn\u00eb m\u00eb shum\u00eb n\u00ebse mendojn\u00eb ta ndryshojn\u00eb fotografin\u00eb e p\u00ebrgjthshme t\u00eb\u00a0 zymt\u00eb t\u00eb kultur\u00ebs, p\u00ebrfshir\u00eb k\u00ebtu edhe kinematografin\u00eb.<\/p>\n<p>\u00cbsht\u00eb p\u00ebr t\u00eb ardhur keq q\u00eb, \u00a0n\u00eb munges\u00eb t\u00eb kinemas\u00eb e teatrit, vakumi i aktiviteteve kulturore \u00ebsht\u00eb mbushur me kafenet\u00eb,\u00a0 \u00a0loj\u00ebrat e fatit dhe lotot sportive, t\u00eb cilat jo vet\u00ebm nuk kontribuojn\u00eb n\u00eb emancipimin qytetar, por hapin plag\u00eb edhe m\u00eb t\u00eb thella sociale, \u00a0p\u00ebr t\u00eb gjtha shtresat e shoq\u00ebris\u00eb\u00a0 dhe godasin sidomos rininin\u00eb. M\u00eb shum\u00eb se kurr\u00eb\u00a0 t\u00eb rinjt\u00eb \u00a0kan\u00eb nevoj\u00eb t\u00eb ulen pran\u00eb nj\u00ebri-tjetrit, t\u00eb flasin\u00a0 dhe t\u00eb d\u00ebgjojn\u00eb nj\u00ebri-tjetrin, nd\u00ebrsa kinemaja \u00ebsht\u00eb\u00a0 mediumi m\u00eb i mir\u00eb p\u00ebr t\u00eb arritur k\u00ebt\u00eb.\u00a0 Prandaj \u00a0do t\u00eb ishte mir\u00eb q\u00eb Ulqini t\u00eb ket\u00eb kinema ku do t\u00eb shfaqeshin dokumentar\u00eb edukativ\u00eb, kulturor\u00eb e t\u00eb tjer\u00eb, nga t\u00eb cil\u00ebt t\u00eb rinjt\u00eb do t\u00eb p\u00ebrfitonin m\u00eb\u00a0 shum\u00eb se sa \u00a0nga kafenet\u00eb dhe \u00a0rrjetet sociale.<\/p>\n","protected":false},"excerpt":{"rendered":"<p>Gjek\u00eb Gjonaj N\u00eb vitet\u00a0 gjasht\u00ebdhjet\u00eb-shtat\u00ebdhjet\u00eb \u00a0t\u00eb shekullit t\u00eb kaluar\u00a0 kinemat\u00eb\u00a0 kan\u00eb qen\u00eb pik\u00eb q\u00ebndrore n\u00eb jet\u00ebn kulturore t\u00eb Ulqinit. Ato kan\u00eb p\u00ebrfaq\u00ebsuar kujtes\u00ebn e p\u00ebrbashk\u00ebt dhe identitetin kulturor t\u00eb banor\u00ebve t\u00eb k\u00ebtij qyteti, respektivisht \u00a0\u00a0kan\u00eb qen\u00eb dhe kan\u00eb mbetur pjes\u00eb e kujtes\u00ebs\u00a0 kolektive t\u00eb qytetar\u00ebve t\u00eb tij. Me nj\u00eb fjal\u00eb ishin simbol krenarie t\u00eb k\u00ebtij [&hellip;]<\/p>\n","protected":false},"author":1,"featured_media":0,"comment_status":"closed","ping_status":"closed","sticky":false,"template":"","format":"standard","meta":{"spay_email":"","jetpack_publicize_message":"","jetpack_is_tweetstorm":false,"jetpack_publicize_feature_enabled":true},"categories":[11],"tags":[],"jetpack_publicize_connections":[],"yoast_head":"<!-- This site is optimized with the Yoast SEO plugin v19.1 - https:\/\/yoast.com\/wordpress\/plugins\/seo\/ -->\n<title>Gjonaj: Kinemat\u00eb e vdekura t\u00eb Ulqinit - Lajme nga Ulqini<\/title>\n<meta name=\"description\" content=\"Gjek\u00eb Gjonaj N\u00eb vitet\u00a0 gjasht\u00ebdhjet\u00eb-shtat\u00ebdhjet\u00eb \u00a0t\u00eb shekullit t\u00eb kaluar\u00a0 kinemat\u00eb\u00a0 kan\u00eb qen\u00eb pik\u00eb q\u00ebndrore n\u00eb jet\u00ebn kulturore t\u00eb Ulqinit. Ato kan\u00eb\" \/>\n<meta name=\"robots\" content=\"index, follow, max-snippet:-1, max-image-preview:large, max-video-preview:-1\" \/>\n<link rel=\"canonical\" href=\"https:\/\/www.visit-ulcinj.com\/blog\/2017\/06\/15\/gjonaj-kinemate-e-vdekura-te-ulqinit\/\" \/>\n<meta property=\"og:locale\" content=\"en_US\" \/>\n<meta property=\"og:type\" content=\"article\" \/>\n<meta property=\"og:title\" content=\"Gjonaj: Kinemat\u00eb e vdekura t\u00eb Ulqinit - Lajme nga Ulqini\" \/>\n<meta property=\"og:description\" content=\"Gjek\u00eb Gjonaj N\u00eb vitet\u00a0 gjasht\u00ebdhjet\u00eb-shtat\u00ebdhjet\u00eb \u00a0t\u00eb shekullit t\u00eb kaluar\u00a0 kinemat\u00eb\u00a0 kan\u00eb qen\u00eb pik\u00eb q\u00ebndrore n\u00eb jet\u00ebn kulturore t\u00eb Ulqinit. Ato kan\u00eb\" \/>\n<meta property=\"og:url\" content=\"https:\/\/www.visit-ulcinj.com\/blog\/2017\/06\/15\/gjonaj-kinemate-e-vdekura-te-ulqinit\/\" \/>\n<meta property=\"og:site_name\" content=\"Lajme nga Ulqini\" \/>\n<meta property=\"article:published_time\" content=\"2017-06-15T11:54:16+00:00\" \/>\n<meta property=\"og:image\" content=\"http:\/\/www.visit-ulcinj.com\/blog\/wp-content\/uploads\/2015\/06\/Ulqini-pa-kinema-.jpg\" \/>\n<meta name=\"twitter:label1\" content=\"Written by\" \/>\n\t<meta name=\"twitter:data1\" content=\"ulqini\" \/>\n\t<meta name=\"twitter:label2\" content=\"Est. reading time\" \/>\n\t<meta name=\"twitter:data2\" content=\"4 minutes\" \/>\n<script type=\"application\/ld+json\" class=\"yoast-schema-graph\">{\"@context\":\"https:\/\/schema.org\",\"@graph\":[{\"@type\":\"WebSite\",\"@id\":\"https:\/\/www.visit-ulcinj.com\/blog\/#website\",\"url\":\"https:\/\/www.visit-ulcinj.com\/blog\/\",\"name\":\"Lajme nga Ulqini\",\"description\":\"Lajme,Vijesti,Ulqini,Ulqin,Crna Gora,Mali i Zi\",\"potentialAction\":[{\"@type\":\"SearchAction\",\"target\":{\"@type\":\"EntryPoint\",\"urlTemplate\":\"https:\/\/www.visit-ulcinj.com\/blog\/?s={search_term_string}\"},\"query-input\":\"required name=search_term_string\"}],\"inLanguage\":\"en-US\"},{\"@type\":\"ImageObject\",\"inLanguage\":\"en-US\",\"@id\":\"https:\/\/www.visit-ulcinj.com\/blog\/2017\/06\/15\/gjonaj-kinemate-e-vdekura-te-ulqinit\/#primaryimage\",\"url\":\"https:\/\/www.visit-ulcinj.com\/blog\/wp-content\/uploads\/2015\/06\/Ulqini-pa-kinema-.jpg\",\"contentUrl\":\"https:\/\/www.visit-ulcinj.com\/blog\/wp-content\/uploads\/2015\/06\/Ulqini-pa-kinema-.jpg\",\"width\":960,\"height\":576},{\"@type\":\"WebPage\",\"@id\":\"https:\/\/www.visit-ulcinj.com\/blog\/2017\/06\/15\/gjonaj-kinemate-e-vdekura-te-ulqinit\/#webpage\",\"url\":\"https:\/\/www.visit-ulcinj.com\/blog\/2017\/06\/15\/gjonaj-kinemate-e-vdekura-te-ulqinit\/\",\"name\":\"Gjonaj: Kinemat\u00eb e vdekura t\u00eb Ulqinit - Lajme nga Ulqini\",\"isPartOf\":{\"@id\":\"https:\/\/www.visit-ulcinj.com\/blog\/#website\"},\"primaryImageOfPage\":{\"@id\":\"https:\/\/www.visit-ulcinj.com\/blog\/2017\/06\/15\/gjonaj-kinemate-e-vdekura-te-ulqinit\/#primaryimage\"},\"datePublished\":\"2017-06-15T11:54:16+00:00\",\"dateModified\":\"2017-06-15T11:54:16+00:00\",\"author\":{\"@id\":\"https:\/\/www.visit-ulcinj.com\/blog\/#\/schema\/person\/dcab619c614d3038751c63bc2aadc06d\"},\"description\":\"Gjek\u00eb Gjonaj N\u00eb vitet\u00a0 gjasht\u00ebdhjet\u00eb-shtat\u00ebdhjet\u00eb \u00a0t\u00eb shekullit t\u00eb kaluar\u00a0 kinemat\u00eb\u00a0 kan\u00eb qen\u00eb pik\u00eb q\u00ebndrore n\u00eb jet\u00ebn kulturore t\u00eb Ulqinit. Ato kan\u00eb\",\"breadcrumb\":{\"@id\":\"https:\/\/www.visit-ulcinj.com\/blog\/2017\/06\/15\/gjonaj-kinemate-e-vdekura-te-ulqinit\/#breadcrumb\"},\"inLanguage\":\"en-US\",\"potentialAction\":[{\"@type\":\"ReadAction\",\"target\":[\"https:\/\/www.visit-ulcinj.com\/blog\/2017\/06\/15\/gjonaj-kinemate-e-vdekura-te-ulqinit\/\"]}]},{\"@type\":\"BreadcrumbList\",\"@id\":\"https:\/\/www.visit-ulcinj.com\/blog\/2017\/06\/15\/gjonaj-kinemate-e-vdekura-te-ulqinit\/#breadcrumb\",\"itemListElement\":[{\"@type\":\"ListItem\",\"position\":1,\"name\":\"Gjonaj: Kinemat\u00eb e vdekura t\u00eb Ulqinit\"}]},{\"@type\":\"Person\",\"@id\":\"https:\/\/www.visit-ulcinj.com\/blog\/#\/schema\/person\/dcab619c614d3038751c63bc2aadc06d\",\"name\":\"ulqini\",\"sameAs\":[\"http:\/\/www.visit-ulcinj.com\"],\"url\":\"https:\/\/www.visit-ulcinj.com\/blog\/author\/admin\/\"}]}<\/script>\n<!-- \/ Yoast SEO plugin. -->","yoast_head_json":{"title":"Gjonaj: Kinemat\u00eb e vdekura t\u00eb Ulqinit - Lajme nga Ulqini","description":"Gjek\u00eb Gjonaj N\u00eb vitet\u00a0 gjasht\u00ebdhjet\u00eb-shtat\u00ebdhjet\u00eb \u00a0t\u00eb shekullit t\u00eb kaluar\u00a0 kinemat\u00eb\u00a0 kan\u00eb qen\u00eb pik\u00eb q\u00ebndrore n\u00eb jet\u00ebn kulturore t\u00eb Ulqinit. Ato kan\u00eb","robots":{"index":"index","follow":"follow","max-snippet":"max-snippet:-1","max-image-preview":"max-image-preview:large","max-video-preview":"max-video-preview:-1"},"canonical":"https:\/\/www.visit-ulcinj.com\/blog\/2017\/06\/15\/gjonaj-kinemate-e-vdekura-te-ulqinit\/","og_locale":"en_US","og_type":"article","og_title":"Gjonaj: Kinemat\u00eb e vdekura t\u00eb Ulqinit - Lajme nga Ulqini","og_description":"Gjek\u00eb Gjonaj N\u00eb vitet\u00a0 gjasht\u00ebdhjet\u00eb-shtat\u00ebdhjet\u00eb \u00a0t\u00eb shekullit t\u00eb kaluar\u00a0 kinemat\u00eb\u00a0 kan\u00eb qen\u00eb pik\u00eb q\u00ebndrore n\u00eb jet\u00ebn kulturore t\u00eb Ulqinit. Ato kan\u00eb","og_url":"https:\/\/www.visit-ulcinj.com\/blog\/2017\/06\/15\/gjonaj-kinemate-e-vdekura-te-ulqinit\/","og_site_name":"Lajme nga Ulqini","article_published_time":"2017-06-15T11:54:16+00:00","og_image":[{"url":"http:\/\/www.visit-ulcinj.com\/blog\/wp-content\/uploads\/2015\/06\/Ulqini-pa-kinema-.jpg"}],"twitter_misc":{"Written by":"ulqini","Est. reading time":"4 minutes"},"schema":{"@context":"https:\/\/schema.org","@graph":[{"@type":"WebSite","@id":"https:\/\/www.visit-ulcinj.com\/blog\/#website","url":"https:\/\/www.visit-ulcinj.com\/blog\/","name":"Lajme nga Ulqini","description":"Lajme,Vijesti,Ulqini,Ulqin,Crna Gora,Mali i Zi","potentialAction":[{"@type":"SearchAction","target":{"@type":"EntryPoint","urlTemplate":"https:\/\/www.visit-ulcinj.com\/blog\/?s={search_term_string}"},"query-input":"required name=search_term_string"}],"inLanguage":"en-US"},{"@type":"ImageObject","inLanguage":"en-US","@id":"https:\/\/www.visit-ulcinj.com\/blog\/2017\/06\/15\/gjonaj-kinemate-e-vdekura-te-ulqinit\/#primaryimage","url":"https:\/\/www.visit-ulcinj.com\/blog\/wp-content\/uploads\/2015\/06\/Ulqini-pa-kinema-.jpg","contentUrl":"https:\/\/www.visit-ulcinj.com\/blog\/wp-content\/uploads\/2015\/06\/Ulqini-pa-kinema-.jpg","width":960,"height":576},{"@type":"WebPage","@id":"https:\/\/www.visit-ulcinj.com\/blog\/2017\/06\/15\/gjonaj-kinemate-e-vdekura-te-ulqinit\/#webpage","url":"https:\/\/www.visit-ulcinj.com\/blog\/2017\/06\/15\/gjonaj-kinemate-e-vdekura-te-ulqinit\/","name":"Gjonaj: Kinemat\u00eb e vdekura t\u00eb Ulqinit - Lajme nga Ulqini","isPartOf":{"@id":"https:\/\/www.visit-ulcinj.com\/blog\/#website"},"primaryImageOfPage":{"@id":"https:\/\/www.visit-ulcinj.com\/blog\/2017\/06\/15\/gjonaj-kinemate-e-vdekura-te-ulqinit\/#primaryimage"},"datePublished":"2017-06-15T11:54:16+00:00","dateModified":"2017-06-15T11:54:16+00:00","author":{"@id":"https:\/\/www.visit-ulcinj.com\/blog\/#\/schema\/person\/dcab619c614d3038751c63bc2aadc06d"},"description":"Gjek\u00eb Gjonaj N\u00eb vitet\u00a0 gjasht\u00ebdhjet\u00eb-shtat\u00ebdhjet\u00eb \u00a0t\u00eb shekullit t\u00eb kaluar\u00a0 kinemat\u00eb\u00a0 kan\u00eb qen\u00eb pik\u00eb q\u00ebndrore n\u00eb jet\u00ebn kulturore t\u00eb Ulqinit. Ato kan\u00eb","breadcrumb":{"@id":"https:\/\/www.visit-ulcinj.com\/blog\/2017\/06\/15\/gjonaj-kinemate-e-vdekura-te-ulqinit\/#breadcrumb"},"inLanguage":"en-US","potentialAction":[{"@type":"ReadAction","target":["https:\/\/www.visit-ulcinj.com\/blog\/2017\/06\/15\/gjonaj-kinemate-e-vdekura-te-ulqinit\/"]}]},{"@type":"BreadcrumbList","@id":"https:\/\/www.visit-ulcinj.com\/blog\/2017\/06\/15\/gjonaj-kinemate-e-vdekura-te-ulqinit\/#breadcrumb","itemListElement":[{"@type":"ListItem","position":1,"name":"Gjonaj: Kinemat\u00eb e vdekura t\u00eb Ulqinit"}]},{"@type":"Person","@id":"https:\/\/www.visit-ulcinj.com\/blog\/#\/schema\/person\/dcab619c614d3038751c63bc2aadc06d","name":"ulqini","sameAs":["http:\/\/www.visit-ulcinj.com"],"url":"https:\/\/www.visit-ulcinj.com\/blog\/author\/admin\/"}]}},"jetpack_featured_media_url":"","jetpack_sharing_enabled":true,"jetpack_shortlink":"https:\/\/wp.me\/pe6lTn-rsZ","_links":{"self":[{"href":"https:\/\/www.visit-ulcinj.com\/blog\/wp-json\/wp\/v2\/posts\/105585"}],"collection":[{"href":"https:\/\/www.visit-ulcinj.com\/blog\/wp-json\/wp\/v2\/posts"}],"about":[{"href":"https:\/\/www.visit-ulcinj.com\/blog\/wp-json\/wp\/v2\/types\/post"}],"author":[{"embeddable":true,"href":"https:\/\/www.visit-ulcinj.com\/blog\/wp-json\/wp\/v2\/users\/1"}],"replies":[{"embeddable":true,"href":"https:\/\/www.visit-ulcinj.com\/blog\/wp-json\/wp\/v2\/comments?post=105585"}],"version-history":[{"count":1,"href":"https:\/\/www.visit-ulcinj.com\/blog\/wp-json\/wp\/v2\/posts\/105585\/revisions"}],"predecessor-version":[{"id":105586,"href":"https:\/\/www.visit-ulcinj.com\/blog\/wp-json\/wp\/v2\/posts\/105585\/revisions\/105586"}],"wp:attachment":[{"href":"https:\/\/www.visit-ulcinj.com\/blog\/wp-json\/wp\/v2\/media?parent=105585"}],"wp:term":[{"taxonomy":"category","embeddable":true,"href":"https:\/\/www.visit-ulcinj.com\/blog\/wp-json\/wp\/v2\/categories?post=105585"},{"taxonomy":"post_tag","embeddable":true,"href":"https:\/\/www.visit-ulcinj.com\/blog\/wp-json\/wp\/v2\/tags?post=105585"}],"curies":[{"name":"wp","href":"https:\/\/api.w.org\/{rel}","templated":true}]}}