{"id":105587,"date":"2017-06-15T19:59:50","date_gmt":"2017-06-15T18:59:50","guid":{"rendered":"http:\/\/www.visit-ulcinj.com\/blog\/?p=105587"},"modified":"2017-06-16T14:12:56","modified_gmt":"2017-06-16T13:12:56","slug":"reagim-gjeka-ka-shume-arsye-te-jete-shqetesuar-per-demtimin-e-buxhetit-prej-68-000-euro","status":"publish","type":"post","link":"https:\/\/www.visit-ulcinj.com\/blog\/2017\/06\/15\/reagim-gjeka-ka-shume-arsye-te-jete-shqetesuar-per-demtimin-e-buxhetit-prej-68-000-euro\/","title":{"rendered":"Reagim: Gjeka ka shum\u00eb arsye t\u00eb jet\u00eb i shqet\u00ebsuar p\u00ebr d\u00ebmtimin e buxhetit prej 68.000 euro"},"content":{"rendered":"<p><strong> <a href=\"http:\/\/www.visit-ulcinj.com\/blog\/wp-content\/uploads\/2017\/06\/KOMUNA-ULQINIT-REAGIM.jpg\"><img loading=\"lazy\" class=\"alignleft wp-image-105588\" src=\"http:\/\/www.visit-ulcinj.com\/blog\/wp-content\/uploads\/2017\/06\/KOMUNA-ULQINIT-REAGIM.jpg\" alt=\"\" width=\"508\" height=\"417\" srcset=\"https:\/\/www.visit-ulcinj.com\/blog\/wp-content\/uploads\/2017\/06\/KOMUNA-ULQINIT-REAGIM.jpg 488w, https:\/\/www.visit-ulcinj.com\/blog\/wp-content\/uploads\/2017\/06\/KOMUNA-ULQINIT-REAGIM-300x247.jpg 300w\" sizes=\"(max-width: 508px) 100vw, 508px\" \/><\/a>Ish kyetari i Komun\u00ebs gjegjsisht ish sekretari i Sekretariatit p\u00ebr buxhet dhe financat, Fatmir Gjeka ka shum\u00eb arsye t\u00eb jet\u00eb i shqet\u00ebsuar p\u00ebr shkak t\u00eb d\u00ebmtimit t\u00eb buxhetit t\u00eb Komun\u00ebs s\u00eb Ulqini n\u00eb shum\u00eb prej 68.000 euro.<\/strong><\/p>\n<p>Ai para organeve gjyq\u00ebsore me dat\u00ebn 1.4.2013 ka deklaruar qe: <strong>\u201cnuk ekziston asnj\u00eb faktur\u00eb t\u00eb cil\u00ebn ia ka fakturuar Komun\u00ebs s\u00eb Ulqinit, asnj\u00ebra nuk \u00ebsht\u00eb e v\u00ebrtetuar, edhe n\u00ebse ekzistojn\u00eb ato nuk jan\u00eb t\u00eb v\u00ebrtetuara nga pala e paditur (Komuna), dhe se nuk ekziston asnj\u00eb obligim ndaj Qum\u00ebshtores n\u00eb fjal\u00eb\u201d,<\/strong> dmth me k\u00ebt\u00eb deklarat\u00eb Z. Gjeka provon t\u00eb kontestoj\u00eb n\u00ebshkrimin e vet\u00a0 n\u00eb fatura t\u00eb cilat n\u00eb menyr\u00eb <strong>jashtligjore i ka pranuar dhe v\u00ebrtetuar.<\/strong><\/p>\n<p>Po edhe sikur Komuna t\u00eb kishte obligim p\u00ebr ato subvencione, kjo do t\u00eb ishe kompetenc\u00eb e Sekretariatit p\u00ebr Ekonomi e jo e atij\u00a0 p\u00ebr buxhet dhe financa, n\u00eb krye e t\u00eb cilin ka qen\u00eb Z. Gjeka.<\/p>\n<p>Shtrohet pyetja perse ato fatura nuk i ka paguar n\u00eb koh\u00ebn kur ishte kryetar i Komun\u00ebs, apo kur ishte sekretar p\u00ebr buxhet dhe finanacat p\u00ebr tiu shmangur kamatave.Ato nuk I ka paguar, sepse ka qen\u00eb i vet\u00ebdijsh\u00ebm q\u00eb i ka pranuar n\u00eb m\u00ebnyr\u00eb jashtligjore, gj\u00eb q\u00eb v\u00ebrteton raporti i ekspertit gjyq\u00ebsor p\u00ebr financa m\u00eb dat\u00ebn 11.2.2013, ku n\u00eb m\u00ebnyr\u00eb eksplicite konstatohet q\u00eb <strong>\u201csubvencionet nuk jan\u00eb t\u00eb ardhura t\u00eb cilat faturohen\u201d.<\/strong><\/p>\n<p>Tentivat e Gjek\u00ebs q\u00eb ta terheq\u00a0 v\u00ebmendjen nga ky rast duke u marr\u00eb me komentimin e pun\u00ebs time t\u00eb deritanishme n\u00eb krye t\u00eb Komun\u00ebs s\u00eb Ulqin, nuk do t\u2019i sjellin dobi, k\u00ebto denocime mund t\u2019i b\u00ebj\u00eb kudo q\u00eb ka d\u00ebshir\u00eb.<\/p>\n<p>P\u00ebrsa i p\u00ebrket p\u00ebrgjegj\u00ebsis\u00eb p\u00ebr llogarin\u00eb p\u00ebrfundimtare p\u00ebr vitin e kaluar, sigurisht q\u00eb e kam n\u00ebnshkruar, por vet\u00ebm p\u00ebr periudh\u00ebn gjat\u00eb te cil\u00ebs kam qen\u00eb un\u00eb kryetar i Komun\u00ebs, dhe qendroj\u00a0 pas atij\u00a0 n\u00ebnshkrim, kurse p\u00ebr pjes\u00ebn e Gjek\u00ebs ai vet\u00eb duhet t\u00eb jap llogari.<\/p>\n<p>P\u00ebr hir t\u00eb opinionit, n\u00eb vazhdim sjellim\u00a0 linkun ku gjinden dokumentat e p\u00ebrmendura me lart.<\/p>\n<p><strong><a href=\"http:\/\/ul-gov.me\/upload\/document\/20170615_izjava_fatmir_gjeka.pdf\" data-saferedirecturl=\"https:\/\/www.google.com\/url?hl=fr&amp;q=http:\/\/ul-gov.me\/upload\/document\/20170615_izjava_fatmir_gjeka.pdf&amp;source=gmail&amp;ust=1497636671750000&amp;usg=AFQjCNG025hMq_EeLo0880o90pyCIm6Tjw\">http:\/\/ul-gov.me\/upload\/document\/20170615_izjava_fatmir_gjeka.pdf<\/a><\/strong><\/p>\n<p><strong><a href=\"http:\/\/ul-gov.me\/upload\/document\/20170615_izjava_odgovornosti.pdf\" data-saferedirecturl=\"https:\/\/www.google.com\/url?hl=fr&amp;q=http:\/\/ul-gov.me\/upload\/document\/20170615_izjava_odgovornosti.pdf&amp;source=gmail&amp;ust=1497636671750000&amp;usg=AFQjCNHNUywhA22GTjgz-mhF0Cb0yhz1uQ\">http:\/\/ul-gov.me\/upload\/document\/20170615_izjava_odgovornosti.pdf<\/a><\/strong><\/p>\n<p><strong><a href=\"http:\/\/ul-gov.me\/upload\/document\/20170615_nalaz_vjetaka_milky_way.pdf\" data-saferedirecturl=\"https:\/\/www.google.com\/url?hl=fr&amp;q=http:\/\/ul-gov.me\/upload\/document\/20170615_nalaz_vjetaka_milky_way.pdf&amp;source=gmail&amp;ust=1497636671750000&amp;usg=AFQjCNG7EeYg6ihw4bwygioE12Qp90_4Fw\">http:\/\/ul-gov.me\/upload\/document\/20170615_nalaz_vjetaka_milky_way.pdf<\/a><\/strong><\/p>\n","protected":false},"excerpt":{"rendered":"<p>Ish kyetari i Komun\u00ebs gjegjsisht ish sekretari i Sekretariatit p\u00ebr buxhet dhe financat, Fatmir Gjeka ka shum\u00eb arsye t\u00eb jet\u00eb i shqet\u00ebsuar p\u00ebr shkak t\u00eb d\u00ebmtimit t\u00eb buxhetit t\u00eb Komun\u00ebs s\u00eb Ulqini n\u00eb shum\u00eb prej 68.000 euro. Ai para organeve gjyq\u00ebsore me dat\u00ebn 1.4.2013 ka deklaruar qe: \u201cnuk ekziston asnj\u00eb faktur\u00eb t\u00eb cil\u00ebn ia ka [&hellip;]<\/p>\n","protected":false},"author":1,"featured_media":0,"comment_status":"closed","ping_status":"closed","sticky":false,"template":"","format":"standard","meta":{"spay_email":"","jetpack_publicize_message":"","jetpack_is_tweetstorm":false,"jetpack_publicize_feature_enabled":true},"categories":[1,13],"tags":[],"jetpack_publicize_connections":[],"yoast_head":"<!-- This site is optimized with the Yoast SEO plugin v19.1 - https:\/\/yoast.com\/wordpress\/plugins\/seo\/ -->\n<title>Reagim: Gjeka ka shum\u00eb arsye t\u00eb jet\u00eb i shqet\u00ebsuar p\u00ebr d\u00ebmtimin e buxhetit prej 68.000 euro - Lajme nga Ulqini<\/title>\n<meta name=\"description\" content=\"Ish kyetari i Komun\u00ebs gjegjsisht ish sekretari i Sekretariatit p\u00ebr buxhet dhe financat, Fatmir Gjeka ka shum\u00eb arsye t\u00eb jet\u00eb i shqet\u00ebsuar p\u00ebr shkak t\u00eb\" \/>\n<meta name=\"robots\" content=\"index, follow, max-snippet:-1, max-image-preview:large, max-video-preview:-1\" \/>\n<link rel=\"canonical\" href=\"https:\/\/www.visit-ulcinj.com\/blog\/2017\/06\/15\/reagim-gjeka-ka-shume-arsye-te-jete-shqetesuar-per-demtimin-e-buxhetit-prej-68-000-euro\/\" \/>\n<meta property=\"og:locale\" content=\"en_US\" \/>\n<meta property=\"og:type\" content=\"article\" \/>\n<meta property=\"og:title\" content=\"Reagim: Gjeka ka shum\u00eb arsye t\u00eb jet\u00eb i shqet\u00ebsuar p\u00ebr d\u00ebmtimin e buxhetit prej 68.000 euro - Lajme nga Ulqini\" \/>\n<meta property=\"og:description\" content=\"Ish kyetari i Komun\u00ebs gjegjsisht ish sekretari i Sekretariatit p\u00ebr buxhet dhe financat, Fatmir Gjeka ka shum\u00eb arsye t\u00eb jet\u00eb i shqet\u00ebsuar p\u00ebr shkak t\u00eb\" \/>\n<meta property=\"og:url\" content=\"https:\/\/www.visit-ulcinj.com\/blog\/2017\/06\/15\/reagim-gjeka-ka-shume-arsye-te-jete-shqetesuar-per-demtimin-e-buxhetit-prej-68-000-euro\/\" \/>\n<meta property=\"og:site_name\" content=\"Lajme nga Ulqini\" \/>\n<meta property=\"article:published_time\" content=\"2017-06-15T18:59:50+00:00\" \/>\n<meta property=\"article:modified_time\" content=\"2017-06-16T13:12:56+00:00\" \/>\n<meta property=\"og:image\" content=\"http:\/\/www.visit-ulcinj.com\/blog\/wp-content\/uploads\/2017\/06\/KOMUNA-ULQINIT-REAGIM.jpg\" \/>\n<meta name=\"twitter:label1\" content=\"Written by\" \/>\n\t<meta name=\"twitter:data1\" content=\"ulqini\" \/>\n\t<meta name=\"twitter:label2\" content=\"Est. reading time\" \/>\n\t<meta name=\"twitter:data2\" content=\"2 minutes\" \/>\n<script type=\"application\/ld+json\" class=\"yoast-schema-graph\">{\"@context\":\"https:\/\/schema.org\",\"@graph\":[{\"@type\":\"WebSite\",\"@id\":\"https:\/\/www.visit-ulcinj.com\/blog\/#website\",\"url\":\"https:\/\/www.visit-ulcinj.com\/blog\/\",\"name\":\"Lajme nga Ulqini\",\"description\":\"Lajme,Vijesti,Ulqini,Ulqin,Crna Gora,Mali i Zi\",\"potentialAction\":[{\"@type\":\"SearchAction\",\"target\":{\"@type\":\"EntryPoint\",\"urlTemplate\":\"https:\/\/www.visit-ulcinj.com\/blog\/?s={search_term_string}\"},\"query-input\":\"required name=search_term_string\"}],\"inLanguage\":\"en-US\"},{\"@type\":\"ImageObject\",\"inLanguage\":\"en-US\",\"@id\":\"https:\/\/www.visit-ulcinj.com\/blog\/2017\/06\/15\/reagim-gjeka-ka-shume-arsye-te-jete-shqetesuar-per-demtimin-e-buxhetit-prej-68-000-euro\/#primaryimage\",\"url\":\"https:\/\/www.visit-ulcinj.com\/blog\/wp-content\/uploads\/2017\/06\/KOMUNA-ULQINIT-REAGIM.jpg\",\"contentUrl\":\"https:\/\/www.visit-ulcinj.com\/blog\/wp-content\/uploads\/2017\/06\/KOMUNA-ULQINIT-REAGIM.jpg\",\"width\":488,\"height\":401},{\"@type\":\"WebPage\",\"@id\":\"https:\/\/www.visit-ulcinj.com\/blog\/2017\/06\/15\/reagim-gjeka-ka-shume-arsye-te-jete-shqetesuar-per-demtimin-e-buxhetit-prej-68-000-euro\/#webpage\",\"url\":\"https:\/\/www.visit-ulcinj.com\/blog\/2017\/06\/15\/reagim-gjeka-ka-shume-arsye-te-jete-shqetesuar-per-demtimin-e-buxhetit-prej-68-000-euro\/\",\"name\":\"Reagim: Gjeka ka shum\u00eb arsye t\u00eb jet\u00eb i shqet\u00ebsuar p\u00ebr d\u00ebmtimin e buxhetit prej 68.000 euro - Lajme nga Ulqini\",\"isPartOf\":{\"@id\":\"https:\/\/www.visit-ulcinj.com\/blog\/#website\"},\"primaryImageOfPage\":{\"@id\":\"https:\/\/www.visit-ulcinj.com\/blog\/2017\/06\/15\/reagim-gjeka-ka-shume-arsye-te-jete-shqetesuar-per-demtimin-e-buxhetit-prej-68-000-euro\/#primaryimage\"},\"datePublished\":\"2017-06-15T18:59:50+00:00\",\"dateModified\":\"2017-06-16T13:12:56+00:00\",\"author\":{\"@id\":\"https:\/\/www.visit-ulcinj.com\/blog\/#\/schema\/person\/dcab619c614d3038751c63bc2aadc06d\"},\"description\":\"Ish kyetari i Komun\u00ebs gjegjsisht ish sekretari i Sekretariatit p\u00ebr buxhet dhe financat, Fatmir Gjeka ka shum\u00eb arsye t\u00eb jet\u00eb i shqet\u00ebsuar p\u00ebr shkak t\u00eb\",\"breadcrumb\":{\"@id\":\"https:\/\/www.visit-ulcinj.com\/blog\/2017\/06\/15\/reagim-gjeka-ka-shume-arsye-te-jete-shqetesuar-per-demtimin-e-buxhetit-prej-68-000-euro\/#breadcrumb\"},\"inLanguage\":\"en-US\",\"potentialAction\":[{\"@type\":\"ReadAction\",\"target\":[\"https:\/\/www.visit-ulcinj.com\/blog\/2017\/06\/15\/reagim-gjeka-ka-shume-arsye-te-jete-shqetesuar-per-demtimin-e-buxhetit-prej-68-000-euro\/\"]}]},{\"@type\":\"BreadcrumbList\",\"@id\":\"https:\/\/www.visit-ulcinj.com\/blog\/2017\/06\/15\/reagim-gjeka-ka-shume-arsye-te-jete-shqetesuar-per-demtimin-e-buxhetit-prej-68-000-euro\/#breadcrumb\",\"itemListElement\":[{\"@type\":\"ListItem\",\"position\":1,\"name\":\"Reagim: Gjeka ka shum\u00eb arsye t\u00eb jet\u00eb i shqet\u00ebsuar p\u00ebr d\u00ebmtimin e buxhetit prej 68.000 euro\"}]},{\"@type\":\"Person\",\"@id\":\"https:\/\/www.visit-ulcinj.com\/blog\/#\/schema\/person\/dcab619c614d3038751c63bc2aadc06d\",\"name\":\"ulqini\",\"sameAs\":[\"http:\/\/www.visit-ulcinj.com\"],\"url\":\"https:\/\/www.visit-ulcinj.com\/blog\/author\/admin\/\"}]}<\/script>\n<!-- \/ Yoast SEO plugin. -->","yoast_head_json":{"title":"Reagim: Gjeka ka shum\u00eb arsye t\u00eb jet\u00eb i shqet\u00ebsuar p\u00ebr d\u00ebmtimin e buxhetit prej 68.000 euro - Lajme nga Ulqini","description":"Ish kyetari i Komun\u00ebs gjegjsisht ish sekretari i Sekretariatit p\u00ebr buxhet dhe financat, Fatmir Gjeka ka shum\u00eb arsye t\u00eb jet\u00eb i shqet\u00ebsuar p\u00ebr shkak t\u00eb","robots":{"index":"index","follow":"follow","max-snippet":"max-snippet:-1","max-image-preview":"max-image-preview:large","max-video-preview":"max-video-preview:-1"},"canonical":"https:\/\/www.visit-ulcinj.com\/blog\/2017\/06\/15\/reagim-gjeka-ka-shume-arsye-te-jete-shqetesuar-per-demtimin-e-buxhetit-prej-68-000-euro\/","og_locale":"en_US","og_type":"article","og_title":"Reagim: Gjeka ka shum\u00eb arsye t\u00eb jet\u00eb i shqet\u00ebsuar p\u00ebr d\u00ebmtimin e buxhetit prej 68.000 euro - Lajme nga Ulqini","og_description":"Ish kyetari i Komun\u00ebs gjegjsisht ish sekretari i Sekretariatit p\u00ebr buxhet dhe financat, Fatmir Gjeka ka shum\u00eb arsye t\u00eb jet\u00eb i shqet\u00ebsuar p\u00ebr shkak t\u00eb","og_url":"https:\/\/www.visit-ulcinj.com\/blog\/2017\/06\/15\/reagim-gjeka-ka-shume-arsye-te-jete-shqetesuar-per-demtimin-e-buxhetit-prej-68-000-euro\/","og_site_name":"Lajme nga Ulqini","article_published_time":"2017-06-15T18:59:50+00:00","article_modified_time":"2017-06-16T13:12:56+00:00","og_image":[{"url":"http:\/\/www.visit-ulcinj.com\/blog\/wp-content\/uploads\/2017\/06\/KOMUNA-ULQINIT-REAGIM.jpg"}],"twitter_misc":{"Written by":"ulqini","Est. reading time":"2 minutes"},"schema":{"@context":"https:\/\/schema.org","@graph":[{"@type":"WebSite","@id":"https:\/\/www.visit-ulcinj.com\/blog\/#website","url":"https:\/\/www.visit-ulcinj.com\/blog\/","name":"Lajme nga Ulqini","description":"Lajme,Vijesti,Ulqini,Ulqin,Crna Gora,Mali i Zi","potentialAction":[{"@type":"SearchAction","target":{"@type":"EntryPoint","urlTemplate":"https:\/\/www.visit-ulcinj.com\/blog\/?s={search_term_string}"},"query-input":"required name=search_term_string"}],"inLanguage":"en-US"},{"@type":"ImageObject","inLanguage":"en-US","@id":"https:\/\/www.visit-ulcinj.com\/blog\/2017\/06\/15\/reagim-gjeka-ka-shume-arsye-te-jete-shqetesuar-per-demtimin-e-buxhetit-prej-68-000-euro\/#primaryimage","url":"https:\/\/www.visit-ulcinj.com\/blog\/wp-content\/uploads\/2017\/06\/KOMUNA-ULQINIT-REAGIM.jpg","contentUrl":"https:\/\/www.visit-ulcinj.com\/blog\/wp-content\/uploads\/2017\/06\/KOMUNA-ULQINIT-REAGIM.jpg","width":488,"height":401},{"@type":"WebPage","@id":"https:\/\/www.visit-ulcinj.com\/blog\/2017\/06\/15\/reagim-gjeka-ka-shume-arsye-te-jete-shqetesuar-per-demtimin-e-buxhetit-prej-68-000-euro\/#webpage","url":"https:\/\/www.visit-ulcinj.com\/blog\/2017\/06\/15\/reagim-gjeka-ka-shume-arsye-te-jete-shqetesuar-per-demtimin-e-buxhetit-prej-68-000-euro\/","name":"Reagim: Gjeka ka shum\u00eb arsye t\u00eb jet\u00eb i shqet\u00ebsuar p\u00ebr d\u00ebmtimin e buxhetit prej 68.000 euro - Lajme nga Ulqini","isPartOf":{"@id":"https:\/\/www.visit-ulcinj.com\/blog\/#website"},"primaryImageOfPage":{"@id":"https:\/\/www.visit-ulcinj.com\/blog\/2017\/06\/15\/reagim-gjeka-ka-shume-arsye-te-jete-shqetesuar-per-demtimin-e-buxhetit-prej-68-000-euro\/#primaryimage"},"datePublished":"2017-06-15T18:59:50+00:00","dateModified":"2017-06-16T13:12:56+00:00","author":{"@id":"https:\/\/www.visit-ulcinj.com\/blog\/#\/schema\/person\/dcab619c614d3038751c63bc2aadc06d"},"description":"Ish kyetari i Komun\u00ebs gjegjsisht ish sekretari i Sekretariatit p\u00ebr buxhet dhe financat, Fatmir Gjeka ka shum\u00eb arsye t\u00eb jet\u00eb i shqet\u00ebsuar p\u00ebr shkak t\u00eb","breadcrumb":{"@id":"https:\/\/www.visit-ulcinj.com\/blog\/2017\/06\/15\/reagim-gjeka-ka-shume-arsye-te-jete-shqetesuar-per-demtimin-e-buxhetit-prej-68-000-euro\/#breadcrumb"},"inLanguage":"en-US","potentialAction":[{"@type":"ReadAction","target":["https:\/\/www.visit-ulcinj.com\/blog\/2017\/06\/15\/reagim-gjeka-ka-shume-arsye-te-jete-shqetesuar-per-demtimin-e-buxhetit-prej-68-000-euro\/"]}]},{"@type":"BreadcrumbList","@id":"https:\/\/www.visit-ulcinj.com\/blog\/2017\/06\/15\/reagim-gjeka-ka-shume-arsye-te-jete-shqetesuar-per-demtimin-e-buxhetit-prej-68-000-euro\/#breadcrumb","itemListElement":[{"@type":"ListItem","position":1,"name":"Reagim: Gjeka ka shum\u00eb arsye t\u00eb jet\u00eb i shqet\u00ebsuar p\u00ebr d\u00ebmtimin e buxhetit prej 68.000 euro"}]},{"@type":"Person","@id":"https:\/\/www.visit-ulcinj.com\/blog\/#\/schema\/person\/dcab619c614d3038751c63bc2aadc06d","name":"ulqini","sameAs":["http:\/\/www.visit-ulcinj.com"],"url":"https:\/\/www.visit-ulcinj.com\/blog\/author\/admin\/"}]}},"jetpack_featured_media_url":"","jetpack_sharing_enabled":true,"jetpack_shortlink":"https:\/\/wp.me\/pe6lTn-rt1","_links":{"self":[{"href":"https:\/\/www.visit-ulcinj.com\/blog\/wp-json\/wp\/v2\/posts\/105587"}],"collection":[{"href":"https:\/\/www.visit-ulcinj.com\/blog\/wp-json\/wp\/v2\/posts"}],"about":[{"href":"https:\/\/www.visit-ulcinj.com\/blog\/wp-json\/wp\/v2\/types\/post"}],"author":[{"embeddable":true,"href":"https:\/\/www.visit-ulcinj.com\/blog\/wp-json\/wp\/v2\/users\/1"}],"replies":[{"embeddable":true,"href":"https:\/\/www.visit-ulcinj.com\/blog\/wp-json\/wp\/v2\/comments?post=105587"}],"version-history":[{"count":1,"href":"https:\/\/www.visit-ulcinj.com\/blog\/wp-json\/wp\/v2\/posts\/105587\/revisions"}],"predecessor-version":[{"id":105589,"href":"https:\/\/www.visit-ulcinj.com\/blog\/wp-json\/wp\/v2\/posts\/105587\/revisions\/105589"}],"wp:attachment":[{"href":"https:\/\/www.visit-ulcinj.com\/blog\/wp-json\/wp\/v2\/media?parent=105587"}],"wp:term":[{"taxonomy":"category","embeddable":true,"href":"https:\/\/www.visit-ulcinj.com\/blog\/wp-json\/wp\/v2\/categories?post=105587"},{"taxonomy":"post_tag","embeddable":true,"href":"https:\/\/www.visit-ulcinj.com\/blog\/wp-json\/wp\/v2\/tags?post=105587"}],"curies":[{"name":"wp","href":"https:\/\/api.w.org\/{rel}","templated":true}]}}