{"id":105596,"date":"2017-06-15T20:49:01","date_gmt":"2017-06-15T19:49:01","guid":{"rendered":"http:\/\/www.visit-ulcinj.com\/blog\/?p=105596"},"modified":"2017-06-17T13:39:53","modified_gmt":"2017-06-17T12:39:53","slug":"interviste-dr-astrit-becin-ne-emisionin-portreti","status":"publish","type":"post","link":"https:\/\/www.visit-ulcinj.com\/blog\/2017\/06\/15\/interviste-dr-astrit-becin-ne-emisionin-portreti\/","title":{"rendered":"Intervist\u00eb me Dr Astrit Becin n\u00eb emisionin Portreti"},"content":{"rendered":"<p><a href=\"http:\/\/www.visit-ulcinj.com\/blog\/wp-content\/uploads\/2017\/06\/Portreti-me-Dr-Astrit-Becin-Shkoder.jpg\"><img loading=\"lazy\" class=\"alignleft wp-image-105597\" src=\"http:\/\/www.visit-ulcinj.com\/blog\/wp-content\/uploads\/2017\/06\/Portreti-me-Dr-Astrit-Becin-Shkoder.jpg\" alt=\"\" width=\"508\" height=\"240\" srcset=\"https:\/\/www.visit-ulcinj.com\/blog\/wp-content\/uploads\/2017\/06\/Portreti-me-Dr-Astrit-Becin-Shkoder.jpg 608w, https:\/\/www.visit-ulcinj.com\/blog\/wp-content\/uploads\/2017\/06\/Portreti-me-Dr-Astrit-Becin-Shkoder-300x142.jpg 300w\" sizes=\"(max-width: 508px) 100vw, 508px\" \/><\/a>Ndiqni emisionin\u201cPortreti\u201d i cili emitohet \u00e7do te hene ne oren 21.00 n\u00eb Televizionin Teuta.<br \/>\nModeratorja e emisonit <strong>Hatixhe Nelaj<\/strong> na mundson t\u00eb ndjekim emisionin \u201cPortreti\u201d q\u00eb transmetohet n\u00eb TV Teuta.<br \/>\nNdiqni emisionin ku protagonist i emisionit \u00ebsht\u00eb\u00a0<strong> Doktori Shkodran Astrit Beci<\/strong>.<\/p>\n<!--YouTube Error: bad URL entered-->\n<p class=\"fbPhotoAlbumTitle\"><strong>Dr. Astrit BECI nga Ismet Karamanaga<br \/>\n<\/strong><\/p>\n<p class=\"fbPhotoAlbumTitle\"><a href=\"http:\/\/www.visit-ulcinj.com\/blog\/wp-content\/uploads\/2017\/06\/Dr.-Astrit-BECI-nga-Ismet-Karamanaga-2.jpg\"><img loading=\"lazy\" class=\"alignleft wp-image-105628\" src=\"http:\/\/www.visit-ulcinj.com\/blog\/wp-content\/uploads\/2017\/06\/Dr.-Astrit-BECI-nga-Ismet-Karamanaga-2.jpg\" alt=\"\" width=\"508\" height=\"381\" srcset=\"https:\/\/www.visit-ulcinj.com\/blog\/wp-content\/uploads\/2017\/06\/Dr.-Astrit-BECI-nga-Ismet-Karamanaga-2.jpg 960w, https:\/\/www.visit-ulcinj.com\/blog\/wp-content\/uploads\/2017\/06\/Dr.-Astrit-BECI-nga-Ismet-Karamanaga-2-300x225.jpg 300w, https:\/\/www.visit-ulcinj.com\/blog\/wp-content\/uploads\/2017\/06\/Dr.-Astrit-BECI-nga-Ismet-Karamanaga-2-768x576.jpg 768w\" sizes=\"(max-width: 508px) 100vw, 508px\" \/><\/a><\/p>\n<p class=\"fbPhotoAlbumTitle\"><span class=\"fbPhotoCaptionText\">Ne se doni t\u00eb shikoni m\u00eb qart\u00eb,m\u00eb mir\u00eb, larg dhe af\u00ebr, nese doni t\u00eb ju kthehet shikimi natyror, nese d\u00ebshironi t\u00eb kontrolloheni nga specialisti i dor\u00ebs s\u00eb par\u00eb t\u00eb syve, ather\u00eb shkoni n\u00eb Shkod\u00ebr, te specialist m\u00eb i mir\u00eb dr. Astrit Beci, i cili pranon pacient\u00ebt \u00e7do t\u00eb shtun\u00eb. Ordinanca e tij gjendet te \u00c7inari, te Pazari Zdrale, n\u00eb Shkod\u00ebr, vet\u00ebm reth 40 km. larg nga Ulqini, Tivari, Podgorica e Tuzi.<br \/>\nDr. Astriti \u00ebsht\u00eb jo vetum specalist i mir\u00eb, por edhe nj\u00ebri modest dhe me sjellje t\u00eb jasht\u00ebzakonshme njer\u00ebzore. Cel\u00ebsit\u00eb e tij specialistit dhe njeriut i kam p\u00ebrjetuar vet\u00eb.<\/p>\n<p>Ako \u017eeljite da vidite bolje, bli\u017ee ili dalje, ako ho\u0107ete da vam se vrati pravi vid, ili vid koji bi ste htjeli da imate, po\u0111ite do Skadra. Na samo 40. km. od Ulcinja, Bara, Podgorice ili Tuzija u samom centru Skadra na kraju tr\u017enice &#8220;Zdralje&#8221;, nalazi se ordinacija dr. Astrit Becija, jednog od najboljih specijalista za o\u010di u regionu. Ovaj mirni, tihi i skromni \u010dovjek, ne samo da je vrhunski specijalista i stru\u010dnjak, ve\u0107 i izuzetna li\u010dnost. Dodu\u0161e, u Skadru radi samo subotom, zbog prezauzetosti s obzirom da je zaposljen u Tirani, gdje je od nedavno postavljen za direktora fonda zdravstva Albanije.<br \/>\nOsim toga bavi se i nau\u010dnim radom. Me\u0111utim, Skadar nije zapostavio, niti zaboravio. Naprotiv, njegov rad i njegovo znanje je samo dio doprinosa koji ovaj vrsni stru\u010dnjak daje na njegovom ponovnom uzdizanju. Podsje\u0107am da je danas Skadar veliki centar, kojemu se polalo vra\u0107a stari sjaj koji je imao jo\u0161 iz vremena Otomanske imperije. Dr. Astrit Beci, svojim znanjem daje veliki doprinos svemu tome. Jo\u0161 od samog ulaza u njegovoj ordinaciji, do\u010dekuje vas stru\u010dni i ljubazni personal, koji \u0107e vam dati sve informacije o svemu \u0161to vas interesuje, od zakazivanja pregleda, izboru stakala i okvira za va\u0161e nao\u010dare i sli\u010dno. Na, kraju isprati\u0107e vas osmjeh, i siguran sam da \u0107e te se osje\u0107ati sigurniji i zadovoljniji&#8230;<\/span><\/p>\n<p class=\"fbPhotoAlbumTitle\"><a href=\"http:\/\/www.visit-ulcinj.com\/blog\/wp-content\/uploads\/2017\/06\/Dr.-Astrit-BECI-nga-Ismet-Karamanaga.jpg\"><img loading=\"lazy\" class=\"alignleft wp-image-105629\" src=\"http:\/\/www.visit-ulcinj.com\/blog\/wp-content\/uploads\/2017\/06\/Dr.-Astrit-BECI-nga-Ismet-Karamanaga.jpg\" alt=\"\" width=\"508\" height=\"381\" srcset=\"https:\/\/www.visit-ulcinj.com\/blog\/wp-content\/uploads\/2017\/06\/Dr.-Astrit-BECI-nga-Ismet-Karamanaga.jpg 960w, https:\/\/www.visit-ulcinj.com\/blog\/wp-content\/uploads\/2017\/06\/Dr.-Astrit-BECI-nga-Ismet-Karamanaga-300x225.jpg 300w, https:\/\/www.visit-ulcinj.com\/blog\/wp-content\/uploads\/2017\/06\/Dr.-Astrit-BECI-nga-Ismet-Karamanaga-768x576.jpg 768w\" sizes=\"(max-width: 508px) 100vw, 508px\" \/><\/a> <a href=\"http:\/\/www.visit-ulcinj.com\/blog\/wp-content\/uploads\/2017\/06\/Dr.-Astrit-BECI-nga-Ismet-Karamanaga-1.jpg\"><img loading=\"lazy\" class=\"alignleft wp-image-105630\" src=\"http:\/\/www.visit-ulcinj.com\/blog\/wp-content\/uploads\/2017\/06\/Dr.-Astrit-BECI-nga-Ismet-Karamanaga-1.jpg\" alt=\"\" width=\"508\" height=\"381\" srcset=\"https:\/\/www.visit-ulcinj.com\/blog\/wp-content\/uploads\/2017\/06\/Dr.-Astrit-BECI-nga-Ismet-Karamanaga-1.jpg 960w, https:\/\/www.visit-ulcinj.com\/blog\/wp-content\/uploads\/2017\/06\/Dr.-Astrit-BECI-nga-Ismet-Karamanaga-1-300x225.jpg 300w, https:\/\/www.visit-ulcinj.com\/blog\/wp-content\/uploads\/2017\/06\/Dr.-Astrit-BECI-nga-Ismet-Karamanaga-1-768x576.jpg 768w\" sizes=\"(max-width: 508px) 100vw, 508px\" \/><\/a><\/p>\n","protected":false},"excerpt":{"rendered":"<p>Ndiqni emisionin\u201cPortreti\u201d i cili emitohet \u00e7do te hene ne oren 21.00 n\u00eb Televizionin Teuta. Moderatorja e emisonit Hatixhe Nelaj na mundson t\u00eb ndjekim emisionin \u201cPortreti\u201d q\u00eb transmetohet n\u00eb TV Teuta. Ndiqni emisionin ku protagonist i emisionit \u00ebsht\u00eb\u00a0 Doktori Shkodran Astrit Beci. Dr. Astrit BECI nga Ismet Karamanaga Ne se doni t\u00eb shikoni m\u00eb qart\u00eb,m\u00eb mir\u00eb, [&hellip;]<\/p>\n","protected":false},"author":1,"featured_media":0,"comment_status":"closed","ping_status":"closed","sticky":false,"template":"","format":"standard","meta":{"spay_email":"","jetpack_publicize_message":"","jetpack_is_tweetstorm":false,"jetpack_publicize_feature_enabled":true},"categories":[5],"tags":[],"jetpack_publicize_connections":[],"yoast_head":"<!-- This site is optimized with the Yoast SEO plugin v19.1 - https:\/\/yoast.com\/wordpress\/plugins\/seo\/ -->\n<title>Intervist\u00eb me Dr Astrit Becin n\u00eb emisionin Portreti - Lajme nga Ulqini<\/title>\n<meta name=\"description\" content=\"Ndiqni emisionin\u201cPortreti\u201d i cili emitohet \u00e7do te hene ne oren 21.00 n\u00eb Televizionin Teuta. Moderatorja e emisonit Hatixhe Nelaj na mundson t\u00eb ndjekim\" \/>\n<meta name=\"robots\" content=\"index, follow, max-snippet:-1, max-image-preview:large, max-video-preview:-1\" \/>\n<link rel=\"canonical\" href=\"https:\/\/www.visit-ulcinj.com\/blog\/2017\/06\/15\/interviste-dr-astrit-becin-ne-emisionin-portreti\/\" \/>\n<meta property=\"og:locale\" content=\"en_US\" \/>\n<meta property=\"og:type\" content=\"article\" \/>\n<meta property=\"og:title\" content=\"Intervist\u00eb me Dr Astrit Becin n\u00eb emisionin Portreti - Lajme nga Ulqini\" \/>\n<meta property=\"og:description\" content=\"Ndiqni emisionin\u201cPortreti\u201d i cili emitohet \u00e7do te hene ne oren 21.00 n\u00eb Televizionin Teuta. Moderatorja e emisonit Hatixhe Nelaj na mundson t\u00eb ndjekim\" \/>\n<meta property=\"og:url\" content=\"https:\/\/www.visit-ulcinj.com\/blog\/2017\/06\/15\/interviste-dr-astrit-becin-ne-emisionin-portreti\/\" \/>\n<meta property=\"og:site_name\" content=\"Lajme nga Ulqini\" \/>\n<meta property=\"article:published_time\" content=\"2017-06-15T19:49:01+00:00\" \/>\n<meta property=\"article:modified_time\" content=\"2017-06-17T12:39:53+00:00\" \/>\n<meta property=\"og:image\" content=\"http:\/\/www.visit-ulcinj.com\/blog\/wp-content\/uploads\/2017\/06\/Portreti-me-Dr-Astrit-Becin-Shkoder.jpg\" \/>\n<meta name=\"twitter:label1\" content=\"Written by\" \/>\n\t<meta name=\"twitter:data1\" content=\"ulqini\" \/>\n\t<meta name=\"twitter:label2\" content=\"Est. reading time\" \/>\n\t<meta name=\"twitter:data2\" content=\"2 minutes\" \/>\n<script type=\"application\/ld+json\" class=\"yoast-schema-graph\">{\"@context\":\"https:\/\/schema.org\",\"@graph\":[{\"@type\":\"WebSite\",\"@id\":\"https:\/\/www.visit-ulcinj.com\/blog\/#website\",\"url\":\"https:\/\/www.visit-ulcinj.com\/blog\/\",\"name\":\"Lajme nga Ulqini\",\"description\":\"Lajme,Vijesti,Ulqini,Ulqin,Crna Gora,Mali i Zi\",\"potentialAction\":[{\"@type\":\"SearchAction\",\"target\":{\"@type\":\"EntryPoint\",\"urlTemplate\":\"https:\/\/www.visit-ulcinj.com\/blog\/?s={search_term_string}\"},\"query-input\":\"required name=search_term_string\"}],\"inLanguage\":\"en-US\"},{\"@type\":\"ImageObject\",\"inLanguage\":\"en-US\",\"@id\":\"https:\/\/www.visit-ulcinj.com\/blog\/2017\/06\/15\/interviste-dr-astrit-becin-ne-emisionin-portreti\/#primaryimage\",\"url\":\"https:\/\/www.visit-ulcinj.com\/blog\/wp-content\/uploads\/2017\/06\/Portreti-me-Dr-Astrit-Becin-Shkoder.jpg\",\"contentUrl\":\"https:\/\/www.visit-ulcinj.com\/blog\/wp-content\/uploads\/2017\/06\/Portreti-me-Dr-Astrit-Becin-Shkoder.jpg\",\"width\":608,\"height\":287},{\"@type\":\"WebPage\",\"@id\":\"https:\/\/www.visit-ulcinj.com\/blog\/2017\/06\/15\/interviste-dr-astrit-becin-ne-emisionin-portreti\/#webpage\",\"url\":\"https:\/\/www.visit-ulcinj.com\/blog\/2017\/06\/15\/interviste-dr-astrit-becin-ne-emisionin-portreti\/\",\"name\":\"Intervist\u00eb me Dr Astrit Becin n\u00eb emisionin Portreti - Lajme nga Ulqini\",\"isPartOf\":{\"@id\":\"https:\/\/www.visit-ulcinj.com\/blog\/#website\"},\"primaryImageOfPage\":{\"@id\":\"https:\/\/www.visit-ulcinj.com\/blog\/2017\/06\/15\/interviste-dr-astrit-becin-ne-emisionin-portreti\/#primaryimage\"},\"datePublished\":\"2017-06-15T19:49:01+00:00\",\"dateModified\":\"2017-06-17T12:39:53+00:00\",\"author\":{\"@id\":\"https:\/\/www.visit-ulcinj.com\/blog\/#\/schema\/person\/dcab619c614d3038751c63bc2aadc06d\"},\"description\":\"Ndiqni emisionin\u201cPortreti\u201d i cili emitohet \u00e7do te hene ne oren 21.00 n\u00eb Televizionin Teuta. Moderatorja e emisonit Hatixhe Nelaj na mundson t\u00eb ndjekim\",\"breadcrumb\":{\"@id\":\"https:\/\/www.visit-ulcinj.com\/blog\/2017\/06\/15\/interviste-dr-astrit-becin-ne-emisionin-portreti\/#breadcrumb\"},\"inLanguage\":\"en-US\",\"potentialAction\":[{\"@type\":\"ReadAction\",\"target\":[\"https:\/\/www.visit-ulcinj.com\/blog\/2017\/06\/15\/interviste-dr-astrit-becin-ne-emisionin-portreti\/\"]}]},{\"@type\":\"BreadcrumbList\",\"@id\":\"https:\/\/www.visit-ulcinj.com\/blog\/2017\/06\/15\/interviste-dr-astrit-becin-ne-emisionin-portreti\/#breadcrumb\",\"itemListElement\":[{\"@type\":\"ListItem\",\"position\":1,\"name\":\"Intervist\u00eb me Dr Astrit Becin n\u00eb emisionin Portreti\"}]},{\"@type\":\"Person\",\"@id\":\"https:\/\/www.visit-ulcinj.com\/blog\/#\/schema\/person\/dcab619c614d3038751c63bc2aadc06d\",\"name\":\"ulqini\",\"sameAs\":[\"http:\/\/www.visit-ulcinj.com\"],\"url\":\"https:\/\/www.visit-ulcinj.com\/blog\/author\/admin\/\"}]}<\/script>\n<!-- \/ Yoast SEO plugin. -->","yoast_head_json":{"title":"Intervist\u00eb me Dr Astrit Becin n\u00eb emisionin Portreti - Lajme nga Ulqini","description":"Ndiqni emisionin\u201cPortreti\u201d i cili emitohet \u00e7do te hene ne oren 21.00 n\u00eb Televizionin Teuta. Moderatorja e emisonit Hatixhe Nelaj na mundson t\u00eb ndjekim","robots":{"index":"index","follow":"follow","max-snippet":"max-snippet:-1","max-image-preview":"max-image-preview:large","max-video-preview":"max-video-preview:-1"},"canonical":"https:\/\/www.visit-ulcinj.com\/blog\/2017\/06\/15\/interviste-dr-astrit-becin-ne-emisionin-portreti\/","og_locale":"en_US","og_type":"article","og_title":"Intervist\u00eb me Dr Astrit Becin n\u00eb emisionin Portreti - Lajme nga Ulqini","og_description":"Ndiqni emisionin\u201cPortreti\u201d i cili emitohet \u00e7do te hene ne oren 21.00 n\u00eb Televizionin Teuta. Moderatorja e emisonit Hatixhe Nelaj na mundson t\u00eb ndjekim","og_url":"https:\/\/www.visit-ulcinj.com\/blog\/2017\/06\/15\/interviste-dr-astrit-becin-ne-emisionin-portreti\/","og_site_name":"Lajme nga Ulqini","article_published_time":"2017-06-15T19:49:01+00:00","article_modified_time":"2017-06-17T12:39:53+00:00","og_image":[{"url":"http:\/\/www.visit-ulcinj.com\/blog\/wp-content\/uploads\/2017\/06\/Portreti-me-Dr-Astrit-Becin-Shkoder.jpg"}],"twitter_misc":{"Written by":"ulqini","Est. reading time":"2 minutes"},"schema":{"@context":"https:\/\/schema.org","@graph":[{"@type":"WebSite","@id":"https:\/\/www.visit-ulcinj.com\/blog\/#website","url":"https:\/\/www.visit-ulcinj.com\/blog\/","name":"Lajme nga Ulqini","description":"Lajme,Vijesti,Ulqini,Ulqin,Crna Gora,Mali i Zi","potentialAction":[{"@type":"SearchAction","target":{"@type":"EntryPoint","urlTemplate":"https:\/\/www.visit-ulcinj.com\/blog\/?s={search_term_string}"},"query-input":"required name=search_term_string"}],"inLanguage":"en-US"},{"@type":"ImageObject","inLanguage":"en-US","@id":"https:\/\/www.visit-ulcinj.com\/blog\/2017\/06\/15\/interviste-dr-astrit-becin-ne-emisionin-portreti\/#primaryimage","url":"https:\/\/www.visit-ulcinj.com\/blog\/wp-content\/uploads\/2017\/06\/Portreti-me-Dr-Astrit-Becin-Shkoder.jpg","contentUrl":"https:\/\/www.visit-ulcinj.com\/blog\/wp-content\/uploads\/2017\/06\/Portreti-me-Dr-Astrit-Becin-Shkoder.jpg","width":608,"height":287},{"@type":"WebPage","@id":"https:\/\/www.visit-ulcinj.com\/blog\/2017\/06\/15\/interviste-dr-astrit-becin-ne-emisionin-portreti\/#webpage","url":"https:\/\/www.visit-ulcinj.com\/blog\/2017\/06\/15\/interviste-dr-astrit-becin-ne-emisionin-portreti\/","name":"Intervist\u00eb me Dr Astrit Becin n\u00eb emisionin Portreti - Lajme nga Ulqini","isPartOf":{"@id":"https:\/\/www.visit-ulcinj.com\/blog\/#website"},"primaryImageOfPage":{"@id":"https:\/\/www.visit-ulcinj.com\/blog\/2017\/06\/15\/interviste-dr-astrit-becin-ne-emisionin-portreti\/#primaryimage"},"datePublished":"2017-06-15T19:49:01+00:00","dateModified":"2017-06-17T12:39:53+00:00","author":{"@id":"https:\/\/www.visit-ulcinj.com\/blog\/#\/schema\/person\/dcab619c614d3038751c63bc2aadc06d"},"description":"Ndiqni emisionin\u201cPortreti\u201d i cili emitohet \u00e7do te hene ne oren 21.00 n\u00eb Televizionin Teuta. Moderatorja e emisonit Hatixhe Nelaj na mundson t\u00eb ndjekim","breadcrumb":{"@id":"https:\/\/www.visit-ulcinj.com\/blog\/2017\/06\/15\/interviste-dr-astrit-becin-ne-emisionin-portreti\/#breadcrumb"},"inLanguage":"en-US","potentialAction":[{"@type":"ReadAction","target":["https:\/\/www.visit-ulcinj.com\/blog\/2017\/06\/15\/interviste-dr-astrit-becin-ne-emisionin-portreti\/"]}]},{"@type":"BreadcrumbList","@id":"https:\/\/www.visit-ulcinj.com\/blog\/2017\/06\/15\/interviste-dr-astrit-becin-ne-emisionin-portreti\/#breadcrumb","itemListElement":[{"@type":"ListItem","position":1,"name":"Intervist\u00eb me Dr Astrit Becin n\u00eb emisionin Portreti"}]},{"@type":"Person","@id":"https:\/\/www.visit-ulcinj.com\/blog\/#\/schema\/person\/dcab619c614d3038751c63bc2aadc06d","name":"ulqini","sameAs":["http:\/\/www.visit-ulcinj.com"],"url":"https:\/\/www.visit-ulcinj.com\/blog\/author\/admin\/"}]}},"jetpack_featured_media_url":"","jetpack_sharing_enabled":true,"jetpack_shortlink":"https:\/\/wp.me\/pe6lTn-rta","_links":{"self":[{"href":"https:\/\/www.visit-ulcinj.com\/blog\/wp-json\/wp\/v2\/posts\/105596"}],"collection":[{"href":"https:\/\/www.visit-ulcinj.com\/blog\/wp-json\/wp\/v2\/posts"}],"about":[{"href":"https:\/\/www.visit-ulcinj.com\/blog\/wp-json\/wp\/v2\/types\/post"}],"author":[{"embeddable":true,"href":"https:\/\/www.visit-ulcinj.com\/blog\/wp-json\/wp\/v2\/users\/1"}],"replies":[{"embeddable":true,"href":"https:\/\/www.visit-ulcinj.com\/blog\/wp-json\/wp\/v2\/comments?post=105596"}],"version-history":[{"count":4,"href":"https:\/\/www.visit-ulcinj.com\/blog\/wp-json\/wp\/v2\/posts\/105596\/revisions"}],"predecessor-version":[{"id":105631,"href":"https:\/\/www.visit-ulcinj.com\/blog\/wp-json\/wp\/v2\/posts\/105596\/revisions\/105631"}],"wp:attachment":[{"href":"https:\/\/www.visit-ulcinj.com\/blog\/wp-json\/wp\/v2\/media?parent=105596"}],"wp:term":[{"taxonomy":"category","embeddable":true,"href":"https:\/\/www.visit-ulcinj.com\/blog\/wp-json\/wp\/v2\/categories?post=105596"},{"taxonomy":"post_tag","embeddable":true,"href":"https:\/\/www.visit-ulcinj.com\/blog\/wp-json\/wp\/v2\/tags?post=105596"}],"curies":[{"name":"wp","href":"https:\/\/api.w.org\/{rel}","templated":true}]}}