{"id":1056,"date":"2008-03-27T14:18:39","date_gmt":"2008-03-27T19:18:39","guid":{"rendered":"http:\/\/www.visit-ulcinj.com\/blog\/2008\/03\/27\/afirmacija-turistickih-potencijala\/"},"modified":"2008-03-27T14:18:39","modified_gmt":"2008-03-27T19:18:39","slug":"afirmacija-turistickih-potencijala","status":"publish","type":"post","link":"https:\/\/www.visit-ulcinj.com\/blog\/2008\/03\/27\/afirmacija-turistickih-potencijala\/","title":{"rendered":"Afirmacija turisti?kih potencijala"},"content":{"rendered":"<p><a href=\"http:\/\/www.visit-ulcinj.com\/blog\/wp-content\/uploads\/2008\/03\/velika-plaza.jpg\" title=\"Velika pla\u017ea1\"><img loading=\"lazy\" src=\"http:\/\/www.visit-ulcinj.com\/blog\/wp-content\/uploads\/2008\/03\/velika-plaza.thumbnail.jpg\" alt=\"Velika pla\u017ea1\" align=\"left\" height=\"133\" width=\"200\" \/><\/a>Ministarstvo turizma i za\u0161tite \u017eivotne sredine i nevladine organizacije, koje je djeluju u oblasti turizma, odr\u017eivom razvoju, unapre?enju stanja \u017eivotne sredine, dijele mnoge intrese, tako da javni konkurs za raspodjelu sredstava za projekte nevladinim organizacijama za 2008. godinu predstavlja zajedni?ki interes.<br \/>\n\u201cNevladine organizacije koje \u017eele da u?estvuju na ovom konkursu treba da dostave projekte koji su usmjereni na afrimaciju turizma kroz bolju valorizaciju prirodnih potencijala na principima odr\u017eivog razvoja i diverzifikaciji ponude, razvoju turizma orijentisanog na prirodi, posebno biciklizma i planinarenja, unapre?enju stanja u oblasti \u017eivotne sredine, kao i uspostavljanju efikasnijeg i ekonomski racionalnijeg na?ina upravljanja otpadom u Crnoj Gori kroz edukaciju stanovni\u0161tva\u201d, saop\u0161tila je danas  na konferenciji za novinare savjetnik u ministarstvu turizma i za\u0161tite \u017eivotne sredine Marina Mi\u0161kovi?<br \/>\nPravo u?e\u0161?a na konkursu imaju nevladine organizacije koje su registrovane u Crnoj Gori.<br \/>\nMi\u0161kovi? je naglasila da ?e raspodjelu sredstava obavljati posebna komisija, koju i?e imenovati  ministarstvo turizma i za\u0161tite zivotne sredine.<br \/>\n\u201dProjekat sa kojim se aplicira mora da sadr\u017ei naziv projekta,detaljan opis projekta,cilj projekta i rok za realizaciju projekta. Iznos bud\u017eeta za realizaciju pojedinog projekta ne smije da prelazi deset hiljada eura\u201d, objasnila je Mi\u0161kovi?.<br \/>\nKonkurs je otvoren 30 dana, od dana objavljivanja u sredstvima javnog informisanja, odnosno do 30.04.2008. godine.<a href=\"http:\/\/www.visit-ulcinj.com\/blog\/wp-content\/uploads\/2008\/03\/g_2006_08_006774.jpg\" title=\"Copakabana beach ulcinj(2)\"><img loading=\"lazy\" src=\"http:\/\/www.visit-ulcinj.com\/blog\/wp-content\/uploads\/2008\/03\/g_2006_08_006774.thumbnail.jpg\" alt=\"Copakabana beach ulcinj(2)\" align=\"right\" height=\"133\" width=\"200\" \/><\/a><br \/>\nProjekti koji budu dostavljeni nakon isteka ovog roka ne?e se uzimati u razmatranje.<br \/>\nNevladina organizacija ?iji projekat dobije podr\u0161ku bi?e u obavezi da sa ministarstvom turizma i za\u0161tite \u017eivotne sredine zaklju?i ugovor kojim ?e se precizirati obostrane obaveze.<br \/>\n\u201dNadamo se da ?e kandidovani projekti dokazati punu kreativnost autora i potvrditi postojanje brojnih mogu?nosti za afirmaciju potencijala Crne Gore na najrazli?itije na?ine, kao i da ?e sa pristiglim predlozima biti podjednako pokriveni primorski, kontinentalni i sjeverni region Crne Gore\u201d, naglasila je Mi\u0161kovi?.<\/p>\n<p>cafemontenegro.com<\/p>\n","protected":false},"excerpt":{"rendered":"<p><img loading=\"lazy\" src=\"http:\/\/www.visit-ulcinj.com\/blog\/wp-content\/uploads\/2008\/03\/velika-plaza.thumbnail.jpg\" alt=\"Velika pla\u017ea1\" align=\"left\" height=\"140\" width=\"140\" \/><\/p>\n","protected":false},"author":1,"featured_media":0,"comment_status":"open","ping_status":"closed","sticky":false,"template":"","format":"standard","meta":{"spay_email":"","jetpack_publicize_message":"","jetpack_is_tweetstorm":false,"jetpack_publicize_feature_enabled":true},"categories":[15],"tags":[],"jetpack_publicize_connections":[],"yoast_head":"<!-- This site is optimized with the Yoast SEO plugin v19.1 - https:\/\/yoast.com\/wordpress\/plugins\/seo\/ -->\n<title>Afirmacija turisti?kih potencijala - Lajme nga Ulqini<\/title>\n<meta name=\"robots\" content=\"index, follow, max-snippet:-1, max-image-preview:large, max-video-preview:-1\" \/>\n<link rel=\"canonical\" href=\"https:\/\/www.visit-ulcinj.com\/blog\/2008\/03\/27\/afirmacija-turistickih-potencijala\/\" \/>\n<meta property=\"og:locale\" content=\"en_US\" \/>\n<meta property=\"og:type\" content=\"article\" \/>\n<meta property=\"og:title\" content=\"Afirmacija turisti?kih potencijala - Lajme nga Ulqini\" \/>\n<meta property=\"og:url\" content=\"https:\/\/www.visit-ulcinj.com\/blog\/2008\/03\/27\/afirmacija-turistickih-potencijala\/\" \/>\n<meta property=\"og:site_name\" content=\"Lajme nga Ulqini\" \/>\n<meta property=\"article:published_time\" content=\"2008-03-27T19:18:39+00:00\" \/>\n<meta property=\"og:image\" content=\"http:\/\/www.visit-ulcinj.com\/blog\/wp-content\/uploads\/2008\/03\/velika-plaza.thumbnail.jpg\" \/>\n<meta name=\"twitter:label1\" content=\"Written by\" \/>\n\t<meta name=\"twitter:data1\" content=\"ulqini\" \/>\n\t<meta name=\"twitter:label2\" content=\"Est. reading time\" \/>\n\t<meta name=\"twitter:data2\" content=\"2 minutes\" \/>\n<script type=\"application\/ld+json\" class=\"yoast-schema-graph\">{\"@context\":\"https:\/\/schema.org\",\"@graph\":[{\"@type\":\"WebSite\",\"@id\":\"https:\/\/www.visit-ulcinj.com\/blog\/#website\",\"url\":\"https:\/\/www.visit-ulcinj.com\/blog\/\",\"name\":\"Lajme nga Ulqini\",\"description\":\"Lajme,Vijesti,Ulqini,Ulqin,Crna Gora,Mali i Zi\",\"potentialAction\":[{\"@type\":\"SearchAction\",\"target\":{\"@type\":\"EntryPoint\",\"urlTemplate\":\"https:\/\/www.visit-ulcinj.com\/blog\/?s={search_term_string}\"},\"query-input\":\"required name=search_term_string\"}],\"inLanguage\":\"en-US\"},{\"@type\":\"ImageObject\",\"inLanguage\":\"en-US\",\"@id\":\"https:\/\/www.visit-ulcinj.com\/blog\/2008\/03\/27\/afirmacija-turistickih-potencijala\/#primaryimage\",\"url\":\"http:\/\/www.visit-ulcinj.com\/blog\/wp-content\/uploads\/2008\/03\/velika-plaza.thumbnail.jpg\",\"contentUrl\":\"http:\/\/www.visit-ulcinj.com\/blog\/wp-content\/uploads\/2008\/03\/velika-plaza.thumbnail.jpg\"},{\"@type\":\"WebPage\",\"@id\":\"https:\/\/www.visit-ulcinj.com\/blog\/2008\/03\/27\/afirmacija-turistickih-potencijala\/#webpage\",\"url\":\"https:\/\/www.visit-ulcinj.com\/blog\/2008\/03\/27\/afirmacija-turistickih-potencijala\/\",\"name\":\"Afirmacija turisti?kih potencijala - Lajme nga Ulqini\",\"isPartOf\":{\"@id\":\"https:\/\/www.visit-ulcinj.com\/blog\/#website\"},\"primaryImageOfPage\":{\"@id\":\"https:\/\/www.visit-ulcinj.com\/blog\/2008\/03\/27\/afirmacija-turistickih-potencijala\/#primaryimage\"},\"datePublished\":\"2008-03-27T19:18:39+00:00\",\"dateModified\":\"2008-03-27T19:18:39+00:00\",\"author\":{\"@id\":\"https:\/\/www.visit-ulcinj.com\/blog\/#\/schema\/person\/dcab619c614d3038751c63bc2aadc06d\"},\"breadcrumb\":{\"@id\":\"https:\/\/www.visit-ulcinj.com\/blog\/2008\/03\/27\/afirmacija-turistickih-potencijala\/#breadcrumb\"},\"inLanguage\":\"en-US\",\"potentialAction\":[{\"@type\":\"ReadAction\",\"target\":[\"https:\/\/www.visit-ulcinj.com\/blog\/2008\/03\/27\/afirmacija-turistickih-potencijala\/\"]}]},{\"@type\":\"BreadcrumbList\",\"@id\":\"https:\/\/www.visit-ulcinj.com\/blog\/2008\/03\/27\/afirmacija-turistickih-potencijala\/#breadcrumb\",\"itemListElement\":[{\"@type\":\"ListItem\",\"position\":1,\"name\":\"Afirmacija turisti?kih potencijala\"}]},{\"@type\":\"Person\",\"@id\":\"https:\/\/www.visit-ulcinj.com\/blog\/#\/schema\/person\/dcab619c614d3038751c63bc2aadc06d\",\"name\":\"ulqini\",\"sameAs\":[\"http:\/\/www.visit-ulcinj.com\"],\"url\":\"https:\/\/www.visit-ulcinj.com\/blog\/author\/admin\/\"}]}<\/script>\n<!-- \/ Yoast SEO plugin. -->","yoast_head_json":{"title":"Afirmacija turisti?kih potencijala - Lajme nga Ulqini","robots":{"index":"index","follow":"follow","max-snippet":"max-snippet:-1","max-image-preview":"max-image-preview:large","max-video-preview":"max-video-preview:-1"},"canonical":"https:\/\/www.visit-ulcinj.com\/blog\/2008\/03\/27\/afirmacija-turistickih-potencijala\/","og_locale":"en_US","og_type":"article","og_title":"Afirmacija turisti?kih potencijala - Lajme nga Ulqini","og_url":"https:\/\/www.visit-ulcinj.com\/blog\/2008\/03\/27\/afirmacija-turistickih-potencijala\/","og_site_name":"Lajme nga Ulqini","article_published_time":"2008-03-27T19:18:39+00:00","og_image":[{"url":"http:\/\/www.visit-ulcinj.com\/blog\/wp-content\/uploads\/2008\/03\/velika-plaza.thumbnail.jpg"}],"twitter_misc":{"Written by":"ulqini","Est. reading time":"2 minutes"},"schema":{"@context":"https:\/\/schema.org","@graph":[{"@type":"WebSite","@id":"https:\/\/www.visit-ulcinj.com\/blog\/#website","url":"https:\/\/www.visit-ulcinj.com\/blog\/","name":"Lajme nga Ulqini","description":"Lajme,Vijesti,Ulqini,Ulqin,Crna Gora,Mali i Zi","potentialAction":[{"@type":"SearchAction","target":{"@type":"EntryPoint","urlTemplate":"https:\/\/www.visit-ulcinj.com\/blog\/?s={search_term_string}"},"query-input":"required name=search_term_string"}],"inLanguage":"en-US"},{"@type":"ImageObject","inLanguage":"en-US","@id":"https:\/\/www.visit-ulcinj.com\/blog\/2008\/03\/27\/afirmacija-turistickih-potencijala\/#primaryimage","url":"http:\/\/www.visit-ulcinj.com\/blog\/wp-content\/uploads\/2008\/03\/velika-plaza.thumbnail.jpg","contentUrl":"http:\/\/www.visit-ulcinj.com\/blog\/wp-content\/uploads\/2008\/03\/velika-plaza.thumbnail.jpg"},{"@type":"WebPage","@id":"https:\/\/www.visit-ulcinj.com\/blog\/2008\/03\/27\/afirmacija-turistickih-potencijala\/#webpage","url":"https:\/\/www.visit-ulcinj.com\/blog\/2008\/03\/27\/afirmacija-turistickih-potencijala\/","name":"Afirmacija turisti?kih potencijala - Lajme nga Ulqini","isPartOf":{"@id":"https:\/\/www.visit-ulcinj.com\/blog\/#website"},"primaryImageOfPage":{"@id":"https:\/\/www.visit-ulcinj.com\/blog\/2008\/03\/27\/afirmacija-turistickih-potencijala\/#primaryimage"},"datePublished":"2008-03-27T19:18:39+00:00","dateModified":"2008-03-27T19:18:39+00:00","author":{"@id":"https:\/\/www.visit-ulcinj.com\/blog\/#\/schema\/person\/dcab619c614d3038751c63bc2aadc06d"},"breadcrumb":{"@id":"https:\/\/www.visit-ulcinj.com\/blog\/2008\/03\/27\/afirmacija-turistickih-potencijala\/#breadcrumb"},"inLanguage":"en-US","potentialAction":[{"@type":"ReadAction","target":["https:\/\/www.visit-ulcinj.com\/blog\/2008\/03\/27\/afirmacija-turistickih-potencijala\/"]}]},{"@type":"BreadcrumbList","@id":"https:\/\/www.visit-ulcinj.com\/blog\/2008\/03\/27\/afirmacija-turistickih-potencijala\/#breadcrumb","itemListElement":[{"@type":"ListItem","position":1,"name":"Afirmacija turisti?kih potencijala"}]},{"@type":"Person","@id":"https:\/\/www.visit-ulcinj.com\/blog\/#\/schema\/person\/dcab619c614d3038751c63bc2aadc06d","name":"ulqini","sameAs":["http:\/\/www.visit-ulcinj.com"],"url":"https:\/\/www.visit-ulcinj.com\/blog\/author\/admin\/"}]}},"jetpack_featured_media_url":"","jetpack_sharing_enabled":true,"jetpack_shortlink":"https:\/\/wp.me\/pe6lTn-h2","_links":{"self":[{"href":"https:\/\/www.visit-ulcinj.com\/blog\/wp-json\/wp\/v2\/posts\/1056"}],"collection":[{"href":"https:\/\/www.visit-ulcinj.com\/blog\/wp-json\/wp\/v2\/posts"}],"about":[{"href":"https:\/\/www.visit-ulcinj.com\/blog\/wp-json\/wp\/v2\/types\/post"}],"author":[{"embeddable":true,"href":"https:\/\/www.visit-ulcinj.com\/blog\/wp-json\/wp\/v2\/users\/1"}],"replies":[{"embeddable":true,"href":"https:\/\/www.visit-ulcinj.com\/blog\/wp-json\/wp\/v2\/comments?post=1056"}],"version-history":[{"count":0,"href":"https:\/\/www.visit-ulcinj.com\/blog\/wp-json\/wp\/v2\/posts\/1056\/revisions"}],"wp:attachment":[{"href":"https:\/\/www.visit-ulcinj.com\/blog\/wp-json\/wp\/v2\/media?parent=1056"}],"wp:term":[{"taxonomy":"category","embeddable":true,"href":"https:\/\/www.visit-ulcinj.com\/blog\/wp-json\/wp\/v2\/categories?post=1056"},{"taxonomy":"post_tag","embeddable":true,"href":"https:\/\/www.visit-ulcinj.com\/blog\/wp-json\/wp\/v2\/tags?post=1056"}],"curies":[{"name":"wp","href":"https:\/\/api.w.org\/{rel}","templated":true}]}}