{"id":105600,"date":"2017-06-16T14:10:57","date_gmt":"2017-06-16T13:10:57","guid":{"rendered":"http:\/\/www.visit-ulcinj.com\/blog\/?p=105600"},"modified":"2017-06-16T18:07:31","modified_gmt":"2017-06-16T17:07:31","slug":"nxenesit-nga-distrikti-23-vjenes-po-qendrojne-per-vizite-ne-qytetin-tone","status":"publish","type":"post","link":"https:\/\/www.visit-ulcinj.com\/blog\/2017\/06\/16\/nxenesit-nga-distrikti-23-vjenes-po-qendrojne-per-vizite-ne-qytetin-tone\/","title":{"rendered":"Nx\u00ebn\u00ebsit nga Distrikti 23 i Vjen\u00ebs po q\u00ebndrojn\u00eb p\u00ebr vizit\u00eb n\u00eb qytetin ton\u00eb"},"content":{"rendered":"<p><a href=\"http:\/\/www.visit-ulcinj.com\/blog\/wp-content\/uploads\/2017\/06\/MAYOR\u2019S-OFFICE-CUNGU-MUNICIPALITY-OF-ULCINJ-The-districts-23-of-Vienna.jpg\"><img loading=\"lazy\" class=\"alignleft wp-image-105601\" src=\"http:\/\/www.visit-ulcinj.com\/blog\/wp-content\/uploads\/2017\/06\/MAYOR\u2019S-OFFICE-CUNGU-MUNICIPALITY-OF-ULCINJ-The-districts-23-of-Vienna.jpg\" alt=\"\" width=\"508\" height=\"381\" srcset=\"https:\/\/www.visit-ulcinj.com\/blog\/wp-content\/uploads\/2017\/06\/MAYOR\u2019S-OFFICE-CUNGU-MUNICIPALITY-OF-ULCINJ-The-districts-23-of-Vienna.jpg 823w, https:\/\/www.visit-ulcinj.com\/blog\/wp-content\/uploads\/2017\/06\/MAYOR\u2019S-OFFICE-CUNGU-MUNICIPALITY-OF-ULCINJ-The-districts-23-of-Vienna-300x225.jpg 300w, https:\/\/www.visit-ulcinj.com\/blog\/wp-content\/uploads\/2017\/06\/MAYOR\u2019S-OFFICE-CUNGU-MUNICIPALITY-OF-ULCINJ-The-districts-23-of-Vienna-768x576.jpg 768w\" sizes=\"(max-width: 508px) 100vw, 508px\" \/><\/a>Kryetari I Komun\u00ebs Nazif Cungu\u00a0 priti sot n\u00eb\u00a0 takim\u00a0 nx\u00ebn\u00ebsit e shkoll\u00ebs\u00a0 s\u00eb mesme t\u00eb qytetit ton\u00eb ,,V\u00ebllaz\u00ebrim \u2013Bashkim,, dhe ate te Vjenes t\u00eb cil\u00ebt jan\u00eb t\u00eb kycur n\u00eb Projektin\u00a0Mirembajtja e kontakteve dhe lidhjeve, puna nderkulturale ne projektet e dy qyteteve dhe dy shteteve. I cili realizohet me moshatar\u00ebt e tyre\u00a0 nga Distrikti 23 i Vjen\u00ebs. Projekti parasheh\u00a0 organizimin e\u00a0 vizitave t\u00eb nd\u00ebrsjellta\u00a0 t\u00eb nx\u00ebn\u00ebsve ,q\u00eb kan\u00eb synim\u00a0 avansimin e mar\u00ebdh\u00ebnijeve , zhvillimin e\u00a0 aft\u00ebsive\u00a0 interkulturore , zot\u00ebrimin e gjuh\u00ebs gjermane dhe profesionalizmin e sejcilit nx\u00ebn\u00ebs.<\/p>\n<p>Koordinatore e Projektit \u00ebsht\u00eb\u00a0 Prof. Irma Qetkoviq\u00a0 e cila tha se\u00a0 kjo form\u00eb e\u00a0 bashk\u00ebpunimit\u00a0 ndihmon q\u00eb nx\u00ebn\u00ebsit tan\u00eb\u00a0 t\u00eb angazhohen\u00a0 edhe m\u00eb\u00a0 tep\u00ebr n\u00eb profesionalizimin e tyre .Po ashtu projekti n\u00eb fjal\u00eb i koontribuon dhe sforcimit t\u00eb mar\u00ebdh\u00ebnijeve nd\u00ebrmjet qytetit ton\u00eb dhe Distriktit 23 t\u00eb Vjen\u00ebs.Vizita e nx\u00ebn\u00ebsve nga Austria\u00a0 \u00ebsht\u00eb p\u00ebrcjellur\u00a0 me nj\u00eb s\u00ebr\u00eb aktivitetesh dhe vizita, p\u00ebr tu njohur\u00a0 m\u00eb p\u00ebrs\u00ebaf\u00ebrmi me\u00a0 monumentet kulturo historike dhe bukurit\u00eb natyrore t\u00eb qytetit ton\u00eb .<\/p>\n","protected":false},"excerpt":{"rendered":"<p>Kryetari I Komun\u00ebs Nazif Cungu\u00a0 priti sot n\u00eb\u00a0 takim\u00a0 nx\u00ebn\u00ebsit e shkoll\u00ebs\u00a0 s\u00eb mesme t\u00eb qytetit ton\u00eb ,,V\u00ebllaz\u00ebrim \u2013Bashkim,, dhe ate te Vjenes t\u00eb cil\u00ebt jan\u00eb t\u00eb kycur n\u00eb Projektin\u00a0Mirembajtja e kontakteve dhe lidhjeve, puna nderkulturale ne projektet e dy qyteteve dhe dy shteteve. I cili realizohet me moshatar\u00ebt e tyre\u00a0 nga Distrikti 23 i [&hellip;]<\/p>\n","protected":false},"author":1,"featured_media":0,"comment_status":"closed","ping_status":"closed","sticky":false,"template":"","format":"standard","meta":{"spay_email":"","jetpack_publicize_message":"","jetpack_is_tweetstorm":false,"jetpack_publicize_feature_enabled":true},"categories":[1,14],"tags":[],"jetpack_publicize_connections":[],"yoast_head":"<!-- This site is optimized with the Yoast SEO plugin v19.1 - https:\/\/yoast.com\/wordpress\/plugins\/seo\/ -->\n<title>Nx\u00ebn\u00ebsit nga Distrikti 23 i Vjen\u00ebs po q\u00ebndrojn\u00eb p\u00ebr vizit\u00eb n\u00eb qytetin ton\u00eb - Lajme nga Ulqini<\/title>\n<meta name=\"description\" content=\"Kryetari I Komun\u00ebs Nazif Cungu\u00a0 priti sot n\u00eb\u00a0 takim\u00a0 nx\u00ebn\u00ebsit e shkoll\u00ebs\u00a0 s\u00eb mesme t\u00eb qytetit ton\u00eb ,,V\u00ebllaz\u00ebrim \u2013Bashkim,, dhe ate te Vjenes t\u00eb cil\u00ebt jan\u00eb\" \/>\n<meta name=\"robots\" content=\"index, follow, max-snippet:-1, max-image-preview:large, max-video-preview:-1\" \/>\n<link rel=\"canonical\" href=\"https:\/\/www.visit-ulcinj.com\/blog\/2017\/06\/16\/nxenesit-nga-distrikti-23-vjenes-po-qendrojne-per-vizite-ne-qytetin-tone\/\" \/>\n<meta property=\"og:locale\" content=\"en_US\" \/>\n<meta property=\"og:type\" content=\"article\" \/>\n<meta property=\"og:title\" content=\"Nx\u00ebn\u00ebsit nga Distrikti 23 i Vjen\u00ebs po q\u00ebndrojn\u00eb p\u00ebr vizit\u00eb n\u00eb qytetin ton\u00eb - Lajme nga Ulqini\" \/>\n<meta property=\"og:description\" content=\"Kryetari I Komun\u00ebs Nazif Cungu\u00a0 priti sot n\u00eb\u00a0 takim\u00a0 nx\u00ebn\u00ebsit e shkoll\u00ebs\u00a0 s\u00eb mesme t\u00eb qytetit ton\u00eb ,,V\u00ebllaz\u00ebrim \u2013Bashkim,, dhe ate te Vjenes t\u00eb cil\u00ebt jan\u00eb\" \/>\n<meta property=\"og:url\" content=\"https:\/\/www.visit-ulcinj.com\/blog\/2017\/06\/16\/nxenesit-nga-distrikti-23-vjenes-po-qendrojne-per-vizite-ne-qytetin-tone\/\" \/>\n<meta property=\"og:site_name\" content=\"Lajme nga Ulqini\" \/>\n<meta property=\"article:published_time\" content=\"2017-06-16T13:10:57+00:00\" \/>\n<meta property=\"article:modified_time\" content=\"2017-06-16T17:07:31+00:00\" \/>\n<meta name=\"twitter:label1\" content=\"Written by\" \/>\n\t<meta name=\"twitter:data1\" content=\"ulqini\" \/>\n\t<meta name=\"twitter:label2\" content=\"Est. reading time\" \/>\n\t<meta name=\"twitter:data2\" content=\"1 minute\" \/>\n<script type=\"application\/ld+json\" class=\"yoast-schema-graph\">{\"@context\":\"https:\/\/schema.org\",\"@graph\":[{\"@type\":\"WebSite\",\"@id\":\"https:\/\/www.visit-ulcinj.com\/blog\/#website\",\"url\":\"https:\/\/www.visit-ulcinj.com\/blog\/\",\"name\":\"Lajme nga Ulqini\",\"description\":\"Lajme,Vijesti,Ulqini,Ulqin,Crna Gora,Mali i Zi\",\"potentialAction\":[{\"@type\":\"SearchAction\",\"target\":{\"@type\":\"EntryPoint\",\"urlTemplate\":\"https:\/\/www.visit-ulcinj.com\/blog\/?s={search_term_string}\"},\"query-input\":\"required name=search_term_string\"}],\"inLanguage\":\"en-US\"},{\"@type\":\"WebPage\",\"@id\":\"https:\/\/www.visit-ulcinj.com\/blog\/2017\/06\/16\/nxenesit-nga-distrikti-23-vjenes-po-qendrojne-per-vizite-ne-qytetin-tone\/#webpage\",\"url\":\"https:\/\/www.visit-ulcinj.com\/blog\/2017\/06\/16\/nxenesit-nga-distrikti-23-vjenes-po-qendrojne-per-vizite-ne-qytetin-tone\/\",\"name\":\"Nx\u00ebn\u00ebsit nga Distrikti 23 i Vjen\u00ebs po q\u00ebndrojn\u00eb p\u00ebr vizit\u00eb n\u00eb qytetin ton\u00eb - Lajme nga Ulqini\",\"isPartOf\":{\"@id\":\"https:\/\/www.visit-ulcinj.com\/blog\/#website\"},\"datePublished\":\"2017-06-16T13:10:57+00:00\",\"dateModified\":\"2017-06-16T17:07:31+00:00\",\"author\":{\"@id\":\"https:\/\/www.visit-ulcinj.com\/blog\/#\/schema\/person\/dcab619c614d3038751c63bc2aadc06d\"},\"description\":\"Kryetari I Komun\u00ebs Nazif Cungu\u00a0 priti sot n\u00eb\u00a0 takim\u00a0 nx\u00ebn\u00ebsit e shkoll\u00ebs\u00a0 s\u00eb mesme t\u00eb qytetit ton\u00eb ,,V\u00ebllaz\u00ebrim \u2013Bashkim,, dhe ate te Vjenes t\u00eb cil\u00ebt jan\u00eb\",\"breadcrumb\":{\"@id\":\"https:\/\/www.visit-ulcinj.com\/blog\/2017\/06\/16\/nxenesit-nga-distrikti-23-vjenes-po-qendrojne-per-vizite-ne-qytetin-tone\/#breadcrumb\"},\"inLanguage\":\"en-US\",\"potentialAction\":[{\"@type\":\"ReadAction\",\"target\":[\"https:\/\/www.visit-ulcinj.com\/blog\/2017\/06\/16\/nxenesit-nga-distrikti-23-vjenes-po-qendrojne-per-vizite-ne-qytetin-tone\/\"]}]},{\"@type\":\"BreadcrumbList\",\"@id\":\"https:\/\/www.visit-ulcinj.com\/blog\/2017\/06\/16\/nxenesit-nga-distrikti-23-vjenes-po-qendrojne-per-vizite-ne-qytetin-tone\/#breadcrumb\",\"itemListElement\":[{\"@type\":\"ListItem\",\"position\":1,\"name\":\"Nx\u00ebn\u00ebsit nga Distrikti 23 i Vjen\u00ebs po q\u00ebndrojn\u00eb p\u00ebr vizit\u00eb n\u00eb qytetin ton\u00eb\"}]},{\"@type\":\"Person\",\"@id\":\"https:\/\/www.visit-ulcinj.com\/blog\/#\/schema\/person\/dcab619c614d3038751c63bc2aadc06d\",\"name\":\"ulqini\",\"sameAs\":[\"http:\/\/www.visit-ulcinj.com\"],\"url\":\"https:\/\/www.visit-ulcinj.com\/blog\/author\/admin\/\"}]}<\/script>\n<!-- \/ Yoast SEO plugin. -->","yoast_head_json":{"title":"Nx\u00ebn\u00ebsit nga Distrikti 23 i Vjen\u00ebs po q\u00ebndrojn\u00eb p\u00ebr vizit\u00eb n\u00eb qytetin ton\u00eb - Lajme nga Ulqini","description":"Kryetari I Komun\u00ebs Nazif Cungu\u00a0 priti sot n\u00eb\u00a0 takim\u00a0 nx\u00ebn\u00ebsit e shkoll\u00ebs\u00a0 s\u00eb mesme t\u00eb qytetit ton\u00eb ,,V\u00ebllaz\u00ebrim \u2013Bashkim,, dhe ate te Vjenes t\u00eb cil\u00ebt jan\u00eb","robots":{"index":"index","follow":"follow","max-snippet":"max-snippet:-1","max-image-preview":"max-image-preview:large","max-video-preview":"max-video-preview:-1"},"canonical":"https:\/\/www.visit-ulcinj.com\/blog\/2017\/06\/16\/nxenesit-nga-distrikti-23-vjenes-po-qendrojne-per-vizite-ne-qytetin-tone\/","og_locale":"en_US","og_type":"article","og_title":"Nx\u00ebn\u00ebsit nga Distrikti 23 i Vjen\u00ebs po q\u00ebndrojn\u00eb p\u00ebr vizit\u00eb n\u00eb qytetin ton\u00eb - Lajme nga Ulqini","og_description":"Kryetari I Komun\u00ebs Nazif Cungu\u00a0 priti sot n\u00eb\u00a0 takim\u00a0 nx\u00ebn\u00ebsit e shkoll\u00ebs\u00a0 s\u00eb mesme t\u00eb qytetit ton\u00eb ,,V\u00ebllaz\u00ebrim \u2013Bashkim,, dhe ate te Vjenes t\u00eb cil\u00ebt jan\u00eb","og_url":"https:\/\/www.visit-ulcinj.com\/blog\/2017\/06\/16\/nxenesit-nga-distrikti-23-vjenes-po-qendrojne-per-vizite-ne-qytetin-tone\/","og_site_name":"Lajme nga Ulqini","article_published_time":"2017-06-16T13:10:57+00:00","article_modified_time":"2017-06-16T17:07:31+00:00","twitter_misc":{"Written by":"ulqini","Est. reading time":"1 minute"},"schema":{"@context":"https:\/\/schema.org","@graph":[{"@type":"WebSite","@id":"https:\/\/www.visit-ulcinj.com\/blog\/#website","url":"https:\/\/www.visit-ulcinj.com\/blog\/","name":"Lajme nga Ulqini","description":"Lajme,Vijesti,Ulqini,Ulqin,Crna Gora,Mali i Zi","potentialAction":[{"@type":"SearchAction","target":{"@type":"EntryPoint","urlTemplate":"https:\/\/www.visit-ulcinj.com\/blog\/?s={search_term_string}"},"query-input":"required name=search_term_string"}],"inLanguage":"en-US"},{"@type":"WebPage","@id":"https:\/\/www.visit-ulcinj.com\/blog\/2017\/06\/16\/nxenesit-nga-distrikti-23-vjenes-po-qendrojne-per-vizite-ne-qytetin-tone\/#webpage","url":"https:\/\/www.visit-ulcinj.com\/blog\/2017\/06\/16\/nxenesit-nga-distrikti-23-vjenes-po-qendrojne-per-vizite-ne-qytetin-tone\/","name":"Nx\u00ebn\u00ebsit nga Distrikti 23 i Vjen\u00ebs po q\u00ebndrojn\u00eb p\u00ebr vizit\u00eb n\u00eb qytetin ton\u00eb - Lajme nga Ulqini","isPartOf":{"@id":"https:\/\/www.visit-ulcinj.com\/blog\/#website"},"datePublished":"2017-06-16T13:10:57+00:00","dateModified":"2017-06-16T17:07:31+00:00","author":{"@id":"https:\/\/www.visit-ulcinj.com\/blog\/#\/schema\/person\/dcab619c614d3038751c63bc2aadc06d"},"description":"Kryetari I Komun\u00ebs Nazif Cungu\u00a0 priti sot n\u00eb\u00a0 takim\u00a0 nx\u00ebn\u00ebsit e shkoll\u00ebs\u00a0 s\u00eb mesme t\u00eb qytetit ton\u00eb ,,V\u00ebllaz\u00ebrim \u2013Bashkim,, dhe ate te Vjenes t\u00eb cil\u00ebt jan\u00eb","breadcrumb":{"@id":"https:\/\/www.visit-ulcinj.com\/blog\/2017\/06\/16\/nxenesit-nga-distrikti-23-vjenes-po-qendrojne-per-vizite-ne-qytetin-tone\/#breadcrumb"},"inLanguage":"en-US","potentialAction":[{"@type":"ReadAction","target":["https:\/\/www.visit-ulcinj.com\/blog\/2017\/06\/16\/nxenesit-nga-distrikti-23-vjenes-po-qendrojne-per-vizite-ne-qytetin-tone\/"]}]},{"@type":"BreadcrumbList","@id":"https:\/\/www.visit-ulcinj.com\/blog\/2017\/06\/16\/nxenesit-nga-distrikti-23-vjenes-po-qendrojne-per-vizite-ne-qytetin-tone\/#breadcrumb","itemListElement":[{"@type":"ListItem","position":1,"name":"Nx\u00ebn\u00ebsit nga Distrikti 23 i Vjen\u00ebs po q\u00ebndrojn\u00eb p\u00ebr vizit\u00eb n\u00eb qytetin ton\u00eb"}]},{"@type":"Person","@id":"https:\/\/www.visit-ulcinj.com\/blog\/#\/schema\/person\/dcab619c614d3038751c63bc2aadc06d","name":"ulqini","sameAs":["http:\/\/www.visit-ulcinj.com"],"url":"https:\/\/www.visit-ulcinj.com\/blog\/author\/admin\/"}]}},"jetpack_featured_media_url":"","jetpack_sharing_enabled":true,"jetpack_shortlink":"https:\/\/wp.me\/pe6lTn-rte","_links":{"self":[{"href":"https:\/\/www.visit-ulcinj.com\/blog\/wp-json\/wp\/v2\/posts\/105600"}],"collection":[{"href":"https:\/\/www.visit-ulcinj.com\/blog\/wp-json\/wp\/v2\/posts"}],"about":[{"href":"https:\/\/www.visit-ulcinj.com\/blog\/wp-json\/wp\/v2\/types\/post"}],"author":[{"embeddable":true,"href":"https:\/\/www.visit-ulcinj.com\/blog\/wp-json\/wp\/v2\/users\/1"}],"replies":[{"embeddable":true,"href":"https:\/\/www.visit-ulcinj.com\/blog\/wp-json\/wp\/v2\/comments?post=105600"}],"version-history":[{"count":1,"href":"https:\/\/www.visit-ulcinj.com\/blog\/wp-json\/wp\/v2\/posts\/105600\/revisions"}],"predecessor-version":[{"id":105602,"href":"https:\/\/www.visit-ulcinj.com\/blog\/wp-json\/wp\/v2\/posts\/105600\/revisions\/105602"}],"wp:attachment":[{"href":"https:\/\/www.visit-ulcinj.com\/blog\/wp-json\/wp\/v2\/media?parent=105600"}],"wp:term":[{"taxonomy":"category","embeddable":true,"href":"https:\/\/www.visit-ulcinj.com\/blog\/wp-json\/wp\/v2\/categories?post=105600"},{"taxonomy":"post_tag","embeddable":true,"href":"https:\/\/www.visit-ulcinj.com\/blog\/wp-json\/wp\/v2\/tags?post=105600"}],"curies":[{"name":"wp","href":"https:\/\/api.w.org\/{rel}","templated":true}]}}