{"id":105603,"date":"2017-06-16T17:40:17","date_gmt":"2017-06-16T16:40:17","guid":{"rendered":"http:\/\/www.visit-ulcinj.com\/blog\/?p=105603"},"modified":"2017-06-17T14:17:05","modified_gmt":"2017-06-17T13:17:05","slug":"policia-malazeze-kerkoi-largimin-e-flamurit-kombetar-nga-shtepia-familjare-e-xhemal-nikajt-ne-dinoshe","status":"publish","type":"post","link":"https:\/\/www.visit-ulcinj.com\/blog\/2017\/06\/16\/policia-malazeze-kerkoi-largimin-e-flamurit-kombetar-nga-shtepia-familjare-e-xhemal-nikajt-ne-dinoshe\/","title":{"rendered":"Policia malazeze k\u00ebrkoi largimin e flamurit komb\u00ebtar nga sht\u00ebpia familjare e Xhemal Nikajt n\u00eb Dinosh\u00eb"},"content":{"rendered":"<p><strong><a href=\"http:\/\/www.visit-ulcinj.com\/blog\/wp-content\/uploads\/2017\/06\/Policia-malazeze-k\u00ebrkoi-largimin-e-flamurit-komb\u00ebtar.jpg\"><img loading=\"lazy\" class=\"alignleft wp-image-105604\" src=\"http:\/\/www.visit-ulcinj.com\/blog\/wp-content\/uploads\/2017\/06\/Policia-malazeze-k\u00ebrkoi-largimin-e-flamurit-komb\u00ebtar.jpg\" alt=\"\" width=\"508\" height=\"381\" srcset=\"https:\/\/www.visit-ulcinj.com\/blog\/wp-content\/uploads\/2017\/06\/Policia-malazeze-k\u00ebrkoi-largimin-e-flamurit-komb\u00ebtar.jpg 823w, https:\/\/www.visit-ulcinj.com\/blog\/wp-content\/uploads\/2017\/06\/Policia-malazeze-k\u00ebrkoi-largimin-e-flamurit-komb\u00ebtar-300x225.jpg 300w, https:\/\/www.visit-ulcinj.com\/blog\/wp-content\/uploads\/2017\/06\/Policia-malazeze-k\u00ebrkoi-largimin-e-flamurit-komb\u00ebtar-768x576.jpg 768w\" sizes=\"(max-width: 508px) 100vw, 508px\" \/><\/a>Deklarat\u00eb lidhur me vizit\u00ebn familjes Nikaj<\/strong><\/p>\n<p>&nbsp;<\/p>\n<p>I njoftuar me incidentin, kur pun\u00ebtor\u00ebt e policis\u00eb shkuan n\u00eb familjen e Xhemal Nikajt n\u00eb Dinosh\u00eb dhe k\u00ebrkuan q\u00eb ta largojn\u00eb flamurin komb\u00ebtar nga sht\u00ebpia e tyre, sot, bashk\u00eb me k\u00ebshilltarin tim Nikoll\u00eb Berishajn e vizitova familjen Nikaj.<\/p>\n<p>Vera Nikaj, bashk\u00ebshortja e Xhemalit, (ai \u00a0momentalisht gjendet n\u00eb SHBA), na informoi\u00a0 p\u00ebr rastin dhe na shpjegoi se ngjarja kishte ndodhur t\u00eb m\u00ebrkur\u00ebn m\u00eb 14 qershor n\u00eb or\u00ebt e pas dit\u00ebs. Dy pun\u00ebtor\u00eb t\u00eb policis\u00eb kishin k\u00ebrkuar largimin e flamurit q\u00eb val\u00ebvitej mbi sht\u00ebpin\u00eb e tyre, duke p\u00ebrkujtuar se \u00a0b\u00ebhet fjal\u00eb p\u00ebr \u00bb<strong>flamur t\u00eb shtetit tjet\u00ebr<\/strong> dhe se \u00a0p\u00ebrdorimi i tij nd\u00ebshkohet me ligj, i cili parasheh d\u00ebnimin q\u00eb mund t\u00eb shkoj\u00eb edhe deri n\u00eb dy mij\u00eb euro\u00ab. Gjithashtu, sipas Ver\u00ebs, pun\u00ebtor\u00ebt e policis\u00eb e kishin informuar se d\u00ebnime t\u00eb tilla kan\u00eb paguar edhe n\u00eb Podgoric\u00eb p\u00ebr p\u00ebrdorimin e flamurit t\u00eb Serbis\u00eb (?!). P\u00ebrndryshe, sipas familjar\u00ebve, sjellja e pun\u00ebtor\u00ebve t\u00eb policis\u00eb ishte korrekte.<\/p>\n<p><a href=\"http:\/\/www.visit-ulcinj.com\/blog\/wp-content\/uploads\/2017\/06\/Policia-malazeze-k\u00ebrkoi-largimin-e-flamurit-komb\u00ebtar-1.jpg\"><img loading=\"lazy\" class=\"alignleft wp-image-105605\" src=\"http:\/\/www.visit-ulcinj.com\/blog\/wp-content\/uploads\/2017\/06\/Policia-malazeze-k\u00ebrkoi-largimin-e-flamurit-komb\u00ebtar-1.jpg\" alt=\"\" width=\"508\" height=\"381\" srcset=\"https:\/\/www.visit-ulcinj.com\/blog\/wp-content\/uploads\/2017\/06\/Policia-malazeze-k\u00ebrkoi-largimin-e-flamurit-komb\u00ebtar-1.jpg 823w, https:\/\/www.visit-ulcinj.com\/blog\/wp-content\/uploads\/2017\/06\/Policia-malazeze-k\u00ebrkoi-largimin-e-flamurit-komb\u00ebtar-1-300x225.jpg 300w, https:\/\/www.visit-ulcinj.com\/blog\/wp-content\/uploads\/2017\/06\/Policia-malazeze-k\u00ebrkoi-largimin-e-flamurit-komb\u00ebtar-1-768x576.jpg 768w\" sizes=\"(max-width: 508px) 100vw, 508px\" \/><\/a><\/p>\n<p><strong>Me k\u00ebt\u00eb rast familjar\u00ebt nuk e kishin larguar flamurin!<\/strong><\/p>\n<p>E sigurova familjen Nikaj se p\u00ebrdorimi i simboleve komb\u00ebtare \u00ebsht\u00eb i lir\u00eb si me Kushtetut\u00eb, ashtu edhe me Ligjim mbi t\u00eb drejtat dhe lirit\u00eb e pakicave dhe Ligjin mbi p\u00ebrdorimin e simboleve komb\u00ebtare (si aktet m\u00eb t\u00eb r\u00ebnd\u00ebsishme juridike p\u00ebr ne), se flamuri shqiptar \u00ebsht\u00eb flamuri i vet\u00ebm yni dhe si i till\u00eb \u00ebsht\u00eb simbol i shqiptar\u00ebve n\u00eb Mal t\u00eb Zi. Lidhur me k\u00ebt\u00eb \u00a0edhe si K\u00ebshill Komb\u00ebtar i Shqiptar\u00ebve e kemi lajm\u00ebruar \u00a0zyrtarisht dy her\u00eb Ministrin\u00eb e Pun\u00ebve t\u00eb Brendshme (m\u00eb 2011 dhe 2015)<\/p>\n<p>Gjithashtu shpreha gatishm\u00ebrin\u00eb t\u00eb jam n\u00eb dispozicion p\u00ebr probleme eventuale t\u00eb k\u00ebsaj natyre edhe si person, edhe n\u00eb em\u00ebr t\u00eb funksioneve q\u00eb kryej.<\/p>\n<p>P\u00ebr mua \u00ebsht\u00eb tejet zhg\u00ebnjyese q\u00eb Ministria e Pun\u00ebve t\u00eb Brendshme ende nuk e ka t\u00eb qart\u00eb se Kushtetuta, Ligji mbi t\u00eb drejtat dhe lirit\u00eb e pakicave dhe Ligji mbi p\u00ebrdorimin e simboleve komb\u00ebtare, q\u00eb mund\u00ebsojn\u00eb p\u00ebrdorimin e lir\u00eb t\u00eb simbolit komb\u00ebtar, jan\u00eb n\u00eb hierarki\u00a0 juridike m\u00eb lart se Ligji mbi\u00a0 rendin publik, e posa\u00e7\u00ebrisht kur \u00e7do polic n\u00eb rrug\u00eb e di mir\u00ebfilli se cili \u00ebsht\u00eb simboli yn\u00eb.<\/p>\n<p>&nbsp;<\/p>\n<p><strong>Genci Nimanbegu<\/strong><\/p>\n<p><strong>N\u00ebnkryetar i Kuvendit t\u00eb Malit t\u00eb Zi dhe<\/strong><\/p>\n<p><strong>Kryetar i K\u00ebshillit Komb\u00ebtar t\u00eb Shqiptar\u00ebve<\/strong><\/p>\n","protected":false},"excerpt":{"rendered":"<p>Deklarat\u00eb lidhur me vizit\u00ebn familjes Nikaj &nbsp; I njoftuar me incidentin, kur pun\u00ebtor\u00ebt e policis\u00eb shkuan n\u00eb familjen e Xhemal Nikajt n\u00eb Dinosh\u00eb dhe k\u00ebrkuan q\u00eb ta largojn\u00eb flamurin komb\u00ebtar nga sht\u00ebpia e tyre, sot, bashk\u00eb me k\u00ebshilltarin tim Nikoll\u00eb Berishajn e vizitova familjen Nikaj. Vera Nikaj, bashk\u00ebshortja e Xhemalit, (ai \u00a0momentalisht gjendet n\u00eb SHBA), [&hellip;]<\/p>\n","protected":false},"author":1,"featured_media":0,"comment_status":"closed","ping_status":"closed","sticky":false,"template":"","format":"standard","meta":{"spay_email":"","jetpack_publicize_message":"","jetpack_is_tweetstorm":false,"jetpack_publicize_feature_enabled":true},"categories":[7,1],"tags":[],"jetpack_publicize_connections":[],"yoast_head":"<!-- This site is optimized with the Yoast SEO plugin v19.1 - https:\/\/yoast.com\/wordpress\/plugins\/seo\/ -->\n<title>Policia malazeze k\u00ebrkoi largimin e flamurit komb\u00ebtar nga sht\u00ebpia familjare e Xhemal Nikajt n\u00eb Dinosh\u00eb - Lajme nga Ulqini<\/title>\n<meta name=\"description\" content=\"Deklarat\u00eb lidhur me vizit\u00ebn familjes Nikaj &nbsp; I njoftuar me incidentin, kur pun\u00ebtor\u00ebt e policis\u00eb shkuan n\u00eb familjen e Xhemal Nikajt n\u00eb Dinosh\u00eb dhe\" \/>\n<meta name=\"robots\" content=\"index, follow, max-snippet:-1, max-image-preview:large, max-video-preview:-1\" \/>\n<link rel=\"canonical\" href=\"https:\/\/www.visit-ulcinj.com\/blog\/2017\/06\/16\/policia-malazeze-kerkoi-largimin-e-flamurit-kombetar-nga-shtepia-familjare-e-xhemal-nikajt-ne-dinoshe\/\" \/>\n<meta property=\"og:locale\" content=\"en_US\" \/>\n<meta property=\"og:type\" content=\"article\" \/>\n<meta property=\"og:title\" content=\"Policia malazeze k\u00ebrkoi largimin e flamurit komb\u00ebtar nga sht\u00ebpia familjare e Xhemal Nikajt n\u00eb Dinosh\u00eb - Lajme nga Ulqini\" \/>\n<meta property=\"og:description\" content=\"Deklarat\u00eb lidhur me vizit\u00ebn familjes Nikaj &nbsp; I njoftuar me incidentin, kur pun\u00ebtor\u00ebt e policis\u00eb shkuan n\u00eb familjen e Xhemal Nikajt n\u00eb Dinosh\u00eb dhe\" \/>\n<meta property=\"og:url\" content=\"https:\/\/www.visit-ulcinj.com\/blog\/2017\/06\/16\/policia-malazeze-kerkoi-largimin-e-flamurit-kombetar-nga-shtepia-familjare-e-xhemal-nikajt-ne-dinoshe\/\" \/>\n<meta property=\"og:site_name\" content=\"Lajme nga Ulqini\" \/>\n<meta property=\"article:published_time\" content=\"2017-06-16T16:40:17+00:00\" \/>\n<meta property=\"article:modified_time\" content=\"2017-06-17T13:17:05+00:00\" \/>\n<meta name=\"twitter:label1\" content=\"Written by\" \/>\n\t<meta name=\"twitter:data1\" content=\"ulqini\" \/>\n\t<meta name=\"twitter:label2\" content=\"Est. reading time\" \/>\n\t<meta name=\"twitter:data2\" content=\"2 minutes\" \/>\n<script type=\"application\/ld+json\" class=\"yoast-schema-graph\">{\"@context\":\"https:\/\/schema.org\",\"@graph\":[{\"@type\":\"WebSite\",\"@id\":\"https:\/\/www.visit-ulcinj.com\/blog\/#website\",\"url\":\"https:\/\/www.visit-ulcinj.com\/blog\/\",\"name\":\"Lajme nga Ulqini\",\"description\":\"Lajme,Vijesti,Ulqini,Ulqin,Crna Gora,Mali i Zi\",\"potentialAction\":[{\"@type\":\"SearchAction\",\"target\":{\"@type\":\"EntryPoint\",\"urlTemplate\":\"https:\/\/www.visit-ulcinj.com\/blog\/?s={search_term_string}\"},\"query-input\":\"required name=search_term_string\"}],\"inLanguage\":\"en-US\"},{\"@type\":\"WebPage\",\"@id\":\"https:\/\/www.visit-ulcinj.com\/blog\/2017\/06\/16\/policia-malazeze-kerkoi-largimin-e-flamurit-kombetar-nga-shtepia-familjare-e-xhemal-nikajt-ne-dinoshe\/#webpage\",\"url\":\"https:\/\/www.visit-ulcinj.com\/blog\/2017\/06\/16\/policia-malazeze-kerkoi-largimin-e-flamurit-kombetar-nga-shtepia-familjare-e-xhemal-nikajt-ne-dinoshe\/\",\"name\":\"Policia malazeze k\u00ebrkoi largimin e flamurit komb\u00ebtar nga sht\u00ebpia familjare e Xhemal Nikajt n\u00eb Dinosh\u00eb - Lajme nga Ulqini\",\"isPartOf\":{\"@id\":\"https:\/\/www.visit-ulcinj.com\/blog\/#website\"},\"datePublished\":\"2017-06-16T16:40:17+00:00\",\"dateModified\":\"2017-06-17T13:17:05+00:00\",\"author\":{\"@id\":\"https:\/\/www.visit-ulcinj.com\/blog\/#\/schema\/person\/dcab619c614d3038751c63bc2aadc06d\"},\"description\":\"Deklarat\u00eb lidhur me vizit\u00ebn familjes Nikaj &nbsp; I njoftuar me incidentin, kur pun\u00ebtor\u00ebt e policis\u00eb shkuan n\u00eb familjen e Xhemal Nikajt n\u00eb Dinosh\u00eb dhe\",\"breadcrumb\":{\"@id\":\"https:\/\/www.visit-ulcinj.com\/blog\/2017\/06\/16\/policia-malazeze-kerkoi-largimin-e-flamurit-kombetar-nga-shtepia-familjare-e-xhemal-nikajt-ne-dinoshe\/#breadcrumb\"},\"inLanguage\":\"en-US\",\"potentialAction\":[{\"@type\":\"ReadAction\",\"target\":[\"https:\/\/www.visit-ulcinj.com\/blog\/2017\/06\/16\/policia-malazeze-kerkoi-largimin-e-flamurit-kombetar-nga-shtepia-familjare-e-xhemal-nikajt-ne-dinoshe\/\"]}]},{\"@type\":\"BreadcrumbList\",\"@id\":\"https:\/\/www.visit-ulcinj.com\/blog\/2017\/06\/16\/policia-malazeze-kerkoi-largimin-e-flamurit-kombetar-nga-shtepia-familjare-e-xhemal-nikajt-ne-dinoshe\/#breadcrumb\",\"itemListElement\":[{\"@type\":\"ListItem\",\"position\":1,\"name\":\"Policia malazeze k\u00ebrkoi largimin e flamurit komb\u00ebtar nga sht\u00ebpia familjare e Xhemal Nikajt n\u00eb Dinosh\u00eb\"}]},{\"@type\":\"Person\",\"@id\":\"https:\/\/www.visit-ulcinj.com\/blog\/#\/schema\/person\/dcab619c614d3038751c63bc2aadc06d\",\"name\":\"ulqini\",\"sameAs\":[\"http:\/\/www.visit-ulcinj.com\"],\"url\":\"https:\/\/www.visit-ulcinj.com\/blog\/author\/admin\/\"}]}<\/script>\n<!-- \/ Yoast SEO plugin. -->","yoast_head_json":{"title":"Policia malazeze k\u00ebrkoi largimin e flamurit komb\u00ebtar nga sht\u00ebpia familjare e Xhemal Nikajt n\u00eb Dinosh\u00eb - Lajme nga Ulqini","description":"Deklarat\u00eb lidhur me vizit\u00ebn familjes Nikaj &nbsp; I njoftuar me incidentin, kur pun\u00ebtor\u00ebt e policis\u00eb shkuan n\u00eb familjen e Xhemal Nikajt n\u00eb Dinosh\u00eb dhe","robots":{"index":"index","follow":"follow","max-snippet":"max-snippet:-1","max-image-preview":"max-image-preview:large","max-video-preview":"max-video-preview:-1"},"canonical":"https:\/\/www.visit-ulcinj.com\/blog\/2017\/06\/16\/policia-malazeze-kerkoi-largimin-e-flamurit-kombetar-nga-shtepia-familjare-e-xhemal-nikajt-ne-dinoshe\/","og_locale":"en_US","og_type":"article","og_title":"Policia malazeze k\u00ebrkoi largimin e flamurit komb\u00ebtar nga sht\u00ebpia familjare e Xhemal Nikajt n\u00eb Dinosh\u00eb - Lajme nga Ulqini","og_description":"Deklarat\u00eb lidhur me vizit\u00ebn familjes Nikaj &nbsp; I njoftuar me incidentin, kur pun\u00ebtor\u00ebt e policis\u00eb shkuan n\u00eb familjen e Xhemal Nikajt n\u00eb Dinosh\u00eb dhe","og_url":"https:\/\/www.visit-ulcinj.com\/blog\/2017\/06\/16\/policia-malazeze-kerkoi-largimin-e-flamurit-kombetar-nga-shtepia-familjare-e-xhemal-nikajt-ne-dinoshe\/","og_site_name":"Lajme nga Ulqini","article_published_time":"2017-06-16T16:40:17+00:00","article_modified_time":"2017-06-17T13:17:05+00:00","twitter_misc":{"Written by":"ulqini","Est. reading time":"2 minutes"},"schema":{"@context":"https:\/\/schema.org","@graph":[{"@type":"WebSite","@id":"https:\/\/www.visit-ulcinj.com\/blog\/#website","url":"https:\/\/www.visit-ulcinj.com\/blog\/","name":"Lajme nga Ulqini","description":"Lajme,Vijesti,Ulqini,Ulqin,Crna Gora,Mali i Zi","potentialAction":[{"@type":"SearchAction","target":{"@type":"EntryPoint","urlTemplate":"https:\/\/www.visit-ulcinj.com\/blog\/?s={search_term_string}"},"query-input":"required name=search_term_string"}],"inLanguage":"en-US"},{"@type":"WebPage","@id":"https:\/\/www.visit-ulcinj.com\/blog\/2017\/06\/16\/policia-malazeze-kerkoi-largimin-e-flamurit-kombetar-nga-shtepia-familjare-e-xhemal-nikajt-ne-dinoshe\/#webpage","url":"https:\/\/www.visit-ulcinj.com\/blog\/2017\/06\/16\/policia-malazeze-kerkoi-largimin-e-flamurit-kombetar-nga-shtepia-familjare-e-xhemal-nikajt-ne-dinoshe\/","name":"Policia malazeze k\u00ebrkoi largimin e flamurit komb\u00ebtar nga sht\u00ebpia familjare e Xhemal Nikajt n\u00eb Dinosh\u00eb - Lajme nga Ulqini","isPartOf":{"@id":"https:\/\/www.visit-ulcinj.com\/blog\/#website"},"datePublished":"2017-06-16T16:40:17+00:00","dateModified":"2017-06-17T13:17:05+00:00","author":{"@id":"https:\/\/www.visit-ulcinj.com\/blog\/#\/schema\/person\/dcab619c614d3038751c63bc2aadc06d"},"description":"Deklarat\u00eb lidhur me vizit\u00ebn familjes Nikaj &nbsp; I njoftuar me incidentin, kur pun\u00ebtor\u00ebt e policis\u00eb shkuan n\u00eb familjen e Xhemal Nikajt n\u00eb Dinosh\u00eb dhe","breadcrumb":{"@id":"https:\/\/www.visit-ulcinj.com\/blog\/2017\/06\/16\/policia-malazeze-kerkoi-largimin-e-flamurit-kombetar-nga-shtepia-familjare-e-xhemal-nikajt-ne-dinoshe\/#breadcrumb"},"inLanguage":"en-US","potentialAction":[{"@type":"ReadAction","target":["https:\/\/www.visit-ulcinj.com\/blog\/2017\/06\/16\/policia-malazeze-kerkoi-largimin-e-flamurit-kombetar-nga-shtepia-familjare-e-xhemal-nikajt-ne-dinoshe\/"]}]},{"@type":"BreadcrumbList","@id":"https:\/\/www.visit-ulcinj.com\/blog\/2017\/06\/16\/policia-malazeze-kerkoi-largimin-e-flamurit-kombetar-nga-shtepia-familjare-e-xhemal-nikajt-ne-dinoshe\/#breadcrumb","itemListElement":[{"@type":"ListItem","position":1,"name":"Policia malazeze k\u00ebrkoi largimin e flamurit komb\u00ebtar nga sht\u00ebpia familjare e Xhemal Nikajt n\u00eb Dinosh\u00eb"}]},{"@type":"Person","@id":"https:\/\/www.visit-ulcinj.com\/blog\/#\/schema\/person\/dcab619c614d3038751c63bc2aadc06d","name":"ulqini","sameAs":["http:\/\/www.visit-ulcinj.com"],"url":"https:\/\/www.visit-ulcinj.com\/blog\/author\/admin\/"}]}},"jetpack_featured_media_url":"","jetpack_sharing_enabled":true,"jetpack_shortlink":"https:\/\/wp.me\/pe6lTn-rth","_links":{"self":[{"href":"https:\/\/www.visit-ulcinj.com\/blog\/wp-json\/wp\/v2\/posts\/105603"}],"collection":[{"href":"https:\/\/www.visit-ulcinj.com\/blog\/wp-json\/wp\/v2\/posts"}],"about":[{"href":"https:\/\/www.visit-ulcinj.com\/blog\/wp-json\/wp\/v2\/types\/post"}],"author":[{"embeddable":true,"href":"https:\/\/www.visit-ulcinj.com\/blog\/wp-json\/wp\/v2\/users\/1"}],"replies":[{"embeddable":true,"href":"https:\/\/www.visit-ulcinj.com\/blog\/wp-json\/wp\/v2\/comments?post=105603"}],"version-history":[{"count":1,"href":"https:\/\/www.visit-ulcinj.com\/blog\/wp-json\/wp\/v2\/posts\/105603\/revisions"}],"predecessor-version":[{"id":105606,"href":"https:\/\/www.visit-ulcinj.com\/blog\/wp-json\/wp\/v2\/posts\/105603\/revisions\/105606"}],"wp:attachment":[{"href":"https:\/\/www.visit-ulcinj.com\/blog\/wp-json\/wp\/v2\/media?parent=105603"}],"wp:term":[{"taxonomy":"category","embeddable":true,"href":"https:\/\/www.visit-ulcinj.com\/blog\/wp-json\/wp\/v2\/categories?post=105603"},{"taxonomy":"post_tag","embeddable":true,"href":"https:\/\/www.visit-ulcinj.com\/blog\/wp-json\/wp\/v2\/tags?post=105603"}],"curies":[{"name":"wp","href":"https:\/\/api.w.org\/{rel}","templated":true}]}}