{"id":105613,"date":"2017-06-16T19:20:12","date_gmt":"2017-06-16T18:20:12","guid":{"rendered":"http:\/\/www.visit-ulcinj.com\/blog\/?p=105613"},"modified":"2017-06-16T19:20:12","modified_gmt":"2017-06-16T18:20:12","slug":"ledri-midis-ulqinit-pamje-nga-deti","status":"publish","type":"post","link":"https:\/\/www.visit-ulcinj.com\/blog\/2017\/06\/16\/ledri-midis-ulqinit-pamje-nga-deti\/","title":{"rendered":"Ledri midis Ulqinit, me pamje nga deti"},"content":{"rendered":"<p><a href=\"http:\/\/www.visit-ulcinj.com\/blog\/wp-content\/uploads\/2017\/06\/Ledri-Vula-ne-ulqin.jpg\"><img loading=\"lazy\" class=\"alignleft wp-image-105614\" src=\"http:\/\/www.visit-ulcinj.com\/blog\/wp-content\/uploads\/2017\/06\/Ledri-Vula-ne-ulqin.jpg\" alt=\"\" width=\"508\" height=\"432\" srcset=\"https:\/\/www.visit-ulcinj.com\/blog\/wp-content\/uploads\/2017\/06\/Ledri-Vula-ne-ulqin.jpg 599w, https:\/\/www.visit-ulcinj.com\/blog\/wp-content\/uploads\/2017\/06\/Ledri-Vula-ne-ulqin-300x255.jpg 300w\" sizes=\"(max-width: 508px) 100vw, 508px\" \/><\/a>P\u00ebr Ledrin, vera do t\u00eb thot\u00eb mbr\u00ebmje rinore, det dhe relaks. T\u00eb pakt\u00ebn k\u00ebshtu na b\u00ebn t\u00eb kuptojm\u00eb nga vet paraqitjet e tij.<\/p>\n<p>Ledri ka publikuar nj\u00eb fotografi me nj\u00eb mik t\u00eb tij, ku shihet p\u00ebrball\u00eb detit n\u00eb Ulqin duke ndenjur krejt \u201cchill\u201d, shkruan Indeksonline.<\/p>\n<p>Ai madje nuk ka shkruar asgj\u00eb tjet\u00ebr pos publikimit t\u00eb fotografis\u00eb, duke l\u00ebn\u00eb t\u00eb kuptohet q\u00eb \u00ebsht\u00eb duke kaluar nj\u00eb sezon\u00eb mjaft\u00eb t\u00eb mir\u00eb vere.\/Indeksonline\/<\/p>\n<!--YouTube Error: bad URL entered-->\n<p><a href=\"http:\/\/www.visit-ulcinj.com\/blog\/wp-content\/uploads\/2017\/06\/Ledri-Vula-ne-ulqin-1.jpg\"><img loading=\"lazy\" class=\"alignleft wp-image-105615\" src=\"http:\/\/www.visit-ulcinj.com\/blog\/wp-content\/uploads\/2017\/06\/Ledri-Vula-ne-ulqin-1.jpg\" alt=\"\" width=\"508\" height=\"508\" srcset=\"https:\/\/www.visit-ulcinj.com\/blog\/wp-content\/uploads\/2017\/06\/Ledri-Vula-ne-ulqin-1.jpg 640w, https:\/\/www.visit-ulcinj.com\/blog\/wp-content\/uploads\/2017\/06\/Ledri-Vula-ne-ulqin-1-150x150.jpg 150w, https:\/\/www.visit-ulcinj.com\/blog\/wp-content\/uploads\/2017\/06\/Ledri-Vula-ne-ulqin-1-300x300.jpg 300w\" sizes=\"(max-width: 508px) 100vw, 508px\" \/><\/a><\/p>\n","protected":false},"excerpt":{"rendered":"<p>P\u00ebr Ledrin, vera do t\u00eb thot\u00eb mbr\u00ebmje rinore, det dhe relaks. T\u00eb pakt\u00ebn k\u00ebshtu na b\u00ebn t\u00eb kuptojm\u00eb nga vet paraqitjet e tij. Ledri ka publikuar nj\u00eb fotografi me nj\u00eb mik t\u00eb tij, ku shihet p\u00ebrball\u00eb detit n\u00eb Ulqin duke ndenjur krejt \u201cchill\u201d, shkruan Indeksonline. Ai madje nuk ka shkruar asgj\u00eb tjet\u00ebr pos publikimit t\u00eb [&hellip;]<\/p>\n","protected":false},"author":1,"featured_media":0,"comment_status":"closed","ping_status":"closed","sticky":false,"template":"","format":"standard","meta":{"spay_email":"","jetpack_publicize_message":"","jetpack_is_tweetstorm":false,"jetpack_publicize_feature_enabled":true},"categories":[1],"tags":[],"jetpack_publicize_connections":[],"yoast_head":"<!-- This site is optimized with the Yoast SEO plugin v19.1 - https:\/\/yoast.com\/wordpress\/plugins\/seo\/ -->\n<title>Ledri midis Ulqinit, me pamje nga deti - Lajme nga Ulqini<\/title>\n<meta name=\"description\" content=\"P\u00ebr Ledrin, vera do t\u00eb thot\u00eb mbr\u00ebmje rinore, det dhe relaks. T\u00eb pakt\u00ebn k\u00ebshtu na b\u00ebn t\u00eb kuptojm\u00eb nga vet paraqitjet e tij. Ledri ka publikuar nj\u00eb\" \/>\n<meta name=\"robots\" content=\"index, follow, max-snippet:-1, max-image-preview:large, max-video-preview:-1\" \/>\n<link rel=\"canonical\" href=\"https:\/\/www.visit-ulcinj.com\/blog\/2017\/06\/16\/ledri-midis-ulqinit-pamje-nga-deti\/\" \/>\n<meta property=\"og:locale\" content=\"en_US\" \/>\n<meta property=\"og:type\" content=\"article\" \/>\n<meta property=\"og:title\" content=\"Ledri midis Ulqinit, me pamje nga deti - Lajme nga Ulqini\" \/>\n<meta property=\"og:description\" content=\"P\u00ebr Ledrin, vera do t\u00eb thot\u00eb mbr\u00ebmje rinore, det dhe relaks. T\u00eb pakt\u00ebn k\u00ebshtu na b\u00ebn t\u00eb kuptojm\u00eb nga vet paraqitjet e tij. Ledri ka publikuar nj\u00eb\" \/>\n<meta property=\"og:url\" content=\"https:\/\/www.visit-ulcinj.com\/blog\/2017\/06\/16\/ledri-midis-ulqinit-pamje-nga-deti\/\" \/>\n<meta property=\"og:site_name\" content=\"Lajme nga Ulqini\" \/>\n<meta property=\"article:published_time\" content=\"2017-06-16T18:20:12+00:00\" \/>\n<meta property=\"og:image\" content=\"http:\/\/www.visit-ulcinj.com\/blog\/wp-content\/uploads\/2017\/06\/Ledri-Vula-ne-ulqin.jpg\" \/>\n<meta name=\"twitter:label1\" content=\"Written by\" \/>\n\t<meta name=\"twitter:data1\" content=\"ulqini\" \/>\n<script type=\"application\/ld+json\" class=\"yoast-schema-graph\">{\"@context\":\"https:\/\/schema.org\",\"@graph\":[{\"@type\":\"WebSite\",\"@id\":\"https:\/\/www.visit-ulcinj.com\/blog\/#website\",\"url\":\"https:\/\/www.visit-ulcinj.com\/blog\/\",\"name\":\"Lajme nga Ulqini\",\"description\":\"Lajme,Vijesti,Ulqini,Ulqin,Crna Gora,Mali i Zi\",\"potentialAction\":[{\"@type\":\"SearchAction\",\"target\":{\"@type\":\"EntryPoint\",\"urlTemplate\":\"https:\/\/www.visit-ulcinj.com\/blog\/?s={search_term_string}\"},\"query-input\":\"required name=search_term_string\"}],\"inLanguage\":\"en-US\"},{\"@type\":\"ImageObject\",\"inLanguage\":\"en-US\",\"@id\":\"https:\/\/www.visit-ulcinj.com\/blog\/2017\/06\/16\/ledri-midis-ulqinit-pamje-nga-deti\/#primaryimage\",\"url\":\"https:\/\/www.visit-ulcinj.com\/blog\/wp-content\/uploads\/2017\/06\/Ledri-Vula-ne-ulqin.jpg\",\"contentUrl\":\"https:\/\/www.visit-ulcinj.com\/blog\/wp-content\/uploads\/2017\/06\/Ledri-Vula-ne-ulqin.jpg\",\"width\":599,\"height\":509},{\"@type\":\"WebPage\",\"@id\":\"https:\/\/www.visit-ulcinj.com\/blog\/2017\/06\/16\/ledri-midis-ulqinit-pamje-nga-deti\/#webpage\",\"url\":\"https:\/\/www.visit-ulcinj.com\/blog\/2017\/06\/16\/ledri-midis-ulqinit-pamje-nga-deti\/\",\"name\":\"Ledri midis Ulqinit, me pamje nga deti - Lajme nga Ulqini\",\"isPartOf\":{\"@id\":\"https:\/\/www.visit-ulcinj.com\/blog\/#website\"},\"primaryImageOfPage\":{\"@id\":\"https:\/\/www.visit-ulcinj.com\/blog\/2017\/06\/16\/ledri-midis-ulqinit-pamje-nga-deti\/#primaryimage\"},\"datePublished\":\"2017-06-16T18:20:12+00:00\",\"dateModified\":\"2017-06-16T18:20:12+00:00\",\"author\":{\"@id\":\"https:\/\/www.visit-ulcinj.com\/blog\/#\/schema\/person\/dcab619c614d3038751c63bc2aadc06d\"},\"description\":\"P\u00ebr Ledrin, vera do t\u00eb thot\u00eb mbr\u00ebmje rinore, det dhe relaks. T\u00eb pakt\u00ebn k\u00ebshtu na b\u00ebn t\u00eb kuptojm\u00eb nga vet paraqitjet e tij. Ledri ka publikuar nj\u00eb\",\"breadcrumb\":{\"@id\":\"https:\/\/www.visit-ulcinj.com\/blog\/2017\/06\/16\/ledri-midis-ulqinit-pamje-nga-deti\/#breadcrumb\"},\"inLanguage\":\"en-US\",\"potentialAction\":[{\"@type\":\"ReadAction\",\"target\":[\"https:\/\/www.visit-ulcinj.com\/blog\/2017\/06\/16\/ledri-midis-ulqinit-pamje-nga-deti\/\"]}]},{\"@type\":\"BreadcrumbList\",\"@id\":\"https:\/\/www.visit-ulcinj.com\/blog\/2017\/06\/16\/ledri-midis-ulqinit-pamje-nga-deti\/#breadcrumb\",\"itemListElement\":[{\"@type\":\"ListItem\",\"position\":1,\"name\":\"Ledri midis Ulqinit, me pamje nga deti\"}]},{\"@type\":\"Person\",\"@id\":\"https:\/\/www.visit-ulcinj.com\/blog\/#\/schema\/person\/dcab619c614d3038751c63bc2aadc06d\",\"name\":\"ulqini\",\"sameAs\":[\"http:\/\/www.visit-ulcinj.com\"],\"url\":\"https:\/\/www.visit-ulcinj.com\/blog\/author\/admin\/\"}]}<\/script>\n<!-- \/ Yoast SEO plugin. -->","yoast_head_json":{"title":"Ledri midis Ulqinit, me pamje nga deti - Lajme nga Ulqini","description":"P\u00ebr Ledrin, vera do t\u00eb thot\u00eb mbr\u00ebmje rinore, det dhe relaks. T\u00eb pakt\u00ebn k\u00ebshtu na b\u00ebn t\u00eb kuptojm\u00eb nga vet paraqitjet e tij. Ledri ka publikuar nj\u00eb","robots":{"index":"index","follow":"follow","max-snippet":"max-snippet:-1","max-image-preview":"max-image-preview:large","max-video-preview":"max-video-preview:-1"},"canonical":"https:\/\/www.visit-ulcinj.com\/blog\/2017\/06\/16\/ledri-midis-ulqinit-pamje-nga-deti\/","og_locale":"en_US","og_type":"article","og_title":"Ledri midis Ulqinit, me pamje nga deti - Lajme nga Ulqini","og_description":"P\u00ebr Ledrin, vera do t\u00eb thot\u00eb mbr\u00ebmje rinore, det dhe relaks. T\u00eb pakt\u00ebn k\u00ebshtu na b\u00ebn t\u00eb kuptojm\u00eb nga vet paraqitjet e tij. Ledri ka publikuar nj\u00eb","og_url":"https:\/\/www.visit-ulcinj.com\/blog\/2017\/06\/16\/ledri-midis-ulqinit-pamje-nga-deti\/","og_site_name":"Lajme nga Ulqini","article_published_time":"2017-06-16T18:20:12+00:00","og_image":[{"url":"http:\/\/www.visit-ulcinj.com\/blog\/wp-content\/uploads\/2017\/06\/Ledri-Vula-ne-ulqin.jpg"}],"twitter_misc":{"Written by":"ulqini"},"schema":{"@context":"https:\/\/schema.org","@graph":[{"@type":"WebSite","@id":"https:\/\/www.visit-ulcinj.com\/blog\/#website","url":"https:\/\/www.visit-ulcinj.com\/blog\/","name":"Lajme nga Ulqini","description":"Lajme,Vijesti,Ulqini,Ulqin,Crna Gora,Mali i Zi","potentialAction":[{"@type":"SearchAction","target":{"@type":"EntryPoint","urlTemplate":"https:\/\/www.visit-ulcinj.com\/blog\/?s={search_term_string}"},"query-input":"required name=search_term_string"}],"inLanguage":"en-US"},{"@type":"ImageObject","inLanguage":"en-US","@id":"https:\/\/www.visit-ulcinj.com\/blog\/2017\/06\/16\/ledri-midis-ulqinit-pamje-nga-deti\/#primaryimage","url":"https:\/\/www.visit-ulcinj.com\/blog\/wp-content\/uploads\/2017\/06\/Ledri-Vula-ne-ulqin.jpg","contentUrl":"https:\/\/www.visit-ulcinj.com\/blog\/wp-content\/uploads\/2017\/06\/Ledri-Vula-ne-ulqin.jpg","width":599,"height":509},{"@type":"WebPage","@id":"https:\/\/www.visit-ulcinj.com\/blog\/2017\/06\/16\/ledri-midis-ulqinit-pamje-nga-deti\/#webpage","url":"https:\/\/www.visit-ulcinj.com\/blog\/2017\/06\/16\/ledri-midis-ulqinit-pamje-nga-deti\/","name":"Ledri midis Ulqinit, me pamje nga deti - Lajme nga Ulqini","isPartOf":{"@id":"https:\/\/www.visit-ulcinj.com\/blog\/#website"},"primaryImageOfPage":{"@id":"https:\/\/www.visit-ulcinj.com\/blog\/2017\/06\/16\/ledri-midis-ulqinit-pamje-nga-deti\/#primaryimage"},"datePublished":"2017-06-16T18:20:12+00:00","dateModified":"2017-06-16T18:20:12+00:00","author":{"@id":"https:\/\/www.visit-ulcinj.com\/blog\/#\/schema\/person\/dcab619c614d3038751c63bc2aadc06d"},"description":"P\u00ebr Ledrin, vera do t\u00eb thot\u00eb mbr\u00ebmje rinore, det dhe relaks. T\u00eb pakt\u00ebn k\u00ebshtu na b\u00ebn t\u00eb kuptojm\u00eb nga vet paraqitjet e tij. Ledri ka publikuar nj\u00eb","breadcrumb":{"@id":"https:\/\/www.visit-ulcinj.com\/blog\/2017\/06\/16\/ledri-midis-ulqinit-pamje-nga-deti\/#breadcrumb"},"inLanguage":"en-US","potentialAction":[{"@type":"ReadAction","target":["https:\/\/www.visit-ulcinj.com\/blog\/2017\/06\/16\/ledri-midis-ulqinit-pamje-nga-deti\/"]}]},{"@type":"BreadcrumbList","@id":"https:\/\/www.visit-ulcinj.com\/blog\/2017\/06\/16\/ledri-midis-ulqinit-pamje-nga-deti\/#breadcrumb","itemListElement":[{"@type":"ListItem","position":1,"name":"Ledri midis Ulqinit, me pamje nga deti"}]},{"@type":"Person","@id":"https:\/\/www.visit-ulcinj.com\/blog\/#\/schema\/person\/dcab619c614d3038751c63bc2aadc06d","name":"ulqini","sameAs":["http:\/\/www.visit-ulcinj.com"],"url":"https:\/\/www.visit-ulcinj.com\/blog\/author\/admin\/"}]}},"jetpack_featured_media_url":"","jetpack_sharing_enabled":true,"jetpack_shortlink":"https:\/\/wp.me\/pe6lTn-rtr","_links":{"self":[{"href":"https:\/\/www.visit-ulcinj.com\/blog\/wp-json\/wp\/v2\/posts\/105613"}],"collection":[{"href":"https:\/\/www.visit-ulcinj.com\/blog\/wp-json\/wp\/v2\/posts"}],"about":[{"href":"https:\/\/www.visit-ulcinj.com\/blog\/wp-json\/wp\/v2\/types\/post"}],"author":[{"embeddable":true,"href":"https:\/\/www.visit-ulcinj.com\/blog\/wp-json\/wp\/v2\/users\/1"}],"replies":[{"embeddable":true,"href":"https:\/\/www.visit-ulcinj.com\/blog\/wp-json\/wp\/v2\/comments?post=105613"}],"version-history":[{"count":2,"href":"https:\/\/www.visit-ulcinj.com\/blog\/wp-json\/wp\/v2\/posts\/105613\/revisions"}],"predecessor-version":[{"id":105617,"href":"https:\/\/www.visit-ulcinj.com\/blog\/wp-json\/wp\/v2\/posts\/105613\/revisions\/105617"}],"wp:attachment":[{"href":"https:\/\/www.visit-ulcinj.com\/blog\/wp-json\/wp\/v2\/media?parent=105613"}],"wp:term":[{"taxonomy":"category","embeddable":true,"href":"https:\/\/www.visit-ulcinj.com\/blog\/wp-json\/wp\/v2\/categories?post=105613"},{"taxonomy":"post_tag","embeddable":true,"href":"https:\/\/www.visit-ulcinj.com\/blog\/wp-json\/wp\/v2\/tags?post=105613"}],"curies":[{"name":"wp","href":"https:\/\/api.w.org\/{rel}","templated":true}]}}