{"id":105618,"date":"2017-06-17T07:57:17","date_gmt":"2017-06-17T06:57:17","guid":{"rendered":"http:\/\/www.visit-ulcinj.com\/blog\/?p=105618"},"modified":"2017-06-18T15:12:16","modified_gmt":"2017-06-18T14:12:16","slug":"ministri-zenka-takoi-perfaqesues-te-bashkesise-hebraike-ne-mal-te-zi","status":"publish","type":"post","link":"https:\/\/www.visit-ulcinj.com\/blog\/2017\/06\/17\/ministri-zenka-takoi-perfaqesues-te-bashkesise-hebraike-ne-mal-te-zi\/","title":{"rendered":"Ministri Zenka takoi p\u00ebrfaq\u00ebsues t\u00eb Bashk\u00ebsis\u00eb Hebraike n\u00eb Mal t\u00eb Zi"},"content":{"rendered":"<p><strong><a href=\"http:\/\/www.visit-ulcinj.com\/blog\/wp-content\/uploads\/2017\/06\/Zenka-Alfandari-1.jpg\"><img loading=\"lazy\" class=\"alignleft wp-image-105619\" src=\"http:\/\/www.visit-ulcinj.com\/blog\/wp-content\/uploads\/2017\/06\/Zenka-Alfandari-1.jpg\" alt=\"\" width=\"508\" height=\"339\" srcset=\"https:\/\/www.visit-ulcinj.com\/blog\/wp-content\/uploads\/2017\/06\/Zenka-Alfandari-1.jpg 960w, https:\/\/www.visit-ulcinj.com\/blog\/wp-content\/uploads\/2017\/06\/Zenka-Alfandari-1-300x200.jpg 300w, https:\/\/www.visit-ulcinj.com\/blog\/wp-content\/uploads\/2017\/06\/Zenka-Alfandari-1-768x512.jpg 768w\" sizes=\"(max-width: 508px) 100vw, 508px\" \/><\/a>Ministri p\u00ebr t\u00eb Drejtat e Njeriut dhe t\u00eb Popujve Pakic\u00eb t\u00eb Malit t\u00eb Zi, Mehmet Zenka, takoi kryesuesin e Bashk\u00ebsis\u00eb Hebraike n\u00eb Mal t\u00eb Zi, z.Jasha Alfandari.<\/strong><\/p>\n<p>Zenka-Alfandari: Komuniteti hebre i Malit t\u00eb Zi nuk \u00ebsht\u00eb i madh n\u00eb num\u00ebr, por duksh\u00ebm kontribuon n\u00eb ruajtjen e bashk\u00ebjetes\u00ebs nd\u00ebrfetare.<br \/>\nMinistri p\u00ebr t\u00eb drejtat e njeriut dhe pakicave Mehmed Zenka, tha n\u00eb nj\u00eb bised\u00eb me kryetarin e Bashk\u00ebsis\u00eb Hebraike t\u00eb Malit t\u00eb Zi, Jasha Alfandarijem se n\u00eb vendin ton\u00eb kan\u00eb nevoj\u00eb p\u00ebr njohuri m\u00eb t\u00eb mir\u00eb t\u00eb historis\u00eb s\u00eb popullit hebre.<\/p>\n<p><a href=\"http:\/\/www.visit-ulcinj.com\/blog\/wp-content\/uploads\/2017\/06\/Zenka-Alfandari.jpg\"><img loading=\"lazy\" class=\"alignleft wp-image-105620\" src=\"http:\/\/www.visit-ulcinj.com\/blog\/wp-content\/uploads\/2017\/06\/Zenka-Alfandari.jpg\" alt=\"\" width=\"508\" height=\"339\" srcset=\"https:\/\/www.visit-ulcinj.com\/blog\/wp-content\/uploads\/2017\/06\/Zenka-Alfandari.jpg 960w, https:\/\/www.visit-ulcinj.com\/blog\/wp-content\/uploads\/2017\/06\/Zenka-Alfandari-300x200.jpg 300w, https:\/\/www.visit-ulcinj.com\/blog\/wp-content\/uploads\/2017\/06\/Zenka-Alfandari-768x512.jpg 768w\" sizes=\"(max-width: 508px) 100vw, 508px\" \/><\/a><br \/>\nMinistri Zenka theksoi n\u00eb fillim t\u00eb bised\u00ebs se ka respekt t\u00eb lart\u00eb p\u00ebr popullin hebre, dhe n\u00eb p\u00ebrgjith\u00ebsi<span class=\"text_exposed_show\"> p\u00ebr kontributin e k\u00ebtyre njer\u00ebzve n\u00eb t\u00eb arriturat e qytet\u00ebrimit bot\u00ebror. Zenka bashk\u00ebpunimin e deritash\u00ebm nd\u00ebrmjet qeveris\u00eb t\u00eb Malit t\u00eb Zi dhe komunitetit hebre n\u00eb Mal t\u00eb Zi e cil\u00ebsoi si t\u00eb suksessh\u00ebm dhe efikase.Sipas tij, i nj\u00ebjti \u00ebsht\u00eb reflektuar n\u00eb zbatimin e Marr\u00ebveshjes q\u00eb rregullon marr\u00ebdh\u00ebniet me interes t\u00eb p\u00ebrbashk\u00ebt mes Qeveris\u00eb dhe Bashk\u00ebsis\u00eb Hebraike t\u00eb Malit t\u00eb Zi.<br \/>\nZ. Alfandari tha se n\u00eb Mal t\u00eb Zi komuniteti i par\u00eb hebre \u00ebsht\u00eb themeluar n\u00eb shtator t\u00eb vitit 2011, dhe m\u00eb pak se nj\u00eb vit m\u00eb von\u00eb n\u00ebnshkroi kontrat\u00ebn e lartp\u00ebrmendur me Qeverin\u00eb e Malit t\u00eb Zi. N\u00eb k\u00ebt\u00eb m\u00ebnyr\u00eb, besimi hebre \u00ebsht\u00eb i njohur si nj\u00eb nga fet\u00eb zyrtare n\u00eb vend me t\u00eb gjitha t\u00eb drejtat dhe detyrimet q\u00eb rrjedhin prej saj, arriti n\u00eb p\u00ebrfundimin Alfandari duke shtuar se hebrejt kan\u00eb autonomi t\u00eb plot\u00eb n\u00eb rregullimin e marr\u00ebdh\u00ebnieve t\u00eb tyre fetare dhe komb\u00ebtare n\u00eb mas\u00ebn q\u00eb nuk bie ndesh me ligjin, thuhet ne faqen personale t\u00eb Facebookut t\u00eb Ministrit p\u00ebr t\u00eb Drejtat e Njeriut dhe t\u00eb Popujve Pakic\u00eb t\u00eb Malit t\u00eb Zi, Mehmet Zenka.<br \/>\n<\/span><\/p>\n<p><a href=\"http:\/\/www.visit-ulcinj.com\/blog\/wp-content\/uploads\/2017\/06\/Zenka-Alfandari-2.jpg\"><img loading=\"lazy\" class=\"alignleft wp-image-105621\" src=\"http:\/\/www.visit-ulcinj.com\/blog\/wp-content\/uploads\/2017\/06\/Zenka-Alfandari-2.jpg\" alt=\"\" width=\"508\" height=\"339\" srcset=\"https:\/\/www.visit-ulcinj.com\/blog\/wp-content\/uploads\/2017\/06\/Zenka-Alfandari-2.jpg 960w, https:\/\/www.visit-ulcinj.com\/blog\/wp-content\/uploads\/2017\/06\/Zenka-Alfandari-2-300x200.jpg 300w, https:\/\/www.visit-ulcinj.com\/blog\/wp-content\/uploads\/2017\/06\/Zenka-Alfandari-2-768x512.jpg 768w\" sizes=\"(max-width: 508px) 100vw, 508px\" \/><\/a><\/p>\n","protected":false},"excerpt":{"rendered":"<p>Ministri p\u00ebr t\u00eb Drejtat e Njeriut dhe t\u00eb Popujve Pakic\u00eb t\u00eb Malit t\u00eb Zi, Mehmet Zenka, takoi kryesuesin e Bashk\u00ebsis\u00eb Hebraike n\u00eb Mal t\u00eb Zi, z.Jasha Alfandari. Zenka-Alfandari: Komuniteti hebre i Malit t\u00eb Zi nuk \u00ebsht\u00eb i madh n\u00eb num\u00ebr, por duksh\u00ebm kontribuon n\u00eb ruajtjen e bashk\u00ebjetes\u00ebs nd\u00ebrfetare. Ministri p\u00ebr t\u00eb drejtat e njeriut dhe [&hellip;]<\/p>\n","protected":false},"author":1,"featured_media":0,"comment_status":"closed","ping_status":"closed","sticky":false,"template":"","format":"standard","meta":{"spay_email":"","jetpack_publicize_message":"","jetpack_is_tweetstorm":false,"jetpack_publicize_feature_enabled":true},"categories":[6,14],"tags":[],"jetpack_publicize_connections":[],"yoast_head":"<!-- This site is optimized with the Yoast SEO plugin v19.1 - https:\/\/yoast.com\/wordpress\/plugins\/seo\/ -->\n<title>Ministri Zenka takoi p\u00ebrfaq\u00ebsues t\u00eb Bashk\u00ebsis\u00eb Hebraike n\u00eb Mal t\u00eb Zi - Lajme nga Ulqini<\/title>\n<meta name=\"description\" content=\"Ministri p\u00ebr t\u00eb Drejtat e Njeriut dhe t\u00eb Popujve Pakic\u00eb t\u00eb Malit t\u00eb Zi, Mehmet Zenka, takoi kryesuesin e Bashk\u00ebsis\u00eb Hebraike n\u00eb Mal t\u00eb Zi, z.Jasha\" \/>\n<meta name=\"robots\" content=\"index, follow, max-snippet:-1, max-image-preview:large, max-video-preview:-1\" \/>\n<link rel=\"canonical\" href=\"https:\/\/www.visit-ulcinj.com\/blog\/2017\/06\/17\/ministri-zenka-takoi-perfaqesues-te-bashkesise-hebraike-ne-mal-te-zi\/\" \/>\n<meta property=\"og:locale\" content=\"en_US\" \/>\n<meta property=\"og:type\" content=\"article\" \/>\n<meta property=\"og:title\" content=\"Ministri Zenka takoi p\u00ebrfaq\u00ebsues t\u00eb Bashk\u00ebsis\u00eb Hebraike n\u00eb Mal t\u00eb Zi - Lajme nga Ulqini\" \/>\n<meta property=\"og:description\" content=\"Ministri p\u00ebr t\u00eb Drejtat e Njeriut dhe t\u00eb Popujve Pakic\u00eb t\u00eb Malit t\u00eb Zi, Mehmet Zenka, takoi kryesuesin e Bashk\u00ebsis\u00eb Hebraike n\u00eb Mal t\u00eb Zi, z.Jasha\" \/>\n<meta property=\"og:url\" content=\"https:\/\/www.visit-ulcinj.com\/blog\/2017\/06\/17\/ministri-zenka-takoi-perfaqesues-te-bashkesise-hebraike-ne-mal-te-zi\/\" \/>\n<meta property=\"og:site_name\" content=\"Lajme nga Ulqini\" \/>\n<meta property=\"article:published_time\" content=\"2017-06-17T06:57:17+00:00\" \/>\n<meta property=\"article:modified_time\" content=\"2017-06-18T14:12:16+00:00\" \/>\n<meta property=\"og:image\" content=\"http:\/\/www.visit-ulcinj.com\/blog\/wp-content\/uploads\/2017\/06\/Zenka-Alfandari-1.jpg\" \/>\n<meta name=\"twitter:label1\" content=\"Written by\" \/>\n\t<meta name=\"twitter:data1\" content=\"ulqini\" \/>\n\t<meta name=\"twitter:label2\" content=\"Est. reading time\" \/>\n\t<meta name=\"twitter:data2\" content=\"2 minutes\" \/>\n<script type=\"application\/ld+json\" class=\"yoast-schema-graph\">{\"@context\":\"https:\/\/schema.org\",\"@graph\":[{\"@type\":\"WebSite\",\"@id\":\"https:\/\/www.visit-ulcinj.com\/blog\/#website\",\"url\":\"https:\/\/www.visit-ulcinj.com\/blog\/\",\"name\":\"Lajme nga Ulqini\",\"description\":\"Lajme,Vijesti,Ulqini,Ulqin,Crna Gora,Mali i Zi\",\"potentialAction\":[{\"@type\":\"SearchAction\",\"target\":{\"@type\":\"EntryPoint\",\"urlTemplate\":\"https:\/\/www.visit-ulcinj.com\/blog\/?s={search_term_string}\"},\"query-input\":\"required name=search_term_string\"}],\"inLanguage\":\"en-US\"},{\"@type\":\"ImageObject\",\"inLanguage\":\"en-US\",\"@id\":\"https:\/\/www.visit-ulcinj.com\/blog\/2017\/06\/17\/ministri-zenka-takoi-perfaqesues-te-bashkesise-hebraike-ne-mal-te-zi\/#primaryimage\",\"url\":\"https:\/\/www.visit-ulcinj.com\/blog\/wp-content\/uploads\/2017\/06\/Zenka-Alfandari-1.jpg\",\"contentUrl\":\"https:\/\/www.visit-ulcinj.com\/blog\/wp-content\/uploads\/2017\/06\/Zenka-Alfandari-1.jpg\",\"width\":960,\"height\":640},{\"@type\":\"WebPage\",\"@id\":\"https:\/\/www.visit-ulcinj.com\/blog\/2017\/06\/17\/ministri-zenka-takoi-perfaqesues-te-bashkesise-hebraike-ne-mal-te-zi\/#webpage\",\"url\":\"https:\/\/www.visit-ulcinj.com\/blog\/2017\/06\/17\/ministri-zenka-takoi-perfaqesues-te-bashkesise-hebraike-ne-mal-te-zi\/\",\"name\":\"Ministri Zenka takoi p\u00ebrfaq\u00ebsues t\u00eb Bashk\u00ebsis\u00eb Hebraike n\u00eb Mal t\u00eb Zi - Lajme nga Ulqini\",\"isPartOf\":{\"@id\":\"https:\/\/www.visit-ulcinj.com\/blog\/#website\"},\"primaryImageOfPage\":{\"@id\":\"https:\/\/www.visit-ulcinj.com\/blog\/2017\/06\/17\/ministri-zenka-takoi-perfaqesues-te-bashkesise-hebraike-ne-mal-te-zi\/#primaryimage\"},\"datePublished\":\"2017-06-17T06:57:17+00:00\",\"dateModified\":\"2017-06-18T14:12:16+00:00\",\"author\":{\"@id\":\"https:\/\/www.visit-ulcinj.com\/blog\/#\/schema\/person\/dcab619c614d3038751c63bc2aadc06d\"},\"description\":\"Ministri p\u00ebr t\u00eb Drejtat e Njeriut dhe t\u00eb Popujve Pakic\u00eb t\u00eb Malit t\u00eb Zi, Mehmet Zenka, takoi kryesuesin e Bashk\u00ebsis\u00eb Hebraike n\u00eb Mal t\u00eb Zi, z.Jasha\",\"breadcrumb\":{\"@id\":\"https:\/\/www.visit-ulcinj.com\/blog\/2017\/06\/17\/ministri-zenka-takoi-perfaqesues-te-bashkesise-hebraike-ne-mal-te-zi\/#breadcrumb\"},\"inLanguage\":\"en-US\",\"potentialAction\":[{\"@type\":\"ReadAction\",\"target\":[\"https:\/\/www.visit-ulcinj.com\/blog\/2017\/06\/17\/ministri-zenka-takoi-perfaqesues-te-bashkesise-hebraike-ne-mal-te-zi\/\"]}]},{\"@type\":\"BreadcrumbList\",\"@id\":\"https:\/\/www.visit-ulcinj.com\/blog\/2017\/06\/17\/ministri-zenka-takoi-perfaqesues-te-bashkesise-hebraike-ne-mal-te-zi\/#breadcrumb\",\"itemListElement\":[{\"@type\":\"ListItem\",\"position\":1,\"name\":\"Ministri Zenka takoi p\u00ebrfaq\u00ebsues t\u00eb Bashk\u00ebsis\u00eb Hebraike n\u00eb Mal t\u00eb Zi\"}]},{\"@type\":\"Person\",\"@id\":\"https:\/\/www.visit-ulcinj.com\/blog\/#\/schema\/person\/dcab619c614d3038751c63bc2aadc06d\",\"name\":\"ulqini\",\"sameAs\":[\"http:\/\/www.visit-ulcinj.com\"],\"url\":\"https:\/\/www.visit-ulcinj.com\/blog\/author\/admin\/\"}]}<\/script>\n<!-- \/ Yoast SEO plugin. -->","yoast_head_json":{"title":"Ministri Zenka takoi p\u00ebrfaq\u00ebsues t\u00eb Bashk\u00ebsis\u00eb Hebraike n\u00eb Mal t\u00eb Zi - Lajme nga Ulqini","description":"Ministri p\u00ebr t\u00eb Drejtat e Njeriut dhe t\u00eb Popujve Pakic\u00eb t\u00eb Malit t\u00eb Zi, Mehmet Zenka, takoi kryesuesin e Bashk\u00ebsis\u00eb Hebraike n\u00eb Mal t\u00eb Zi, z.Jasha","robots":{"index":"index","follow":"follow","max-snippet":"max-snippet:-1","max-image-preview":"max-image-preview:large","max-video-preview":"max-video-preview:-1"},"canonical":"https:\/\/www.visit-ulcinj.com\/blog\/2017\/06\/17\/ministri-zenka-takoi-perfaqesues-te-bashkesise-hebraike-ne-mal-te-zi\/","og_locale":"en_US","og_type":"article","og_title":"Ministri Zenka takoi p\u00ebrfaq\u00ebsues t\u00eb Bashk\u00ebsis\u00eb Hebraike n\u00eb Mal t\u00eb Zi - Lajme nga Ulqini","og_description":"Ministri p\u00ebr t\u00eb Drejtat e Njeriut dhe t\u00eb Popujve Pakic\u00eb t\u00eb Malit t\u00eb Zi, Mehmet Zenka, takoi kryesuesin e Bashk\u00ebsis\u00eb Hebraike n\u00eb Mal t\u00eb Zi, z.Jasha","og_url":"https:\/\/www.visit-ulcinj.com\/blog\/2017\/06\/17\/ministri-zenka-takoi-perfaqesues-te-bashkesise-hebraike-ne-mal-te-zi\/","og_site_name":"Lajme nga Ulqini","article_published_time":"2017-06-17T06:57:17+00:00","article_modified_time":"2017-06-18T14:12:16+00:00","og_image":[{"url":"http:\/\/www.visit-ulcinj.com\/blog\/wp-content\/uploads\/2017\/06\/Zenka-Alfandari-1.jpg"}],"twitter_misc":{"Written by":"ulqini","Est. reading time":"2 minutes"},"schema":{"@context":"https:\/\/schema.org","@graph":[{"@type":"WebSite","@id":"https:\/\/www.visit-ulcinj.com\/blog\/#website","url":"https:\/\/www.visit-ulcinj.com\/blog\/","name":"Lajme nga Ulqini","description":"Lajme,Vijesti,Ulqini,Ulqin,Crna Gora,Mali i Zi","potentialAction":[{"@type":"SearchAction","target":{"@type":"EntryPoint","urlTemplate":"https:\/\/www.visit-ulcinj.com\/blog\/?s={search_term_string}"},"query-input":"required name=search_term_string"}],"inLanguage":"en-US"},{"@type":"ImageObject","inLanguage":"en-US","@id":"https:\/\/www.visit-ulcinj.com\/blog\/2017\/06\/17\/ministri-zenka-takoi-perfaqesues-te-bashkesise-hebraike-ne-mal-te-zi\/#primaryimage","url":"https:\/\/www.visit-ulcinj.com\/blog\/wp-content\/uploads\/2017\/06\/Zenka-Alfandari-1.jpg","contentUrl":"https:\/\/www.visit-ulcinj.com\/blog\/wp-content\/uploads\/2017\/06\/Zenka-Alfandari-1.jpg","width":960,"height":640},{"@type":"WebPage","@id":"https:\/\/www.visit-ulcinj.com\/blog\/2017\/06\/17\/ministri-zenka-takoi-perfaqesues-te-bashkesise-hebraike-ne-mal-te-zi\/#webpage","url":"https:\/\/www.visit-ulcinj.com\/blog\/2017\/06\/17\/ministri-zenka-takoi-perfaqesues-te-bashkesise-hebraike-ne-mal-te-zi\/","name":"Ministri Zenka takoi p\u00ebrfaq\u00ebsues t\u00eb Bashk\u00ebsis\u00eb Hebraike n\u00eb Mal t\u00eb Zi - Lajme nga Ulqini","isPartOf":{"@id":"https:\/\/www.visit-ulcinj.com\/blog\/#website"},"primaryImageOfPage":{"@id":"https:\/\/www.visit-ulcinj.com\/blog\/2017\/06\/17\/ministri-zenka-takoi-perfaqesues-te-bashkesise-hebraike-ne-mal-te-zi\/#primaryimage"},"datePublished":"2017-06-17T06:57:17+00:00","dateModified":"2017-06-18T14:12:16+00:00","author":{"@id":"https:\/\/www.visit-ulcinj.com\/blog\/#\/schema\/person\/dcab619c614d3038751c63bc2aadc06d"},"description":"Ministri p\u00ebr t\u00eb Drejtat e Njeriut dhe t\u00eb Popujve Pakic\u00eb t\u00eb Malit t\u00eb Zi, Mehmet Zenka, takoi kryesuesin e Bashk\u00ebsis\u00eb Hebraike n\u00eb Mal t\u00eb Zi, z.Jasha","breadcrumb":{"@id":"https:\/\/www.visit-ulcinj.com\/blog\/2017\/06\/17\/ministri-zenka-takoi-perfaqesues-te-bashkesise-hebraike-ne-mal-te-zi\/#breadcrumb"},"inLanguage":"en-US","potentialAction":[{"@type":"ReadAction","target":["https:\/\/www.visit-ulcinj.com\/blog\/2017\/06\/17\/ministri-zenka-takoi-perfaqesues-te-bashkesise-hebraike-ne-mal-te-zi\/"]}]},{"@type":"BreadcrumbList","@id":"https:\/\/www.visit-ulcinj.com\/blog\/2017\/06\/17\/ministri-zenka-takoi-perfaqesues-te-bashkesise-hebraike-ne-mal-te-zi\/#breadcrumb","itemListElement":[{"@type":"ListItem","position":1,"name":"Ministri Zenka takoi p\u00ebrfaq\u00ebsues t\u00eb Bashk\u00ebsis\u00eb Hebraike n\u00eb Mal t\u00eb Zi"}]},{"@type":"Person","@id":"https:\/\/www.visit-ulcinj.com\/blog\/#\/schema\/person\/dcab619c614d3038751c63bc2aadc06d","name":"ulqini","sameAs":["http:\/\/www.visit-ulcinj.com"],"url":"https:\/\/www.visit-ulcinj.com\/blog\/author\/admin\/"}]}},"jetpack_featured_media_url":"","jetpack_sharing_enabled":true,"jetpack_shortlink":"https:\/\/wp.me\/pe6lTn-rtw","_links":{"self":[{"href":"https:\/\/www.visit-ulcinj.com\/blog\/wp-json\/wp\/v2\/posts\/105618"}],"collection":[{"href":"https:\/\/www.visit-ulcinj.com\/blog\/wp-json\/wp\/v2\/posts"}],"about":[{"href":"https:\/\/www.visit-ulcinj.com\/blog\/wp-json\/wp\/v2\/types\/post"}],"author":[{"embeddable":true,"href":"https:\/\/www.visit-ulcinj.com\/blog\/wp-json\/wp\/v2\/users\/1"}],"replies":[{"embeddable":true,"href":"https:\/\/www.visit-ulcinj.com\/blog\/wp-json\/wp\/v2\/comments?post=105618"}],"version-history":[{"count":1,"href":"https:\/\/www.visit-ulcinj.com\/blog\/wp-json\/wp\/v2\/posts\/105618\/revisions"}],"predecessor-version":[{"id":105622,"href":"https:\/\/www.visit-ulcinj.com\/blog\/wp-json\/wp\/v2\/posts\/105618\/revisions\/105622"}],"wp:attachment":[{"href":"https:\/\/www.visit-ulcinj.com\/blog\/wp-json\/wp\/v2\/media?parent=105618"}],"wp:term":[{"taxonomy":"category","embeddable":true,"href":"https:\/\/www.visit-ulcinj.com\/blog\/wp-json\/wp\/v2\/categories?post=105618"},{"taxonomy":"post_tag","embeddable":true,"href":"https:\/\/www.visit-ulcinj.com\/blog\/wp-json\/wp\/v2\/tags?post=105618"}],"curies":[{"name":"wp","href":"https:\/\/api.w.org\/{rel}","templated":true}]}}