{"id":105623,"date":"2017-06-17T13:40:21","date_gmt":"2017-06-17T12:40:21","guid":{"rendered":"http:\/\/www.visit-ulcinj.com\/blog\/?p=105623"},"modified":"2017-06-17T13:40:21","modified_gmt":"2017-06-17T12:40:21","slug":"shyqyri-kahari-njeri-autoritet-qe-gezon-respekt-te-posacem-ne-ulqin","status":"publish","type":"post","link":"https:\/\/www.visit-ulcinj.com\/blog\/2017\/06\/17\/shyqyri-kahari-njeri-autoritet-qe-gezon-respekt-te-posacem-ne-ulqin\/","title":{"rendered":"Shyqyri Kahari, njeri me autoritet q\u00eb g\u00ebzon respekt t\u00eb posa\u00e7\u00ebm n\u00eb Ulqin"},"content":{"rendered":"<p style=\"text-align: center;\"><strong><a href=\"http:\/\/www.visit-ulcinj.com\/blog\/wp-content\/uploads\/2017\/06\/Shyqyri-Kahari-njeri-me-autoritet-q\u00eb-g\u00ebzon-respekt.jpg\"><img loading=\"lazy\" class=\"alignleft wp-image-105624\" src=\"http:\/\/www.visit-ulcinj.com\/blog\/wp-content\/uploads\/2017\/06\/Shyqyri-Kahari-njeri-me-autoritet-q\u00eb-g\u00ebzon-respekt.jpg\" alt=\"\" width=\"508\" height=\"381\" srcset=\"https:\/\/www.visit-ulcinj.com\/blog\/wp-content\/uploads\/2017\/06\/Shyqyri-Kahari-njeri-me-autoritet-q\u00eb-g\u00ebzon-respekt.jpg 960w, https:\/\/www.visit-ulcinj.com\/blog\/wp-content\/uploads\/2017\/06\/Shyqyri-Kahari-njeri-me-autoritet-q\u00eb-g\u00ebzon-respekt-300x225.jpg 300w, https:\/\/www.visit-ulcinj.com\/blog\/wp-content\/uploads\/2017\/06\/Shyqyri-Kahari-njeri-me-autoritet-q\u00eb-g\u00ebzon-respekt-768x576.jpg 768w\" sizes=\"(max-width: 508px) 100vw, 508px\" \/><\/a>PORTRET: Shyqyri KAHARI<\/strong><\/p>\n<p style=\"text-align: center;\">\n<p style=\"text-align: left;\"><strong>Nga<\/strong> <strong><span class=\"fwn fcg\"><span class=\"fcg\"><span class=\"fwb\"><a id=\"js_6lo\" class=\"profileLink\" href=\"https:\/\/www.facebook.com\/ismet.karamanaga?hc_ref=NEWSFEED\" data-ft=\"{&quot;tn&quot;:&quot;l&quot;}\" data-hovercard=\"\/ajax\/hovercard\/user.php?id=1359492972&amp;extragetparams=%7B%22hc_ref%22%3A%22NEWSFEED%22%7D\" data-hovercard-prefer-more-content-show=\"1\" data-hovercard-referer=\"NEWSFEED\">Ismet Karamanaga <\/a><\/span><\/span><\/span>Facebook<\/strong><\/p>\n<p>Shyqyri KAHARI \u00ebsht\u00eb nj\u00eb figur interesante nga Rana e Ulqinit. Q\u00eb nj\u00eb koh\u00eb t\u00eb gjat\u00eb jeton n\u00eb nj\u00eb banes\u00eb af\u00ebr Komun\u00ebs s\u00eb Ulqinit, mir\u00ebpo gjenet dhe gjaku nga Rana, barkat, sanallat, peshku dhe deti e shtyjn\u00eb q\u00eb p\u00ebr \u00e7do dit\u00eb, sa i \u00e7el\u00ebn syt\u00eb, t\u00eb ulet n\u00eb Ran\u00eb.<br \/>\nRana \u00ebsht\u00eb magneti i cili i t\u00ebrheq t\u00eb gjith\u00eb ata q\u00eb kan\u00eb lindur n\u00eb shkumb\u00ebn e detit , q\u00eb ta fillojn\u00eb dit\u00ebn n\u00eb Ran\u00eb. Kafja ee par\u00eb n\u00eb kafenet\u00eb buz\u00eb detit, biseda me peshkatar\u00ebt dhe gjonja e peshkut, dhe sh\u00ebtitja deri n\u00eb or\u00ebt e pasdit\u00ebs. Pastaj prap\u00eb n\u00eb Ran\u00eb, dhe k\u00ebshtu nj\u00eb cik\u00ebl i cili nuk nd\u00ebrrohet kurr\u00eb, deri te fund t\u00eb jet\u00ebs s\u00eb tyre.<\/p>\n<p><a href=\"http:\/\/www.visit-ulcinj.com\/blog\/wp-content\/uploads\/2017\/06\/Emro-Abazi-Musa-Kahari-Man-Selita-Latif-Ishmi-Caf-Sel\u00eb-Ishmaku-kesolla-e-peshkatar\u00ebve-1960-Gryka-Bunes-Ulqin.jpg\"><img loading=\"lazy\" class=\"alignleft wp-image-105625\" src=\"http:\/\/www.visit-ulcinj.com\/blog\/wp-content\/uploads\/2017\/06\/Emro-Abazi-Musa-Kahari-Man-Selita-Latif-Ishmi-Caf-Sel\u00eb-Ishmaku-kesolla-e-peshkatar\u00ebve-1960-Gryka-Bunes-Ulqin.jpg\" alt=\"\" width=\"508\" height=\"291\" srcset=\"https:\/\/www.visit-ulcinj.com\/blog\/wp-content\/uploads\/2017\/06\/Emro-Abazi-Musa-Kahari-Man-Selita-Latif-Ishmi-Caf-Sel\u00eb-Ishmaku-kesolla-e-peshkatar\u00ebve-1960-Gryka-Bunes-Ulqin.jpg 1273w, https:\/\/www.visit-ulcinj.com\/blog\/wp-content\/uploads\/2017\/06\/Emro-Abazi-Musa-Kahari-Man-Selita-Latif-Ishmi-Caf-Sel\u00eb-Ishmaku-kesolla-e-peshkatar\u00ebve-1960-Gryka-Bunes-Ulqin-300x172.jpg 300w, https:\/\/www.visit-ulcinj.com\/blog\/wp-content\/uploads\/2017\/06\/Emro-Abazi-Musa-Kahari-Man-Selita-Latif-Ishmi-Caf-Sel\u00eb-Ishmaku-kesolla-e-peshkatar\u00ebve-1960-Gryka-Bunes-Ulqin-768x439.jpg 768w, https:\/\/www.visit-ulcinj.com\/blog\/wp-content\/uploads\/2017\/06\/Emro-Abazi-Musa-Kahari-Man-Selita-Latif-Ishmi-Caf-Sel\u00eb-Ishmaku-kesolla-e-peshkatar\u00ebve-1960-Gryka-Bunes-Ulqin-1024x586.jpg 1024w\" sizes=\"(max-width: 508px) 100vw, 508px\" \/><\/a><br \/>\nShyqyriu i takon fisit t\u00eb madh KAHARI nga Rana e jon\u00eb e bukur. Babai i tij, Musa KAHARI, ka qen\u00eb detar dhe ka pasur nj\u00eb familje t\u00eb madhe t\u00eb sh\u00ebndosht. Shyqyriiut, si m\u00eb t\u00eb madhit prej f\u00ebmij\u00ebve, i ka takuar edhe barra m\u00eb e madhe, pasi q\u00eb \u00ebsht\u00eb dashur si i ri t\u00eb pun\u00ebsohet n\u00eb barka n\u00eb det p\u00ebr t\u00eb naviguar q\u00eb ti ndihmoj\u00eb familjes. N\u00eb nj\u00eb familje t\u00eb madhe me 9 f\u00ebmij\u00eb , nuk ka qen\u00eb leht\u00eb t\u00eb mbijetosh, n\u00eb ve\u00e7anti n\u00eb kushte t\u00eb v\u00ebshtira t\u00eb asaj kohe. Kjo familje ka jetuar nj\u00eb koh\u00eb edhe n\u00eb Kala, dhe mua m\u00eb kujtohet zonja Sabrije, e cila me t\u00eb v\u00ebrtet\u00eb ka qen\u00eb \u201ckapedani \u201ci k\u00ebsaj familjeje.<br \/>\nDeri sa ka nd\u00ebrruar jet\u00eb, ka g\u00ebzuar nj\u00eb respekt t\u00eb ve\u00e7ant\u00eb nga t\u00eb gjith\u00eb , n\u00eb ve\u00e7anti nga f\u00ebmij\u00ebt e saj. Inshalla shpirti i saj gjen\u00eb prehje n\u00eb Xhehnet, pasi q\u00eb ajo ka qen\u00eb nj\u00eb zonj\u00eb, e cila m\u00eb v\u00ebsht\u00ebrsi , por me nj\u00eb autoritet t\u00eb madh i ka rritur, edukuar dhe martuar t\u00eb gjith\u00eb &#8211; shtat\u00eb f\u00ebmij\u00ebt e saj q\u00eb ende jetojn\u00eb.<br \/>\nShyqyriu ka filluar si marinar, pastaj edhe si kapedan i anijeve q\u00eb kan\u00eb lundruar p\u00ebrgjat\u00eb brigjeve t\u00eb Adriatikut. Ai ka punuar dhe ka naviguar n\u00eb kompanin\u00eb \u201d Dalmatinska plovidba\u201d n\u00eb detin e Kroacis\u00eb, nj\u00eb koh\u00eb t\u00eb gjat\u00eb, p\u00ebr m\u00eb shum\u00eb se 11 vite . Dy vjet ka naviguar edhe n\u00eb anije teoqenike , pastaj kthehet n\u00eb vendlindje dhe pun\u00ebsohet n\u00eb Ad\u00eb, ku punoi 30 vite, duke filluar nga koh\u00ebt e arta t\u00eb turizmit ton\u00eb dhe me von\u00eb n\u00eb koh\u00ebn e tranzicionit, deri te pensionimi n\u00eb vitin 2007.<br \/>\nShyqyriu sot jeton me bash\u00ebshorten e tij Kadrijen n\u00eb nj\u00eb harmoni t\u00eb jasht\u00ebzakonshme. Duhet t\u00eb p\u00ebrmendet se Shyqyriu ka nj\u00eb autoritet t\u00eb posa\u00e7\u00ebm, n\u00eb ve\u00e7anti te v\u00ebllez\u00ebit, t\u00eb cil\u00ebt gjithmon\u00eb ia respektojn\u00eb fjal\u00ebn. Gjithmon\u00eb Shyqyriu ka qen\u00eb nga t\u00eb gjith\u00eb ata i respektur, pavar\u00ebsisht nga mosha.<br \/>\nAi sot n\u00eb mosh\u00ebn 75 vje\u00e7are p\u00ebr \u00e7do dit\u00eb b\u00ebn ushtrime, st\u00ebrvitet te vendi ku dikur ka qen\u00eb i hoteli \u201cJadran\u201d, gj\u00eb q\u00eb i ka mbetut q\u00eb nga koha e rinis\u00eb.<br \/>\nN\u00eb vitin 1963 ka marr\u00eb pjes\u00eb n\u00eb gara sportive n\u00eb rremim, n\u00eb Napoli t\u00eb Italis\u00eb si p\u00ebrfaq\u00ebsues i Jugosllavis\u00eb, ku ka z\u00ebn\u00eb vendin e kat\u00ebrt. \u00cbsht\u00eb mir\u00eb q\u00eb gj\u00ebra t\u00eb tilla t\u00eb nxirren nga harresa, pasi q\u00eb shum\u00eb qytetr\u00ebt tan\u00eb nuk kan\u00eb njohuri p\u00ebr gj\u00ebra dhe personalitete t\u00eb cil\u00ebt shpesh i takojm\u00eb n\u00eb rrug\u00eb, kafene, Pazar, Ran\u00eb etj.<br \/>\n\u00cbsht\u00eb markant, modest, i qet\u00eb, gjithmon\u00eb i veshur elegant, ec\u00ebn deri n\u00eb Ran\u00eb, kurr\u00eb nuk e \u00e7on z\u00ebrin , por t\u00eb gjith\u00eb e respektojn\u00eb. Shyqyri Kahari i takon grupit t\u00eb pun\u00ebtoreve t\u00eb turizmit t\u00eb koh\u00ebs kur \u00ebsht\u00eb hapur Ada, si nj\u00eb plazh m\u00eb nj\u00eb renome dhe fam\u00eb t\u00eb madhe n\u00eb t\u00ebr Evrop\u00ebn.<br \/>\nNj\u00eb plazh ve\u00e7mas p\u00ebr nudist\u00eb ku edhe jan\u00eb xhiruar shum\u00eb filma artistik\u00eb dhe dokumentar\u00eb. N\u00eb k\u00ebt\u00eb vend, pra mbi 30 vite, ai ka punuar si shef i plazhit m\u00eb t\u00eb njohur te ne dhe padyshim ka l\u00ebn\u00eb gjurm\u00eb t\u00eb pashlyera n\u00eb ADE dhe n\u00eb turizmin ton\u00eb.<br \/>\nPrandaj, edhe un\u00eb me shkrime tim modeste , d\u00ebshiroj t\u00eb jap nj\u00eb kontribut t\u00eb vog\u00ebl q\u00eb ti njoftom njer\u00ebzit tan\u00eb, mos ti harrojm\u00eb.<\/p>\n<p><a href=\"http:\/\/www.visit-ulcinj.com\/blog\/wp-content\/uploads\/2017\/06\/Shyqyri-Kahari-Shemsi-Hasanaga.jpg\"><img loading=\"lazy\" class=\"alignleft wp-image-105626\" src=\"http:\/\/www.visit-ulcinj.com\/blog\/wp-content\/uploads\/2017\/06\/Shyqyri-Kahari-Shemsi-Hasanaga.jpg\" alt=\"\" width=\"508\" height=\"381\" srcset=\"https:\/\/www.visit-ulcinj.com\/blog\/wp-content\/uploads\/2017\/06\/Shyqyri-Kahari-Shemsi-Hasanaga.jpg 960w, https:\/\/www.visit-ulcinj.com\/blog\/wp-content\/uploads\/2017\/06\/Shyqyri-Kahari-Shemsi-Hasanaga-300x225.jpg 300w, https:\/\/www.visit-ulcinj.com\/blog\/wp-content\/uploads\/2017\/06\/Shyqyri-Kahari-Shemsi-Hasanaga-768x576.jpg 768w\" sizes=\"(max-width: 508px) 100vw, 508px\" \/><\/a><br \/>\nDhe n\u00eb fund t\u00eb k\u00ebtij portreti t\u00eb Shyqyri Kaharit, m\u00eb duhet ta p\u00ebrmend edhe m\u00eb t\u00eb njohurin nga ky fis nga Rana, t\u00eb ndjerin BIM Kahari. Bimi pa dyshim ka qen\u00eb nj\u00ebri nd\u00ebr figurat m\u00eb markante t\u00eb qytetit ton\u00eb.<br \/>\nKa koh\u00eb q\u00eb ka nd\u00ebrruar jet\u00eb, por mua m\u00eb kujtohet figura e tij. Ka qen\u00eb i pash\u00ebm, i bukur, i sjellsh\u00ebm, i gjat\u00eb, dhe gjithmon elegant i veshur me Kravat\u00eb. Ai ka sh\u00ebrbyer si shembull se si duhet t\u00eb duket nj\u00eb pun\u00ebtor n\u00eb hoteleri. Ai ende edhe sot p\u00ebrmendet si \u201cambasadorI\u201d i par\u00eb i turizmit ton\u00eb. S\u00eb bashku me nj\u00eb plejad\u00eb pun\u00ebtoresh turistike, t\u00eb them\u00eb m\u00eb mir\u00eb artist\u00ebsh n\u00eb hoteleri, kan\u00eb qen\u00eb t\u00eb par\u00ebt q\u00eb kan\u00eb vendosur gurthemelet e hoteleris\u00eb te ne n\u00eb Ulqin.<br \/>\nBimi padyshim gjendet n\u00eb majen e k\u00ebsaj piramide. Sum\u00eb nga k\u00ebto nuk jetohn m\u00eb, por ne duhet ti nxjerrim nga harresa , sepse ata jan\u00eb baza e fillimeve t\u00eb turizmit ton\u00eb. Ata e kan\u00eb ngritur turizmin te ne n\u00eb nj\u00eb nivel bot\u00ebror dhe p\u00ebr k\u00ebt\u00eb ne flasim p\u00ebr koh\u00ebt e arta t\u00eb turizmit, deri n\u00eb vitet 90 t\u00eb shekullit t\u00eb kaluar. N\u00eb k\u00ebt\u00eb turiz\u00ebm ka punuar edhe Shyqyri KAHARI.<br \/>\nDhe n\u00eb fund, Shyqyriu gjithmon\u00eb ka qen\u00eb n\u00eb af\u00ebr politike . Ka qen\u00eb nj\u00eb nd\u00ebr themeluesit e livizjes Reformiste t\u00eb Ante MARKOVIQIT , dhe n\u00eb fund ka mbetur n\u00eb Partin\u00eb S ocijaldemokrate, bindje t\u00eb cilat nuk i nd\u00ebrron kurr\u00eb. Ka qen\u00eb dhe ka mbetur reformist.<\/p>\n<p id=\"js_5dy\" class=\"_5pbw _5vra\" data-ft=\"{&quot;tn&quot;:&quot;C&quot;}\"><strong><span class=\"fwn fcg\"><span class=\"fcg\"><span class=\"fwb\"><a id=\"js_6lo\" class=\"profileLink\" href=\"https:\/\/www.facebook.com\/ismet.karamanaga?hc_ref=NEWSFEED\" data-ft=\"{&quot;tn&quot;:&quot;l&quot;}\" data-hovercard=\"\/ajax\/hovercard\/user.php?id=1359492972&amp;extragetparams=%7B%22hc_ref%22%3A%22NEWSFEED%22%7D\" data-hovercard-prefer-more-content-show=\"1\" data-hovercard-referer=\"NEWSFEED\">Ismet Karamanaga <\/a><\/span><\/span><\/span>Facebook<\/strong><\/p>\n","protected":false},"excerpt":{"rendered":"<p>PORTRET: Shyqyri KAHARI Nga Ismet Karamanaga Facebook Shyqyri KAHARI \u00ebsht\u00eb nj\u00eb figur interesante nga Rana e Ulqinit. Q\u00eb nj\u00eb koh\u00eb t\u00eb gjat\u00eb jeton n\u00eb nj\u00eb banes\u00eb af\u00ebr Komun\u00ebs s\u00eb Ulqinit, mir\u00ebpo gjenet dhe gjaku nga Rana, barkat, sanallat, peshku dhe deti e shtyjn\u00eb q\u00eb p\u00ebr \u00e7do dit\u00eb, sa i \u00e7el\u00ebn syt\u00eb, t\u00eb ulet n\u00eb Ran\u00eb. [&hellip;]<\/p>\n","protected":false},"author":1,"featured_media":0,"comment_status":"closed","ping_status":"closed","sticky":false,"template":"","format":"standard","meta":{"spay_email":"","jetpack_publicize_message":"","jetpack_is_tweetstorm":false,"jetpack_publicize_feature_enabled":true},"categories":[13],"tags":[],"jetpack_publicize_connections":[],"yoast_head":"<!-- This site is optimized with the Yoast SEO plugin v19.1 - https:\/\/yoast.com\/wordpress\/plugins\/seo\/ -->\n<title>Shyqyri Kahari, njeri me autoritet q\u00eb g\u00ebzon respekt t\u00eb posa\u00e7\u00ebm n\u00eb Ulqin - Lajme nga Ulqini<\/title>\n<meta name=\"description\" content=\"PORTRET: Shyqyri KAHARI Nga Ismet Karamanaga Facebook Shyqyri KAHARI \u00ebsht\u00eb nj\u00eb figur interesante nga Rana e Ulqinit. Q\u00eb nj\u00eb koh\u00eb t\u00eb gjat\u00eb jeton n\u00eb nj\u00eb\" \/>\n<meta name=\"robots\" content=\"index, follow, max-snippet:-1, max-image-preview:large, max-video-preview:-1\" \/>\n<link rel=\"canonical\" href=\"https:\/\/www.visit-ulcinj.com\/blog\/2017\/06\/17\/shyqyri-kahari-njeri-autoritet-qe-gezon-respekt-te-posacem-ne-ulqin\/\" \/>\n<meta property=\"og:locale\" content=\"en_US\" \/>\n<meta property=\"og:type\" content=\"article\" \/>\n<meta property=\"og:title\" content=\"Shyqyri Kahari, njeri me autoritet q\u00eb g\u00ebzon respekt t\u00eb posa\u00e7\u00ebm n\u00eb Ulqin - Lajme nga Ulqini\" \/>\n<meta property=\"og:description\" content=\"PORTRET: Shyqyri KAHARI Nga Ismet Karamanaga Facebook Shyqyri KAHARI \u00ebsht\u00eb nj\u00eb figur interesante nga Rana e Ulqinit. Q\u00eb nj\u00eb koh\u00eb t\u00eb gjat\u00eb jeton n\u00eb nj\u00eb\" \/>\n<meta property=\"og:url\" content=\"https:\/\/www.visit-ulcinj.com\/blog\/2017\/06\/17\/shyqyri-kahari-njeri-autoritet-qe-gezon-respekt-te-posacem-ne-ulqin\/\" \/>\n<meta property=\"og:site_name\" content=\"Lajme nga Ulqini\" \/>\n<meta property=\"article:published_time\" content=\"2017-06-17T12:40:21+00:00\" \/>\n<meta property=\"og:image\" content=\"http:\/\/www.visit-ulcinj.com\/blog\/wp-content\/uploads\/2017\/06\/Shyqyri-Kahari-Shemsi-Hasanaga.jpg\" \/>\n<meta name=\"twitter:label1\" content=\"Written by\" \/>\n\t<meta name=\"twitter:data1\" content=\"ulqini\" \/>\n\t<meta name=\"twitter:label2\" content=\"Est. reading time\" \/>\n\t<meta name=\"twitter:data2\" content=\"5 minutes\" \/>\n<script type=\"application\/ld+json\" class=\"yoast-schema-graph\">{\"@context\":\"https:\/\/schema.org\",\"@graph\":[{\"@type\":\"WebSite\",\"@id\":\"https:\/\/www.visit-ulcinj.com\/blog\/#website\",\"url\":\"https:\/\/www.visit-ulcinj.com\/blog\/\",\"name\":\"Lajme nga Ulqini\",\"description\":\"Lajme,Vijesti,Ulqini,Ulqin,Crna Gora,Mali i Zi\",\"potentialAction\":[{\"@type\":\"SearchAction\",\"target\":{\"@type\":\"EntryPoint\",\"urlTemplate\":\"https:\/\/www.visit-ulcinj.com\/blog\/?s={search_term_string}\"},\"query-input\":\"required name=search_term_string\"}],\"inLanguage\":\"en-US\"},{\"@type\":\"ImageObject\",\"inLanguage\":\"en-US\",\"@id\":\"https:\/\/www.visit-ulcinj.com\/blog\/2017\/06\/17\/shyqyri-kahari-njeri-autoritet-qe-gezon-respekt-te-posacem-ne-ulqin\/#primaryimage\",\"url\":\"https:\/\/www.visit-ulcinj.com\/blog\/wp-content\/uploads\/2017\/06\/Shyqyri-Kahari-Shemsi-Hasanaga.jpg\",\"contentUrl\":\"https:\/\/www.visit-ulcinj.com\/blog\/wp-content\/uploads\/2017\/06\/Shyqyri-Kahari-Shemsi-Hasanaga.jpg\",\"width\":960,\"height\":720},{\"@type\":\"WebPage\",\"@id\":\"https:\/\/www.visit-ulcinj.com\/blog\/2017\/06\/17\/shyqyri-kahari-njeri-autoritet-qe-gezon-respekt-te-posacem-ne-ulqin\/#webpage\",\"url\":\"https:\/\/www.visit-ulcinj.com\/blog\/2017\/06\/17\/shyqyri-kahari-njeri-autoritet-qe-gezon-respekt-te-posacem-ne-ulqin\/\",\"name\":\"Shyqyri Kahari, njeri me autoritet q\u00eb g\u00ebzon respekt t\u00eb posa\u00e7\u00ebm n\u00eb Ulqin - Lajme nga Ulqini\",\"isPartOf\":{\"@id\":\"https:\/\/www.visit-ulcinj.com\/blog\/#website\"},\"primaryImageOfPage\":{\"@id\":\"https:\/\/www.visit-ulcinj.com\/blog\/2017\/06\/17\/shyqyri-kahari-njeri-autoritet-qe-gezon-respekt-te-posacem-ne-ulqin\/#primaryimage\"},\"datePublished\":\"2017-06-17T12:40:21+00:00\",\"dateModified\":\"2017-06-17T12:40:21+00:00\",\"author\":{\"@id\":\"https:\/\/www.visit-ulcinj.com\/blog\/#\/schema\/person\/dcab619c614d3038751c63bc2aadc06d\"},\"description\":\"PORTRET: Shyqyri KAHARI Nga Ismet Karamanaga Facebook Shyqyri KAHARI \u00ebsht\u00eb nj\u00eb figur interesante nga Rana e Ulqinit. Q\u00eb nj\u00eb koh\u00eb t\u00eb gjat\u00eb jeton n\u00eb nj\u00eb\",\"breadcrumb\":{\"@id\":\"https:\/\/www.visit-ulcinj.com\/blog\/2017\/06\/17\/shyqyri-kahari-njeri-autoritet-qe-gezon-respekt-te-posacem-ne-ulqin\/#breadcrumb\"},\"inLanguage\":\"en-US\",\"potentialAction\":[{\"@type\":\"ReadAction\",\"target\":[\"https:\/\/www.visit-ulcinj.com\/blog\/2017\/06\/17\/shyqyri-kahari-njeri-autoritet-qe-gezon-respekt-te-posacem-ne-ulqin\/\"]}]},{\"@type\":\"BreadcrumbList\",\"@id\":\"https:\/\/www.visit-ulcinj.com\/blog\/2017\/06\/17\/shyqyri-kahari-njeri-autoritet-qe-gezon-respekt-te-posacem-ne-ulqin\/#breadcrumb\",\"itemListElement\":[{\"@type\":\"ListItem\",\"position\":1,\"name\":\"Shyqyri Kahari, njeri me autoritet q\u00eb g\u00ebzon respekt t\u00eb posa\u00e7\u00ebm n\u00eb Ulqin\"}]},{\"@type\":\"Person\",\"@id\":\"https:\/\/www.visit-ulcinj.com\/blog\/#\/schema\/person\/dcab619c614d3038751c63bc2aadc06d\",\"name\":\"ulqini\",\"sameAs\":[\"http:\/\/www.visit-ulcinj.com\"],\"url\":\"https:\/\/www.visit-ulcinj.com\/blog\/author\/admin\/\"}]}<\/script>\n<!-- \/ Yoast SEO plugin. -->","yoast_head_json":{"title":"Shyqyri Kahari, njeri me autoritet q\u00eb g\u00ebzon respekt t\u00eb posa\u00e7\u00ebm n\u00eb Ulqin - Lajme nga Ulqini","description":"PORTRET: Shyqyri KAHARI Nga Ismet Karamanaga Facebook Shyqyri KAHARI \u00ebsht\u00eb nj\u00eb figur interesante nga Rana e Ulqinit. Q\u00eb nj\u00eb koh\u00eb t\u00eb gjat\u00eb jeton n\u00eb nj\u00eb","robots":{"index":"index","follow":"follow","max-snippet":"max-snippet:-1","max-image-preview":"max-image-preview:large","max-video-preview":"max-video-preview:-1"},"canonical":"https:\/\/www.visit-ulcinj.com\/blog\/2017\/06\/17\/shyqyri-kahari-njeri-autoritet-qe-gezon-respekt-te-posacem-ne-ulqin\/","og_locale":"en_US","og_type":"article","og_title":"Shyqyri Kahari, njeri me autoritet q\u00eb g\u00ebzon respekt t\u00eb posa\u00e7\u00ebm n\u00eb Ulqin - Lajme nga Ulqini","og_description":"PORTRET: Shyqyri KAHARI Nga Ismet Karamanaga Facebook Shyqyri KAHARI \u00ebsht\u00eb nj\u00eb figur interesante nga Rana e Ulqinit. Q\u00eb nj\u00eb koh\u00eb t\u00eb gjat\u00eb jeton n\u00eb nj\u00eb","og_url":"https:\/\/www.visit-ulcinj.com\/blog\/2017\/06\/17\/shyqyri-kahari-njeri-autoritet-qe-gezon-respekt-te-posacem-ne-ulqin\/","og_site_name":"Lajme nga Ulqini","article_published_time":"2017-06-17T12:40:21+00:00","og_image":[{"url":"http:\/\/www.visit-ulcinj.com\/blog\/wp-content\/uploads\/2017\/06\/Shyqyri-Kahari-Shemsi-Hasanaga.jpg"}],"twitter_misc":{"Written by":"ulqini","Est. reading time":"5 minutes"},"schema":{"@context":"https:\/\/schema.org","@graph":[{"@type":"WebSite","@id":"https:\/\/www.visit-ulcinj.com\/blog\/#website","url":"https:\/\/www.visit-ulcinj.com\/blog\/","name":"Lajme nga Ulqini","description":"Lajme,Vijesti,Ulqini,Ulqin,Crna Gora,Mali i Zi","potentialAction":[{"@type":"SearchAction","target":{"@type":"EntryPoint","urlTemplate":"https:\/\/www.visit-ulcinj.com\/blog\/?s={search_term_string}"},"query-input":"required name=search_term_string"}],"inLanguage":"en-US"},{"@type":"ImageObject","inLanguage":"en-US","@id":"https:\/\/www.visit-ulcinj.com\/blog\/2017\/06\/17\/shyqyri-kahari-njeri-autoritet-qe-gezon-respekt-te-posacem-ne-ulqin\/#primaryimage","url":"https:\/\/www.visit-ulcinj.com\/blog\/wp-content\/uploads\/2017\/06\/Shyqyri-Kahari-Shemsi-Hasanaga.jpg","contentUrl":"https:\/\/www.visit-ulcinj.com\/blog\/wp-content\/uploads\/2017\/06\/Shyqyri-Kahari-Shemsi-Hasanaga.jpg","width":960,"height":720},{"@type":"WebPage","@id":"https:\/\/www.visit-ulcinj.com\/blog\/2017\/06\/17\/shyqyri-kahari-njeri-autoritet-qe-gezon-respekt-te-posacem-ne-ulqin\/#webpage","url":"https:\/\/www.visit-ulcinj.com\/blog\/2017\/06\/17\/shyqyri-kahari-njeri-autoritet-qe-gezon-respekt-te-posacem-ne-ulqin\/","name":"Shyqyri Kahari, njeri me autoritet q\u00eb g\u00ebzon respekt t\u00eb posa\u00e7\u00ebm n\u00eb Ulqin - Lajme nga Ulqini","isPartOf":{"@id":"https:\/\/www.visit-ulcinj.com\/blog\/#website"},"primaryImageOfPage":{"@id":"https:\/\/www.visit-ulcinj.com\/blog\/2017\/06\/17\/shyqyri-kahari-njeri-autoritet-qe-gezon-respekt-te-posacem-ne-ulqin\/#primaryimage"},"datePublished":"2017-06-17T12:40:21+00:00","dateModified":"2017-06-17T12:40:21+00:00","author":{"@id":"https:\/\/www.visit-ulcinj.com\/blog\/#\/schema\/person\/dcab619c614d3038751c63bc2aadc06d"},"description":"PORTRET: Shyqyri KAHARI Nga Ismet Karamanaga Facebook Shyqyri KAHARI \u00ebsht\u00eb nj\u00eb figur interesante nga Rana e Ulqinit. Q\u00eb nj\u00eb koh\u00eb t\u00eb gjat\u00eb jeton n\u00eb nj\u00eb","breadcrumb":{"@id":"https:\/\/www.visit-ulcinj.com\/blog\/2017\/06\/17\/shyqyri-kahari-njeri-autoritet-qe-gezon-respekt-te-posacem-ne-ulqin\/#breadcrumb"},"inLanguage":"en-US","potentialAction":[{"@type":"ReadAction","target":["https:\/\/www.visit-ulcinj.com\/blog\/2017\/06\/17\/shyqyri-kahari-njeri-autoritet-qe-gezon-respekt-te-posacem-ne-ulqin\/"]}]},{"@type":"BreadcrumbList","@id":"https:\/\/www.visit-ulcinj.com\/blog\/2017\/06\/17\/shyqyri-kahari-njeri-autoritet-qe-gezon-respekt-te-posacem-ne-ulqin\/#breadcrumb","itemListElement":[{"@type":"ListItem","position":1,"name":"Shyqyri Kahari, njeri me autoritet q\u00eb g\u00ebzon respekt t\u00eb posa\u00e7\u00ebm n\u00eb Ulqin"}]},{"@type":"Person","@id":"https:\/\/www.visit-ulcinj.com\/blog\/#\/schema\/person\/dcab619c614d3038751c63bc2aadc06d","name":"ulqini","sameAs":["http:\/\/www.visit-ulcinj.com"],"url":"https:\/\/www.visit-ulcinj.com\/blog\/author\/admin\/"}]}},"jetpack_featured_media_url":"","jetpack_sharing_enabled":true,"jetpack_shortlink":"https:\/\/wp.me\/pe6lTn-rtB","_links":{"self":[{"href":"https:\/\/www.visit-ulcinj.com\/blog\/wp-json\/wp\/v2\/posts\/105623"}],"collection":[{"href":"https:\/\/www.visit-ulcinj.com\/blog\/wp-json\/wp\/v2\/posts"}],"about":[{"href":"https:\/\/www.visit-ulcinj.com\/blog\/wp-json\/wp\/v2\/types\/post"}],"author":[{"embeddable":true,"href":"https:\/\/www.visit-ulcinj.com\/blog\/wp-json\/wp\/v2\/users\/1"}],"replies":[{"embeddable":true,"href":"https:\/\/www.visit-ulcinj.com\/blog\/wp-json\/wp\/v2\/comments?post=105623"}],"version-history":[{"count":1,"href":"https:\/\/www.visit-ulcinj.com\/blog\/wp-json\/wp\/v2\/posts\/105623\/revisions"}],"predecessor-version":[{"id":105632,"href":"https:\/\/www.visit-ulcinj.com\/blog\/wp-json\/wp\/v2\/posts\/105623\/revisions\/105632"}],"wp:attachment":[{"href":"https:\/\/www.visit-ulcinj.com\/blog\/wp-json\/wp\/v2\/media?parent=105623"}],"wp:term":[{"taxonomy":"category","embeddable":true,"href":"https:\/\/www.visit-ulcinj.com\/blog\/wp-json\/wp\/v2\/categories?post=105623"},{"taxonomy":"post_tag","embeddable":true,"href":"https:\/\/www.visit-ulcinj.com\/blog\/wp-json\/wp\/v2\/tags?post=105623"}],"curies":[{"name":"wp","href":"https:\/\/api.w.org\/{rel}","templated":true}]}}