{"id":105633,"date":"2017-06-17T14:13:32","date_gmt":"2017-06-17T13:13:32","guid":{"rendered":"http:\/\/www.visit-ulcinj.com\/blog\/?p=105633"},"modified":"2017-06-18T08:28:59","modified_gmt":"2017-06-18T07:28:59","slug":"banoret-e-krucit-ne-hall-mbeturinat-hidherohen-komunen","status":"publish","type":"post","link":"https:\/\/www.visit-ulcinj.com\/blog\/2017\/06\/17\/banoret-e-krucit-ne-hall-mbeturinat-hidherohen-komunen\/","title":{"rendered":"Banor\u00ebt e Kru\u00e7it n\u00eb hall me mbeturinat, hidh\u00ebrohen me komun\u00ebn"},"content":{"rendered":"<p><strong><a href=\"http:\/\/www.visit-ulcinj.com\/blog\/wp-content\/uploads\/2017\/06\/Banor\u00ebt-e-Kru\u00e7it-n\u00eb-hall-me-mbeturinat-HIJA.jpg\"><img loading=\"lazy\" class=\"alignleft wp-image-105634\" src=\"http:\/\/www.visit-ulcinj.com\/blog\/wp-content\/uploads\/2017\/06\/Banor\u00ebt-e-Kru\u00e7it-n\u00eb-hall-me-mbeturinat-HIJA.jpg\" alt=\"\" width=\"508\" height=\"381\" srcset=\"https:\/\/www.visit-ulcinj.com\/blog\/wp-content\/uploads\/2017\/06\/Banor\u00ebt-e-Kru\u00e7it-n\u00eb-hall-me-mbeturinat-HIJA.jpg 999w, https:\/\/www.visit-ulcinj.com\/blog\/wp-content\/uploads\/2017\/06\/Banor\u00ebt-e-Kru\u00e7it-n\u00eb-hall-me-mbeturinat-HIJA-300x225.jpg 300w, https:\/\/www.visit-ulcinj.com\/blog\/wp-content\/uploads\/2017\/06\/Banor\u00ebt-e-Kru\u00e7it-n\u00eb-hall-me-mbeturinat-HIJA-768x576.jpg 768w\" sizes=\"(max-width: 508px) 100vw, 508px\" \/><\/a>Problemi i mbeturinave inerte n\u00eb qytetin e Ulqinit \u00ebsht\u00eb nj\u00eb problem shqet\u00ebsues . Aktualisht lloj-lloj mbeturinat e inerte vazhdojn\u00eb t\u00eb hidhen n\u00eb deponin\u00eb e qytetit n\u00eb Kru\u00e7\u00eb &#8220;HIJE&#8221;, por edhe n\u00eb shum\u00eb lokacione n\u00eb periferi t\u00eb tij. Ekolog\u00ebt me t\u00eb drejt\u00eb thon\u00eb se p\u00ebr \u00e7do dit\u00eb b\u00ebhet nj\u00eb ndotje e ambientit jet\u00ebsor me pasoja t\u00eb r\u00ebnda, shkruan portali Ul.info. N\u00eb deponin\u00eb e qytetit edhe me dije t\u00eb kompetent\u00ebve b\u00ebhet hedhja e mbeturinave t\u00eb rezik\u00ebshme t\u00eb disa kompanive, gj\u00eb q\u00eb duksh\u00ebm irriton shoqatat ekologjike n\u00eb Mal t\u00eb Zi.<\/strong><\/p>\n<p>Nj\u00eb nga pronar\u00ebt e pron\u00ebs n\u00eb lokalitetin Mavrijan Gjergj Daboviqi ka th\u00ebn\u00eb se n\u00eb ish deponin\u00eb \u201cHija\u201d k\u00ebto dit\u00eb deponohen lloj-lloj mbeturinash, e jo vet\u00ebm ato inerte, si\u00e7 shkruan n\u00eb lejen t\u00eb cil\u00ebn e dha inspektorja ekologjike. \u201cShfryt\u00ebzojn\u00eb edhe bagerin, edhe pse e dijn\u00eb q\u00eb nuk guxojn\u00eb ta b\u00ebjn\u00eb k\u00ebt\u00eb gj\u00eb. Banor\u00ebt vendas jan\u00eb t\u00eb zem\u00ebruar\u201d, deklaroi ai p\u00ebr Portalin Ul-info.<\/p>\n<p>Daboviq theksoi se p\u00ebr \u00e7do gj\u00eb \u00ebsht\u00eb lajm\u00ebruar inpektorija ekologjike Vesna Zarubica dhe inspektorja tjet\u00ebr Vesna Vu\u00e7iniq, e cila t\u00eb m\u00ebrkur\u00ebn do t\u00eb q\u00ebndroj\u00eb n\u00eb Ulqin.<\/p>\n<p><a href=\"http:\/\/www.visit-ulcinj.com\/blog\/wp-content\/uploads\/2017\/06\/Deponia-Hija-Kru\u00e7\u00eb-Ulqin.jpg\"><img loading=\"lazy\" class=\"alignleft wp-image-105637\" src=\"http:\/\/www.visit-ulcinj.com\/blog\/wp-content\/uploads\/2017\/06\/Deponia-Hija-Kru\u00e7\u00eb-Ulqin.jpg\" alt=\"\" width=\"508\" height=\"332\" srcset=\"https:\/\/www.visit-ulcinj.com\/blog\/wp-content\/uploads\/2017\/06\/Deponia-Hija-Kru\u00e7\u00eb-Ulqin.jpg 999w, https:\/\/www.visit-ulcinj.com\/blog\/wp-content\/uploads\/2017\/06\/Deponia-Hija-Kru\u00e7\u00eb-Ulqin-300x196.jpg 300w, https:\/\/www.visit-ulcinj.com\/blog\/wp-content\/uploads\/2017\/06\/Deponia-Hija-Kru\u00e7\u00eb-Ulqin-768x501.jpg 768w\" sizes=\"(max-width: 508px) 100vw, 508px\" \/><\/a><\/p>\n<p>\u201cNe me pad\u00ebshir\u00eb e kemi b\u00ebr\u00eb kompromisin dhe i kemi lejuar Komun\u00ebs dhe Nd\u00ebrmarrjes komunale q\u00eb t\u00eb deponojn\u00eb mbeturinat inerte edhe 40 dit\u00eb. Pas 19 korrikut kjo nuk do t\u00eb ndodh m\u00eb. E dijm\u00eb \u00e7far\u00eb do t\u00eb b\u00ebjm\u00eb\u201d, tha ai.<\/p>\n<p>Sipas fjal\u00ebve t\u00eb tija, tash 50 vite n\u00eb Bashk\u00ebsin\u00eb e tij lokale Krytha e Ulqinit deponohen mbeturinat. \u201cMjaft ishte!\u201d, shtoi Daboviq.<\/p>\n","protected":false},"excerpt":{"rendered":"<p>Problemi i mbeturinave inerte n\u00eb qytetin e Ulqinit \u00ebsht\u00eb nj\u00eb problem shqet\u00ebsues . Aktualisht lloj-lloj mbeturinat e inerte vazhdojn\u00eb t\u00eb hidhen n\u00eb deponin\u00eb e qytetit n\u00eb Kru\u00e7\u00eb &#8220;HIJE&#8221;, por edhe n\u00eb shum\u00eb lokacione n\u00eb periferi t\u00eb tij. Ekolog\u00ebt me t\u00eb drejt\u00eb thon\u00eb se p\u00ebr \u00e7do dit\u00eb b\u00ebhet nj\u00eb ndotje e ambientit jet\u00ebsor me pasoja t\u00eb [&hellip;]<\/p>\n","protected":false},"author":1,"featured_media":0,"comment_status":"closed","ping_status":"closed","sticky":false,"template":"","format":"standard","meta":{"spay_email":"","jetpack_publicize_message":"","jetpack_is_tweetstorm":false,"jetpack_publicize_feature_enabled":true},"categories":[1,6950],"tags":[],"jetpack_publicize_connections":[],"yoast_head":"<!-- This site is optimized with the Yoast SEO plugin v19.1 - https:\/\/yoast.com\/wordpress\/plugins\/seo\/ -->\n<title>Banor\u00ebt e Kru\u00e7it n\u00eb hall me mbeturinat, hidh\u00ebrohen me komun\u00ebn - Lajme nga Ulqini<\/title>\n<meta name=\"description\" content=\"Problemi i mbeturinave inerte n\u00eb qytetin e Ulqinit \u00ebsht\u00eb nj\u00eb problem shqet\u00ebsues . Aktualisht lloj-lloj mbeturinat e inerte vazhdojn\u00eb t\u00eb hidhen n\u00eb deponin\u00eb\" \/>\n<meta name=\"robots\" content=\"index, follow, max-snippet:-1, max-image-preview:large, max-video-preview:-1\" \/>\n<link rel=\"canonical\" href=\"https:\/\/www.visit-ulcinj.com\/blog\/2017\/06\/17\/banoret-e-krucit-ne-hall-mbeturinat-hidherohen-komunen\/\" \/>\n<meta property=\"og:locale\" content=\"en_US\" \/>\n<meta property=\"og:type\" content=\"article\" \/>\n<meta property=\"og:title\" content=\"Banor\u00ebt e Kru\u00e7it n\u00eb hall me mbeturinat, hidh\u00ebrohen me komun\u00ebn - Lajme nga Ulqini\" \/>\n<meta property=\"og:description\" content=\"Problemi i mbeturinave inerte n\u00eb qytetin e Ulqinit \u00ebsht\u00eb nj\u00eb problem shqet\u00ebsues . Aktualisht lloj-lloj mbeturinat e inerte vazhdojn\u00eb t\u00eb hidhen n\u00eb deponin\u00eb\" \/>\n<meta property=\"og:url\" content=\"https:\/\/www.visit-ulcinj.com\/blog\/2017\/06\/17\/banoret-e-krucit-ne-hall-mbeturinat-hidherohen-komunen\/\" \/>\n<meta property=\"og:site_name\" content=\"Lajme nga Ulqini\" \/>\n<meta property=\"article:published_time\" content=\"2017-06-17T13:13:32+00:00\" \/>\n<meta property=\"article:modified_time\" content=\"2017-06-18T07:28:59+00:00\" \/>\n<meta name=\"twitter:label1\" content=\"Written by\" \/>\n\t<meta name=\"twitter:data1\" content=\"ulqini\" \/>\n\t<meta name=\"twitter:label2\" content=\"Est. reading time\" \/>\n\t<meta name=\"twitter:data2\" content=\"1 minute\" \/>\n<script type=\"application\/ld+json\" class=\"yoast-schema-graph\">{\"@context\":\"https:\/\/schema.org\",\"@graph\":[{\"@type\":\"WebSite\",\"@id\":\"https:\/\/www.visit-ulcinj.com\/blog\/#website\",\"url\":\"https:\/\/www.visit-ulcinj.com\/blog\/\",\"name\":\"Lajme nga Ulqini\",\"description\":\"Lajme,Vijesti,Ulqini,Ulqin,Crna Gora,Mali i Zi\",\"potentialAction\":[{\"@type\":\"SearchAction\",\"target\":{\"@type\":\"EntryPoint\",\"urlTemplate\":\"https:\/\/www.visit-ulcinj.com\/blog\/?s={search_term_string}\"},\"query-input\":\"required name=search_term_string\"}],\"inLanguage\":\"en-US\"},{\"@type\":\"WebPage\",\"@id\":\"https:\/\/www.visit-ulcinj.com\/blog\/2017\/06\/17\/banoret-e-krucit-ne-hall-mbeturinat-hidherohen-komunen\/#webpage\",\"url\":\"https:\/\/www.visit-ulcinj.com\/blog\/2017\/06\/17\/banoret-e-krucit-ne-hall-mbeturinat-hidherohen-komunen\/\",\"name\":\"Banor\u00ebt e Kru\u00e7it n\u00eb hall me mbeturinat, hidh\u00ebrohen me komun\u00ebn - Lajme nga Ulqini\",\"isPartOf\":{\"@id\":\"https:\/\/www.visit-ulcinj.com\/blog\/#website\"},\"datePublished\":\"2017-06-17T13:13:32+00:00\",\"dateModified\":\"2017-06-18T07:28:59+00:00\",\"author\":{\"@id\":\"https:\/\/www.visit-ulcinj.com\/blog\/#\/schema\/person\/dcab619c614d3038751c63bc2aadc06d\"},\"description\":\"Problemi i mbeturinave inerte n\u00eb qytetin e Ulqinit \u00ebsht\u00eb nj\u00eb problem shqet\u00ebsues . Aktualisht lloj-lloj mbeturinat e inerte vazhdojn\u00eb t\u00eb hidhen n\u00eb deponin\u00eb\",\"breadcrumb\":{\"@id\":\"https:\/\/www.visit-ulcinj.com\/blog\/2017\/06\/17\/banoret-e-krucit-ne-hall-mbeturinat-hidherohen-komunen\/#breadcrumb\"},\"inLanguage\":\"en-US\",\"potentialAction\":[{\"@type\":\"ReadAction\",\"target\":[\"https:\/\/www.visit-ulcinj.com\/blog\/2017\/06\/17\/banoret-e-krucit-ne-hall-mbeturinat-hidherohen-komunen\/\"]}]},{\"@type\":\"BreadcrumbList\",\"@id\":\"https:\/\/www.visit-ulcinj.com\/blog\/2017\/06\/17\/banoret-e-krucit-ne-hall-mbeturinat-hidherohen-komunen\/#breadcrumb\",\"itemListElement\":[{\"@type\":\"ListItem\",\"position\":1,\"name\":\"Banor\u00ebt e Kru\u00e7it n\u00eb hall me mbeturinat, hidh\u00ebrohen me komun\u00ebn\"}]},{\"@type\":\"Person\",\"@id\":\"https:\/\/www.visit-ulcinj.com\/blog\/#\/schema\/person\/dcab619c614d3038751c63bc2aadc06d\",\"name\":\"ulqini\",\"sameAs\":[\"http:\/\/www.visit-ulcinj.com\"],\"url\":\"https:\/\/www.visit-ulcinj.com\/blog\/author\/admin\/\"}]}<\/script>\n<!-- \/ Yoast SEO plugin. -->","yoast_head_json":{"title":"Banor\u00ebt e Kru\u00e7it n\u00eb hall me mbeturinat, hidh\u00ebrohen me komun\u00ebn - Lajme nga Ulqini","description":"Problemi i mbeturinave inerte n\u00eb qytetin e Ulqinit \u00ebsht\u00eb nj\u00eb problem shqet\u00ebsues . Aktualisht lloj-lloj mbeturinat e inerte vazhdojn\u00eb t\u00eb hidhen n\u00eb deponin\u00eb","robots":{"index":"index","follow":"follow","max-snippet":"max-snippet:-1","max-image-preview":"max-image-preview:large","max-video-preview":"max-video-preview:-1"},"canonical":"https:\/\/www.visit-ulcinj.com\/blog\/2017\/06\/17\/banoret-e-krucit-ne-hall-mbeturinat-hidherohen-komunen\/","og_locale":"en_US","og_type":"article","og_title":"Banor\u00ebt e Kru\u00e7it n\u00eb hall me mbeturinat, hidh\u00ebrohen me komun\u00ebn - Lajme nga Ulqini","og_description":"Problemi i mbeturinave inerte n\u00eb qytetin e Ulqinit \u00ebsht\u00eb nj\u00eb problem shqet\u00ebsues . Aktualisht lloj-lloj mbeturinat e inerte vazhdojn\u00eb t\u00eb hidhen n\u00eb deponin\u00eb","og_url":"https:\/\/www.visit-ulcinj.com\/blog\/2017\/06\/17\/banoret-e-krucit-ne-hall-mbeturinat-hidherohen-komunen\/","og_site_name":"Lajme nga Ulqini","article_published_time":"2017-06-17T13:13:32+00:00","article_modified_time":"2017-06-18T07:28:59+00:00","twitter_misc":{"Written by":"ulqini","Est. reading time":"1 minute"},"schema":{"@context":"https:\/\/schema.org","@graph":[{"@type":"WebSite","@id":"https:\/\/www.visit-ulcinj.com\/blog\/#website","url":"https:\/\/www.visit-ulcinj.com\/blog\/","name":"Lajme nga Ulqini","description":"Lajme,Vijesti,Ulqini,Ulqin,Crna Gora,Mali i Zi","potentialAction":[{"@type":"SearchAction","target":{"@type":"EntryPoint","urlTemplate":"https:\/\/www.visit-ulcinj.com\/blog\/?s={search_term_string}"},"query-input":"required name=search_term_string"}],"inLanguage":"en-US"},{"@type":"WebPage","@id":"https:\/\/www.visit-ulcinj.com\/blog\/2017\/06\/17\/banoret-e-krucit-ne-hall-mbeturinat-hidherohen-komunen\/#webpage","url":"https:\/\/www.visit-ulcinj.com\/blog\/2017\/06\/17\/banoret-e-krucit-ne-hall-mbeturinat-hidherohen-komunen\/","name":"Banor\u00ebt e Kru\u00e7it n\u00eb hall me mbeturinat, hidh\u00ebrohen me komun\u00ebn - Lajme nga Ulqini","isPartOf":{"@id":"https:\/\/www.visit-ulcinj.com\/blog\/#website"},"datePublished":"2017-06-17T13:13:32+00:00","dateModified":"2017-06-18T07:28:59+00:00","author":{"@id":"https:\/\/www.visit-ulcinj.com\/blog\/#\/schema\/person\/dcab619c614d3038751c63bc2aadc06d"},"description":"Problemi i mbeturinave inerte n\u00eb qytetin e Ulqinit \u00ebsht\u00eb nj\u00eb problem shqet\u00ebsues . Aktualisht lloj-lloj mbeturinat e inerte vazhdojn\u00eb t\u00eb hidhen n\u00eb deponin\u00eb","breadcrumb":{"@id":"https:\/\/www.visit-ulcinj.com\/blog\/2017\/06\/17\/banoret-e-krucit-ne-hall-mbeturinat-hidherohen-komunen\/#breadcrumb"},"inLanguage":"en-US","potentialAction":[{"@type":"ReadAction","target":["https:\/\/www.visit-ulcinj.com\/blog\/2017\/06\/17\/banoret-e-krucit-ne-hall-mbeturinat-hidherohen-komunen\/"]}]},{"@type":"BreadcrumbList","@id":"https:\/\/www.visit-ulcinj.com\/blog\/2017\/06\/17\/banoret-e-krucit-ne-hall-mbeturinat-hidherohen-komunen\/#breadcrumb","itemListElement":[{"@type":"ListItem","position":1,"name":"Banor\u00ebt e Kru\u00e7it n\u00eb hall me mbeturinat, hidh\u00ebrohen me komun\u00ebn"}]},{"@type":"Person","@id":"https:\/\/www.visit-ulcinj.com\/blog\/#\/schema\/person\/dcab619c614d3038751c63bc2aadc06d","name":"ulqini","sameAs":["http:\/\/www.visit-ulcinj.com"],"url":"https:\/\/www.visit-ulcinj.com\/blog\/author\/admin\/"}]}},"jetpack_featured_media_url":"","jetpack_sharing_enabled":true,"jetpack_shortlink":"https:\/\/wp.me\/pe6lTn-rtL","_links":{"self":[{"href":"https:\/\/www.visit-ulcinj.com\/blog\/wp-json\/wp\/v2\/posts\/105633"}],"collection":[{"href":"https:\/\/www.visit-ulcinj.com\/blog\/wp-json\/wp\/v2\/posts"}],"about":[{"href":"https:\/\/www.visit-ulcinj.com\/blog\/wp-json\/wp\/v2\/types\/post"}],"author":[{"embeddable":true,"href":"https:\/\/www.visit-ulcinj.com\/blog\/wp-json\/wp\/v2\/users\/1"}],"replies":[{"embeddable":true,"href":"https:\/\/www.visit-ulcinj.com\/blog\/wp-json\/wp\/v2\/comments?post=105633"}],"version-history":[{"count":3,"href":"https:\/\/www.visit-ulcinj.com\/blog\/wp-json\/wp\/v2\/posts\/105633\/revisions"}],"predecessor-version":[{"id":105638,"href":"https:\/\/www.visit-ulcinj.com\/blog\/wp-json\/wp\/v2\/posts\/105633\/revisions\/105638"}],"wp:attachment":[{"href":"https:\/\/www.visit-ulcinj.com\/blog\/wp-json\/wp\/v2\/media?parent=105633"}],"wp:term":[{"taxonomy":"category","embeddable":true,"href":"https:\/\/www.visit-ulcinj.com\/blog\/wp-json\/wp\/v2\/categories?post=105633"},{"taxonomy":"post_tag","embeddable":true,"href":"https:\/\/www.visit-ulcinj.com\/blog\/wp-json\/wp\/v2\/tags?post=105633"}],"curies":[{"name":"wp","href":"https:\/\/api.w.org\/{rel}","templated":true}]}}