{"id":105644,"date":"2017-06-18T08:27:05","date_gmt":"2017-06-18T07:27:05","guid":{"rendered":"http:\/\/www.visit-ulcinj.com\/blog\/?p=105644"},"modified":"2017-06-18T08:27:05","modified_gmt":"2017-06-18T07:27:05","slug":"shoqata-isked-nga-turqia-dhe-bi-ulqinit-shtrojne-iftar-madheshtor","status":"publish","type":"post","link":"https:\/\/www.visit-ulcinj.com\/blog\/2017\/06\/18\/shoqata-isked-nga-turqia-dhe-bi-ulqinit-shtrojne-iftar-madheshtor\/","title":{"rendered":"Shoqata ISKED nga Turqia dhe BI-Ulqinit, shtrojn\u00eb iftar madh\u00ebshtor"},"content":{"rendered":"<p><a href=\"http:\/\/www.visit-ulcinj.com\/blog\/wp-content\/uploads\/2017\/06\/Shoqata-ISKED-nga-Turqia-dhe-BI-Ulqinit-shtrojn\u00eb-iftar-madh\u00ebshtor.jpg\"><img loading=\"lazy\" class=\"alignleft wp-image-105645\" src=\"http:\/\/www.visit-ulcinj.com\/blog\/wp-content\/uploads\/2017\/06\/Shoqata-ISKED-nga-Turqia-dhe-BI-Ulqinit-shtrojn\u00eb-iftar-madh\u00ebshtor.jpg\" alt=\"\" width=\"508\" height=\"381\" srcset=\"https:\/\/www.visit-ulcinj.com\/blog\/wp-content\/uploads\/2017\/06\/Shoqata-ISKED-nga-Turqia-dhe-BI-Ulqinit-shtrojn\u00eb-iftar-madh\u00ebshtor.jpg 720w, https:\/\/www.visit-ulcinj.com\/blog\/wp-content\/uploads\/2017\/06\/Shoqata-ISKED-nga-Turqia-dhe-BI-Ulqinit-shtrojn\u00eb-iftar-madh\u00ebshtor-300x225.jpg 300w\" sizes=\"(max-width: 508px) 100vw, 508px\" \/><\/a>Mbram\u00eb n\u00eb hotel Mediteran n\u00eb Ulqin u organizua iftar madheshtor me besimtar\u00ebt e komun\u00ebs s\u00eb Ulqinit nga Mexhlisi i Bashk\u00ebsis\u00eb islame n\u00eb Ulqin n\u00eb bashk\u00ebpunim me shqat\u00ebn ISKED nga Turqia, raporton portali Islam-ul.com.<\/p>\n<p>Shoqata ISKED \u00ebsht\u00eb financuese e medreses\u00eb s\u00eb vajzave n\u00eb Ulqin dhe tradicionalisht shtron iftar n\u00eb Ulqin. N\u00eb iftar ishin t\u00eb pranishem personalitete nga jeta kulturore, politike e fetare n\u00eb Ulqin duke vert\u00ebtuar se sofra e iftarit mbledh njer\u00ebzit e profileve t\u00eb ndryshme shoq\u00ebrore s\u00eb bashku. N\u00eb iftar ishite i pranishem z.\u00a0 Salih Gyzel, drejtor i ISKED, reisi i BI n\u00eb MZ Rifat ef. Fejziq, kryetari i komun\u00ebs z. Nazif Cungu, kryetari i KNSH z. Genci Nimanbegu e t\u00eb tjer\u00eb.<\/p>\n<p>Pas lutj\u00ebs se iftarit nga kryeimami mr. Ali ef. Bardhi, besimtar\u00ebt i p\u00ebrshendeti z.Salih ef. Gyzel dhe reisi Rifat ef. Fejziq i cili theksoi se diverziteti \u00ebsht\u00eb vler\u00eb e cila e karakterizon shoq\u00ebrin\u00eb ton\u00eb dhe se duhet kujdesur q\u00eb t\u00eb pasurojm\u00eb jet\u00ebn ton\u00eb individuale e shoq\u00ebrore duke u afruar me njeri tjetrin.<\/p>\n<p>Pas iftarit, shoqata ISKED ndau dhurata p\u00ebr nx\u00ebn\u00ebsit m\u00eb t\u00eb mir\u00eb n\u00eb garat e m\u00ebsimbesimit n\u00eb muajin maj ku vendin e pare e zuri Muhamed Ukoshata duke\u00a0v\u00ebn\u00eb theks\u00a0t\u00eb ve\u00e7ant\u00eb n\u00eb kujdesin p\u00ebr edukimin e brezave q\u00eb vijn\u00eb.<\/p>\n<p>N\u00eb iftar mor\u00ebn pjes\u00eb rreth 750 persona.<\/p>\n","protected":false},"excerpt":{"rendered":"<p>Mbram\u00eb n\u00eb hotel Mediteran n\u00eb Ulqin u organizua iftar madheshtor me besimtar\u00ebt e komun\u00ebs s\u00eb Ulqinit nga Mexhlisi i Bashk\u00ebsis\u00eb islame n\u00eb Ulqin n\u00eb bashk\u00ebpunim me shqat\u00ebn ISKED nga Turqia, raporton portali Islam-ul.com. Shoqata ISKED \u00ebsht\u00eb financuese e medreses\u00eb s\u00eb vajzave n\u00eb Ulqin dhe tradicionalisht shtron iftar n\u00eb Ulqin. N\u00eb iftar ishin t\u00eb pranishem personalitete [&hellip;]<\/p>\n","protected":false},"author":1,"featured_media":0,"comment_status":"closed","ping_status":"closed","sticky":false,"template":"","format":"standard","meta":{"spay_email":"","jetpack_publicize_message":"","jetpack_is_tweetstorm":false,"jetpack_publicize_feature_enabled":true},"categories":[6950],"tags":[],"jetpack_publicize_connections":[],"yoast_head":"<!-- This site is optimized with the Yoast SEO plugin v19.1 - https:\/\/yoast.com\/wordpress\/plugins\/seo\/ -->\n<title>Shoqata ISKED nga Turqia dhe BI-Ulqinit, shtrojn\u00eb iftar madh\u00ebshtor - Lajme nga Ulqini<\/title>\n<meta name=\"description\" content=\"Mbram\u00eb n\u00eb hotel Mediteran n\u00eb Ulqin u organizua iftar madheshtor me besimtar\u00ebt e komun\u00ebs s\u00eb Ulqinit nga Mexhlisi i Bashk\u00ebsis\u00eb islame n\u00eb Ulqin n\u00eb\" \/>\n<meta name=\"robots\" content=\"index, follow, max-snippet:-1, max-image-preview:large, max-video-preview:-1\" \/>\n<link rel=\"canonical\" href=\"https:\/\/www.visit-ulcinj.com\/blog\/2017\/06\/18\/shoqata-isked-nga-turqia-dhe-bi-ulqinit-shtrojne-iftar-madheshtor\/\" \/>\n<meta property=\"og:locale\" content=\"en_US\" \/>\n<meta property=\"og:type\" content=\"article\" \/>\n<meta property=\"og:title\" content=\"Shoqata ISKED nga Turqia dhe BI-Ulqinit, shtrojn\u00eb iftar madh\u00ebshtor - Lajme nga Ulqini\" \/>\n<meta property=\"og:description\" content=\"Mbram\u00eb n\u00eb hotel Mediteran n\u00eb Ulqin u organizua iftar madheshtor me besimtar\u00ebt e komun\u00ebs s\u00eb Ulqinit nga Mexhlisi i Bashk\u00ebsis\u00eb islame n\u00eb Ulqin n\u00eb\" \/>\n<meta property=\"og:url\" content=\"https:\/\/www.visit-ulcinj.com\/blog\/2017\/06\/18\/shoqata-isked-nga-turqia-dhe-bi-ulqinit-shtrojne-iftar-madheshtor\/\" \/>\n<meta property=\"og:site_name\" content=\"Lajme nga Ulqini\" \/>\n<meta property=\"article:published_time\" content=\"2017-06-18T07:27:05+00:00\" \/>\n<meta name=\"twitter:label1\" content=\"Written by\" \/>\n\t<meta name=\"twitter:data1\" content=\"ulqini\" \/>\n\t<meta name=\"twitter:label2\" content=\"Est. reading time\" \/>\n\t<meta name=\"twitter:data2\" content=\"1 minute\" \/>\n<script type=\"application\/ld+json\" class=\"yoast-schema-graph\">{\"@context\":\"https:\/\/schema.org\",\"@graph\":[{\"@type\":\"WebSite\",\"@id\":\"https:\/\/www.visit-ulcinj.com\/blog\/#website\",\"url\":\"https:\/\/www.visit-ulcinj.com\/blog\/\",\"name\":\"Lajme nga Ulqini\",\"description\":\"Lajme,Vijesti,Ulqini,Ulqin,Crna Gora,Mali i Zi\",\"potentialAction\":[{\"@type\":\"SearchAction\",\"target\":{\"@type\":\"EntryPoint\",\"urlTemplate\":\"https:\/\/www.visit-ulcinj.com\/blog\/?s={search_term_string}\"},\"query-input\":\"required name=search_term_string\"}],\"inLanguage\":\"en-US\"},{\"@type\":\"WebPage\",\"@id\":\"https:\/\/www.visit-ulcinj.com\/blog\/2017\/06\/18\/shoqata-isked-nga-turqia-dhe-bi-ulqinit-shtrojne-iftar-madheshtor\/#webpage\",\"url\":\"https:\/\/www.visit-ulcinj.com\/blog\/2017\/06\/18\/shoqata-isked-nga-turqia-dhe-bi-ulqinit-shtrojne-iftar-madheshtor\/\",\"name\":\"Shoqata ISKED nga Turqia dhe BI-Ulqinit, shtrojn\u00eb iftar madh\u00ebshtor - Lajme nga Ulqini\",\"isPartOf\":{\"@id\":\"https:\/\/www.visit-ulcinj.com\/blog\/#website\"},\"datePublished\":\"2017-06-18T07:27:05+00:00\",\"dateModified\":\"2017-06-18T07:27:05+00:00\",\"author\":{\"@id\":\"https:\/\/www.visit-ulcinj.com\/blog\/#\/schema\/person\/dcab619c614d3038751c63bc2aadc06d\"},\"description\":\"Mbram\u00eb n\u00eb hotel Mediteran n\u00eb Ulqin u organizua iftar madheshtor me besimtar\u00ebt e komun\u00ebs s\u00eb Ulqinit nga Mexhlisi i Bashk\u00ebsis\u00eb islame n\u00eb Ulqin n\u00eb\",\"breadcrumb\":{\"@id\":\"https:\/\/www.visit-ulcinj.com\/blog\/2017\/06\/18\/shoqata-isked-nga-turqia-dhe-bi-ulqinit-shtrojne-iftar-madheshtor\/#breadcrumb\"},\"inLanguage\":\"en-US\",\"potentialAction\":[{\"@type\":\"ReadAction\",\"target\":[\"https:\/\/www.visit-ulcinj.com\/blog\/2017\/06\/18\/shoqata-isked-nga-turqia-dhe-bi-ulqinit-shtrojne-iftar-madheshtor\/\"]}]},{\"@type\":\"BreadcrumbList\",\"@id\":\"https:\/\/www.visit-ulcinj.com\/blog\/2017\/06\/18\/shoqata-isked-nga-turqia-dhe-bi-ulqinit-shtrojne-iftar-madheshtor\/#breadcrumb\",\"itemListElement\":[{\"@type\":\"ListItem\",\"position\":1,\"name\":\"Shoqata ISKED nga Turqia dhe BI-Ulqinit, shtrojn\u00eb iftar madh\u00ebshtor\"}]},{\"@type\":\"Person\",\"@id\":\"https:\/\/www.visit-ulcinj.com\/blog\/#\/schema\/person\/dcab619c614d3038751c63bc2aadc06d\",\"name\":\"ulqini\",\"sameAs\":[\"http:\/\/www.visit-ulcinj.com\"],\"url\":\"https:\/\/www.visit-ulcinj.com\/blog\/author\/admin\/\"}]}<\/script>\n<!-- \/ Yoast SEO plugin. -->","yoast_head_json":{"title":"Shoqata ISKED nga Turqia dhe BI-Ulqinit, shtrojn\u00eb iftar madh\u00ebshtor - Lajme nga Ulqini","description":"Mbram\u00eb n\u00eb hotel Mediteran n\u00eb Ulqin u organizua iftar madheshtor me besimtar\u00ebt e komun\u00ebs s\u00eb Ulqinit nga Mexhlisi i Bashk\u00ebsis\u00eb islame n\u00eb Ulqin n\u00eb","robots":{"index":"index","follow":"follow","max-snippet":"max-snippet:-1","max-image-preview":"max-image-preview:large","max-video-preview":"max-video-preview:-1"},"canonical":"https:\/\/www.visit-ulcinj.com\/blog\/2017\/06\/18\/shoqata-isked-nga-turqia-dhe-bi-ulqinit-shtrojne-iftar-madheshtor\/","og_locale":"en_US","og_type":"article","og_title":"Shoqata ISKED nga Turqia dhe BI-Ulqinit, shtrojn\u00eb iftar madh\u00ebshtor - Lajme nga Ulqini","og_description":"Mbram\u00eb n\u00eb hotel Mediteran n\u00eb Ulqin u organizua iftar madheshtor me besimtar\u00ebt e komun\u00ebs s\u00eb Ulqinit nga Mexhlisi i Bashk\u00ebsis\u00eb islame n\u00eb Ulqin n\u00eb","og_url":"https:\/\/www.visit-ulcinj.com\/blog\/2017\/06\/18\/shoqata-isked-nga-turqia-dhe-bi-ulqinit-shtrojne-iftar-madheshtor\/","og_site_name":"Lajme nga Ulqini","article_published_time":"2017-06-18T07:27:05+00:00","twitter_misc":{"Written by":"ulqini","Est. reading time":"1 minute"},"schema":{"@context":"https:\/\/schema.org","@graph":[{"@type":"WebSite","@id":"https:\/\/www.visit-ulcinj.com\/blog\/#website","url":"https:\/\/www.visit-ulcinj.com\/blog\/","name":"Lajme nga Ulqini","description":"Lajme,Vijesti,Ulqini,Ulqin,Crna Gora,Mali i Zi","potentialAction":[{"@type":"SearchAction","target":{"@type":"EntryPoint","urlTemplate":"https:\/\/www.visit-ulcinj.com\/blog\/?s={search_term_string}"},"query-input":"required name=search_term_string"}],"inLanguage":"en-US"},{"@type":"WebPage","@id":"https:\/\/www.visit-ulcinj.com\/blog\/2017\/06\/18\/shoqata-isked-nga-turqia-dhe-bi-ulqinit-shtrojne-iftar-madheshtor\/#webpage","url":"https:\/\/www.visit-ulcinj.com\/blog\/2017\/06\/18\/shoqata-isked-nga-turqia-dhe-bi-ulqinit-shtrojne-iftar-madheshtor\/","name":"Shoqata ISKED nga Turqia dhe BI-Ulqinit, shtrojn\u00eb iftar madh\u00ebshtor - Lajme nga Ulqini","isPartOf":{"@id":"https:\/\/www.visit-ulcinj.com\/blog\/#website"},"datePublished":"2017-06-18T07:27:05+00:00","dateModified":"2017-06-18T07:27:05+00:00","author":{"@id":"https:\/\/www.visit-ulcinj.com\/blog\/#\/schema\/person\/dcab619c614d3038751c63bc2aadc06d"},"description":"Mbram\u00eb n\u00eb hotel Mediteran n\u00eb Ulqin u organizua iftar madheshtor me besimtar\u00ebt e komun\u00ebs s\u00eb Ulqinit nga Mexhlisi i Bashk\u00ebsis\u00eb islame n\u00eb Ulqin n\u00eb","breadcrumb":{"@id":"https:\/\/www.visit-ulcinj.com\/blog\/2017\/06\/18\/shoqata-isked-nga-turqia-dhe-bi-ulqinit-shtrojne-iftar-madheshtor\/#breadcrumb"},"inLanguage":"en-US","potentialAction":[{"@type":"ReadAction","target":["https:\/\/www.visit-ulcinj.com\/blog\/2017\/06\/18\/shoqata-isked-nga-turqia-dhe-bi-ulqinit-shtrojne-iftar-madheshtor\/"]}]},{"@type":"BreadcrumbList","@id":"https:\/\/www.visit-ulcinj.com\/blog\/2017\/06\/18\/shoqata-isked-nga-turqia-dhe-bi-ulqinit-shtrojne-iftar-madheshtor\/#breadcrumb","itemListElement":[{"@type":"ListItem","position":1,"name":"Shoqata ISKED nga Turqia dhe BI-Ulqinit, shtrojn\u00eb iftar madh\u00ebshtor"}]},{"@type":"Person","@id":"https:\/\/www.visit-ulcinj.com\/blog\/#\/schema\/person\/dcab619c614d3038751c63bc2aadc06d","name":"ulqini","sameAs":["http:\/\/www.visit-ulcinj.com"],"url":"https:\/\/www.visit-ulcinj.com\/blog\/author\/admin\/"}]}},"jetpack_featured_media_url":"","jetpack_sharing_enabled":true,"jetpack_shortlink":"https:\/\/wp.me\/pe6lTn-rtW","_links":{"self":[{"href":"https:\/\/www.visit-ulcinj.com\/blog\/wp-json\/wp\/v2\/posts\/105644"}],"collection":[{"href":"https:\/\/www.visit-ulcinj.com\/blog\/wp-json\/wp\/v2\/posts"}],"about":[{"href":"https:\/\/www.visit-ulcinj.com\/blog\/wp-json\/wp\/v2\/types\/post"}],"author":[{"embeddable":true,"href":"https:\/\/www.visit-ulcinj.com\/blog\/wp-json\/wp\/v2\/users\/1"}],"replies":[{"embeddable":true,"href":"https:\/\/www.visit-ulcinj.com\/blog\/wp-json\/wp\/v2\/comments?post=105644"}],"version-history":[{"count":1,"href":"https:\/\/www.visit-ulcinj.com\/blog\/wp-json\/wp\/v2\/posts\/105644\/revisions"}],"predecessor-version":[{"id":105646,"href":"https:\/\/www.visit-ulcinj.com\/blog\/wp-json\/wp\/v2\/posts\/105644\/revisions\/105646"}],"wp:attachment":[{"href":"https:\/\/www.visit-ulcinj.com\/blog\/wp-json\/wp\/v2\/media?parent=105644"}],"wp:term":[{"taxonomy":"category","embeddable":true,"href":"https:\/\/www.visit-ulcinj.com\/blog\/wp-json\/wp\/v2\/categories?post=105644"},{"taxonomy":"post_tag","embeddable":true,"href":"https:\/\/www.visit-ulcinj.com\/blog\/wp-json\/wp\/v2\/tags?post=105644"}],"curies":[{"name":"wp","href":"https:\/\/api.w.org\/{rel}","templated":true}]}}