{"id":105647,"date":"2017-06-18T12:32:14","date_gmt":"2017-06-18T11:32:14","guid":{"rendered":"http:\/\/www.visit-ulcinj.com\/blog\/?p=105647"},"modified":"2017-06-18T12:32:44","modified_gmt":"2017-06-18T11:32:44","slug":"peshkimi-paligjshem-demton-ekosistemin-ujor-ne-ulqin-video","status":"publish","type":"post","link":"https:\/\/www.visit-ulcinj.com\/blog\/2017\/06\/18\/peshkimi-paligjshem-demton-ekosistemin-ujor-ne-ulqin-video\/","title":{"rendered":"Peshkimi i paligjsh\u00ebm d\u00ebmton ekosistemin ujor n\u00eb Ulqin &#8211; Video"},"content":{"rendered":"<p><a href=\"http:\/\/www.visit-ulcinj.com\/blog\/wp-content\/uploads\/2017\/06\/Dinamiti-ka-larguar-peshkun-nga-bregdeti-i-Ulqinit.jpg\"><img loading=\"lazy\" class=\"alignleft wp-image-105648\" src=\"http:\/\/www.visit-ulcinj.com\/blog\/wp-content\/uploads\/2017\/06\/Dinamiti-ka-larguar-peshkun-nga-bregdeti-i-Ulqinit.jpg\" alt=\"\" width=\"508\" height=\"328\" \/><\/a>Gjuetia e paligjshme dhe p\u00ebrdorimi i dinamitit ka larguar peshkun nga bregdeti i Ulqinit dhe e ka d\u00ebmtuar ndjesh\u00ebm ekosistemin n\u00ebnujor t\u00eb k\u00ebsaj pjese t\u00eb bregdedit t\u00eb Adriatikut.<\/p>\n<p>Peshkatar\u00ebt sportiv\u00eb japin alarmin p\u00ebr rrezikun dhe pasojat e gjuetis\u00eb s\u00eb peshkut me l\u00ebnd\u00eb plas\u00ebse, duke k\u00ebrkuar nd\u00ebrhyrjen e policis\u00eb, dhe institucioneve t\u00eb tjera.<\/p>\n<p>VAO<\/p>\n<!--YouTube Error: bad URL entered-->\n","protected":false},"excerpt":{"rendered":"<p>Gjuetia e paligjshme dhe p\u00ebrdorimi i dinamitit ka larguar peshkun nga bregdeti i Ulqinit dhe e ka d\u00ebmtuar ndjesh\u00ebm ekosistemin n\u00ebnujor t\u00eb k\u00ebsaj pjese t\u00eb bregdedit t\u00eb Adriatikut. Peshkatar\u00ebt sportiv\u00eb japin alarmin p\u00ebr rrezikun dhe pasojat e gjuetis\u00eb s\u00eb peshkut me l\u00ebnd\u00eb plas\u00ebse, duke k\u00ebrkuar nd\u00ebrhyrjen e policis\u00eb, dhe institucioneve t\u00eb tjera. VAO<\/p>\n","protected":false},"author":1,"featured_media":0,"comment_status":"closed","ping_status":"closed","sticky":false,"template":"","format":"standard","meta":{"spay_email":"","jetpack_publicize_message":"","jetpack_is_tweetstorm":false,"jetpack_publicize_feature_enabled":true},"categories":[6950],"tags":[],"jetpack_publicize_connections":[],"yoast_head":"<!-- This site is optimized with the Yoast SEO plugin v19.1 - https:\/\/yoast.com\/wordpress\/plugins\/seo\/ -->\n<title>Peshkimi i paligjsh\u00ebm d\u00ebmton ekosistemin ujor n\u00eb Ulqin - Video - Lajme nga Ulqini<\/title>\n<meta name=\"description\" content=\"Gjuetia e paligjshme dhe p\u00ebrdorimi i dinamitit ka larguar peshkun nga bregdeti i Ulqinit dhe e ka d\u00ebmtuar ndjesh\u00ebm ekosistemin n\u00ebnujor t\u00eb k\u00ebsaj pjese t\u00eb\" \/>\n<meta name=\"robots\" content=\"index, follow, max-snippet:-1, max-image-preview:large, max-video-preview:-1\" \/>\n<link rel=\"canonical\" href=\"https:\/\/www.visit-ulcinj.com\/blog\/2017\/06\/18\/peshkimi-paligjshem-demton-ekosistemin-ujor-ne-ulqin-video\/\" \/>\n<meta property=\"og:locale\" content=\"en_US\" \/>\n<meta property=\"og:type\" content=\"article\" \/>\n<meta property=\"og:title\" content=\"Peshkimi i paligjsh\u00ebm d\u00ebmton ekosistemin ujor n\u00eb Ulqin - Video - Lajme nga Ulqini\" \/>\n<meta property=\"og:description\" content=\"Gjuetia e paligjshme dhe p\u00ebrdorimi i dinamitit ka larguar peshkun nga bregdeti i Ulqinit dhe e ka d\u00ebmtuar ndjesh\u00ebm ekosistemin n\u00ebnujor t\u00eb k\u00ebsaj pjese t\u00eb\" \/>\n<meta property=\"og:url\" content=\"https:\/\/www.visit-ulcinj.com\/blog\/2017\/06\/18\/peshkimi-paligjshem-demton-ekosistemin-ujor-ne-ulqin-video\/\" \/>\n<meta property=\"og:site_name\" content=\"Lajme nga Ulqini\" \/>\n<meta property=\"article:published_time\" content=\"2017-06-18T11:32:14+00:00\" \/>\n<meta property=\"article:modified_time\" content=\"2017-06-18T11:32:44+00:00\" \/>\n<meta property=\"og:image\" content=\"http:\/\/www.visit-ulcinj.com\/blog\/wp-content\/uploads\/2017\/06\/Dinamiti-ka-larguar-peshkun-nga-bregdeti-i-Ulqinit.jpg\" \/>\n<meta name=\"twitter:label1\" content=\"Written by\" \/>\n\t<meta name=\"twitter:data1\" content=\"ulqini\" \/>\n<script type=\"application\/ld+json\" class=\"yoast-schema-graph\">{\"@context\":\"https:\/\/schema.org\",\"@graph\":[{\"@type\":\"WebSite\",\"@id\":\"https:\/\/www.visit-ulcinj.com\/blog\/#website\",\"url\":\"https:\/\/www.visit-ulcinj.com\/blog\/\",\"name\":\"Lajme nga Ulqini\",\"description\":\"Lajme,Vijesti,Ulqini,Ulqin,Crna Gora,Mali i Zi\",\"potentialAction\":[{\"@type\":\"SearchAction\",\"target\":{\"@type\":\"EntryPoint\",\"urlTemplate\":\"https:\/\/www.visit-ulcinj.com\/blog\/?s={search_term_string}\"},\"query-input\":\"required name=search_term_string\"}],\"inLanguage\":\"en-US\"},{\"@type\":\"ImageObject\",\"inLanguage\":\"en-US\",\"@id\":\"https:\/\/www.visit-ulcinj.com\/blog\/2017\/06\/18\/peshkimi-paligjshem-demton-ekosistemin-ujor-ne-ulqin-video\/#primaryimage\",\"url\":\"http:\/\/www.visit-ulcinj.com\/blog\/wp-content\/uploads\/2017\/06\/Dinamiti-ka-larguar-peshkun-nga-bregdeti-i-Ulqinit.jpg\",\"contentUrl\":\"http:\/\/www.visit-ulcinj.com\/blog\/wp-content\/uploads\/2017\/06\/Dinamiti-ka-larguar-peshkun-nga-bregdeti-i-Ulqinit.jpg\"},{\"@type\":\"WebPage\",\"@id\":\"https:\/\/www.visit-ulcinj.com\/blog\/2017\/06\/18\/peshkimi-paligjshem-demton-ekosistemin-ujor-ne-ulqin-video\/#webpage\",\"url\":\"https:\/\/www.visit-ulcinj.com\/blog\/2017\/06\/18\/peshkimi-paligjshem-demton-ekosistemin-ujor-ne-ulqin-video\/\",\"name\":\"Peshkimi i paligjsh\u00ebm d\u00ebmton ekosistemin ujor n\u00eb Ulqin - Video - Lajme nga Ulqini\",\"isPartOf\":{\"@id\":\"https:\/\/www.visit-ulcinj.com\/blog\/#website\"},\"primaryImageOfPage\":{\"@id\":\"https:\/\/www.visit-ulcinj.com\/blog\/2017\/06\/18\/peshkimi-paligjshem-demton-ekosistemin-ujor-ne-ulqin-video\/#primaryimage\"},\"datePublished\":\"2017-06-18T11:32:14+00:00\",\"dateModified\":\"2017-06-18T11:32:44+00:00\",\"author\":{\"@id\":\"https:\/\/www.visit-ulcinj.com\/blog\/#\/schema\/person\/dcab619c614d3038751c63bc2aadc06d\"},\"description\":\"Gjuetia e paligjshme dhe p\u00ebrdorimi i dinamitit ka larguar peshkun nga bregdeti i Ulqinit dhe e ka d\u00ebmtuar ndjesh\u00ebm ekosistemin n\u00ebnujor t\u00eb k\u00ebsaj pjese t\u00eb\",\"breadcrumb\":{\"@id\":\"https:\/\/www.visit-ulcinj.com\/blog\/2017\/06\/18\/peshkimi-paligjshem-demton-ekosistemin-ujor-ne-ulqin-video\/#breadcrumb\"},\"inLanguage\":\"en-US\",\"potentialAction\":[{\"@type\":\"ReadAction\",\"target\":[\"https:\/\/www.visit-ulcinj.com\/blog\/2017\/06\/18\/peshkimi-paligjshem-demton-ekosistemin-ujor-ne-ulqin-video\/\"]}]},{\"@type\":\"BreadcrumbList\",\"@id\":\"https:\/\/www.visit-ulcinj.com\/blog\/2017\/06\/18\/peshkimi-paligjshem-demton-ekosistemin-ujor-ne-ulqin-video\/#breadcrumb\",\"itemListElement\":[{\"@type\":\"ListItem\",\"position\":1,\"name\":\"Peshkimi i paligjsh\u00ebm d\u00ebmton ekosistemin ujor n\u00eb Ulqin &#8211; Video\"}]},{\"@type\":\"Person\",\"@id\":\"https:\/\/www.visit-ulcinj.com\/blog\/#\/schema\/person\/dcab619c614d3038751c63bc2aadc06d\",\"name\":\"ulqini\",\"sameAs\":[\"http:\/\/www.visit-ulcinj.com\"],\"url\":\"https:\/\/www.visit-ulcinj.com\/blog\/author\/admin\/\"}]}<\/script>\n<!-- \/ Yoast SEO plugin. -->","yoast_head_json":{"title":"Peshkimi i paligjsh\u00ebm d\u00ebmton ekosistemin ujor n\u00eb Ulqin - Video - Lajme nga Ulqini","description":"Gjuetia e paligjshme dhe p\u00ebrdorimi i dinamitit ka larguar peshkun nga bregdeti i Ulqinit dhe e ka d\u00ebmtuar ndjesh\u00ebm ekosistemin n\u00ebnujor t\u00eb k\u00ebsaj pjese t\u00eb","robots":{"index":"index","follow":"follow","max-snippet":"max-snippet:-1","max-image-preview":"max-image-preview:large","max-video-preview":"max-video-preview:-1"},"canonical":"https:\/\/www.visit-ulcinj.com\/blog\/2017\/06\/18\/peshkimi-paligjshem-demton-ekosistemin-ujor-ne-ulqin-video\/","og_locale":"en_US","og_type":"article","og_title":"Peshkimi i paligjsh\u00ebm d\u00ebmton ekosistemin ujor n\u00eb Ulqin - Video - Lajme nga Ulqini","og_description":"Gjuetia e paligjshme dhe p\u00ebrdorimi i dinamitit ka larguar peshkun nga bregdeti i Ulqinit dhe e ka d\u00ebmtuar ndjesh\u00ebm ekosistemin n\u00ebnujor t\u00eb k\u00ebsaj pjese t\u00eb","og_url":"https:\/\/www.visit-ulcinj.com\/blog\/2017\/06\/18\/peshkimi-paligjshem-demton-ekosistemin-ujor-ne-ulqin-video\/","og_site_name":"Lajme nga Ulqini","article_published_time":"2017-06-18T11:32:14+00:00","article_modified_time":"2017-06-18T11:32:44+00:00","og_image":[{"url":"http:\/\/www.visit-ulcinj.com\/blog\/wp-content\/uploads\/2017\/06\/Dinamiti-ka-larguar-peshkun-nga-bregdeti-i-Ulqinit.jpg"}],"twitter_misc":{"Written by":"ulqini"},"schema":{"@context":"https:\/\/schema.org","@graph":[{"@type":"WebSite","@id":"https:\/\/www.visit-ulcinj.com\/blog\/#website","url":"https:\/\/www.visit-ulcinj.com\/blog\/","name":"Lajme nga Ulqini","description":"Lajme,Vijesti,Ulqini,Ulqin,Crna Gora,Mali i Zi","potentialAction":[{"@type":"SearchAction","target":{"@type":"EntryPoint","urlTemplate":"https:\/\/www.visit-ulcinj.com\/blog\/?s={search_term_string}"},"query-input":"required name=search_term_string"}],"inLanguage":"en-US"},{"@type":"ImageObject","inLanguage":"en-US","@id":"https:\/\/www.visit-ulcinj.com\/blog\/2017\/06\/18\/peshkimi-paligjshem-demton-ekosistemin-ujor-ne-ulqin-video\/#primaryimage","url":"http:\/\/www.visit-ulcinj.com\/blog\/wp-content\/uploads\/2017\/06\/Dinamiti-ka-larguar-peshkun-nga-bregdeti-i-Ulqinit.jpg","contentUrl":"http:\/\/www.visit-ulcinj.com\/blog\/wp-content\/uploads\/2017\/06\/Dinamiti-ka-larguar-peshkun-nga-bregdeti-i-Ulqinit.jpg"},{"@type":"WebPage","@id":"https:\/\/www.visit-ulcinj.com\/blog\/2017\/06\/18\/peshkimi-paligjshem-demton-ekosistemin-ujor-ne-ulqin-video\/#webpage","url":"https:\/\/www.visit-ulcinj.com\/blog\/2017\/06\/18\/peshkimi-paligjshem-demton-ekosistemin-ujor-ne-ulqin-video\/","name":"Peshkimi i paligjsh\u00ebm d\u00ebmton ekosistemin ujor n\u00eb Ulqin - Video - Lajme nga Ulqini","isPartOf":{"@id":"https:\/\/www.visit-ulcinj.com\/blog\/#website"},"primaryImageOfPage":{"@id":"https:\/\/www.visit-ulcinj.com\/blog\/2017\/06\/18\/peshkimi-paligjshem-demton-ekosistemin-ujor-ne-ulqin-video\/#primaryimage"},"datePublished":"2017-06-18T11:32:14+00:00","dateModified":"2017-06-18T11:32:44+00:00","author":{"@id":"https:\/\/www.visit-ulcinj.com\/blog\/#\/schema\/person\/dcab619c614d3038751c63bc2aadc06d"},"description":"Gjuetia e paligjshme dhe p\u00ebrdorimi i dinamitit ka larguar peshkun nga bregdeti i Ulqinit dhe e ka d\u00ebmtuar ndjesh\u00ebm ekosistemin n\u00ebnujor t\u00eb k\u00ebsaj pjese t\u00eb","breadcrumb":{"@id":"https:\/\/www.visit-ulcinj.com\/blog\/2017\/06\/18\/peshkimi-paligjshem-demton-ekosistemin-ujor-ne-ulqin-video\/#breadcrumb"},"inLanguage":"en-US","potentialAction":[{"@type":"ReadAction","target":["https:\/\/www.visit-ulcinj.com\/blog\/2017\/06\/18\/peshkimi-paligjshem-demton-ekosistemin-ujor-ne-ulqin-video\/"]}]},{"@type":"BreadcrumbList","@id":"https:\/\/www.visit-ulcinj.com\/blog\/2017\/06\/18\/peshkimi-paligjshem-demton-ekosistemin-ujor-ne-ulqin-video\/#breadcrumb","itemListElement":[{"@type":"ListItem","position":1,"name":"Peshkimi i paligjsh\u00ebm d\u00ebmton ekosistemin ujor n\u00eb Ulqin &#8211; Video"}]},{"@type":"Person","@id":"https:\/\/www.visit-ulcinj.com\/blog\/#\/schema\/person\/dcab619c614d3038751c63bc2aadc06d","name":"ulqini","sameAs":["http:\/\/www.visit-ulcinj.com"],"url":"https:\/\/www.visit-ulcinj.com\/blog\/author\/admin\/"}]}},"jetpack_featured_media_url":"","jetpack_sharing_enabled":true,"jetpack_shortlink":"https:\/\/wp.me\/pe6lTn-rtZ","_links":{"self":[{"href":"https:\/\/www.visit-ulcinj.com\/blog\/wp-json\/wp\/v2\/posts\/105647"}],"collection":[{"href":"https:\/\/www.visit-ulcinj.com\/blog\/wp-json\/wp\/v2\/posts"}],"about":[{"href":"https:\/\/www.visit-ulcinj.com\/blog\/wp-json\/wp\/v2\/types\/post"}],"author":[{"embeddable":true,"href":"https:\/\/www.visit-ulcinj.com\/blog\/wp-json\/wp\/v2\/users\/1"}],"replies":[{"embeddable":true,"href":"https:\/\/www.visit-ulcinj.com\/blog\/wp-json\/wp\/v2\/comments?post=105647"}],"version-history":[{"count":2,"href":"https:\/\/www.visit-ulcinj.com\/blog\/wp-json\/wp\/v2\/posts\/105647\/revisions"}],"predecessor-version":[{"id":105650,"href":"https:\/\/www.visit-ulcinj.com\/blog\/wp-json\/wp\/v2\/posts\/105647\/revisions\/105650"}],"wp:attachment":[{"href":"https:\/\/www.visit-ulcinj.com\/blog\/wp-json\/wp\/v2\/media?parent=105647"}],"wp:term":[{"taxonomy":"category","embeddable":true,"href":"https:\/\/www.visit-ulcinj.com\/blog\/wp-json\/wp\/v2\/categories?post=105647"},{"taxonomy":"post_tag","embeddable":true,"href":"https:\/\/www.visit-ulcinj.com\/blog\/wp-json\/wp\/v2\/tags?post=105647"}],"curies":[{"name":"wp","href":"https:\/\/api.w.org\/{rel}","templated":true}]}}